{"id":34798,"date":"2017-06-30T09:41:26","date_gmt":"2017-06-30T14:41:26","guid":{"rendered":"http:\/\/www.lospoliticosveracruz.com.mx\/?p=34798"},"modified":"2017-06-30T09:41:26","modified_gmt":"2017-06-30T14:41:26","slug":"bitacora-gate","status":"publish","type":"post","link":"https:\/\/lospoliticosveracruz.com\/?p=34798","title":{"rendered":"Bit\u00e1cora-Gate"},"content":{"rendered":"<div class=\"x_gmail_quote\">\n<div dir=\"ltr\">\n<p class=\"x_MsoNormal\"><strong>Jos\u00e9 Ortiz Medina<\/strong><\/p>\n<p class=\"x_MsoNormal\"><em>En Corto&#8230; Sin Cortes<\/em><\/p>\n<p class=\"x_MsoNormal\">\n<p class=\"x_MsoNormal\">\n<p class=\"x_MsoNormal\">Este jueves circul\u00f3 en redes sociales una supuesta bit\u00e1cora de vuelo en la que se lee que Miguel \u00c1ngel Yunes Linares se habr\u00eda trasladado del helipuerto del hotel Fiesta Americana en Boca del R\u00edo a un campo deportivo del municipio de Tantoyuca el 3 de febrero de 2012.<\/p>\n<p class=\"x_MsoNormal\">La presunta bit\u00e1cora, a la letra dice:<\/p>\n<p class=\"x_MsoNormal\">\u201cPor instrucciones del entonces Gobernador Javier Duarte de Ochoa el Licenciado Miguel \u00c1ngel Yunes Linares el d\u00eda 3 de febrero de 2012 fue trasladado a las 10:00 hrs del helipuerto del hotel Fiesta Americana en Boca del R\u00edo, Ver., acompa\u00f1ado de 2 personas m\u00e1s y una maleta en el helic\u00f3ptero matr\u00edcula XC-XAL, propiedad del Gobierno del Estado, aterrizando a las 12:15 hrs en un campo deportivo del municipio de Tantoyuca, Veracruz, estuvo 20 minutos en ese lugar con unas personas a quienes les entreg\u00f3 el equipaje que tra\u00eda consigo para posteriormente abordar la aeronave que lo transportaba y regresar al helipuerto del hotel Fiesta Americana, municipio de Boca del R\u00edo, Ver., a las 15:10 hrs donde descendi\u00f3 y abord\u00f3 una camioneta que lo estaba esperando. Atentamente. Ciudad de M\u00e9xico, a 29 de junio de 2017. Cptn. Alejandro S\u00e1nchez Dom\u00ednguez. Ex Director General de Aeron\u00e1utica del Gobierno del Estado de Veracruz\u201d.<\/p>\n<p class=\"x_MsoNormal\">Sin embargo, Alejandro S\u00e1nchez Dom\u00ednguez, entrevistado por\u00a0<a href=\"http:\/\/versiones.com.mx\/\" target=\"_blank\" rel=\"noopener noreferrer\">versiones.com.mx<\/a>\u00a0v\u00eda telef\u00f3nica manifest\u00f3 que no avala esa bit\u00e1cora de vuelo. Asimismo, S\u00e1nchez Dom\u00ednguez manifest\u00f3 que no recordaba haberlo autorizado.<\/p>\n<p class=\"x_MsoNormal\">Todo parece indicar que Javier Duarte fue quien mand\u00f3 filtrar esa bit\u00e1cora, que a todas luces se aprecia ap\u00f3crifa. Y es que las bit\u00e1coras no suelen tener ese formato tan detallado. Son formatos muy escuetos, con los nombres de los pasajeros, hora de salida y tiempo de vuelo. El texto filtrado a redes sociales m\u00e1s bien parece una tarjeta informativa de esas que elaboran en las \u00e1reas de \u201cinteligencia\u201d de la Secretar\u00eda de Gobierno.<\/p>\n<p class=\"x_MsoNormal\">Por lo que se advierte, el ex gobernador seguir\u00e1 mandando misiles. El pr\u00f3ximo martes 4 de julio, ser\u00e1 la pr\u00f3xima audiencia para su extradici\u00f3n. A ver qu\u00e9 nuevas sorpresas habr\u00e1, en el contexto del golpeteo y el revire pol\u00edtico.<\/p>\n<p class=\"x_MsoNormal\"><b>\u00a0<\/b><\/p>\n<p class=\"x_MsoNormal\"><b>En la Sedarpa se guardan los\u00a0<\/b><b>recursos, acusan productores<\/b><\/p>\n<p class=\"x_MsoNormal\"><b>\u00a0<\/b><\/p>\n<p class=\"x_MsoNormal\">Bastante preocupados est\u00e1n los productores agr\u00edcolas veracruzanos ante la par\u00e1lisis en que se encuentra la Sedarpa, de donde no salen recursos para apoyar al campo ni con tirabuz\u00f3n.<\/p>\n<p class=\"x_MsoNormal\">No s\u00f3lo eso. Varios l\u00edderes acusan que el titular de la Sedarpa, Joaqu\u00edn Guzm\u00e1n Avil\u00e9s, ni los recibe, ni los ve ni los oye. Mucho menos les han dado un peso, a pesar de que tienen entendido que, por ejemplo, hay una bolsa de 150 millones de pesos para el sector cafetalero.<\/p>\n<p class=\"x_MsoNormal\">\u201cCoincidentemente\u201d, este mi\u00e9rcoles que la aspirante presidencial panista Margarita Zavala estuvo con productores de caf\u00e9 de Coatepec, comprometi\u00f3 la llegada de recursos, lo que ya les suena m\u00e1s bien a que los est\u00e1n reteniendo y los piensan entregar con sesgos pol\u00edtico-electorales. Conociendo c\u00f3mo se las gasta el \u00abChapo de Tantoyuca\u00bb, no lo dude ni un momento.<\/p>\n<p class=\"x_MsoNormal\">Y si a eso se agrega la posibilidad de que el a\u00f1o entrante se apliquen nuevos recortes al presupuesto federal destinado al campo, el panorama se vuelve negro para los productores, que ya no ven la salida.<\/p>\n<p class=\"x_MsoNormal\"><b>\u00a0<\/b><\/p>\n<p class=\"x_MsoNormal\"><b>Xico: por la libre<\/b><\/p>\n<p class=\"x_MsoNormal\">\n<p class=\"x_MsoNormal\">Los malos ejemplos cunden. Y as\u00ed como en Tlacotalpan se burlaron de la autoridad y la ley en las fiestas de La Candelaria, ahora en Xico quieren hacer lo propio con los festejos de La Magdalena.<\/p>\n<p class=\"x_MsoNormal\">El alcalde xique\u00f1o Lorenzo Pozos anunci\u00f3 que soltar\u00e1n a los toros por las calles, como cada a\u00f1o, s\u00f3lo cuidando que \u201cno haya maltrato\u201d. Mismo argumento falaz y pueril que se dio en Tlacotalpan, donde a pesar de las amenazas del gobierno, nadie fue sancionado por violar la Ley Estatal de Protecci\u00f3n Animal.<\/p>\n<p class=\"x_MsoNormal\">Mientras se privilegien los intereses econ\u00f3micos de unos pocos por encima del inter\u00e9s colectivo, en \u00e9ste y cualquier otro caso, en la materia de la que se trate, no habr\u00e1 ley que valga en Veracruz. \u00bfPara qu\u00e9 legislan, entonces?<\/p>\n<p class=\"x_MsoNormal\">\n<p class=\"x_MsoNormal\"><b>Designaci\u00f3n del Consejero\u00a0<\/b><b>del IVAI, en el limbo<\/b><\/p>\n<p class=\"x_MsoNormal\">\n<p class=\"x_MsoNormal\">A\u00fan no hay humo blanco para elegir al Consejero del Instituto Veracruzano de Acceso a la Informaci\u00f3n (IVAI). La comisi\u00f3n de transparencia que preside la Diputada Cinthya Lobato Calder\u00f3n ya entreg\u00f3 sus observaciones y conclusiones, derivado de las entrevistas realizadas a los aspirantes a ocupar dicho cargo, pero el Gobernador no ha enviado la terna al Congreso local. Ahora s\u00ed que este proceso se encuentra en el limbo.<\/p>\n<\/div>\n<\/div>\n<p>&nbsp;<\/p>\n","protected":false},"excerpt":{"rendered":"<p>Jos\u00e9 Ortiz Medina En Corto&#8230; Sin Cortes Este jueves circul\u00f3 en redes sociales una supuesta bit\u00e1cora de vuelo en la que se lee que Miguel \u00c1ngel Yunes Linares se habr\u00eda trasladado del helipuerto del hotel Fiesta Americana en Boca del R\u00edo a un campo deportivo del municipio de Tantoyuca el 3 de febrero de 2012. [&hellip;]<\/p>\n","protected":false},"author":2,"featured_media":0,"comment_status":"open","ping_status":"open","sticky":false,"template":"","format":"standard","meta":{"tdm_status":"","tdm_grid_status":"","footnotes":""},"categories":[70],"tags":[260,428],"class_list":{"0":"post-34798","1":"post","2":"type-post","3":"status-publish","4":"format-standard","6":"category-de-opinion","7":"tag-javier-duarte-de-ochoa","8":"tag-miguel-angel-yunes-linares"},"yoast_head":"<!-- This site is optimized with the Yoast SEO plugin v27.4 - https:\/\/yoast.com\/product\/yoast-seo-wordpress\/ -->\n<title>Bit\u00e1cora-Gate - Los pol\u00edticos Veracruz<\/title>\n<meta name=\"robots\" content=\"index, follow, max-snippet:-1, max-image-preview:large, max-video-preview:-1\" \/>\n<link rel=\"canonical\" href=\"https:\/\/lospoliticosveracruz.com\/?p=34798\" \/>\n<meta property=\"og:locale\" content=\"es_ES\" \/>\n<meta property=\"og:type\" content=\"article\" \/>\n<meta property=\"og:title\" content=\"Bit\u00e1cora-Gate - Los pol\u00edticos Veracruz\" \/>\n<meta property=\"og:description\" content=\"Jos\u00e9 Ortiz Medina En Corto&#8230; Sin Cortes Este jueves circul\u00f3 en redes sociales una supuesta bit\u00e1cora de vuelo en la que se lee que Miguel \u00c1ngel Yunes Linares se habr\u00eda trasladado del helipuerto del hotel Fiesta Americana en Boca del R\u00edo a un campo deportivo del municipio de Tantoyuca el 3 de febrero de 2012. [&hellip;]\" \/>\n<meta property=\"og:url\" content=\"https:\/\/lospoliticosveracruz.com\/?p=34798\" \/>\n<meta property=\"og:site_name\" content=\"Los pol\u00edticos Veracruz\" \/>\n<meta property=\"article:publisher\" content=\"https:\/\/www.facebook.com\/people\/Notimemes-de-los-Polticos\/61565672886568\/\" \/>\n<meta property=\"article:published_time\" content=\"2017-06-30T14:41:26+00:00\" \/>\n<meta property=\"og:image\" content=\"https:\/\/lospoliticosveracruz.com\/wp-content\/uploads\/2016\/07\/Logo-Dor.jpg\" \/>\n\t<meta property=\"og:image:width\" content=\"200\" \/>\n\t<meta property=\"og:image:height\" content=\"200\" \/>\n\t<meta property=\"og:image:type\" content=\"image\/jpeg\" \/>\n<meta name=\"author\" content=\"Lo viste en Los Pol\u00edticos\" \/>\n<meta name=\"twitter:card\" content=\"summary_large_image\" \/>\n<meta name=\"twitter:creator\" content=\"@LosPoliticosVer\" \/>\n<meta name=\"twitter:site\" content=\"@LosPoliticosVer\" \/>\n<meta name=\"twitter:label1\" content=\"Escrito por\" \/>\n\t<meta name=\"twitter:data1\" content=\"Lo viste en Los Pol\u00edticos\" \/>\n\t<meta name=\"twitter:label2\" content=\"Tiempo de lectura\" \/>\n\t<meta name=\"twitter:data2\" content=\"4 minutos\" \/>\n<script type=\"application\/ld+json\" class=\"yoast-schema-graph\">{\"@context\":\"https:\\\/\\\/schema.org\",\"@graph\":[{\"@type\":\"Article\",\"@id\":\"https:\\\/\\\/lospoliticosveracruz.com\\\/?p=34798#article\",\"isPartOf\":{\"@id\":\"https:\\\/\\\/lospoliticosveracruz.com\\\/?p=34798\"},\"author\":{\"name\":\"Lo viste en Los Pol\u00edticos\",\"@id\":\"https:\\\/\\\/lospoliticosveracruz.com\\\/#\\\/schema\\\/person\\\/b8702bb0e538456e6efd07080bf2a4a2\"},\"headline\":\"Bit\u00e1cora-Gate\",\"datePublished\":\"2017-06-30T14:41:26+00:00\",\"mainEntityOfPage\":{\"@id\":\"https:\\\/\\\/lospoliticosveracruz.com\\\/?p=34798\"},\"wordCount\":792,\"commentCount\":0,\"publisher\":{\"@id\":\"https:\\\/\\\/lospoliticosveracruz.com\\\/#organization\"},\"keywords\":[\"Javier Duarte de Ochoa\",\"Miguel Angel Yunes Linares\"],\"articleSection\":[\"De Opini\u00f3n\"],\"inLanguage\":\"es\",\"potentialAction\":[{\"@type\":\"CommentAction\",\"name\":\"Comment\",\"target\":[\"https:\\\/\\\/lospoliticosveracruz.com\\\/?p=34798#respond\"]}]},{\"@type\":\"WebPage\",\"@id\":\"https:\\\/\\\/lospoliticosveracruz.com\\\/?p=34798\",\"url\":\"https:\\\/\\\/lospoliticosveracruz.com\\\/?p=34798\",\"name\":\"Bit\u00e1cora-Gate - Los pol\u00edticos Veracruz\",\"isPartOf\":{\"@id\":\"https:\\\/\\\/lospoliticosveracruz.com\\\/#website\"},\"datePublished\":\"2017-06-30T14:41:26+00:00\",\"breadcrumb\":{\"@id\":\"https:\\\/\\\/lospoliticosveracruz.com\\\/?p=34798#breadcrumb\"},\"inLanguage\":\"es\",\"potentialAction\":[{\"@type\":\"ReadAction\",\"target\":[\"https:\\\/\\\/lospoliticosveracruz.com\\\/?p=34798\"]}]},{\"@type\":\"BreadcrumbList\",\"@id\":\"https:\\\/\\\/lospoliticosveracruz.com\\\/?p=34798#breadcrumb\",\"itemListElement\":[{\"@type\":\"ListItem\",\"position\":1,\"name\":\"Portada\",\"item\":\"https:\\\/\\\/lospoliticosveracruz.com\\\/\"},{\"@type\":\"ListItem\",\"position\":2,\"name\":\"Bit\u00e1cora-Gate\"}]},{\"@type\":\"WebSite\",\"@id\":\"https:\\\/\\\/lospoliticosveracruz.com\\\/#website\",\"url\":\"https:\\\/\\\/lospoliticosveracruz.com\\\/\",\"name\":\"Los pol\u00edticos Veracruz\",\"description\":\"\",\"publisher\":{\"@id\":\"https:\\\/\\\/lospoliticosveracruz.com\\\/#organization\"},\"potentialAction\":[{\"@type\":\"SearchAction\",\"target\":{\"@type\":\"EntryPoint\",\"urlTemplate\":\"https:\\\/\\\/lospoliticosveracruz.com\\\/?s={search_term_string}\"},\"query-input\":{\"@type\":\"PropertyValueSpecification\",\"valueRequired\":true,\"valueName\":\"search_term_string\"}}],\"inLanguage\":\"es\"},{\"@type\":\"Organization\",\"@id\":\"https:\\\/\\\/lospoliticosveracruz.com\\\/#organization\",\"name\":\"Los pol\u00edticos Veracruz\",\"url\":\"https:\\\/\\\/lospoliticosveracruz.com\\\/\",\"logo\":{\"@type\":\"ImageObject\",\"inLanguage\":\"es\",\"@id\":\"https:\\\/\\\/lospoliticosveracruz.com\\\/#\\\/schema\\\/logo\\\/image\\\/\",\"url\":\"https:\\\/\\\/lospoliticosveracruz.com\\\/wp-content\\\/uploads\\\/2025\\\/12\\\/Logo-Nuevo-LOS-POLITICOS-1.jpg\",\"contentUrl\":\"https:\\\/\\\/lospoliticosveracruz.com\\\/wp-content\\\/uploads\\\/2025\\\/12\\\/Logo-Nuevo-LOS-POLITICOS-1.jpg\",\"width\":260,\"height\":70,\"caption\":\"Los pol\u00edticos Veracruz\"},\"image\":{\"@id\":\"https:\\\/\\\/lospoliticosveracruz.com\\\/#\\\/schema\\\/logo\\\/image\\\/\"},\"sameAs\":[\"https:\\\/\\\/www.facebook.com\\\/people\\\/Notimemes-de-los-Polticos\\\/61565672886568\\\/\",\"https:\\\/\\\/x.com\\\/LosPoliticosVer\"]},{\"@type\":\"Person\",\"@id\":\"https:\\\/\\\/lospoliticosveracruz.com\\\/#\\\/schema\\\/person\\\/b8702bb0e538456e6efd07080bf2a4a2\",\"name\":\"Lo viste en Los Pol\u00edticos\",\"image\":{\"@type\":\"ImageObject\",\"inLanguage\":\"es\",\"@id\":\"https:\\\/\\\/secure.gravatar.com\\\/avatar\\\/3a8de04a2656d44082be478bd6c086daa447c4651605818287b9532d3d0bd435?s=96&d=mm&r=g\",\"url\":\"https:\\\/\\\/secure.gravatar.com\\\/avatar\\\/3a8de04a2656d44082be478bd6c086daa447c4651605818287b9532d3d0bd435?s=96&d=mm&r=g\",\"contentUrl\":\"https:\\\/\\\/secure.gravatar.com\\\/avatar\\\/3a8de04a2656d44082be478bd6c086daa447c4651605818287b9532d3d0bd435?s=96&d=mm&r=g\",\"caption\":\"Lo viste en Los Pol\u00edticos\"},\"url\":\"https:\\\/\\\/lospoliticosveracruz.com\\\/?author=2\"}]}<\/script>\n<!-- \/ Yoast SEO plugin. -->","yoast_head_json":{"title":"Bit\u00e1cora-Gate - Los pol\u00edticos Veracruz","robots":{"index":"index","follow":"follow","max-snippet":"max-snippet:-1","max-image-preview":"max-image-preview:large","max-video-preview":"max-video-preview:-1"},"canonical":"https:\/\/lospoliticosveracruz.com\/?p=34798","og_locale":"es_ES","og_type":"article","og_title":"Bit\u00e1cora-Gate - Los pol\u00edticos Veracruz","og_description":"Jos\u00e9 Ortiz Medina En Corto&#8230; Sin Cortes Este jueves circul\u00f3 en redes sociales una supuesta bit\u00e1cora de vuelo en la que se lee que Miguel \u00c1ngel Yunes Linares se habr\u00eda trasladado del helipuerto del hotel Fiesta Americana en Boca del R\u00edo a un campo deportivo del municipio de Tantoyuca el 3 de febrero de 2012. [&hellip;]","og_url":"https:\/\/lospoliticosveracruz.com\/?p=34798","og_site_name":"Los pol\u00edticos Veracruz","article_publisher":"https:\/\/www.facebook.com\/people\/Notimemes-de-los-Polticos\/61565672886568\/","article_published_time":"2017-06-30T14:41:26+00:00","og_image":[{"width":200,"height":200,"url":"https:\/\/lospoliticosveracruz.com\/wp-content\/uploads\/2016\/07\/Logo-Dor.jpg","type":"image\/jpeg"}],"author":"Lo viste en Los Pol\u00edticos","twitter_card":"summary_large_image","twitter_creator":"@LosPoliticosVer","twitter_site":"@LosPoliticosVer","twitter_misc":{"Escrito por":"Lo viste en Los Pol\u00edticos","Tiempo de lectura":"4 minutos"},"schema":{"@context":"https:\/\/schema.org","@graph":[{"@type":"Article","@id":"https:\/\/lospoliticosveracruz.com\/?p=34798#article","isPartOf":{"@id":"https:\/\/lospoliticosveracruz.com\/?p=34798"},"author":{"name":"Lo viste en Los Pol\u00edticos","@id":"https:\/\/lospoliticosveracruz.com\/#\/schema\/person\/b8702bb0e538456e6efd07080bf2a4a2"},"headline":"Bit\u00e1cora-Gate","datePublished":"2017-06-30T14:41:26+00:00","mainEntityOfPage":{"@id":"https:\/\/lospoliticosveracruz.com\/?p=34798"},"wordCount":792,"commentCount":0,"publisher":{"@id":"https:\/\/lospoliticosveracruz.com\/#organization"},"keywords":["Javier Duarte de Ochoa","Miguel Angel Yunes Linares"],"articleSection":["De Opini\u00f3n"],"inLanguage":"es","potentialAction":[{"@type":"CommentAction","name":"Comment","target":["https:\/\/lospoliticosveracruz.com\/?p=34798#respond"]}]},{"@type":"WebPage","@id":"https:\/\/lospoliticosveracruz.com\/?p=34798","url":"https:\/\/lospoliticosveracruz.com\/?p=34798","name":"Bit\u00e1cora-Gate - Los pol\u00edticos Veracruz","isPartOf":{"@id":"https:\/\/lospoliticosveracruz.com\/#website"},"datePublished":"2017-06-30T14:41:26+00:00","breadcrumb":{"@id":"https:\/\/lospoliticosveracruz.com\/?p=34798#breadcrumb"},"inLanguage":"es","potentialAction":[{"@type":"ReadAction","target":["https:\/\/lospoliticosveracruz.com\/?p=34798"]}]},{"@type":"BreadcrumbList","@id":"https:\/\/lospoliticosveracruz.com\/?p=34798#breadcrumb","itemListElement":[{"@type":"ListItem","position":1,"name":"Portada","item":"https:\/\/lospoliticosveracruz.com\/"},{"@type":"ListItem","position":2,"name":"Bit\u00e1cora-Gate"}]},{"@type":"WebSite","@id":"https:\/\/lospoliticosveracruz.com\/#website","url":"https:\/\/lospoliticosveracruz.com\/","name":"Los pol\u00edticos Veracruz","description":"","publisher":{"@id":"https:\/\/lospoliticosveracruz.com\/#organization"},"potentialAction":[{"@type":"SearchAction","target":{"@type":"EntryPoint","urlTemplate":"https:\/\/lospoliticosveracruz.com\/?s={search_term_string}"},"query-input":{"@type":"PropertyValueSpecification","valueRequired":true,"valueName":"search_term_string"}}],"inLanguage":"es"},{"@type":"Organization","@id":"https:\/\/lospoliticosveracruz.com\/#organization","name":"Los pol\u00edticos Veracruz","url":"https:\/\/lospoliticosveracruz.com\/","logo":{"@type":"ImageObject","inLanguage":"es","@id":"https:\/\/lospoliticosveracruz.com\/#\/schema\/logo\/image\/","url":"https:\/\/lospoliticosveracruz.com\/wp-content\/uploads\/2025\/12\/Logo-Nuevo-LOS-POLITICOS-1.jpg","contentUrl":"https:\/\/lospoliticosveracruz.com\/wp-content\/uploads\/2025\/12\/Logo-Nuevo-LOS-POLITICOS-1.jpg","width":260,"height":70,"caption":"Los pol\u00edticos Veracruz"},"image":{"@id":"https:\/\/lospoliticosveracruz.com\/#\/schema\/logo\/image\/"},"sameAs":["https:\/\/www.facebook.com\/people\/Notimemes-de-los-Polticos\/61565672886568\/","https:\/\/x.com\/LosPoliticosVer"]},{"@type":"Person","@id":"https:\/\/lospoliticosveracruz.com\/#\/schema\/person\/b8702bb0e538456e6efd07080bf2a4a2","name":"Lo viste en Los Pol\u00edticos","image":{"@type":"ImageObject","inLanguage":"es","@id":"https:\/\/secure.gravatar.com\/avatar\/3a8de04a2656d44082be478bd6c086daa447c4651605818287b9532d3d0bd435?s=96&d=mm&r=g","url":"https:\/\/secure.gravatar.com\/avatar\/3a8de04a2656d44082be478bd6c086daa447c4651605818287b9532d3d0bd435?s=96&d=mm&r=g","contentUrl":"https:\/\/secure.gravatar.com\/avatar\/3a8de04a2656d44082be478bd6c086daa447c4651605818287b9532d3d0bd435?s=96&d=mm&r=g","caption":"Lo viste en Los Pol\u00edticos"},"url":"https:\/\/lospoliticosveracruz.com\/?author=2"}]}},"_links":{"self":[{"href":"https:\/\/lospoliticosveracruz.com\/index.php?rest_route=\/wp\/v2\/posts\/34798","targetHints":{"allow":["GET"]}}],"collection":[{"href":"https:\/\/lospoliticosveracruz.com\/index.php?rest_route=\/wp\/v2\/posts"}],"about":[{"href":"https:\/\/lospoliticosveracruz.com\/index.php?rest_route=\/wp\/v2\/types\/post"}],"author":[{"embeddable":true,"href":"https:\/\/lospoliticosveracruz.com\/index.php?rest_route=\/wp\/v2\/users\/2"}],"replies":[{"embeddable":true,"href":"https:\/\/lospoliticosveracruz.com\/index.php?rest_route=%2Fwp%2Fv2%2Fcomments&post=34798"}],"version-history":[{"count":1,"href":"https:\/\/lospoliticosveracruz.com\/index.php?rest_route=\/wp\/v2\/posts\/34798\/revisions"}],"predecessor-version":[{"id":34799,"href":"https:\/\/lospoliticosveracruz.com\/index.php?rest_route=\/wp\/v2\/posts\/34798\/revisions\/34799"}],"wp:attachment":[{"href":"https:\/\/lospoliticosveracruz.com\/index.php?rest_route=%2Fwp%2Fv2%2Fmedia&parent=34798"}],"wp:term":[{"taxonomy":"category","embeddable":true,"href":"https:\/\/lospoliticosveracruz.com\/index.php?rest_route=%2Fwp%2Fv2%2Fcategories&post=34798"},{"taxonomy":"post_tag","embeddable":true,"href":"https:\/\/lospoliticosveracruz.com\/index.php?rest_route=%2Fwp%2Fv2%2Ftags&post=34798"}],"curies":[{"name":"wp","href":"https:\/\/api.w.org\/{rel}","templated":true}]}}