{"id":34885,"date":"2017-07-04T10:25:04","date_gmt":"2017-07-04T15:25:04","guid":{"rendered":"http:\/\/www.lospoliticosveracruz.com.mx\/?p=34885"},"modified":"2017-07-04T10:25:04","modified_gmt":"2017-07-04T15:25:04","slug":"de-perspectiva-de-genero-y-asi","status":"publish","type":"post","link":"https:\/\/lospoliticosveracruz.com\/?p=34885","title":{"rendered":"De Perspectiva de g\u00e9nero y as\u00ed\u2026"},"content":{"rendered":"<p><strong>Yadira Hidalgo Glez<\/strong><\/p>\n<p><em>Mujeres que Saben Lat\u00edn<\/em><\/p>\n<p>&nbsp;<\/p>\n<p>&nbsp;<\/p>\n<p>En la \u00faltima d\u00e9cada hemos escuchado mucho los t\u00e9rminos \u201cPerspectiva de G\u00e9nero\u201d, \u201cEquidad de G\u00e9nero\u201d, \u201cIgualdad de G\u00e9nero\u201d; y se ha dicho mucho sobre estos temas, algunas verdades, muchas falacias y bastantes banalizaciones. Pero el tema va. Eso que ni qu\u00e9, a pesar de los obst\u00e1culos y las resistencias.<\/p>\n<p>Para comenzar hay que decir que Perspectiva, Equidad e Igualdad de G\u00e9nero no se refieren a lo mismo. La perspectiva se trata de la mirada desde la cual se abordan los temas, la Equidad son los pasos o medidas que deben darse o tomarse para alcanzar una meta y la igualdad, es esa meta tan deseada. La igualdad entre hombres y mujeres en lo sustantivo, en lo real, en el igual acceso a los derechos y a los servicios.<\/p>\n<p>Pero a pesar de ser tan claro, esto se ha entendido poco. Primero porque hay muchas personas interesadas en que esto no se entienda as\u00ed y se han empe\u00f1ado en difundir sus propias interpretaciones de la construcci\u00f3n de g\u00e9neros que han sido tan estudiadas desde lo te\u00f3rico, lo filos\u00f3fico y lo pol\u00edtico. Y al no entender o no querer entender esas aproximaciones, pues le buscan un nombre com\u00fan aproximado a lo que esas personas mismas detentan en sus creencias: \u201cIdeolog\u00eda de g\u00e9nero\u201d.<\/p>\n<p>Por eso cuando escuche usted mencionar ese t\u00e9rmino, tenga por seguro que no se trata de informaci\u00f3n fehaciente y verdadera sobre la complejidad de las y los seres humanos y nuestras identidades, orientaciones y construcciones de g\u00e9nero.<\/p>\n<p>Primero es importante saber que cuando hablamos de \u201cG\u00e9nero\u201d, hablamos tanto de hombres como de mujeres y de la forma en las que la sociedad, el momento hist\u00f3rico que vivimos, la econom\u00eda y los usos y costumbres, nos han construido como mujeres y varones, con la ayuda de la familia, la escuela, la comunidad y los medios de comunicaci\u00f3n. Somos lo que nos han ense\u00f1ado a ser y no \u00fanicamente nuestras mam\u00e1s, es que as\u00ed basta de echarles la culpa por \u201ceducar a los machos\u201d que hay en la sociedad. Recuerden: en nuestra construcci\u00f3n de g\u00e9nero, participan muchos agentes.<\/p>\n<p>Otra cuesti\u00f3n importante de se\u00f1alar es que no se nace con perspectiva de g\u00e9nero. Aprender a mirar, analizar y evaluar los fen\u00f3menos sociales desde esta perspectiva requiere de estudio, lectura y mucho aprendizaje. Por eso no debe ser producto del asombro cuando una mujer no se muestra sensible ante los temas de otras mujeres, o incluso llega a violentarlas; simplemente porque para tener conciencia de g\u00e9nero hay que entender antes la perspectiva y eso, como ya mencion\u00e9 es cuesti\u00f3n de estudiar y querer aprender.<\/p>\n<p>La Equidad y la Igualdad son dos conceptos que suelen confundirse o utilizarse como sin\u00f3nimos, pero ya hemos explicado que la equidad son los pasos o medidas que hay que dar o tomar y la igualdad es nuestra meta.<\/p>\n<p>Estudiar seriamente estos conceptos nos brinda herramientas para acrecentar nuestro conocimiento. Creer que se sabe todo sobre el feminismo y sus aportaciones s\u00f3lo por haber escuchado una ponencia, pl\u00e1tica o conferencia o por participar en debates en las redes sociales,<\/p>\n<p>sobre lo que deben ser y hacer los hombres y las mujeres; es quedarse mirando la superficie de un todo muy profundo, complejo y enigm\u00e1tico en el que sin duda encontraremos cosas que nos har\u00e1n confrontarnos con lo que somos y lo que hemos aprendido; conceptos que nos mover\u00e1n el confortable suelo que pisamos pero que al final, nos har\u00e1n mirar y comprender la vida desde otra mirada.<\/p>\n","protected":false},"excerpt":{"rendered":"<p>Yadira Hidalgo Glez Mujeres que Saben Lat\u00edn &nbsp; &nbsp; En la \u00faltima d\u00e9cada hemos escuchado mucho los t\u00e9rminos \u201cPerspectiva de G\u00e9nero\u201d, \u201cEquidad de G\u00e9nero\u201d, \u201cIgualdad de G\u00e9nero\u201d; y se ha dicho mucho sobre estos temas, algunas verdades, muchas falacias y bastantes banalizaciones. Pero el tema va. Eso que ni qu\u00e9, a pesar de los obst\u00e1culos [&hellip;]<\/p>\n","protected":false},"author":2,"featured_media":0,"comment_status":"open","ping_status":"open","sticky":false,"template":"","format":"standard","meta":{"tdm_status":"","tdm_grid_status":"","footnotes":""},"categories":[70],"tags":[987,6583,4843,2421],"class_list":{"0":"post-34885","1":"post","2":"type-post","3":"status-publish","4":"format-standard","6":"category-de-opinion","7":"tag-equidad-de-genero","8":"tag-ideologia-de-genero","9":"tag-igualdad-de-genero","10":"tag-perspectiva-de-genero"},"yoast_head":"<!-- This site is optimized with the Yoast SEO plugin v27.4 - https:\/\/yoast.com\/product\/yoast-seo-wordpress\/ -->\n<title>De Perspectiva de g\u00e9nero y as\u00ed\u2026 - Los pol\u00edticos Veracruz<\/title>\n<meta name=\"robots\" content=\"index, follow, max-snippet:-1, max-image-preview:large, max-video-preview:-1\" \/>\n<link rel=\"canonical\" href=\"https:\/\/lospoliticosveracruz.com\/?p=34885\" \/>\n<meta property=\"og:locale\" content=\"es_ES\" \/>\n<meta property=\"og:type\" content=\"article\" \/>\n<meta property=\"og:title\" content=\"De Perspectiva de g\u00e9nero y as\u00ed\u2026 - Los pol\u00edticos Veracruz\" \/>\n<meta property=\"og:description\" content=\"Yadira Hidalgo Glez Mujeres que Saben Lat\u00edn &nbsp; &nbsp; En la \u00faltima d\u00e9cada hemos escuchado mucho los t\u00e9rminos \u201cPerspectiva de G\u00e9nero\u201d, \u201cEquidad de G\u00e9nero\u201d, \u201cIgualdad de G\u00e9nero\u201d; y se ha dicho mucho sobre estos temas, algunas verdades, muchas falacias y bastantes banalizaciones. Pero el tema va. Eso que ni qu\u00e9, a pesar de los obst\u00e1culos [&hellip;]\" \/>\n<meta property=\"og:url\" content=\"https:\/\/lospoliticosveracruz.com\/?p=34885\" \/>\n<meta property=\"og:site_name\" content=\"Los pol\u00edticos Veracruz\" \/>\n<meta property=\"article:publisher\" content=\"https:\/\/www.facebook.com\/people\/Notimemes-de-los-Polticos\/61565672886568\/\" \/>\n<meta property=\"article:published_time\" content=\"2017-07-04T15:25:04+00:00\" \/>\n<meta property=\"og:image\" content=\"https:\/\/lospoliticosveracruz.com\/wp-content\/uploads\/2016\/07\/Logo-Dor.jpg\" \/>\n\t<meta property=\"og:image:width\" content=\"200\" \/>\n\t<meta property=\"og:image:height\" content=\"200\" \/>\n\t<meta property=\"og:image:type\" content=\"image\/jpeg\" \/>\n<meta name=\"author\" content=\"Lo viste en Los Pol\u00edticos\" \/>\n<meta name=\"twitter:card\" content=\"summary_large_image\" \/>\n<meta name=\"twitter:creator\" content=\"@LosPoliticosVer\" \/>\n<meta name=\"twitter:site\" content=\"@LosPoliticosVer\" \/>\n<meta name=\"twitter:label1\" content=\"Escrito por\" \/>\n\t<meta name=\"twitter:data1\" content=\"Lo viste en Los Pol\u00edticos\" \/>\n\t<meta name=\"twitter:label2\" content=\"Tiempo de lectura\" \/>\n\t<meta name=\"twitter:data2\" content=\"3 minutos\" \/>\n<script type=\"application\/ld+json\" class=\"yoast-schema-graph\">{\"@context\":\"https:\\\/\\\/schema.org\",\"@graph\":[{\"@type\":\"Article\",\"@id\":\"https:\\\/\\\/lospoliticosveracruz.com\\\/?p=34885#article\",\"isPartOf\":{\"@id\":\"https:\\\/\\\/lospoliticosveracruz.com\\\/?p=34885\"},\"author\":{\"name\":\"Lo viste en Los Pol\u00edticos\",\"@id\":\"https:\\\/\\\/lospoliticosveracruz.com\\\/#\\\/schema\\\/person\\\/b8702bb0e538456e6efd07080bf2a4a2\"},\"headline\":\"De Perspectiva de g\u00e9nero y as\u00ed\u2026\",\"datePublished\":\"2017-07-04T15:25:04+00:00\",\"mainEntityOfPage\":{\"@id\":\"https:\\\/\\\/lospoliticosveracruz.com\\\/?p=34885\"},\"wordCount\":634,\"commentCount\":0,\"publisher\":{\"@id\":\"https:\\\/\\\/lospoliticosveracruz.com\\\/#organization\"},\"keywords\":[\"Equidad de G\u00e9nero\",\"Ideolog\u00eda de g\u00e9nero\",\"igualdad de g\u00e9nero\",\"perspectiva de g\u00e9nero\"],\"articleSection\":[\"De Opini\u00f3n\"],\"inLanguage\":\"es\",\"potentialAction\":[{\"@type\":\"CommentAction\",\"name\":\"Comment\",\"target\":[\"https:\\\/\\\/lospoliticosveracruz.com\\\/?p=34885#respond\"]}]},{\"@type\":\"WebPage\",\"@id\":\"https:\\\/\\\/lospoliticosveracruz.com\\\/?p=34885\",\"url\":\"https:\\\/\\\/lospoliticosveracruz.com\\\/?p=34885\",\"name\":\"De Perspectiva de g\u00e9nero y as\u00ed\u2026 - Los pol\u00edticos Veracruz\",\"isPartOf\":{\"@id\":\"https:\\\/\\\/lospoliticosveracruz.com\\\/#website\"},\"datePublished\":\"2017-07-04T15:25:04+00:00\",\"breadcrumb\":{\"@id\":\"https:\\\/\\\/lospoliticosveracruz.com\\\/?p=34885#breadcrumb\"},\"inLanguage\":\"es\",\"potentialAction\":[{\"@type\":\"ReadAction\",\"target\":[\"https:\\\/\\\/lospoliticosveracruz.com\\\/?p=34885\"]}]},{\"@type\":\"BreadcrumbList\",\"@id\":\"https:\\\/\\\/lospoliticosveracruz.com\\\/?p=34885#breadcrumb\",\"itemListElement\":[{\"@type\":\"ListItem\",\"position\":1,\"name\":\"Portada\",\"item\":\"https:\\\/\\\/lospoliticosveracruz.com\\\/\"},{\"@type\":\"ListItem\",\"position\":2,\"name\":\"De Perspectiva de g\u00e9nero y as\u00ed\u2026\"}]},{\"@type\":\"WebSite\",\"@id\":\"https:\\\/\\\/lospoliticosveracruz.com\\\/#website\",\"url\":\"https:\\\/\\\/lospoliticosveracruz.com\\\/\",\"name\":\"Los pol\u00edticos Veracruz\",\"description\":\"\",\"publisher\":{\"@id\":\"https:\\\/\\\/lospoliticosveracruz.com\\\/#organization\"},\"potentialAction\":[{\"@type\":\"SearchAction\",\"target\":{\"@type\":\"EntryPoint\",\"urlTemplate\":\"https:\\\/\\\/lospoliticosveracruz.com\\\/?s={search_term_string}\"},\"query-input\":{\"@type\":\"PropertyValueSpecification\",\"valueRequired\":true,\"valueName\":\"search_term_string\"}}],\"inLanguage\":\"es\"},{\"@type\":\"Organization\",\"@id\":\"https:\\\/\\\/lospoliticosveracruz.com\\\/#organization\",\"name\":\"Los pol\u00edticos Veracruz\",\"url\":\"https:\\\/\\\/lospoliticosveracruz.com\\\/\",\"logo\":{\"@type\":\"ImageObject\",\"inLanguage\":\"es\",\"@id\":\"https:\\\/\\\/lospoliticosveracruz.com\\\/#\\\/schema\\\/logo\\\/image\\\/\",\"url\":\"https:\\\/\\\/lospoliticosveracruz.com\\\/wp-content\\\/uploads\\\/2025\\\/12\\\/Logo-Nuevo-LOS-POLITICOS-1.jpg\",\"contentUrl\":\"https:\\\/\\\/lospoliticosveracruz.com\\\/wp-content\\\/uploads\\\/2025\\\/12\\\/Logo-Nuevo-LOS-POLITICOS-1.jpg\",\"width\":260,\"height\":70,\"caption\":\"Los pol\u00edticos Veracruz\"},\"image\":{\"@id\":\"https:\\\/\\\/lospoliticosveracruz.com\\\/#\\\/schema\\\/logo\\\/image\\\/\"},\"sameAs\":[\"https:\\\/\\\/www.facebook.com\\\/people\\\/Notimemes-de-los-Polticos\\\/61565672886568\\\/\",\"https:\\\/\\\/x.com\\\/LosPoliticosVer\"]},{\"@type\":\"Person\",\"@id\":\"https:\\\/\\\/lospoliticosveracruz.com\\\/#\\\/schema\\\/person\\\/b8702bb0e538456e6efd07080bf2a4a2\",\"name\":\"Lo viste en Los Pol\u00edticos\",\"image\":{\"@type\":\"ImageObject\",\"inLanguage\":\"es\",\"@id\":\"https:\\\/\\\/secure.gravatar.com\\\/avatar\\\/3a8de04a2656d44082be478bd6c086daa447c4651605818287b9532d3d0bd435?s=96&d=mm&r=g\",\"url\":\"https:\\\/\\\/secure.gravatar.com\\\/avatar\\\/3a8de04a2656d44082be478bd6c086daa447c4651605818287b9532d3d0bd435?s=96&d=mm&r=g\",\"contentUrl\":\"https:\\\/\\\/secure.gravatar.com\\\/avatar\\\/3a8de04a2656d44082be478bd6c086daa447c4651605818287b9532d3d0bd435?s=96&d=mm&r=g\",\"caption\":\"Lo viste en Los Pol\u00edticos\"},\"url\":\"https:\\\/\\\/lospoliticosveracruz.com\\\/?author=2\"}]}<\/script>\n<!-- \/ Yoast SEO plugin. -->","yoast_head_json":{"title":"De Perspectiva de g\u00e9nero y as\u00ed\u2026 - Los pol\u00edticos Veracruz","robots":{"index":"index","follow":"follow","max-snippet":"max-snippet:-1","max-image-preview":"max-image-preview:large","max-video-preview":"max-video-preview:-1"},"canonical":"https:\/\/lospoliticosveracruz.com\/?p=34885","og_locale":"es_ES","og_type":"article","og_title":"De Perspectiva de g\u00e9nero y as\u00ed\u2026 - Los pol\u00edticos Veracruz","og_description":"Yadira Hidalgo Glez Mujeres que Saben Lat\u00edn &nbsp; &nbsp; En la \u00faltima d\u00e9cada hemos escuchado mucho los t\u00e9rminos \u201cPerspectiva de G\u00e9nero\u201d, \u201cEquidad de G\u00e9nero\u201d, \u201cIgualdad de G\u00e9nero\u201d; y se ha dicho mucho sobre estos temas, algunas verdades, muchas falacias y bastantes banalizaciones. Pero el tema va. Eso que ni qu\u00e9, a pesar de los obst\u00e1culos [&hellip;]","og_url":"https:\/\/lospoliticosveracruz.com\/?p=34885","og_site_name":"Los pol\u00edticos Veracruz","article_publisher":"https:\/\/www.facebook.com\/people\/Notimemes-de-los-Polticos\/61565672886568\/","article_published_time":"2017-07-04T15:25:04+00:00","og_image":[{"width":200,"height":200,"url":"https:\/\/lospoliticosveracruz.com\/wp-content\/uploads\/2016\/07\/Logo-Dor.jpg","type":"image\/jpeg"}],"author":"Lo viste en Los Pol\u00edticos","twitter_card":"summary_large_image","twitter_creator":"@LosPoliticosVer","twitter_site":"@LosPoliticosVer","twitter_misc":{"Escrito por":"Lo viste en Los Pol\u00edticos","Tiempo de lectura":"3 minutos"},"schema":{"@context":"https:\/\/schema.org","@graph":[{"@type":"Article","@id":"https:\/\/lospoliticosveracruz.com\/?p=34885#article","isPartOf":{"@id":"https:\/\/lospoliticosveracruz.com\/?p=34885"},"author":{"name":"Lo viste en Los Pol\u00edticos","@id":"https:\/\/lospoliticosveracruz.com\/#\/schema\/person\/b8702bb0e538456e6efd07080bf2a4a2"},"headline":"De Perspectiva de g\u00e9nero y as\u00ed\u2026","datePublished":"2017-07-04T15:25:04+00:00","mainEntityOfPage":{"@id":"https:\/\/lospoliticosveracruz.com\/?p=34885"},"wordCount":634,"commentCount":0,"publisher":{"@id":"https:\/\/lospoliticosveracruz.com\/#organization"},"keywords":["Equidad de G\u00e9nero","Ideolog\u00eda de g\u00e9nero","igualdad de g\u00e9nero","perspectiva de g\u00e9nero"],"articleSection":["De Opini\u00f3n"],"inLanguage":"es","potentialAction":[{"@type":"CommentAction","name":"Comment","target":["https:\/\/lospoliticosveracruz.com\/?p=34885#respond"]}]},{"@type":"WebPage","@id":"https:\/\/lospoliticosveracruz.com\/?p=34885","url":"https:\/\/lospoliticosveracruz.com\/?p=34885","name":"De Perspectiva de g\u00e9nero y as\u00ed\u2026 - Los pol\u00edticos Veracruz","isPartOf":{"@id":"https:\/\/lospoliticosveracruz.com\/#website"},"datePublished":"2017-07-04T15:25:04+00:00","breadcrumb":{"@id":"https:\/\/lospoliticosveracruz.com\/?p=34885#breadcrumb"},"inLanguage":"es","potentialAction":[{"@type":"ReadAction","target":["https:\/\/lospoliticosveracruz.com\/?p=34885"]}]},{"@type":"BreadcrumbList","@id":"https:\/\/lospoliticosveracruz.com\/?p=34885#breadcrumb","itemListElement":[{"@type":"ListItem","position":1,"name":"Portada","item":"https:\/\/lospoliticosveracruz.com\/"},{"@type":"ListItem","position":2,"name":"De Perspectiva de g\u00e9nero y as\u00ed\u2026"}]},{"@type":"WebSite","@id":"https:\/\/lospoliticosveracruz.com\/#website","url":"https:\/\/lospoliticosveracruz.com\/","name":"Los pol\u00edticos Veracruz","description":"","publisher":{"@id":"https:\/\/lospoliticosveracruz.com\/#organization"},"potentialAction":[{"@type":"SearchAction","target":{"@type":"EntryPoint","urlTemplate":"https:\/\/lospoliticosveracruz.com\/?s={search_term_string}"},"query-input":{"@type":"PropertyValueSpecification","valueRequired":true,"valueName":"search_term_string"}}],"inLanguage":"es"},{"@type":"Organization","@id":"https:\/\/lospoliticosveracruz.com\/#organization","name":"Los pol\u00edticos Veracruz","url":"https:\/\/lospoliticosveracruz.com\/","logo":{"@type":"ImageObject","inLanguage":"es","@id":"https:\/\/lospoliticosveracruz.com\/#\/schema\/logo\/image\/","url":"https:\/\/lospoliticosveracruz.com\/wp-content\/uploads\/2025\/12\/Logo-Nuevo-LOS-POLITICOS-1.jpg","contentUrl":"https:\/\/lospoliticosveracruz.com\/wp-content\/uploads\/2025\/12\/Logo-Nuevo-LOS-POLITICOS-1.jpg","width":260,"height":70,"caption":"Los pol\u00edticos Veracruz"},"image":{"@id":"https:\/\/lospoliticosveracruz.com\/#\/schema\/logo\/image\/"},"sameAs":["https:\/\/www.facebook.com\/people\/Notimemes-de-los-Polticos\/61565672886568\/","https:\/\/x.com\/LosPoliticosVer"]},{"@type":"Person","@id":"https:\/\/lospoliticosveracruz.com\/#\/schema\/person\/b8702bb0e538456e6efd07080bf2a4a2","name":"Lo viste en Los Pol\u00edticos","image":{"@type":"ImageObject","inLanguage":"es","@id":"https:\/\/secure.gravatar.com\/avatar\/3a8de04a2656d44082be478bd6c086daa447c4651605818287b9532d3d0bd435?s=96&d=mm&r=g","url":"https:\/\/secure.gravatar.com\/avatar\/3a8de04a2656d44082be478bd6c086daa447c4651605818287b9532d3d0bd435?s=96&d=mm&r=g","contentUrl":"https:\/\/secure.gravatar.com\/avatar\/3a8de04a2656d44082be478bd6c086daa447c4651605818287b9532d3d0bd435?s=96&d=mm&r=g","caption":"Lo viste en Los Pol\u00edticos"},"url":"https:\/\/lospoliticosveracruz.com\/?author=2"}]}},"_links":{"self":[{"href":"https:\/\/lospoliticosveracruz.com\/index.php?rest_route=\/wp\/v2\/posts\/34885","targetHints":{"allow":["GET"]}}],"collection":[{"href":"https:\/\/lospoliticosveracruz.com\/index.php?rest_route=\/wp\/v2\/posts"}],"about":[{"href":"https:\/\/lospoliticosveracruz.com\/index.php?rest_route=\/wp\/v2\/types\/post"}],"author":[{"embeddable":true,"href":"https:\/\/lospoliticosveracruz.com\/index.php?rest_route=\/wp\/v2\/users\/2"}],"replies":[{"embeddable":true,"href":"https:\/\/lospoliticosveracruz.com\/index.php?rest_route=%2Fwp%2Fv2%2Fcomments&post=34885"}],"version-history":[{"count":1,"href":"https:\/\/lospoliticosveracruz.com\/index.php?rest_route=\/wp\/v2\/posts\/34885\/revisions"}],"predecessor-version":[{"id":34886,"href":"https:\/\/lospoliticosveracruz.com\/index.php?rest_route=\/wp\/v2\/posts\/34885\/revisions\/34886"}],"wp:attachment":[{"href":"https:\/\/lospoliticosveracruz.com\/index.php?rest_route=%2Fwp%2Fv2%2Fmedia&parent=34885"}],"wp:term":[{"taxonomy":"category","embeddable":true,"href":"https:\/\/lospoliticosveracruz.com\/index.php?rest_route=%2Fwp%2Fv2%2Fcategories&post=34885"},{"taxonomy":"post_tag","embeddable":true,"href":"https:\/\/lospoliticosveracruz.com\/index.php?rest_route=%2Fwp%2Fv2%2Ftags&post=34885"}],"curies":[{"name":"wp","href":"https:\/\/api.w.org\/{rel}","templated":true}]}}