{"id":34954,"date":"2017-07-07T08:19:56","date_gmt":"2017-07-07T13:19:56","guid":{"rendered":"http:\/\/www.lospoliticosveracruz.com.mx\/?p=34954"},"modified":"2017-07-07T08:19:56","modified_gmt":"2017-07-07T13:19:56","slug":"nos-alcanzo-el-destino-en-la-uv","status":"publish","type":"post","link":"https:\/\/lospoliticosveracruz.com\/?p=34954","title":{"rendered":"Nos alcanz\u00f3 el destino en la UV"},"content":{"rendered":"<p class=\"p1\"><strong>Naldy Rodr\u00edguez<\/strong><\/p>\n<p class=\"p1\"><em>Transparencia 3.0<\/em><\/p>\n<p class=\"p1\">\u201cQue tal que el destino nos alcance\u201d, dijo la ministra en retiro Olga S\u00e1nchez Cordero sobre la brecha de g\u00e9nero en pol\u00edtica\u2026 Tengo muy presente la frase.<\/p>\n<p class=\"p1\">Por primera vez son mayor\u00eda las mujeres que aspiran a la rector\u00eda de la Universidad Veracruzana: Tres f\u00e9minas frente a dos hombres, todos de distintas \u00e1reas y perfiles. Y hay quienes aseguran que cada uno de ellos responde a intereses pol\u00edticos.<\/p>\n<p class=\"p1\">La actual rectora, Sara Ladr\u00f3n de Guevara, allan\u00f3 el camino a las mujeres. Despu\u00e9s de 69 a\u00f1os de rectorado de varones, lleg\u00f3 a tomar las riendas de una comunidad de casi 80 mil estudiantes y m\u00e1s de 12 mil trabajadores.<\/p>\n<p class=\"p1\">Administr\u00f3 a la universidad p\u00fablica m\u00e1s importante del sureste del pa\u00eds, en la segunda mitad de un gobierno \u201cfallido\u201d, donde<span class=\"Apple-converted-space\">\u00a0 <\/span>se violentaron los derechos humanos una y otra vez, y se desviaron miles de millones de pesos.<\/p>\n<p class=\"p1\">Cuando Ladr\u00f3n de Guevara contendi\u00f3 por la rector\u00eda, estuvo rodeada por aspirantes hombres:<span class=\"Apple-converted-space\">\u00a0 <\/span>Rafael Arias Hern\u00e1ndez, Francisco Monfort Guill\u00e9n, V\u00edctor Arredondo y Porfirio Carrillo. Cuando todo apuntaba a que Arredondo volver\u00eda a estar al frente de la UV, el tim\u00f3n dio un giro<span class=\"Apple-converted-space\">\u00a0 <\/span>con la presi\u00f3n de muchos acad\u00e9micos y de otros aspirantes.<\/p>\n<p class=\"p1\">Ahora Sara quiere reelegirse, pero tiene de contendientes a dos mujeres reconocidas, cada una en su \u00e1rea, Roc\u00edo Ojeda por formar generaciones de comunicadores, y Ros\u00edo C\u00f3rdova, por trabajar e impulsar proyectos a favor de la equidad de g\u00e9nero.<\/p>\n<p class=\"p1\">Los hombres no se quedan atr\u00e1s, Jorge Manzo Denes y Manlio Fabio Casar\u00edn Le\u00f3n tienen una amplia trayectoria. El primero en el \u00e1rea de Biolog\u00eda; el segundo, en el \u00e1mbito del Derecho.<\/p>\n<p class=\"p1\">Hay que considerar tambi\u00e9n que es la segunda ocasi\u00f3n que aspira a la rector\u00eda el ex director de la Facultad de Derecho, por lo que desde hace cuatro a\u00f1os ha tejido fino una red de apoyo de acad\u00e9micos y tiene un proyecto m\u00e1s consolidado.<\/p>\n<p class=\"p1\">Lo que no se ve tan democr\u00e1tico, al menos desde afuera, es que nueve personas tengan la responsabilidad de elegir al pr\u00f3ximo rector, que lo hagan en un periodo de vacaciones (cuando estudiantes y acad\u00e9micos est\u00e1n fuera del campus). En lo personal soy mal pensada y deja mucho que desear.<\/p>\n<p class=\"p3\">Los \u00fanicos que tendr\u00e1n voz y voto en esta elecci\u00f3n son: Jaqueline del Carmen Jongitud Zamora; el secretario, Ricardo Corzo Ram\u00edrez; y los integrantes, Jaime Cervantes Gonzalo de Gortari, Carlos Gonz\u00e1lez G\u00e1ndara, Jorge Mart\u00ednez Contreras, Eduardo Matos Moctezuma, Mauricio Merino Huerta, Federico Bernhardo Roesch Dietlen, y Elena Rustri\u00e1n Portilla.<\/p>\n<p class=\"p1\"><span class=\"s1\">La UV es mi alma m\u00e1ter, la quiero, pero es necesario reconocer que <\/span>la apertura de plazas es una farsa, que las instalaciones est\u00e1n cada vez m\u00e1s deterioradas, que las facultades carecen de equipo, pero sobre todo, que el dichoso MEIF no ha funcionado. En mis tiempos terminabas en cuatro a\u00f1os la licenciatura con los mismos compa\u00f1eros; ahora, algunos estudiantes pueden llevarse cinco o seis a\u00f1os y la ociosidad es el peor de los males para cualquier individuo. Y en este modelo hay muchos tiempos muertos.<\/p>\n<p class=\"p1\">S\u00e9 que hay estudiantes ejemplares, que en menos de cuatro a\u00f1os han terminado la carrera, pero definitivamente son los menos.<\/p>\n<p class=\"p1\">En medio de restricciones presupuestarias, un adeudo superior a los 2 mil millones de pesos que dej\u00f3 Javier Duarte y un estancamiento en la matr\u00edcula, los cinco aspirantes se disputan la rector\u00eda.<\/p>\n<p class=\"p3\"><span class=\"s2\">En la UV estudian la democracia, pero no la practican\u2026<\/span> El pr\u00f3ximo rector o rectora para el 2017-2021 tendr\u00e1 grandes retos: el principal sumar voluntades y hacer m\u00e1s con menos recursos.<\/p>\n<p class=\"p1\">**<\/p>\n<p class=\"p1\">El final de mi obra: Sergio Pitol<\/p>\n<p class=\"p5\">\n<div class=\"youtube-embed\" data-video_id=\"x1JYPjsFeOU\"><iframe loading=\"lazy\" title=\"Sergio Pitol -El final de mi obra-.wmv\" width=\"696\" height=\"392\" src=\"https:\/\/www.youtube.com\/embed\/x1JYPjsFeOU?feature=oembed&#038;enablejsapi=1\" frameborder=\"0\" allow=\"accelerometer; autoplay; clipboard-write; encrypted-media; gyroscope; picture-in-picture; web-share\" referrerpolicy=\"strict-origin-when-cross-origin\" allowfullscreen><\/iframe><\/div>\n<\/p>\n<p class=\"p3\"><b>No dejen de verlo, es un video del Premio Cervantes publicado el 2 julio de 2010.<\/b><\/p>\n<p class=\"p1\">Twitter @ydlan<\/p>\n<p class=\"p1\">Transparencia3.0@hotmail.com<\/p>\n","protected":false},"excerpt":{"rendered":"<p>Naldy Rodr\u00edguez Transparencia 3.0 \u201cQue tal que el destino nos alcance\u201d, dijo la ministra en retiro Olga S\u00e1nchez Cordero sobre la brecha de g\u00e9nero en pol\u00edtica\u2026 Tengo muy presente la frase. Por primera vez son mayor\u00eda las mujeres que aspiran a la rector\u00eda de la Universidad Veracruzana: Tres f\u00e9minas frente a dos hombres, todos de [&hellip;]<\/p>\n","protected":false},"author":2,"featured_media":0,"comment_status":"open","ping_status":"open","sticky":false,"template":"","format":"standard","meta":{"tdm_status":"","tdm_grid_status":"","footnotes":""},"categories":[70],"tags":[7674,8716,6771,7619,755,219],"class_list":{"0":"post-34954","1":"post","2":"type-post","3":"status-publish","4":"format-standard","6":"category-de-opinion","7":"tag-jorge-manzo-denes","8":"tag-manlio-fabio-casarin-leon","9":"tag-rocio-ojeda-callado","10":"tag-rosio-cordova-plaza","11":"tag-sara-ladron-de-guevara","12":"tag-universidad-veracruzana"},"yoast_head":"<!-- This site is optimized with the Yoast SEO plugin v27.4 - https:\/\/yoast.com\/product\/yoast-seo-wordpress\/ -->\n<title>Nos alcanz\u00f3 el destino en la UV - Los pol\u00edticos Veracruz<\/title>\n<meta name=\"robots\" content=\"index, follow, max-snippet:-1, max-image-preview:large, max-video-preview:-1\" \/>\n<link rel=\"canonical\" href=\"https:\/\/lospoliticosveracruz.com\/?p=34954\" \/>\n<meta property=\"og:locale\" content=\"es_ES\" \/>\n<meta property=\"og:type\" content=\"article\" \/>\n<meta property=\"og:title\" content=\"Nos alcanz\u00f3 el destino en la UV - Los pol\u00edticos Veracruz\" \/>\n<meta property=\"og:description\" content=\"Naldy Rodr\u00edguez Transparencia 3.0 \u201cQue tal que el destino nos alcance\u201d, dijo la ministra en retiro Olga S\u00e1nchez Cordero sobre la brecha de g\u00e9nero en pol\u00edtica\u2026 Tengo muy presente la frase. Por primera vez son mayor\u00eda las mujeres que aspiran a la rector\u00eda de la Universidad Veracruzana: Tres f\u00e9minas frente a dos hombres, todos de [&hellip;]\" \/>\n<meta property=\"og:url\" content=\"https:\/\/lospoliticosveracruz.com\/?p=34954\" \/>\n<meta property=\"og:site_name\" content=\"Los pol\u00edticos Veracruz\" \/>\n<meta property=\"article:publisher\" content=\"https:\/\/www.facebook.com\/people\/Notimemes-de-los-Polticos\/61565672886568\/\" \/>\n<meta property=\"article:published_time\" content=\"2017-07-07T13:19:56+00:00\" \/>\n<meta property=\"og:image\" content=\"https:\/\/lospoliticosveracruz.com\/wp-content\/uploads\/2016\/07\/Logo-Dor.jpg\" \/>\n\t<meta property=\"og:image:width\" content=\"200\" \/>\n\t<meta property=\"og:image:height\" content=\"200\" \/>\n\t<meta property=\"og:image:type\" content=\"image\/jpeg\" \/>\n<meta name=\"author\" content=\"Lo viste en Los Pol\u00edticos\" \/>\n<meta name=\"twitter:card\" content=\"summary_large_image\" \/>\n<meta name=\"twitter:creator\" content=\"@LosPoliticosVer\" \/>\n<meta name=\"twitter:site\" content=\"@LosPoliticosVer\" \/>\n<meta name=\"twitter:label1\" content=\"Escrito por\" \/>\n\t<meta name=\"twitter:data1\" content=\"Lo viste en Los Pol\u00edticos\" \/>\n\t<meta name=\"twitter:label2\" content=\"Tiempo de lectura\" \/>\n\t<meta name=\"twitter:data2\" content=\"3 minutos\" \/>\n<script type=\"application\/ld+json\" class=\"yoast-schema-graph\">{\"@context\":\"https:\\\/\\\/schema.org\",\"@graph\":[{\"@type\":\"Article\",\"@id\":\"https:\\\/\\\/lospoliticosveracruz.com\\\/?p=34954#article\",\"isPartOf\":{\"@id\":\"https:\\\/\\\/lospoliticosveracruz.com\\\/?p=34954\"},\"author\":{\"name\":\"Lo viste en Los Pol\u00edticos\",\"@id\":\"https:\\\/\\\/lospoliticosveracruz.com\\\/#\\\/schema\\\/person\\\/b8702bb0e538456e6efd07080bf2a4a2\"},\"headline\":\"Nos alcanz\u00f3 el destino en la UV\",\"datePublished\":\"2017-07-07T13:19:56+00:00\",\"mainEntityOfPage\":{\"@id\":\"https:\\\/\\\/lospoliticosveracruz.com\\\/?p=34954\"},\"wordCount\":681,\"commentCount\":0,\"publisher\":{\"@id\":\"https:\\\/\\\/lospoliticosveracruz.com\\\/#organization\"},\"keywords\":[\"Jorge Manzo Denes\",\"Manlio Fabio Casar\u00edn Le\u00f3n\",\"Roc\u00edo Ojeda Callado\",\"Ros\u00edo C\u00f3rdova Plaza\",\"Sara Ladr\u00f3n de Guevara\",\"Universidad Veracruzana\"],\"articleSection\":[\"De Opini\u00f3n\"],\"inLanguage\":\"es\",\"potentialAction\":[{\"@type\":\"CommentAction\",\"name\":\"Comment\",\"target\":[\"https:\\\/\\\/lospoliticosveracruz.com\\\/?p=34954#respond\"]}]},{\"@type\":\"WebPage\",\"@id\":\"https:\\\/\\\/lospoliticosveracruz.com\\\/?p=34954\",\"url\":\"https:\\\/\\\/lospoliticosveracruz.com\\\/?p=34954\",\"name\":\"Nos alcanz\u00f3 el destino en la UV - Los pol\u00edticos Veracruz\",\"isPartOf\":{\"@id\":\"https:\\\/\\\/lospoliticosveracruz.com\\\/#website\"},\"datePublished\":\"2017-07-07T13:19:56+00:00\",\"breadcrumb\":{\"@id\":\"https:\\\/\\\/lospoliticosveracruz.com\\\/?p=34954#breadcrumb\"},\"inLanguage\":\"es\",\"potentialAction\":[{\"@type\":\"ReadAction\",\"target\":[\"https:\\\/\\\/lospoliticosveracruz.com\\\/?p=34954\"]}]},{\"@type\":\"BreadcrumbList\",\"@id\":\"https:\\\/\\\/lospoliticosveracruz.com\\\/?p=34954#breadcrumb\",\"itemListElement\":[{\"@type\":\"ListItem\",\"position\":1,\"name\":\"Portada\",\"item\":\"https:\\\/\\\/lospoliticosveracruz.com\\\/\"},{\"@type\":\"ListItem\",\"position\":2,\"name\":\"Nos alcanz\u00f3 el destino en la UV\"}]},{\"@type\":\"WebSite\",\"@id\":\"https:\\\/\\\/lospoliticosveracruz.com\\\/#website\",\"url\":\"https:\\\/\\\/lospoliticosveracruz.com\\\/\",\"name\":\"Los pol\u00edticos Veracruz\",\"description\":\"\",\"publisher\":{\"@id\":\"https:\\\/\\\/lospoliticosveracruz.com\\\/#organization\"},\"potentialAction\":[{\"@type\":\"SearchAction\",\"target\":{\"@type\":\"EntryPoint\",\"urlTemplate\":\"https:\\\/\\\/lospoliticosveracruz.com\\\/?s={search_term_string}\"},\"query-input\":{\"@type\":\"PropertyValueSpecification\",\"valueRequired\":true,\"valueName\":\"search_term_string\"}}],\"inLanguage\":\"es\"},{\"@type\":\"Organization\",\"@id\":\"https:\\\/\\\/lospoliticosveracruz.com\\\/#organization\",\"name\":\"Los pol\u00edticos Veracruz\",\"url\":\"https:\\\/\\\/lospoliticosveracruz.com\\\/\",\"logo\":{\"@type\":\"ImageObject\",\"inLanguage\":\"es\",\"@id\":\"https:\\\/\\\/lospoliticosveracruz.com\\\/#\\\/schema\\\/logo\\\/image\\\/\",\"url\":\"https:\\\/\\\/lospoliticosveracruz.com\\\/wp-content\\\/uploads\\\/2025\\\/12\\\/Logo-Nuevo-LOS-POLITICOS-1.jpg\",\"contentUrl\":\"https:\\\/\\\/lospoliticosveracruz.com\\\/wp-content\\\/uploads\\\/2025\\\/12\\\/Logo-Nuevo-LOS-POLITICOS-1.jpg\",\"width\":260,\"height\":70,\"caption\":\"Los pol\u00edticos Veracruz\"},\"image\":{\"@id\":\"https:\\\/\\\/lospoliticosveracruz.com\\\/#\\\/schema\\\/logo\\\/image\\\/\"},\"sameAs\":[\"https:\\\/\\\/www.facebook.com\\\/people\\\/Notimemes-de-los-Polticos\\\/61565672886568\\\/\",\"https:\\\/\\\/x.com\\\/LosPoliticosVer\"]},{\"@type\":\"Person\",\"@id\":\"https:\\\/\\\/lospoliticosveracruz.com\\\/#\\\/schema\\\/person\\\/b8702bb0e538456e6efd07080bf2a4a2\",\"name\":\"Lo viste en Los Pol\u00edticos\",\"image\":{\"@type\":\"ImageObject\",\"inLanguage\":\"es\",\"@id\":\"https:\\\/\\\/secure.gravatar.com\\\/avatar\\\/3a8de04a2656d44082be478bd6c086daa447c4651605818287b9532d3d0bd435?s=96&d=mm&r=g\",\"url\":\"https:\\\/\\\/secure.gravatar.com\\\/avatar\\\/3a8de04a2656d44082be478bd6c086daa447c4651605818287b9532d3d0bd435?s=96&d=mm&r=g\",\"contentUrl\":\"https:\\\/\\\/secure.gravatar.com\\\/avatar\\\/3a8de04a2656d44082be478bd6c086daa447c4651605818287b9532d3d0bd435?s=96&d=mm&r=g\",\"caption\":\"Lo viste en Los Pol\u00edticos\"},\"url\":\"https:\\\/\\\/lospoliticosveracruz.com\\\/?author=2\"}]}<\/script>\n<!-- \/ Yoast SEO plugin. -->","yoast_head_json":{"title":"Nos alcanz\u00f3 el destino en la UV - Los pol\u00edticos Veracruz","robots":{"index":"index","follow":"follow","max-snippet":"max-snippet:-1","max-image-preview":"max-image-preview:large","max-video-preview":"max-video-preview:-1"},"canonical":"https:\/\/lospoliticosveracruz.com\/?p=34954","og_locale":"es_ES","og_type":"article","og_title":"Nos alcanz\u00f3 el destino en la UV - Los pol\u00edticos Veracruz","og_description":"Naldy Rodr\u00edguez Transparencia 3.0 \u201cQue tal que el destino nos alcance\u201d, dijo la ministra en retiro Olga S\u00e1nchez Cordero sobre la brecha de g\u00e9nero en pol\u00edtica\u2026 Tengo muy presente la frase. Por primera vez son mayor\u00eda las mujeres que aspiran a la rector\u00eda de la Universidad Veracruzana: Tres f\u00e9minas frente a dos hombres, todos de [&hellip;]","og_url":"https:\/\/lospoliticosveracruz.com\/?p=34954","og_site_name":"Los pol\u00edticos Veracruz","article_publisher":"https:\/\/www.facebook.com\/people\/Notimemes-de-los-Polticos\/61565672886568\/","article_published_time":"2017-07-07T13:19:56+00:00","og_image":[{"width":200,"height":200,"url":"https:\/\/lospoliticosveracruz.com\/wp-content\/uploads\/2016\/07\/Logo-Dor.jpg","type":"image\/jpeg"}],"author":"Lo viste en Los Pol\u00edticos","twitter_card":"summary_large_image","twitter_creator":"@LosPoliticosVer","twitter_site":"@LosPoliticosVer","twitter_misc":{"Escrito por":"Lo viste en Los Pol\u00edticos","Tiempo de lectura":"3 minutos"},"schema":{"@context":"https:\/\/schema.org","@graph":[{"@type":"Article","@id":"https:\/\/lospoliticosveracruz.com\/?p=34954#article","isPartOf":{"@id":"https:\/\/lospoliticosveracruz.com\/?p=34954"},"author":{"name":"Lo viste en Los Pol\u00edticos","@id":"https:\/\/lospoliticosveracruz.com\/#\/schema\/person\/b8702bb0e538456e6efd07080bf2a4a2"},"headline":"Nos alcanz\u00f3 el destino en la UV","datePublished":"2017-07-07T13:19:56+00:00","mainEntityOfPage":{"@id":"https:\/\/lospoliticosveracruz.com\/?p=34954"},"wordCount":681,"commentCount":0,"publisher":{"@id":"https:\/\/lospoliticosveracruz.com\/#organization"},"keywords":["Jorge Manzo Denes","Manlio Fabio Casar\u00edn Le\u00f3n","Roc\u00edo Ojeda Callado","Ros\u00edo C\u00f3rdova Plaza","Sara Ladr\u00f3n de Guevara","Universidad Veracruzana"],"articleSection":["De Opini\u00f3n"],"inLanguage":"es","potentialAction":[{"@type":"CommentAction","name":"Comment","target":["https:\/\/lospoliticosveracruz.com\/?p=34954#respond"]}]},{"@type":"WebPage","@id":"https:\/\/lospoliticosveracruz.com\/?p=34954","url":"https:\/\/lospoliticosveracruz.com\/?p=34954","name":"Nos alcanz\u00f3 el destino en la UV - Los pol\u00edticos Veracruz","isPartOf":{"@id":"https:\/\/lospoliticosveracruz.com\/#website"},"datePublished":"2017-07-07T13:19:56+00:00","breadcrumb":{"@id":"https:\/\/lospoliticosveracruz.com\/?p=34954#breadcrumb"},"inLanguage":"es","potentialAction":[{"@type":"ReadAction","target":["https:\/\/lospoliticosveracruz.com\/?p=34954"]}]},{"@type":"BreadcrumbList","@id":"https:\/\/lospoliticosveracruz.com\/?p=34954#breadcrumb","itemListElement":[{"@type":"ListItem","position":1,"name":"Portada","item":"https:\/\/lospoliticosveracruz.com\/"},{"@type":"ListItem","position":2,"name":"Nos alcanz\u00f3 el destino en la UV"}]},{"@type":"WebSite","@id":"https:\/\/lospoliticosveracruz.com\/#website","url":"https:\/\/lospoliticosveracruz.com\/","name":"Los pol\u00edticos Veracruz","description":"","publisher":{"@id":"https:\/\/lospoliticosveracruz.com\/#organization"},"potentialAction":[{"@type":"SearchAction","target":{"@type":"EntryPoint","urlTemplate":"https:\/\/lospoliticosveracruz.com\/?s={search_term_string}"},"query-input":{"@type":"PropertyValueSpecification","valueRequired":true,"valueName":"search_term_string"}}],"inLanguage":"es"},{"@type":"Organization","@id":"https:\/\/lospoliticosveracruz.com\/#organization","name":"Los pol\u00edticos Veracruz","url":"https:\/\/lospoliticosveracruz.com\/","logo":{"@type":"ImageObject","inLanguage":"es","@id":"https:\/\/lospoliticosveracruz.com\/#\/schema\/logo\/image\/","url":"https:\/\/lospoliticosveracruz.com\/wp-content\/uploads\/2025\/12\/Logo-Nuevo-LOS-POLITICOS-1.jpg","contentUrl":"https:\/\/lospoliticosveracruz.com\/wp-content\/uploads\/2025\/12\/Logo-Nuevo-LOS-POLITICOS-1.jpg","width":260,"height":70,"caption":"Los pol\u00edticos Veracruz"},"image":{"@id":"https:\/\/lospoliticosveracruz.com\/#\/schema\/logo\/image\/"},"sameAs":["https:\/\/www.facebook.com\/people\/Notimemes-de-los-Polticos\/61565672886568\/","https:\/\/x.com\/LosPoliticosVer"]},{"@type":"Person","@id":"https:\/\/lospoliticosveracruz.com\/#\/schema\/person\/b8702bb0e538456e6efd07080bf2a4a2","name":"Lo viste en Los Pol\u00edticos","image":{"@type":"ImageObject","inLanguage":"es","@id":"https:\/\/secure.gravatar.com\/avatar\/3a8de04a2656d44082be478bd6c086daa447c4651605818287b9532d3d0bd435?s=96&d=mm&r=g","url":"https:\/\/secure.gravatar.com\/avatar\/3a8de04a2656d44082be478bd6c086daa447c4651605818287b9532d3d0bd435?s=96&d=mm&r=g","contentUrl":"https:\/\/secure.gravatar.com\/avatar\/3a8de04a2656d44082be478bd6c086daa447c4651605818287b9532d3d0bd435?s=96&d=mm&r=g","caption":"Lo viste en Los Pol\u00edticos"},"url":"https:\/\/lospoliticosveracruz.com\/?author=2"}]}},"_links":{"self":[{"href":"https:\/\/lospoliticosveracruz.com\/index.php?rest_route=\/wp\/v2\/posts\/34954","targetHints":{"allow":["GET"]}}],"collection":[{"href":"https:\/\/lospoliticosveracruz.com\/index.php?rest_route=\/wp\/v2\/posts"}],"about":[{"href":"https:\/\/lospoliticosveracruz.com\/index.php?rest_route=\/wp\/v2\/types\/post"}],"author":[{"embeddable":true,"href":"https:\/\/lospoliticosveracruz.com\/index.php?rest_route=\/wp\/v2\/users\/2"}],"replies":[{"embeddable":true,"href":"https:\/\/lospoliticosveracruz.com\/index.php?rest_route=%2Fwp%2Fv2%2Fcomments&post=34954"}],"version-history":[{"count":1,"href":"https:\/\/lospoliticosveracruz.com\/index.php?rest_route=\/wp\/v2\/posts\/34954\/revisions"}],"predecessor-version":[{"id":34955,"href":"https:\/\/lospoliticosveracruz.com\/index.php?rest_route=\/wp\/v2\/posts\/34954\/revisions\/34955"}],"wp:attachment":[{"href":"https:\/\/lospoliticosveracruz.com\/index.php?rest_route=%2Fwp%2Fv2%2Fmedia&parent=34954"}],"wp:term":[{"taxonomy":"category","embeddable":true,"href":"https:\/\/lospoliticosveracruz.com\/index.php?rest_route=%2Fwp%2Fv2%2Fcategories&post=34954"},{"taxonomy":"post_tag","embeddable":true,"href":"https:\/\/lospoliticosveracruz.com\/index.php?rest_route=%2Fwp%2Fv2%2Ftags&post=34954"}],"curies":[{"name":"wp","href":"https:\/\/api.w.org\/{rel}","templated":true}]}}