{"id":35066,"date":"2017-07-12T22:55:28","date_gmt":"2017-07-13T03:55:28","guid":{"rendered":"http:\/\/www.lospoliticosveracruz.com.mx\/?p=35066"},"modified":"2017-07-12T22:33:06","modified_gmt":"2017-07-13T03:33:06","slug":"salarios-del-congreso","status":"publish","type":"post","link":"https:\/\/lospoliticosveracruz.com\/?p=35066","title":{"rendered":"Salarios del Congreso"},"content":{"rendered":"<p><strong>Salvador Mu\u00f1oz<\/strong><\/p>\n<p><em>Los Pol\u00edticos<\/em><\/p>\n<p>&nbsp;<\/p>\n<p>Entiendo que la lista de personal del Congreso local donde exhibe un salario envidiable es vieja (m\u00e1s en estos tiempos de crisis de convenios, chayotes y mochadas), m\u00ednimo, con un mes de retraso o m\u00e1s, pero no por ello, deja de incomodar por los sueldos que se manejan.<\/p>\n<p>Bueno, le explico: lleg\u00f3 a mi bandeja electr\u00f3nica un correo donde hablan de la posibilidad de que cien trabajadores del Palacio de Encanto sean despedidos m\u00e1s pronto que temprano, en funci\u00f3n de la reestructuraci\u00f3n financiera que anunci\u00f3 hace poco el presidente de la Junta de Coordinaci\u00f3n Pol\u00edtica, Sergio Hern\u00e1ndez Hern\u00e1ndez, en aras de \u201cahorrarse\u201d una lana.<\/p>\n<p>Pues ese anuncio tiene con \u201cel Jes\u00fas en la boca\u201d a muchos trabajadores, y creo que m\u00e1s ha de ser en aqu\u00e9llos que apenas en la pasada legislatura fueron basificados, tienen ligues con \u201ctufillo priista\u201d (para los nuevos inquilinos del Legislativo), apellido de \u201calcurnia pol\u00edtica\u201d (a menos que los protejan los mismos diputados), o simplemente carezcan de \u201cpadrinos\u201d&#8230; es decir, donde el hilo es m\u00e1s delgado&#8230;<\/p>\n<p>Por supuesto, un despido siempre tiene reacciones o da\u00f1os colaterales que por lo regular no observa el que corta la relaci\u00f3n laboral y si se habla de cien despidos, multipl\u00edquelo por 3, m\u00ednimo, atendiendo a lo que es una familia peque\u00f1a.<\/p>\n<p>\u00bfJustificables los despidos si se dan? Bueno, eso no me corresponde a m\u00ed decirlo, sino al Congreso.<\/p>\n<p>El asunto es que en este correo que me lleg\u00f3 me pusieron algunos sueldos que dicen, si hubiera recortes salariales, habr\u00eda un ahorro excelente.<\/p>\n<p>Pero les dec\u00eda, se me hace que el tabulador este que mandaron ya es viejito porque citan a Jos\u00e9 Luis Enr\u00edquez Ambell como Analista Administrativo con un sueldo de 40 mil pesos, cuando el compa \u00a1es diputado! Y de acuerdo a lo que dijo Tanya Carola Viveros Ch\u00e1zaro, gana ahora m\u00e1s que por su paso en un \u00e1rea cercana a Chico Fuentes&#8230; por supuesto, \u00e9l no tiene la culpa de ganar eso, es su circunstancia y para quienes lo conocemos de hace a\u00f1os, bien podr\u00eda caber la expresi\u00f3n \u201cle hizo justicia la revoluci\u00f3n&#8230; \u00a1o m\u00e1s bien el Cambio!\u201d.<\/p>\n<p>Conozco a una excelente doctora, anestesi\u00f3loga pues, que labora en el IMSS. Su sueldo neto mensual es de 22 mil pesos. \u00bfPor qu\u00e9 comento esto? Porque en la lista que me pasaron, citan a Claudia del Rosario Garc\u00eda P\u00e9rez, asistente m\u00e9dico en el Congreso local, con 40 mil 391 pesos al mes&#8230; y como asistente.<\/p>\n<p>Hay un caso particular que me llam\u00f3 la atenci\u00f3n: Sim\u00f3n D\u00edaz I\u00f1iguez. Quien tenga memoria, ha de recordarlo por dos cosas.<\/p>\n<p>1.- Sim\u00f3n era chofer de Karime Aguilera Guzm\u00e1n (reci\u00e9n cumplea\u00f1era) y cuando \u201cLa Huesitos\u201d llega al Congreso local, \u00a1se lo trajo! Al parecer, al terminar su gesti\u00f3n como legisladora, se le olvid\u00f3 y ah\u00ed lo dej\u00f3. Un d\u00eda, apareci\u00f3 en la puerta del Congreso como Jefe de Seguridad.<\/p>\n<p>2.- Si no mal recuerdo, durante la ceremonia celebrada en el Congreso local, en memoria de Francisco Loyo Ramos, se hizo un pasillo para que directo de la cochera a una explanada del recinto legislativo, llegara directo tanto sus familiares como el entonces Gobernador Javier Duarte de Ochoa. Al t\u00e9rmino de \u00e9sta, el fot\u00f3grafo Pepe Villegas se mete al pasillo para tomar sus \u201cplacas\u201d pero no vio las placas del torton que se le fue encima a empujones&#8230; era Sim\u00f3n D\u00edaz. Al ver esto, Duarte empez\u00f3 a rega\u00f1ar al Jefe de Seguridad por su actitud con el fot\u00f3grafo.<\/p>\n<p>Bueno, pues Sim\u00f3n aparece en la lista salarial como Analista Administrativo con un sueldo de 42 mil pesos.<\/p>\n<p>Aparecen mucho m\u00e1s nombres, como el de Chico Fuentes, Temo Pola y hasta del amigo Juan Jos\u00e9 Rivera Castellanos con sueldos por arriba de los 50 mil. En lo particular, en el caso del famoso \u201cJJ\u201d, secretario general del Congreso, he seguido su trabajo no de ahora, sino de hace casi 18 a\u00f1os y si yo fuera su jefe, le pagar\u00eda lo que gana.<\/p>\n<p>Ya para rematar, cito el caso de una secretaria, Ignacia Roa Romero, con sueldo de 74 mil pesos&#8230; secretaria&#8230;<\/p>\n<p>Bueno, ya usted sacar\u00e1 sus conclusiones&#8230; pero teniendo un congreso cuyos diputados rebasan por m\u00e1s de cien mil pesos su sueldo mensual, y se dedican m\u00e1s a echarse bravatas y si acaso trabajan, pareciera que no (la pinche percepci\u00f3n), no dudamos ni tantito que a lo mejor les faltaron nombres y sueldos a esa lista de los nuevos agraciados con el Gobierno del Cambio.<\/p>\n<p>smcainito@gmail.com<\/p>\n","protected":false},"excerpt":{"rendered":"<p>Salvador Mu\u00f1oz Los Pol\u00edticos &nbsp; Entiendo que la lista de personal del Congreso local donde exhibe un salario envidiable es vieja (m\u00e1s en estos tiempos de crisis de convenios, chayotes y mochadas), m\u00ednimo, con un mes de retraso o m\u00e1s, pero no por ello, deja de incomodar por los sueldos que se manejan. Bueno, le [&hellip;]<\/p>\n","protected":false},"author":2,"featured_media":0,"comment_status":"open","ping_status":"open","sticky":false,"template":"","format":"standard","meta":{"tdm_status":"","tdm_grid_status":"","footnotes":""},"categories":[70],"tags":[8843,819,8383,8842,8844],"class_list":{"0":"post-35066","1":"post","2":"type-post","3":"status-publish","4":"format-standard","6":"category-de-opinion","7":"tag-claudia-del-rosario-garcia-perez","8":"tag-congreso-local","9":"tag-jose-luis-enriquez-ambell","10":"tag-salario-diputados","11":"tag-simon-diaz-iniguez"},"yoast_head":"<!-- This site is optimized with the Yoast SEO plugin v27.4 - https:\/\/yoast.com\/product\/yoast-seo-wordpress\/ -->\n<title>Salarios del Congreso - Los pol\u00edticos Veracruz<\/title>\n<meta name=\"robots\" content=\"index, follow, max-snippet:-1, max-image-preview:large, max-video-preview:-1\" \/>\n<link rel=\"canonical\" href=\"https:\/\/lospoliticosveracruz.com\/?p=35066\" \/>\n<meta property=\"og:locale\" content=\"es_ES\" \/>\n<meta property=\"og:type\" content=\"article\" \/>\n<meta property=\"og:title\" content=\"Salarios del Congreso - Los pol\u00edticos Veracruz\" \/>\n<meta property=\"og:description\" content=\"Salvador Mu\u00f1oz Los Pol\u00edticos &nbsp; Entiendo que la lista de personal del Congreso local donde exhibe un salario envidiable es vieja (m\u00e1s en estos tiempos de crisis de convenios, chayotes y mochadas), m\u00ednimo, con un mes de retraso o m\u00e1s, pero no por ello, deja de incomodar por los sueldos que se manejan. Bueno, le [&hellip;]\" \/>\n<meta property=\"og:url\" content=\"https:\/\/lospoliticosveracruz.com\/?p=35066\" \/>\n<meta property=\"og:site_name\" content=\"Los pol\u00edticos Veracruz\" \/>\n<meta property=\"article:publisher\" content=\"https:\/\/www.facebook.com\/people\/Notimemes-de-los-Polticos\/61565672886568\/\" \/>\n<meta property=\"article:published_time\" content=\"2017-07-13T03:55:28+00:00\" \/>\n<meta property=\"og:image\" content=\"https:\/\/lospoliticosveracruz.com\/wp-content\/uploads\/2016\/07\/Logo-Dor.jpg\" \/>\n\t<meta property=\"og:image:width\" content=\"200\" \/>\n\t<meta property=\"og:image:height\" content=\"200\" \/>\n\t<meta property=\"og:image:type\" content=\"image\/jpeg\" \/>\n<meta name=\"author\" content=\"Lo viste en Los Pol\u00edticos\" \/>\n<meta name=\"twitter:card\" content=\"summary_large_image\" \/>\n<meta name=\"twitter:creator\" content=\"@LosPoliticosVer\" \/>\n<meta name=\"twitter:site\" content=\"@LosPoliticosVer\" \/>\n<meta name=\"twitter:label1\" content=\"Escrito por\" \/>\n\t<meta name=\"twitter:data1\" content=\"Lo viste en Los Pol\u00edticos\" \/>\n\t<meta name=\"twitter:label2\" content=\"Tiempo de lectura\" \/>\n\t<meta name=\"twitter:data2\" content=\"4 minutos\" \/>\n<script type=\"application\/ld+json\" class=\"yoast-schema-graph\">{\"@context\":\"https:\\\/\\\/schema.org\",\"@graph\":[{\"@type\":\"Article\",\"@id\":\"https:\\\/\\\/lospoliticosveracruz.com\\\/?p=35066#article\",\"isPartOf\":{\"@id\":\"https:\\\/\\\/lospoliticosveracruz.com\\\/?p=35066\"},\"author\":{\"name\":\"Lo viste en Los Pol\u00edticos\",\"@id\":\"https:\\\/\\\/lospoliticosveracruz.com\\\/#\\\/schema\\\/person\\\/b8702bb0e538456e6efd07080bf2a4a2\"},\"headline\":\"Salarios del Congreso\",\"datePublished\":\"2017-07-13T03:55:28+00:00\",\"mainEntityOfPage\":{\"@id\":\"https:\\\/\\\/lospoliticosveracruz.com\\\/?p=35066\"},\"wordCount\":799,\"commentCount\":1,\"publisher\":{\"@id\":\"https:\\\/\\\/lospoliticosveracruz.com\\\/#organization\"},\"keywords\":[\"Claudia del Rosario Garc\u00eda P\u00e9rez\",\"Congreso local\",\"Jos\u00e9 Luis Enr\u00edquez Ambell\",\"Salario diputados\",\"Sim\u00f3n D\u00edaz I\u00f1iguez\"],\"articleSection\":[\"De Opini\u00f3n\"],\"inLanguage\":\"es\",\"potentialAction\":[{\"@type\":\"CommentAction\",\"name\":\"Comment\",\"target\":[\"https:\\\/\\\/lospoliticosveracruz.com\\\/?p=35066#respond\"]}]},{\"@type\":\"WebPage\",\"@id\":\"https:\\\/\\\/lospoliticosveracruz.com\\\/?p=35066\",\"url\":\"https:\\\/\\\/lospoliticosveracruz.com\\\/?p=35066\",\"name\":\"Salarios del Congreso - Los pol\u00edticos Veracruz\",\"isPartOf\":{\"@id\":\"https:\\\/\\\/lospoliticosveracruz.com\\\/#website\"},\"datePublished\":\"2017-07-13T03:55:28+00:00\",\"breadcrumb\":{\"@id\":\"https:\\\/\\\/lospoliticosveracruz.com\\\/?p=35066#breadcrumb\"},\"inLanguage\":\"es\",\"potentialAction\":[{\"@type\":\"ReadAction\",\"target\":[\"https:\\\/\\\/lospoliticosveracruz.com\\\/?p=35066\"]}]},{\"@type\":\"BreadcrumbList\",\"@id\":\"https:\\\/\\\/lospoliticosveracruz.com\\\/?p=35066#breadcrumb\",\"itemListElement\":[{\"@type\":\"ListItem\",\"position\":1,\"name\":\"Portada\",\"item\":\"https:\\\/\\\/lospoliticosveracruz.com\\\/\"},{\"@type\":\"ListItem\",\"position\":2,\"name\":\"Salarios del Congreso\"}]},{\"@type\":\"WebSite\",\"@id\":\"https:\\\/\\\/lospoliticosveracruz.com\\\/#website\",\"url\":\"https:\\\/\\\/lospoliticosveracruz.com\\\/\",\"name\":\"Los pol\u00edticos Veracruz\",\"description\":\"\",\"publisher\":{\"@id\":\"https:\\\/\\\/lospoliticosveracruz.com\\\/#organization\"},\"potentialAction\":[{\"@type\":\"SearchAction\",\"target\":{\"@type\":\"EntryPoint\",\"urlTemplate\":\"https:\\\/\\\/lospoliticosveracruz.com\\\/?s={search_term_string}\"},\"query-input\":{\"@type\":\"PropertyValueSpecification\",\"valueRequired\":true,\"valueName\":\"search_term_string\"}}],\"inLanguage\":\"es\"},{\"@type\":\"Organization\",\"@id\":\"https:\\\/\\\/lospoliticosveracruz.com\\\/#organization\",\"name\":\"Los pol\u00edticos Veracruz\",\"url\":\"https:\\\/\\\/lospoliticosveracruz.com\\\/\",\"logo\":{\"@type\":\"ImageObject\",\"inLanguage\":\"es\",\"@id\":\"https:\\\/\\\/lospoliticosveracruz.com\\\/#\\\/schema\\\/logo\\\/image\\\/\",\"url\":\"https:\\\/\\\/lospoliticosveracruz.com\\\/wp-content\\\/uploads\\\/2025\\\/12\\\/Logo-Nuevo-LOS-POLITICOS-1.jpg\",\"contentUrl\":\"https:\\\/\\\/lospoliticosveracruz.com\\\/wp-content\\\/uploads\\\/2025\\\/12\\\/Logo-Nuevo-LOS-POLITICOS-1.jpg\",\"width\":260,\"height\":70,\"caption\":\"Los pol\u00edticos Veracruz\"},\"image\":{\"@id\":\"https:\\\/\\\/lospoliticosveracruz.com\\\/#\\\/schema\\\/logo\\\/image\\\/\"},\"sameAs\":[\"https:\\\/\\\/www.facebook.com\\\/people\\\/Notimemes-de-los-Polticos\\\/61565672886568\\\/\",\"https:\\\/\\\/x.com\\\/LosPoliticosVer\"]},{\"@type\":\"Person\",\"@id\":\"https:\\\/\\\/lospoliticosveracruz.com\\\/#\\\/schema\\\/person\\\/b8702bb0e538456e6efd07080bf2a4a2\",\"name\":\"Lo viste en Los Pol\u00edticos\",\"image\":{\"@type\":\"ImageObject\",\"inLanguage\":\"es\",\"@id\":\"https:\\\/\\\/secure.gravatar.com\\\/avatar\\\/3a8de04a2656d44082be478bd6c086daa447c4651605818287b9532d3d0bd435?s=96&d=mm&r=g\",\"url\":\"https:\\\/\\\/secure.gravatar.com\\\/avatar\\\/3a8de04a2656d44082be478bd6c086daa447c4651605818287b9532d3d0bd435?s=96&d=mm&r=g\",\"contentUrl\":\"https:\\\/\\\/secure.gravatar.com\\\/avatar\\\/3a8de04a2656d44082be478bd6c086daa447c4651605818287b9532d3d0bd435?s=96&d=mm&r=g\",\"caption\":\"Lo viste en Los Pol\u00edticos\"},\"url\":\"https:\\\/\\\/lospoliticosveracruz.com\\\/?author=2\"}]}<\/script>\n<!-- \/ Yoast SEO plugin. -->","yoast_head_json":{"title":"Salarios del Congreso - Los pol\u00edticos Veracruz","robots":{"index":"index","follow":"follow","max-snippet":"max-snippet:-1","max-image-preview":"max-image-preview:large","max-video-preview":"max-video-preview:-1"},"canonical":"https:\/\/lospoliticosveracruz.com\/?p=35066","og_locale":"es_ES","og_type":"article","og_title":"Salarios del Congreso - Los pol\u00edticos Veracruz","og_description":"Salvador Mu\u00f1oz Los Pol\u00edticos &nbsp; Entiendo que la lista de personal del Congreso local donde exhibe un salario envidiable es vieja (m\u00e1s en estos tiempos de crisis de convenios, chayotes y mochadas), m\u00ednimo, con un mes de retraso o m\u00e1s, pero no por ello, deja de incomodar por los sueldos que se manejan. Bueno, le [&hellip;]","og_url":"https:\/\/lospoliticosveracruz.com\/?p=35066","og_site_name":"Los pol\u00edticos Veracruz","article_publisher":"https:\/\/www.facebook.com\/people\/Notimemes-de-los-Polticos\/61565672886568\/","article_published_time":"2017-07-13T03:55:28+00:00","og_image":[{"width":200,"height":200,"url":"https:\/\/lospoliticosveracruz.com\/wp-content\/uploads\/2016\/07\/Logo-Dor.jpg","type":"image\/jpeg"}],"author":"Lo viste en Los Pol\u00edticos","twitter_card":"summary_large_image","twitter_creator":"@LosPoliticosVer","twitter_site":"@LosPoliticosVer","twitter_misc":{"Escrito por":"Lo viste en Los Pol\u00edticos","Tiempo de lectura":"4 minutos"},"schema":{"@context":"https:\/\/schema.org","@graph":[{"@type":"Article","@id":"https:\/\/lospoliticosveracruz.com\/?p=35066#article","isPartOf":{"@id":"https:\/\/lospoliticosveracruz.com\/?p=35066"},"author":{"name":"Lo viste en Los Pol\u00edticos","@id":"https:\/\/lospoliticosveracruz.com\/#\/schema\/person\/b8702bb0e538456e6efd07080bf2a4a2"},"headline":"Salarios del Congreso","datePublished":"2017-07-13T03:55:28+00:00","mainEntityOfPage":{"@id":"https:\/\/lospoliticosveracruz.com\/?p=35066"},"wordCount":799,"commentCount":1,"publisher":{"@id":"https:\/\/lospoliticosveracruz.com\/#organization"},"keywords":["Claudia del Rosario Garc\u00eda P\u00e9rez","Congreso local","Jos\u00e9 Luis Enr\u00edquez Ambell","Salario diputados","Sim\u00f3n D\u00edaz I\u00f1iguez"],"articleSection":["De Opini\u00f3n"],"inLanguage":"es","potentialAction":[{"@type":"CommentAction","name":"Comment","target":["https:\/\/lospoliticosveracruz.com\/?p=35066#respond"]}]},{"@type":"WebPage","@id":"https:\/\/lospoliticosveracruz.com\/?p=35066","url":"https:\/\/lospoliticosveracruz.com\/?p=35066","name":"Salarios del Congreso - Los pol\u00edticos Veracruz","isPartOf":{"@id":"https:\/\/lospoliticosveracruz.com\/#website"},"datePublished":"2017-07-13T03:55:28+00:00","breadcrumb":{"@id":"https:\/\/lospoliticosveracruz.com\/?p=35066#breadcrumb"},"inLanguage":"es","potentialAction":[{"@type":"ReadAction","target":["https:\/\/lospoliticosveracruz.com\/?p=35066"]}]},{"@type":"BreadcrumbList","@id":"https:\/\/lospoliticosveracruz.com\/?p=35066#breadcrumb","itemListElement":[{"@type":"ListItem","position":1,"name":"Portada","item":"https:\/\/lospoliticosveracruz.com\/"},{"@type":"ListItem","position":2,"name":"Salarios del Congreso"}]},{"@type":"WebSite","@id":"https:\/\/lospoliticosveracruz.com\/#website","url":"https:\/\/lospoliticosveracruz.com\/","name":"Los pol\u00edticos Veracruz","description":"","publisher":{"@id":"https:\/\/lospoliticosveracruz.com\/#organization"},"potentialAction":[{"@type":"SearchAction","target":{"@type":"EntryPoint","urlTemplate":"https:\/\/lospoliticosveracruz.com\/?s={search_term_string}"},"query-input":{"@type":"PropertyValueSpecification","valueRequired":true,"valueName":"search_term_string"}}],"inLanguage":"es"},{"@type":"Organization","@id":"https:\/\/lospoliticosveracruz.com\/#organization","name":"Los pol\u00edticos Veracruz","url":"https:\/\/lospoliticosveracruz.com\/","logo":{"@type":"ImageObject","inLanguage":"es","@id":"https:\/\/lospoliticosveracruz.com\/#\/schema\/logo\/image\/","url":"https:\/\/lospoliticosveracruz.com\/wp-content\/uploads\/2025\/12\/Logo-Nuevo-LOS-POLITICOS-1.jpg","contentUrl":"https:\/\/lospoliticosveracruz.com\/wp-content\/uploads\/2025\/12\/Logo-Nuevo-LOS-POLITICOS-1.jpg","width":260,"height":70,"caption":"Los pol\u00edticos Veracruz"},"image":{"@id":"https:\/\/lospoliticosveracruz.com\/#\/schema\/logo\/image\/"},"sameAs":["https:\/\/www.facebook.com\/people\/Notimemes-de-los-Polticos\/61565672886568\/","https:\/\/x.com\/LosPoliticosVer"]},{"@type":"Person","@id":"https:\/\/lospoliticosveracruz.com\/#\/schema\/person\/b8702bb0e538456e6efd07080bf2a4a2","name":"Lo viste en Los Pol\u00edticos","image":{"@type":"ImageObject","inLanguage":"es","@id":"https:\/\/secure.gravatar.com\/avatar\/3a8de04a2656d44082be478bd6c086daa447c4651605818287b9532d3d0bd435?s=96&d=mm&r=g","url":"https:\/\/secure.gravatar.com\/avatar\/3a8de04a2656d44082be478bd6c086daa447c4651605818287b9532d3d0bd435?s=96&d=mm&r=g","contentUrl":"https:\/\/secure.gravatar.com\/avatar\/3a8de04a2656d44082be478bd6c086daa447c4651605818287b9532d3d0bd435?s=96&d=mm&r=g","caption":"Lo viste en Los Pol\u00edticos"},"url":"https:\/\/lospoliticosveracruz.com\/?author=2"}]}},"_links":{"self":[{"href":"https:\/\/lospoliticosveracruz.com\/index.php?rest_route=\/wp\/v2\/posts\/35066","targetHints":{"allow":["GET"]}}],"collection":[{"href":"https:\/\/lospoliticosveracruz.com\/index.php?rest_route=\/wp\/v2\/posts"}],"about":[{"href":"https:\/\/lospoliticosveracruz.com\/index.php?rest_route=\/wp\/v2\/types\/post"}],"author":[{"embeddable":true,"href":"https:\/\/lospoliticosveracruz.com\/index.php?rest_route=\/wp\/v2\/users\/2"}],"replies":[{"embeddable":true,"href":"https:\/\/lospoliticosveracruz.com\/index.php?rest_route=%2Fwp%2Fv2%2Fcomments&post=35066"}],"version-history":[{"count":1,"href":"https:\/\/lospoliticosveracruz.com\/index.php?rest_route=\/wp\/v2\/posts\/35066\/revisions"}],"predecessor-version":[{"id":35067,"href":"https:\/\/lospoliticosveracruz.com\/index.php?rest_route=\/wp\/v2\/posts\/35066\/revisions\/35067"}],"wp:attachment":[{"href":"https:\/\/lospoliticosveracruz.com\/index.php?rest_route=%2Fwp%2Fv2%2Fmedia&parent=35066"}],"wp:term":[{"taxonomy":"category","embeddable":true,"href":"https:\/\/lospoliticosveracruz.com\/index.php?rest_route=%2Fwp%2Fv2%2Fcategories&post=35066"},{"taxonomy":"post_tag","embeddable":true,"href":"https:\/\/lospoliticosveracruz.com\/index.php?rest_route=%2Fwp%2Fv2%2Ftags&post=35066"}],"curies":[{"name":"wp","href":"https:\/\/api.w.org\/{rel}","templated":true}]}}