{"id":35558,"date":"2017-08-02T22:55:40","date_gmt":"2017-08-03T03:55:40","guid":{"rendered":"http:\/\/www.lospoliticosveracruz.com.mx\/?p=35558"},"modified":"2017-08-02T22:55:40","modified_gmt":"2017-08-03T03:55:40","slug":"el-caso-xochilt","status":"publish","type":"post","link":"https:\/\/lospoliticosveracruz.com\/?p=35558","title":{"rendered":"El caso X\u00f3chilt"},"content":{"rendered":"<p><strong>Brenda Caballero<\/strong><\/p>\n<p><em>N\u00fameros Rojos<\/em><\/p>\n<p>&nbsp;<\/p>\n<p>Ve\u00eda el noticiario nocturno de Radio Televisi\u00f3n de Veracruz cuando el conductor \u00c1ngel Viveros daba a conocer la noticia de <em>El Universal<\/em>, de que hab\u00edan detenido a X\u00f3chilt (as\u00ed lo escribe ella), \u201cpresunta\u201d amante de Javier Duarte de Ochoa \u2013como lo manej\u00f3 la propia PGR\u2013 entre los l\u00edmites de Nayarit y Jalisco. El motivo: enriquecimiento il\u00edcito.<\/p>\n<p>La verdad, me sorprendi\u00f3 la noticia, m\u00e1s a\u00fan cuando esper\u00e1bamos que si hab\u00eda detenci\u00f3n de alguna mujer fuera Karime o su hermana, M\u00f3nica Mac\u00edas Tubilla, ambas se\u00f1aladas por ser parte de la red de corrupci\u00f3n del ex gobernador Javier Duarte de Ochoa y de quienes se dice, gozan del dinero robado a los veracruzanos en el extranjero.<\/p>\n<p>De inmediato, entre colegas platicamos el suceso, y una de ellas argumenta que est\u00e1 bien que se asiente un precedente, por utilizar los recursos p\u00fablicos en un bienestar personal, a favor propio del funcionario, de la esposa, de los hijos o ahora, hasta de la amante&#8230;<\/p>\n<p>Pero \u00bfdos a\u00f1os de prisi\u00f3n preventiva por \u201crecibir\u201d obsequios de procedencia il\u00edcita de un gobernador cari\u00f1oso? Entonces \u00bfpor qu\u00e9 anda libre Karime Mac\u00edas? Seguramente ella debe haber recibido much\u00edsimo m\u00e1s. Aunque despu\u00e9s nos enterar\u00edamos que una de las casas de X\u00f3chilt se pag\u00f3 con una transferencia por casi 1 mill\u00f3n 750 mil pesos de una empresa fantasma, de \u00e9sas muchas que operaba la red de Duarte de Ochoa para sacar dinero del erario y comprar bienes inmuebles.<\/p>\n<p>Si recordamos, algunos de los que actualmente est\u00e1n detenidos como Gina Dom\u00ednguez Col\u00edo, Arturo Berm\u00fadez Zurita, entre otros, recibieron un a\u00f1o de prisi\u00f3n preventiva y el da\u00f1o al erario fue mayor; seguramente la defensa de X\u00f3chilt apelar\u00e1 para poder disminuir su \u201cestancia\u201d.<\/p>\n<p>De acuerdo al periodista Arturo \u00c1ngel, quien ha seguido de cerca el caso de Javier Duarte y ha estado presente en las dos audiencias, \u201cla detenci\u00f3n de X\u00f3chilt NO es por supuesta compra de camioneta y departamento en la Ciudad de M\u00e9xico que se mencion\u00f3 en la Audiencia de Javier Duarte\u201d, sino que la Fiscal\u00eda de Veracruz integr\u00f3 un expediente y presion\u00f3 para su detenci\u00f3n.<\/p>\n<p>\u00bfPor qu\u00e9 no actu\u00f3 la PGR? No s\u00e9 usted, pero a m\u00ed no me quitan de la cabeza una \u201cpresunta negociaci\u00f3n\u201d. Es m\u00e1s, la misma PGR hubiese actuado contra X\u00f3chilt Tress, pues pod\u00eda imputar el delito de discrepancia fiscal, tal y como lo hizo con Elba Esther Gordillo, pues los bienes adquiridos no corresponden a sus ingresos obtenidos.<\/p>\n<p>Aunque muchos lo toman como pan y circo, como dice mi amiga, es bueno que haya un precedente, pero tambi\u00e9n es una alerta para ver qu\u00e9 est\u00e1 haciendo la PGR.<\/p>\n<p>Si recordamos, los \u00fanicos detenidos por la PGR son Javier Duarte de Ochoa y las hermanas Arzate Peralta, mientras que la Fiscal\u00eda del Estado ya lleva a Arturo Berm\u00fadez Zurita, Gina Dom\u00ednguez Col\u00edo, Mauricio Audirac, Francisco Valencia Garc\u00eda, Flavino R\u00edos Alvarado, X\u00f3chilt Tress, Isa\u00edas Alonso Salas, C\u00e9sar Augusto Morando y hasta la orden de aprehensi\u00f3n girada contra Juan Antonio Nemi Dib.<\/p>\n<p>Seguramente a la Fiscal\u00eda le faltan m\u00e1s, los cuales seguir\u00e1n cayendo poco a poco.<\/p>\n<p>\u00bfCu\u00e1ntos m\u00e1s tendr\u00e1n que caer para que la PGR vaya por Karime Mac\u00edas Tubilla y demuestre por fin que no hay pacto ni negociaci\u00f3n en el caso Duarte?<\/p>\n<p>caballero_brenda@hotmail.com<\/p>\n<p>@NumerosRojos_BC<\/p>\n","protected":false},"excerpt":{"rendered":"<p>Brenda Caballero N\u00fameros Rojos &nbsp; Ve\u00eda el noticiario nocturno de Radio Televisi\u00f3n de Veracruz cuando el conductor \u00c1ngel Viveros daba a conocer la noticia de El Universal, de que hab\u00edan detenido a X\u00f3chilt (as\u00ed lo escribe ella), \u201cpresunta\u201d amante de Javier Duarte de Ochoa \u2013como lo manej\u00f3 la propia PGR\u2013 entre los l\u00edmites de Nayarit [&hellip;]<\/p>\n","protected":false},"author":2,"featured_media":0,"comment_status":"open","ping_status":"open","sticky":false,"template":"","format":"standard","meta":{"tdm_status":"","tdm_grid_status":"","footnotes":""},"categories":[70],"tags":[260,789,4968],"class_list":{"0":"post-35558","1":"post","2":"type-post","3":"status-publish","4":"format-standard","6":"category-de-opinion","7":"tag-javier-duarte-de-ochoa","8":"tag-karime-macias","9":"tag-monica-macias-tubilla"},"yoast_head":"<!-- This site is optimized with the Yoast SEO plugin v27.4 - https:\/\/yoast.com\/product\/yoast-seo-wordpress\/ -->\n<title>El caso X\u00f3chilt - Los pol\u00edticos Veracruz<\/title>\n<meta name=\"robots\" content=\"index, follow, max-snippet:-1, max-image-preview:large, max-video-preview:-1\" \/>\n<link rel=\"canonical\" href=\"https:\/\/lospoliticosveracruz.com\/?p=35558\" \/>\n<meta property=\"og:locale\" content=\"es_ES\" \/>\n<meta property=\"og:type\" content=\"article\" \/>\n<meta property=\"og:title\" content=\"El caso X\u00f3chilt - Los pol\u00edticos Veracruz\" \/>\n<meta property=\"og:description\" content=\"Brenda Caballero N\u00fameros Rojos &nbsp; Ve\u00eda el noticiario nocturno de Radio Televisi\u00f3n de Veracruz cuando el conductor \u00c1ngel Viveros daba a conocer la noticia de El Universal, de que hab\u00edan detenido a X\u00f3chilt (as\u00ed lo escribe ella), \u201cpresunta\u201d amante de Javier Duarte de Ochoa \u2013como lo manej\u00f3 la propia PGR\u2013 entre los l\u00edmites de Nayarit [&hellip;]\" \/>\n<meta property=\"og:url\" content=\"https:\/\/lospoliticosveracruz.com\/?p=35558\" \/>\n<meta property=\"og:site_name\" content=\"Los pol\u00edticos Veracruz\" \/>\n<meta property=\"article:publisher\" content=\"https:\/\/www.facebook.com\/people\/Notimemes-de-los-Polticos\/61565672886568\/\" \/>\n<meta property=\"article:published_time\" content=\"2017-08-03T03:55:40+00:00\" \/>\n<meta property=\"og:image\" content=\"https:\/\/lospoliticosveracruz.com\/wp-content\/uploads\/2016\/07\/Logo-Dor.jpg\" \/>\n\t<meta property=\"og:image:width\" content=\"200\" \/>\n\t<meta property=\"og:image:height\" content=\"200\" \/>\n\t<meta property=\"og:image:type\" content=\"image\/jpeg\" \/>\n<meta name=\"author\" content=\"Lo viste en Los Pol\u00edticos\" \/>\n<meta name=\"twitter:card\" content=\"summary_large_image\" \/>\n<meta name=\"twitter:creator\" content=\"@LosPoliticosVer\" \/>\n<meta name=\"twitter:site\" content=\"@LosPoliticosVer\" \/>\n<meta name=\"twitter:label1\" content=\"Escrito por\" \/>\n\t<meta name=\"twitter:data1\" content=\"Lo viste en Los Pol\u00edticos\" \/>\n\t<meta name=\"twitter:label2\" content=\"Tiempo de lectura\" \/>\n\t<meta name=\"twitter:data2\" content=\"3 minutos\" \/>\n<script type=\"application\/ld+json\" class=\"yoast-schema-graph\">{\"@context\":\"https:\\\/\\\/schema.org\",\"@graph\":[{\"@type\":\"Article\",\"@id\":\"https:\\\/\\\/lospoliticosveracruz.com\\\/?p=35558#article\",\"isPartOf\":{\"@id\":\"https:\\\/\\\/lospoliticosveracruz.com\\\/?p=35558\"},\"author\":{\"name\":\"Lo viste en Los Pol\u00edticos\",\"@id\":\"https:\\\/\\\/lospoliticosveracruz.com\\\/#\\\/schema\\\/person\\\/b8702bb0e538456e6efd07080bf2a4a2\"},\"headline\":\"El caso X\u00f3chilt\",\"datePublished\":\"2017-08-03T03:55:40+00:00\",\"mainEntityOfPage\":{\"@id\":\"https:\\\/\\\/lospoliticosveracruz.com\\\/?p=35558\"},\"wordCount\":611,\"commentCount\":0,\"publisher\":{\"@id\":\"https:\\\/\\\/lospoliticosveracruz.com\\\/#organization\"},\"keywords\":[\"Javier Duarte de Ochoa\",\"Karime Mac\u00edas\",\"M\u00f3nica Mac\u00edas Tubilla\"],\"articleSection\":[\"De Opini\u00f3n\"],\"inLanguage\":\"es\",\"potentialAction\":[{\"@type\":\"CommentAction\",\"name\":\"Comment\",\"target\":[\"https:\\\/\\\/lospoliticosveracruz.com\\\/?p=35558#respond\"]}]},{\"@type\":\"WebPage\",\"@id\":\"https:\\\/\\\/lospoliticosveracruz.com\\\/?p=35558\",\"url\":\"https:\\\/\\\/lospoliticosveracruz.com\\\/?p=35558\",\"name\":\"El caso X\u00f3chilt - Los pol\u00edticos Veracruz\",\"isPartOf\":{\"@id\":\"https:\\\/\\\/lospoliticosveracruz.com\\\/#website\"},\"datePublished\":\"2017-08-03T03:55:40+00:00\",\"breadcrumb\":{\"@id\":\"https:\\\/\\\/lospoliticosveracruz.com\\\/?p=35558#breadcrumb\"},\"inLanguage\":\"es\",\"potentialAction\":[{\"@type\":\"ReadAction\",\"target\":[\"https:\\\/\\\/lospoliticosveracruz.com\\\/?p=35558\"]}]},{\"@type\":\"BreadcrumbList\",\"@id\":\"https:\\\/\\\/lospoliticosveracruz.com\\\/?p=35558#breadcrumb\",\"itemListElement\":[{\"@type\":\"ListItem\",\"position\":1,\"name\":\"Portada\",\"item\":\"https:\\\/\\\/lospoliticosveracruz.com\\\/\"},{\"@type\":\"ListItem\",\"position\":2,\"name\":\"El caso X\u00f3chilt\"}]},{\"@type\":\"WebSite\",\"@id\":\"https:\\\/\\\/lospoliticosveracruz.com\\\/#website\",\"url\":\"https:\\\/\\\/lospoliticosveracruz.com\\\/\",\"name\":\"Los pol\u00edticos Veracruz\",\"description\":\"\",\"publisher\":{\"@id\":\"https:\\\/\\\/lospoliticosveracruz.com\\\/#organization\"},\"potentialAction\":[{\"@type\":\"SearchAction\",\"target\":{\"@type\":\"EntryPoint\",\"urlTemplate\":\"https:\\\/\\\/lospoliticosveracruz.com\\\/?s={search_term_string}\"},\"query-input\":{\"@type\":\"PropertyValueSpecification\",\"valueRequired\":true,\"valueName\":\"search_term_string\"}}],\"inLanguage\":\"es\"},{\"@type\":\"Organization\",\"@id\":\"https:\\\/\\\/lospoliticosveracruz.com\\\/#organization\",\"name\":\"Los pol\u00edticos Veracruz\",\"url\":\"https:\\\/\\\/lospoliticosveracruz.com\\\/\",\"logo\":{\"@type\":\"ImageObject\",\"inLanguage\":\"es\",\"@id\":\"https:\\\/\\\/lospoliticosveracruz.com\\\/#\\\/schema\\\/logo\\\/image\\\/\",\"url\":\"https:\\\/\\\/lospoliticosveracruz.com\\\/wp-content\\\/uploads\\\/2025\\\/12\\\/Logo-Nuevo-LOS-POLITICOS-1.jpg\",\"contentUrl\":\"https:\\\/\\\/lospoliticosveracruz.com\\\/wp-content\\\/uploads\\\/2025\\\/12\\\/Logo-Nuevo-LOS-POLITICOS-1.jpg\",\"width\":260,\"height\":70,\"caption\":\"Los pol\u00edticos Veracruz\"},\"image\":{\"@id\":\"https:\\\/\\\/lospoliticosveracruz.com\\\/#\\\/schema\\\/logo\\\/image\\\/\"},\"sameAs\":[\"https:\\\/\\\/www.facebook.com\\\/people\\\/Notimemes-de-los-Polticos\\\/61565672886568\\\/\",\"https:\\\/\\\/x.com\\\/LosPoliticosVer\"]},{\"@type\":\"Person\",\"@id\":\"https:\\\/\\\/lospoliticosveracruz.com\\\/#\\\/schema\\\/person\\\/b8702bb0e538456e6efd07080bf2a4a2\",\"name\":\"Lo viste en Los Pol\u00edticos\",\"image\":{\"@type\":\"ImageObject\",\"inLanguage\":\"es\",\"@id\":\"https:\\\/\\\/secure.gravatar.com\\\/avatar\\\/3a8de04a2656d44082be478bd6c086daa447c4651605818287b9532d3d0bd435?s=96&d=mm&r=g\",\"url\":\"https:\\\/\\\/secure.gravatar.com\\\/avatar\\\/3a8de04a2656d44082be478bd6c086daa447c4651605818287b9532d3d0bd435?s=96&d=mm&r=g\",\"contentUrl\":\"https:\\\/\\\/secure.gravatar.com\\\/avatar\\\/3a8de04a2656d44082be478bd6c086daa447c4651605818287b9532d3d0bd435?s=96&d=mm&r=g\",\"caption\":\"Lo viste en Los Pol\u00edticos\"},\"url\":\"https:\\\/\\\/lospoliticosveracruz.com\\\/?author=2\"}]}<\/script>\n<!-- \/ Yoast SEO plugin. -->","yoast_head_json":{"title":"El caso X\u00f3chilt - Los pol\u00edticos Veracruz","robots":{"index":"index","follow":"follow","max-snippet":"max-snippet:-1","max-image-preview":"max-image-preview:large","max-video-preview":"max-video-preview:-1"},"canonical":"https:\/\/lospoliticosveracruz.com\/?p=35558","og_locale":"es_ES","og_type":"article","og_title":"El caso X\u00f3chilt - Los pol\u00edticos Veracruz","og_description":"Brenda Caballero N\u00fameros Rojos &nbsp; Ve\u00eda el noticiario nocturno de Radio Televisi\u00f3n de Veracruz cuando el conductor \u00c1ngel Viveros daba a conocer la noticia de El Universal, de que hab\u00edan detenido a X\u00f3chilt (as\u00ed lo escribe ella), \u201cpresunta\u201d amante de Javier Duarte de Ochoa \u2013como lo manej\u00f3 la propia PGR\u2013 entre los l\u00edmites de Nayarit [&hellip;]","og_url":"https:\/\/lospoliticosveracruz.com\/?p=35558","og_site_name":"Los pol\u00edticos Veracruz","article_publisher":"https:\/\/www.facebook.com\/people\/Notimemes-de-los-Polticos\/61565672886568\/","article_published_time":"2017-08-03T03:55:40+00:00","og_image":[{"width":200,"height":200,"url":"https:\/\/lospoliticosveracruz.com\/wp-content\/uploads\/2016\/07\/Logo-Dor.jpg","type":"image\/jpeg"}],"author":"Lo viste en Los Pol\u00edticos","twitter_card":"summary_large_image","twitter_creator":"@LosPoliticosVer","twitter_site":"@LosPoliticosVer","twitter_misc":{"Escrito por":"Lo viste en Los Pol\u00edticos","Tiempo de lectura":"3 minutos"},"schema":{"@context":"https:\/\/schema.org","@graph":[{"@type":"Article","@id":"https:\/\/lospoliticosveracruz.com\/?p=35558#article","isPartOf":{"@id":"https:\/\/lospoliticosveracruz.com\/?p=35558"},"author":{"name":"Lo viste en Los Pol\u00edticos","@id":"https:\/\/lospoliticosveracruz.com\/#\/schema\/person\/b8702bb0e538456e6efd07080bf2a4a2"},"headline":"El caso X\u00f3chilt","datePublished":"2017-08-03T03:55:40+00:00","mainEntityOfPage":{"@id":"https:\/\/lospoliticosveracruz.com\/?p=35558"},"wordCount":611,"commentCount":0,"publisher":{"@id":"https:\/\/lospoliticosveracruz.com\/#organization"},"keywords":["Javier Duarte de Ochoa","Karime Mac\u00edas","M\u00f3nica Mac\u00edas Tubilla"],"articleSection":["De Opini\u00f3n"],"inLanguage":"es","potentialAction":[{"@type":"CommentAction","name":"Comment","target":["https:\/\/lospoliticosveracruz.com\/?p=35558#respond"]}]},{"@type":"WebPage","@id":"https:\/\/lospoliticosveracruz.com\/?p=35558","url":"https:\/\/lospoliticosveracruz.com\/?p=35558","name":"El caso X\u00f3chilt - Los pol\u00edticos Veracruz","isPartOf":{"@id":"https:\/\/lospoliticosveracruz.com\/#website"},"datePublished":"2017-08-03T03:55:40+00:00","breadcrumb":{"@id":"https:\/\/lospoliticosveracruz.com\/?p=35558#breadcrumb"},"inLanguage":"es","potentialAction":[{"@type":"ReadAction","target":["https:\/\/lospoliticosveracruz.com\/?p=35558"]}]},{"@type":"BreadcrumbList","@id":"https:\/\/lospoliticosveracruz.com\/?p=35558#breadcrumb","itemListElement":[{"@type":"ListItem","position":1,"name":"Portada","item":"https:\/\/lospoliticosveracruz.com\/"},{"@type":"ListItem","position":2,"name":"El caso X\u00f3chilt"}]},{"@type":"WebSite","@id":"https:\/\/lospoliticosveracruz.com\/#website","url":"https:\/\/lospoliticosveracruz.com\/","name":"Los pol\u00edticos Veracruz","description":"","publisher":{"@id":"https:\/\/lospoliticosveracruz.com\/#organization"},"potentialAction":[{"@type":"SearchAction","target":{"@type":"EntryPoint","urlTemplate":"https:\/\/lospoliticosveracruz.com\/?s={search_term_string}"},"query-input":{"@type":"PropertyValueSpecification","valueRequired":true,"valueName":"search_term_string"}}],"inLanguage":"es"},{"@type":"Organization","@id":"https:\/\/lospoliticosveracruz.com\/#organization","name":"Los pol\u00edticos Veracruz","url":"https:\/\/lospoliticosveracruz.com\/","logo":{"@type":"ImageObject","inLanguage":"es","@id":"https:\/\/lospoliticosveracruz.com\/#\/schema\/logo\/image\/","url":"https:\/\/lospoliticosveracruz.com\/wp-content\/uploads\/2025\/12\/Logo-Nuevo-LOS-POLITICOS-1.jpg","contentUrl":"https:\/\/lospoliticosveracruz.com\/wp-content\/uploads\/2025\/12\/Logo-Nuevo-LOS-POLITICOS-1.jpg","width":260,"height":70,"caption":"Los pol\u00edticos Veracruz"},"image":{"@id":"https:\/\/lospoliticosveracruz.com\/#\/schema\/logo\/image\/"},"sameAs":["https:\/\/www.facebook.com\/people\/Notimemes-de-los-Polticos\/61565672886568\/","https:\/\/x.com\/LosPoliticosVer"]},{"@type":"Person","@id":"https:\/\/lospoliticosveracruz.com\/#\/schema\/person\/b8702bb0e538456e6efd07080bf2a4a2","name":"Lo viste en Los Pol\u00edticos","image":{"@type":"ImageObject","inLanguage":"es","@id":"https:\/\/secure.gravatar.com\/avatar\/3a8de04a2656d44082be478bd6c086daa447c4651605818287b9532d3d0bd435?s=96&d=mm&r=g","url":"https:\/\/secure.gravatar.com\/avatar\/3a8de04a2656d44082be478bd6c086daa447c4651605818287b9532d3d0bd435?s=96&d=mm&r=g","contentUrl":"https:\/\/secure.gravatar.com\/avatar\/3a8de04a2656d44082be478bd6c086daa447c4651605818287b9532d3d0bd435?s=96&d=mm&r=g","caption":"Lo viste en Los Pol\u00edticos"},"url":"https:\/\/lospoliticosveracruz.com\/?author=2"}]}},"_links":{"self":[{"href":"https:\/\/lospoliticosveracruz.com\/index.php?rest_route=\/wp\/v2\/posts\/35558","targetHints":{"allow":["GET"]}}],"collection":[{"href":"https:\/\/lospoliticosveracruz.com\/index.php?rest_route=\/wp\/v2\/posts"}],"about":[{"href":"https:\/\/lospoliticosveracruz.com\/index.php?rest_route=\/wp\/v2\/types\/post"}],"author":[{"embeddable":true,"href":"https:\/\/lospoliticosveracruz.com\/index.php?rest_route=\/wp\/v2\/users\/2"}],"replies":[{"embeddable":true,"href":"https:\/\/lospoliticosveracruz.com\/index.php?rest_route=%2Fwp%2Fv2%2Fcomments&post=35558"}],"version-history":[{"count":1,"href":"https:\/\/lospoliticosveracruz.com\/index.php?rest_route=\/wp\/v2\/posts\/35558\/revisions"}],"predecessor-version":[{"id":35559,"href":"https:\/\/lospoliticosveracruz.com\/index.php?rest_route=\/wp\/v2\/posts\/35558\/revisions\/35559"}],"wp:attachment":[{"href":"https:\/\/lospoliticosveracruz.com\/index.php?rest_route=%2Fwp%2Fv2%2Fmedia&parent=35558"}],"wp:term":[{"taxonomy":"category","embeddable":true,"href":"https:\/\/lospoliticosveracruz.com\/index.php?rest_route=%2Fwp%2Fv2%2Fcategories&post=35558"},{"taxonomy":"post_tag","embeddable":true,"href":"https:\/\/lospoliticosveracruz.com\/index.php?rest_route=%2Fwp%2Fv2%2Ftags&post=35558"}],"curies":[{"name":"wp","href":"https:\/\/api.w.org\/{rel}","templated":true}]}}