{"id":35635,"date":"2017-08-06T22:45:37","date_gmt":"2017-08-07T03:45:37","guid":{"rendered":"http:\/\/www.lospoliticosveracruz.com.mx\/?p=35635"},"modified":"2017-08-06T22:45:37","modified_gmt":"2017-08-07T03:45:37","slug":"y-a-ti-quien-te-quiere-xalapa","status":"publish","type":"post","link":"https:\/\/lospoliticosveracruz.com\/?p=35635","title":{"rendered":"\u00bfY a ti qui\u00e9n te quiere, Xalapa?"},"content":{"rendered":"<p><strong>Cecilia Mu\u00f1oz<\/strong><\/p>\n<p><em>Polisemia<\/em><\/p>\n<p>&nbsp;<\/p>\n<p>&nbsp;<\/p>\n<p>Tuvimos vacaciones y aprovechamos para hacer todo lo que en periodo normal no podemos, como sacar los pendientes, remodelar la habitaci\u00f3n y \u00a1claro! \u00a1Darnos una vuelta por museos, caf\u00e9s y atracciones tur\u00edsticas! Durante un par de d\u00edas caminamos lo indecible entre diversas exposiciones que abarcaron arte y cultura prehisp\u00e1nicos hasta el virreinato, el barroco y la \u00e9poca contempor\u00e1nea. Vimos pinturas y fotograf\u00edas, apreciamos la vida cotidiana de otros tiempos y nos paseamos entre esculturas de todo tipo: desde lo cl\u00e1sico hasta lo m\u00e1s experimental.<\/p>\n<p>En nuestro itinerario no faltaron las iglesias, desde las m\u00e1s humildes hasta aquella cuya majestuosidad me provoc\u00f3 l\u00e1grimas. Incluso descubrimos la tumba de un mas\u00f3n y cuchicheamos entre los apellidos rimbombantes de sus vecinos, especulando el destino de sus fortunas.<\/p>\n<p>Luego dejamos Puebla y volvimos a Xalapa. Caminamos por su Centro Hist\u00f3rico, fragmentado por las recientes obras de remodelaci\u00f3n. Recordamos sus galer\u00edas que, aunque queridas por nosotros, palidecen ante las que visitamos en tama\u00f1o y en n\u00famero de exposiciones. Y pensamos en sus dos museos: el de Antropolog\u00eda y el MIX, este \u00faltimo tan famoso en los \u00faltimos tiempos por las quejas de sus empleados por falta de pago y mantenimiento.<\/p>\n<p>Regresamos a una Feria de Libro sin programa art\u00edstico, con un par de invitados interesantes\u2026 para aquellos al tanto de los \u00faltimos acontecimientos en el terreno literario; y descubrimos el trabajo de M\u00e9xico Punto Travel para atraer turismo a Veracruz, en su mayor parte consistente en viajar de Xalapa a otras partes.<\/p>\n<p>\u201c\u00bfPor qu\u00e9 hablan tan mal de Xalapa?\u201d, preguntaba hace unos a\u00f1os muy molesta una compa\u00f1era for\u00e1nea. \u201cAs\u00ed alejan el turismo\u201d. Eran los tiempos de El\u00edzabeth Morales y sus poco atinados proyectos de embellecimiento del Centro Hist\u00f3rico. \u201cDe todos modos, Xalapa no es tur\u00edstica,\u201d, le respond\u00edamos.<\/p>\n<p>Y sigue sin serlo. Y es una pena, de verdad, que una ciudad con tanto que dar, con tantos proyectos en el tintero (\u00bfqu\u00e9 fue del telef\u00e9rico, de tren que unir\u00eda a la capital con los municipios colindantes?), con tanta historia (\u00bfpor qu\u00e9 no aprovechar m\u00e1s la imagen de Mar\u00eda Teresa de Medina, nuestra dama insurgente?), con tantos artistas e intelectuales, no logre encontrar la forma de resaltar entre tantas otras. \u201cSe ve que a Puebla s\u00ed la quieren sus gobernantes\u201d, me confi\u00f3 una amiga tras compartir nuestras experiencias en dicha ciudad. \u00bfY a Xalapa?<\/p>\n<p><strong>EL LIBRO DE TERE<\/strong><\/p>\n<p><a href=\"http:\/\/www.lospoliticosveracruz.com.mx\/wp-content\/uploads\/2017\/07\/El-libro-de-Tere.png\"><img loading=\"lazy\" decoding=\"async\" class=\"aligncenter size-full wp-image-35625\" src=\"http:\/\/www.lospoliticosveracruz.com.mx\/wp-content\/uploads\/2017\/07\/El-libro-de-Tere.png\" alt=\"El libro de Tere\" width=\"590\" height=\"465\" \/><\/a><\/p>\n<p>De acuerdo con Excelsior (\u201cM\u00e9xico tendr\u00e1 su d\u00eda contra el abuso sexual infantil, tras escalada de casos\u201d, 29\/03\/16), \u201cM\u00e9xico ocupa el primer lugar, a nivel mundial, en abuso sexual, violencia f\u00edsica y homicidio de menores de 14 a\u00f1os\u201d. Para colmo, resulta que el pa\u00eds \u201cregistra los m\u00e1s bajos presupuestos para atender este mal social\u201d. Es decir, la prevenci\u00f3n, la promoci\u00f3n de la denuncia y la protecci\u00f3n de los menores violentados son rubros que desde el Estado poco apoyo tienen.<\/p>\n<p>En este contexto, es indudable que lo mejor que podemos hacer \u2013como en cualquier aspecto del desarrollo infantil\u2013 es el trabajo desde casa. Y para ello no debemos dudar en recurrir herramientas audiovisuales, como en este caso es \u201cEl libro de Tere\u201d, un video de poco m\u00e1s de cinco minutos disponible en la p\u00e1gina de Facebook del Observatorio en Salud Sexual y Reproductiva OSAR, de Guatemala, en el que la peque\u00f1a Tere nos va contando las medidas de prevenci\u00f3n contra el abuso que sus padres le han inculcado. \u00a1Son tan solo seis minutos, pero esos seis minutos podr\u00edan ser la diferencia para tu hijo, hermano, ahijado, sobrino o alumno!<\/p>\n<p>Correo: polisemia@outlook.es<\/p>\n<p>Twitter: polisemia_CM<\/p>\n","protected":false},"excerpt":{"rendered":"<p>Cecilia Mu\u00f1oz Polisemia &nbsp; &nbsp; Tuvimos vacaciones y aprovechamos para hacer todo lo que en periodo normal no podemos, como sacar los pendientes, remodelar la habitaci\u00f3n y \u00a1claro! \u00a1Darnos una vuelta por museos, caf\u00e9s y atracciones tur\u00edsticas! Durante un par de d\u00edas caminamos lo indecible entre diversas exposiciones que abarcaron arte y cultura prehisp\u00e1nicos hasta [&hellip;]<\/p>\n","protected":false},"author":2,"featured_media":0,"comment_status":"open","ping_status":"open","sticky":false,"template":"","format":"standard","meta":{"tdm_status":"","tdm_grid_status":"","footnotes":""},"categories":[70],"tags":[9094,9096,5460,3132,6052,9095,198,96],"class_list":{"0":"post-35635","1":"post","2":"type-post","3":"status-publish","4":"format-standard","6":"category-de-opinion","7":"tag-dama-insurgente","8":"tag-el-libro-de-tere","9":"tag-maria-teresa-de-medina","10":"tag-puebla","11":"tag-teleferico","12":"tag-tren","13":"tag-turismo","14":"tag-xalapa"},"yoast_head":"<!-- This site is optimized with the Yoast SEO plugin v27.4 - https:\/\/yoast.com\/product\/yoast-seo-wordpress\/ -->\n<title>\u00bfY a ti qui\u00e9n te quiere, Xalapa? - Los pol\u00edticos Veracruz<\/title>\n<meta name=\"robots\" content=\"index, follow, max-snippet:-1, max-image-preview:large, max-video-preview:-1\" \/>\n<link rel=\"canonical\" href=\"https:\/\/lospoliticosveracruz.com\/?p=35635\" \/>\n<meta property=\"og:locale\" content=\"es_ES\" \/>\n<meta property=\"og:type\" content=\"article\" \/>\n<meta property=\"og:title\" content=\"\u00bfY a ti qui\u00e9n te quiere, Xalapa? - Los pol\u00edticos Veracruz\" \/>\n<meta property=\"og:description\" content=\"Cecilia Mu\u00f1oz Polisemia &nbsp; &nbsp; Tuvimos vacaciones y aprovechamos para hacer todo lo que en periodo normal no podemos, como sacar los pendientes, remodelar la habitaci\u00f3n y \u00a1claro! \u00a1Darnos una vuelta por museos, caf\u00e9s y atracciones tur\u00edsticas! Durante un par de d\u00edas caminamos lo indecible entre diversas exposiciones que abarcaron arte y cultura prehisp\u00e1nicos hasta [&hellip;]\" \/>\n<meta property=\"og:url\" content=\"https:\/\/lospoliticosveracruz.com\/?p=35635\" \/>\n<meta property=\"og:site_name\" content=\"Los pol\u00edticos Veracruz\" \/>\n<meta property=\"article:publisher\" content=\"https:\/\/www.facebook.com\/people\/Notimemes-de-los-Polticos\/61565672886568\/\" \/>\n<meta property=\"article:published_time\" content=\"2017-08-07T03:45:37+00:00\" \/>\n<meta property=\"og:image\" content=\"http:\/\/www.lospoliticosveracruz.com.mx\/wp-content\/uploads\/2017\/07\/El-libro-de-Tere.png\" \/>\n<meta name=\"author\" content=\"Lo viste en Los Pol\u00edticos\" \/>\n<meta name=\"twitter:card\" content=\"summary_large_image\" \/>\n<meta name=\"twitter:creator\" content=\"@LosPoliticosVer\" \/>\n<meta name=\"twitter:site\" content=\"@LosPoliticosVer\" \/>\n<meta name=\"twitter:label1\" content=\"Escrito por\" \/>\n\t<meta name=\"twitter:data1\" content=\"Lo viste en Los Pol\u00edticos\" \/>\n\t<meta name=\"twitter:label2\" content=\"Tiempo de lectura\" \/>\n\t<meta name=\"twitter:data2\" content=\"3 minutos\" \/>\n<script type=\"application\/ld+json\" class=\"yoast-schema-graph\">{\"@context\":\"https:\\\/\\\/schema.org\",\"@graph\":[{\"@type\":\"Article\",\"@id\":\"https:\\\/\\\/lospoliticosveracruz.com\\\/?p=35635#article\",\"isPartOf\":{\"@id\":\"https:\\\/\\\/lospoliticosveracruz.com\\\/?p=35635\"},\"author\":{\"name\":\"Lo viste en Los Pol\u00edticos\",\"@id\":\"https:\\\/\\\/lospoliticosveracruz.com\\\/#\\\/schema\\\/person\\\/b8702bb0e538456e6efd07080bf2a4a2\"},\"headline\":\"\u00bfY a ti qui\u00e9n te quiere, Xalapa?\",\"datePublished\":\"2017-08-07T03:45:37+00:00\",\"mainEntityOfPage\":{\"@id\":\"https:\\\/\\\/lospoliticosveracruz.com\\\/?p=35635\"},\"wordCount\":644,\"commentCount\":0,\"publisher\":{\"@id\":\"https:\\\/\\\/lospoliticosveracruz.com\\\/#organization\"},\"image\":{\"@id\":\"https:\\\/\\\/lospoliticosveracruz.com\\\/?p=35635#primaryimage\"},\"thumbnailUrl\":\"http:\\\/\\\/www.lospoliticosveracruz.com.mx\\\/wp-content\\\/uploads\\\/2017\\\/07\\\/El-libro-de-Tere.png\",\"keywords\":[\"Dama Insurgente\",\"El libro de Tere\",\"Mar\u00eda Teresa de Medina\",\"Puebla\",\"Telef\u00e9rico\",\"Tren\",\"Turismo\",\"Xalapa\"],\"articleSection\":[\"De Opini\u00f3n\"],\"inLanguage\":\"es\",\"potentialAction\":[{\"@type\":\"CommentAction\",\"name\":\"Comment\",\"target\":[\"https:\\\/\\\/lospoliticosveracruz.com\\\/?p=35635#respond\"]}]},{\"@type\":\"WebPage\",\"@id\":\"https:\\\/\\\/lospoliticosveracruz.com\\\/?p=35635\",\"url\":\"https:\\\/\\\/lospoliticosveracruz.com\\\/?p=35635\",\"name\":\"\u00bfY a ti qui\u00e9n te quiere, Xalapa? - Los pol\u00edticos Veracruz\",\"isPartOf\":{\"@id\":\"https:\\\/\\\/lospoliticosveracruz.com\\\/#website\"},\"primaryImageOfPage\":{\"@id\":\"https:\\\/\\\/lospoliticosveracruz.com\\\/?p=35635#primaryimage\"},\"image\":{\"@id\":\"https:\\\/\\\/lospoliticosveracruz.com\\\/?p=35635#primaryimage\"},\"thumbnailUrl\":\"http:\\\/\\\/www.lospoliticosveracruz.com.mx\\\/wp-content\\\/uploads\\\/2017\\\/07\\\/El-libro-de-Tere.png\",\"datePublished\":\"2017-08-07T03:45:37+00:00\",\"breadcrumb\":{\"@id\":\"https:\\\/\\\/lospoliticosveracruz.com\\\/?p=35635#breadcrumb\"},\"inLanguage\":\"es\",\"potentialAction\":[{\"@type\":\"ReadAction\",\"target\":[\"https:\\\/\\\/lospoliticosveracruz.com\\\/?p=35635\"]}]},{\"@type\":\"ImageObject\",\"inLanguage\":\"es\",\"@id\":\"https:\\\/\\\/lospoliticosveracruz.com\\\/?p=35635#primaryimage\",\"url\":\"http:\\\/\\\/www.lospoliticosveracruz.com.mx\\\/wp-content\\\/uploads\\\/2017\\\/07\\\/El-libro-de-Tere.png\",\"contentUrl\":\"http:\\\/\\\/www.lospoliticosveracruz.com.mx\\\/wp-content\\\/uploads\\\/2017\\\/07\\\/El-libro-de-Tere.png\"},{\"@type\":\"BreadcrumbList\",\"@id\":\"https:\\\/\\\/lospoliticosveracruz.com\\\/?p=35635#breadcrumb\",\"itemListElement\":[{\"@type\":\"ListItem\",\"position\":1,\"name\":\"Portada\",\"item\":\"https:\\\/\\\/lospoliticosveracruz.com\\\/\"},{\"@type\":\"ListItem\",\"position\":2,\"name\":\"\u00bfY a ti qui\u00e9n te quiere, Xalapa?\"}]},{\"@type\":\"WebSite\",\"@id\":\"https:\\\/\\\/lospoliticosveracruz.com\\\/#website\",\"url\":\"https:\\\/\\\/lospoliticosveracruz.com\\\/\",\"name\":\"Los pol\u00edticos Veracruz\",\"description\":\"\",\"publisher\":{\"@id\":\"https:\\\/\\\/lospoliticosveracruz.com\\\/#organization\"},\"potentialAction\":[{\"@type\":\"SearchAction\",\"target\":{\"@type\":\"EntryPoint\",\"urlTemplate\":\"https:\\\/\\\/lospoliticosveracruz.com\\\/?s={search_term_string}\"},\"query-input\":{\"@type\":\"PropertyValueSpecification\",\"valueRequired\":true,\"valueName\":\"search_term_string\"}}],\"inLanguage\":\"es\"},{\"@type\":\"Organization\",\"@id\":\"https:\\\/\\\/lospoliticosveracruz.com\\\/#organization\",\"name\":\"Los pol\u00edticos Veracruz\",\"url\":\"https:\\\/\\\/lospoliticosveracruz.com\\\/\",\"logo\":{\"@type\":\"ImageObject\",\"inLanguage\":\"es\",\"@id\":\"https:\\\/\\\/lospoliticosveracruz.com\\\/#\\\/schema\\\/logo\\\/image\\\/\",\"url\":\"https:\\\/\\\/lospoliticosveracruz.com\\\/wp-content\\\/uploads\\\/2025\\\/12\\\/Logo-Nuevo-LOS-POLITICOS-1.jpg\",\"contentUrl\":\"https:\\\/\\\/lospoliticosveracruz.com\\\/wp-content\\\/uploads\\\/2025\\\/12\\\/Logo-Nuevo-LOS-POLITICOS-1.jpg\",\"width\":260,\"height\":70,\"caption\":\"Los pol\u00edticos Veracruz\"},\"image\":{\"@id\":\"https:\\\/\\\/lospoliticosveracruz.com\\\/#\\\/schema\\\/logo\\\/image\\\/\"},\"sameAs\":[\"https:\\\/\\\/www.facebook.com\\\/people\\\/Notimemes-de-los-Polticos\\\/61565672886568\\\/\",\"https:\\\/\\\/x.com\\\/LosPoliticosVer\"]},{\"@type\":\"Person\",\"@id\":\"https:\\\/\\\/lospoliticosveracruz.com\\\/#\\\/schema\\\/person\\\/b8702bb0e538456e6efd07080bf2a4a2\",\"name\":\"Lo viste en Los Pol\u00edticos\",\"image\":{\"@type\":\"ImageObject\",\"inLanguage\":\"es\",\"@id\":\"https:\\\/\\\/secure.gravatar.com\\\/avatar\\\/3a8de04a2656d44082be478bd6c086daa447c4651605818287b9532d3d0bd435?s=96&d=mm&r=g\",\"url\":\"https:\\\/\\\/secure.gravatar.com\\\/avatar\\\/3a8de04a2656d44082be478bd6c086daa447c4651605818287b9532d3d0bd435?s=96&d=mm&r=g\",\"contentUrl\":\"https:\\\/\\\/secure.gravatar.com\\\/avatar\\\/3a8de04a2656d44082be478bd6c086daa447c4651605818287b9532d3d0bd435?s=96&d=mm&r=g\",\"caption\":\"Lo viste en Los Pol\u00edticos\"},\"url\":\"https:\\\/\\\/lospoliticosveracruz.com\\\/?author=2\"}]}<\/script>\n<!-- \/ Yoast SEO plugin. -->","yoast_head_json":{"title":"\u00bfY a ti qui\u00e9n te quiere, Xalapa? - Los pol\u00edticos Veracruz","robots":{"index":"index","follow":"follow","max-snippet":"max-snippet:-1","max-image-preview":"max-image-preview:large","max-video-preview":"max-video-preview:-1"},"canonical":"https:\/\/lospoliticosveracruz.com\/?p=35635","og_locale":"es_ES","og_type":"article","og_title":"\u00bfY a ti qui\u00e9n te quiere, Xalapa? - Los pol\u00edticos Veracruz","og_description":"Cecilia Mu\u00f1oz Polisemia &nbsp; &nbsp; Tuvimos vacaciones y aprovechamos para hacer todo lo que en periodo normal no podemos, como sacar los pendientes, remodelar la habitaci\u00f3n y \u00a1claro! \u00a1Darnos una vuelta por museos, caf\u00e9s y atracciones tur\u00edsticas! Durante un par de d\u00edas caminamos lo indecible entre diversas exposiciones que abarcaron arte y cultura prehisp\u00e1nicos hasta [&hellip;]","og_url":"https:\/\/lospoliticosveracruz.com\/?p=35635","og_site_name":"Los pol\u00edticos Veracruz","article_publisher":"https:\/\/www.facebook.com\/people\/Notimemes-de-los-Polticos\/61565672886568\/","article_published_time":"2017-08-07T03:45:37+00:00","og_image":[{"url":"http:\/\/www.lospoliticosveracruz.com.mx\/wp-content\/uploads\/2017\/07\/El-libro-de-Tere.png","type":"","width":"","height":""}],"author":"Lo viste en Los Pol\u00edticos","twitter_card":"summary_large_image","twitter_creator":"@LosPoliticosVer","twitter_site":"@LosPoliticosVer","twitter_misc":{"Escrito por":"Lo viste en Los Pol\u00edticos","Tiempo de lectura":"3 minutos"},"schema":{"@context":"https:\/\/schema.org","@graph":[{"@type":"Article","@id":"https:\/\/lospoliticosveracruz.com\/?p=35635#article","isPartOf":{"@id":"https:\/\/lospoliticosveracruz.com\/?p=35635"},"author":{"name":"Lo viste en Los Pol\u00edticos","@id":"https:\/\/lospoliticosveracruz.com\/#\/schema\/person\/b8702bb0e538456e6efd07080bf2a4a2"},"headline":"\u00bfY a ti qui\u00e9n te quiere, Xalapa?","datePublished":"2017-08-07T03:45:37+00:00","mainEntityOfPage":{"@id":"https:\/\/lospoliticosveracruz.com\/?p=35635"},"wordCount":644,"commentCount":0,"publisher":{"@id":"https:\/\/lospoliticosveracruz.com\/#organization"},"image":{"@id":"https:\/\/lospoliticosveracruz.com\/?p=35635#primaryimage"},"thumbnailUrl":"http:\/\/www.lospoliticosveracruz.com.mx\/wp-content\/uploads\/2017\/07\/El-libro-de-Tere.png","keywords":["Dama Insurgente","El libro de Tere","Mar\u00eda Teresa de Medina","Puebla","Telef\u00e9rico","Tren","Turismo","Xalapa"],"articleSection":["De Opini\u00f3n"],"inLanguage":"es","potentialAction":[{"@type":"CommentAction","name":"Comment","target":["https:\/\/lospoliticosveracruz.com\/?p=35635#respond"]}]},{"@type":"WebPage","@id":"https:\/\/lospoliticosveracruz.com\/?p=35635","url":"https:\/\/lospoliticosveracruz.com\/?p=35635","name":"\u00bfY a ti qui\u00e9n te quiere, Xalapa? - Los pol\u00edticos Veracruz","isPartOf":{"@id":"https:\/\/lospoliticosveracruz.com\/#website"},"primaryImageOfPage":{"@id":"https:\/\/lospoliticosveracruz.com\/?p=35635#primaryimage"},"image":{"@id":"https:\/\/lospoliticosveracruz.com\/?p=35635#primaryimage"},"thumbnailUrl":"http:\/\/www.lospoliticosveracruz.com.mx\/wp-content\/uploads\/2017\/07\/El-libro-de-Tere.png","datePublished":"2017-08-07T03:45:37+00:00","breadcrumb":{"@id":"https:\/\/lospoliticosveracruz.com\/?p=35635#breadcrumb"},"inLanguage":"es","potentialAction":[{"@type":"ReadAction","target":["https:\/\/lospoliticosveracruz.com\/?p=35635"]}]},{"@type":"ImageObject","inLanguage":"es","@id":"https:\/\/lospoliticosveracruz.com\/?p=35635#primaryimage","url":"http:\/\/www.lospoliticosveracruz.com.mx\/wp-content\/uploads\/2017\/07\/El-libro-de-Tere.png","contentUrl":"http:\/\/www.lospoliticosveracruz.com.mx\/wp-content\/uploads\/2017\/07\/El-libro-de-Tere.png"},{"@type":"BreadcrumbList","@id":"https:\/\/lospoliticosveracruz.com\/?p=35635#breadcrumb","itemListElement":[{"@type":"ListItem","position":1,"name":"Portada","item":"https:\/\/lospoliticosveracruz.com\/"},{"@type":"ListItem","position":2,"name":"\u00bfY a ti qui\u00e9n te quiere, Xalapa?"}]},{"@type":"WebSite","@id":"https:\/\/lospoliticosveracruz.com\/#website","url":"https:\/\/lospoliticosveracruz.com\/","name":"Los pol\u00edticos Veracruz","description":"","publisher":{"@id":"https:\/\/lospoliticosveracruz.com\/#organization"},"potentialAction":[{"@type":"SearchAction","target":{"@type":"EntryPoint","urlTemplate":"https:\/\/lospoliticosveracruz.com\/?s={search_term_string}"},"query-input":{"@type":"PropertyValueSpecification","valueRequired":true,"valueName":"search_term_string"}}],"inLanguage":"es"},{"@type":"Organization","@id":"https:\/\/lospoliticosveracruz.com\/#organization","name":"Los pol\u00edticos Veracruz","url":"https:\/\/lospoliticosveracruz.com\/","logo":{"@type":"ImageObject","inLanguage":"es","@id":"https:\/\/lospoliticosveracruz.com\/#\/schema\/logo\/image\/","url":"https:\/\/lospoliticosveracruz.com\/wp-content\/uploads\/2025\/12\/Logo-Nuevo-LOS-POLITICOS-1.jpg","contentUrl":"https:\/\/lospoliticosveracruz.com\/wp-content\/uploads\/2025\/12\/Logo-Nuevo-LOS-POLITICOS-1.jpg","width":260,"height":70,"caption":"Los pol\u00edticos Veracruz"},"image":{"@id":"https:\/\/lospoliticosveracruz.com\/#\/schema\/logo\/image\/"},"sameAs":["https:\/\/www.facebook.com\/people\/Notimemes-de-los-Polticos\/61565672886568\/","https:\/\/x.com\/LosPoliticosVer"]},{"@type":"Person","@id":"https:\/\/lospoliticosveracruz.com\/#\/schema\/person\/b8702bb0e538456e6efd07080bf2a4a2","name":"Lo viste en Los Pol\u00edticos","image":{"@type":"ImageObject","inLanguage":"es","@id":"https:\/\/secure.gravatar.com\/avatar\/3a8de04a2656d44082be478bd6c086daa447c4651605818287b9532d3d0bd435?s=96&d=mm&r=g","url":"https:\/\/secure.gravatar.com\/avatar\/3a8de04a2656d44082be478bd6c086daa447c4651605818287b9532d3d0bd435?s=96&d=mm&r=g","contentUrl":"https:\/\/secure.gravatar.com\/avatar\/3a8de04a2656d44082be478bd6c086daa447c4651605818287b9532d3d0bd435?s=96&d=mm&r=g","caption":"Lo viste en Los Pol\u00edticos"},"url":"https:\/\/lospoliticosveracruz.com\/?author=2"}]}},"_links":{"self":[{"href":"https:\/\/lospoliticosveracruz.com\/index.php?rest_route=\/wp\/v2\/posts\/35635","targetHints":{"allow":["GET"]}}],"collection":[{"href":"https:\/\/lospoliticosveracruz.com\/index.php?rest_route=\/wp\/v2\/posts"}],"about":[{"href":"https:\/\/lospoliticosveracruz.com\/index.php?rest_route=\/wp\/v2\/types\/post"}],"author":[{"embeddable":true,"href":"https:\/\/lospoliticosveracruz.com\/index.php?rest_route=\/wp\/v2\/users\/2"}],"replies":[{"embeddable":true,"href":"https:\/\/lospoliticosveracruz.com\/index.php?rest_route=%2Fwp%2Fv2%2Fcomments&post=35635"}],"version-history":[{"count":1,"href":"https:\/\/lospoliticosveracruz.com\/index.php?rest_route=\/wp\/v2\/posts\/35635\/revisions"}],"predecessor-version":[{"id":35636,"href":"https:\/\/lospoliticosveracruz.com\/index.php?rest_route=\/wp\/v2\/posts\/35635\/revisions\/35636"}],"wp:attachment":[{"href":"https:\/\/lospoliticosveracruz.com\/index.php?rest_route=%2Fwp%2Fv2%2Fmedia&parent=35635"}],"wp:term":[{"taxonomy":"category","embeddable":true,"href":"https:\/\/lospoliticosveracruz.com\/index.php?rest_route=%2Fwp%2Fv2%2Fcategories&post=35635"},{"taxonomy":"post_tag","embeddable":true,"href":"https:\/\/lospoliticosveracruz.com\/index.php?rest_route=%2Fwp%2Fv2%2Ftags&post=35635"}],"curies":[{"name":"wp","href":"https:\/\/api.w.org\/{rel}","templated":true}]}}