{"id":35643,"date":"2017-08-07T10:38:32","date_gmt":"2017-08-07T15:38:32","guid":{"rendered":"http:\/\/www.lospoliticosveracruz.com.mx\/?p=35643"},"modified":"2017-08-07T10:38:32","modified_gmt":"2017-08-07T15:38:32","slug":"los-nuevos-tiempos-en-cobaev","status":"publish","type":"post","link":"https:\/\/lospoliticosveracruz.com\/?p=35643","title":{"rendered":"Los nuevos tiempos en Cobaev"},"content":{"rendered":"<p class=\"x_m_6660042341026133812MsoNoSpacing\"><b>Luis Alberto Romero<\/b><\/p>\n<p class=\"x_m_6660042341026133812MsoNoSpacing\"><em>Hora Cero<\/em><\/p>\n<p class=\"x_m_6660042341026133812MsoNoSpacing\"><b>\u00a0<\/b><\/p>\n<p class=\"x_m_6660042341026133812MsoNoSpacing\"><b><\/b><b><\/b><u><\/u><\/p>\n<p class=\"x_m_6660042341026133812MsoNoSpacing\">Durante a\u00f1os, el Colegio de Bachilleres del Estado de Veracruz, Cobaev, ha celebrado sorteos anuales, con el objetivo, al menos en el papel, de allegarse recursos que permitan algunas mejoras.<u><\/u><u><\/u><\/p>\n<p class=\"x_m_6660042341026133812MsoNoSpacing\">Sin embargo, en realidad los fondos recaudados en los sorteos del Cobaev no ten\u00edan un destino claro; es decir, nadie sab\u00eda d\u00f3nde paraba ese dinero, por lo que muchos planteles, directivos, docentes y estudiantes optaban por no participar o bien hacerlo a rega\u00f1adientes.<u><\/u><u><\/u><\/p>\n<p class=\"x_m_6660042341026133812MsoNoSpacing\">Ese fue uno de los temas abordados durante el reciente Consejo Consultivo de Directores del Colegio de Bachilleres del Estado de Veracruz, donde se el director general de la instituci\u00f3n, Abel P\u00e9rez Arciniega, dio a conocer que este a\u00f1o, el monto total de lo recaudado se destinar\u00eda de forma directa a la adquisici\u00f3n de mobiliario para los 71 planteles.<u><\/u><u><\/u><\/p>\n<p class=\"x_m_6660042341026133812MsoNoSpacing\">Se trata de eliminar, dijo, las sospechas sobre el destino de esos recursos, que provienen de forma original de estudiantes, padres de familia y trabajadores de los planteles.<u><\/u><u><\/u><\/p>\n<p class=\"x_m_6660042341026133812MsoNoSpacing\">A esa reuni\u00f3n de directores y responsables acad\u00e9micos de los 71 planteles del Cobaev en la entidad, por cierto, asisti\u00f3 el subsecretario de Educaci\u00f3n Media Superior y Superior de la Secretar\u00eda de Educaci\u00f3n de Veracruz, Ricardo G\u00f3mez Leyva, quien se refiri\u00f3 a la instituci\u00f3n como \u201cuno de los principales aciertos de la administraci\u00f3n p\u00fablica\u201d, al contribuir con un importante porcentaje de la matr\u00edcula de alumnos en el Estado de Veracruz.<u><\/u><u><\/u><\/p>\n<p class=\"x_m_6660042341026133812MsoNoSpacing\">Y en efecto, el Cobaev se ha consolidado como una instituci\u00f3n educativa de prestigio en la entidad; afortunadamente, sus directivos han entendido que no basta con la atenci\u00f3n a la matr\u00edcula, si este punto no va acompa\u00f1ado de acciones que garanticen la transparencia y la rendici\u00f3n de cuentas.<u><\/u><u><\/u><\/p>\n<p class=\"x_m_6660042341026133812MsoNoSpacing\">Por cierto, durante el Consejo Consultivo de Directores del Cobaev no s\u00f3lo se abord\u00f3 el tema del sorteo anual de la instituci\u00f3n; tambi\u00e9n se definieron estrategias relacionadas con la conservaci\u00f3n de los concursos de conocimientos y olimpiadas; as\u00ed como acciones para disminuir el problema de la deserci\u00f3n escolar.<u><\/u><u><\/u><\/p>\n<p class=\"x_m_6660042341026133812MsoNoSpacing\">Sobre este punto, se acord\u00f3 que en los planteles se identificar\u00e1 a los alumnos que se inscriben con certificado reprobatorio, a fin de prepararlos en las asignaturas que deben, a fin de lograr su permanencia; en ese contexto, los docentes del Colegio implementar\u00e1n una hora de retroalimentaci\u00f3n con los alumnos, antes de cada examen parcial, a fin de reducir los \u00edndices de reprobaci\u00f3n.<u><\/u><u><\/u><\/p>\n<p class=\"x_m_6660042341026133812MsoNoSpacing\">Los maestros del Cobaev ir\u00e1n por los estudiantes que incurran en ausentismo para intentar recuperarlos y realizar\u00e1n trabajo permanente de promoci\u00f3n, a trav\u00e9s de actividades recreativas, deportivas y de motivaci\u00f3n.<u><\/u><u><\/u><\/p>\n<p class=\"x_m_6660042341026133812MsoNoSpacing\">Adicionalmente, como parte de las estrategias del Cobaev, se acord\u00f3 crear 10 becas por plantel, para apoyar a estudiantes de escasos recursos econ\u00f3micos.<u><\/u><u><\/u><\/p>\n<p class=\"x_m_6660042341026133812MsoNoSpacing\">Esa es, en s\u00edntesis, la nueva cara del Colegio de Bachilleres del Estado de Veracruz, que con la direcci\u00f3n de P\u00e9rez Arciniega ha tomado un nuevo impulso con acciones para transparentar el uso de recursos; para intentar frenar el ausentismo y los niveles de reprobaci\u00f3n de estudiantes; y para vincularse mucho m\u00e1s con la sociedad.<u><\/u><u><\/u><\/p>\n<p class=\"x_m_6660042341026133812MsoNoSpacing\"><u><\/u>\u00a0<u><\/u><\/p>\n<p class=\"x_m_6660042341026133812MsoNoSpacing\"><u><\/u>\u00a0<u><\/u><\/p>\n<p class=\"x_m_6660042341026133812MsoNoSpacing\"><b>Pedro Manterola<u><\/u><u><\/u><\/b><\/p>\n<p class=\"x_m_6660042341026133812MsoNoSpacing\">V\u00edctima de un infarto, Pedro Manterola Sainz, subsecretario de gobierno en Veracruz, ex alcalde de Mart\u00ednez de la Torre y ex diputado federal por el distrito 07, perdi\u00f3 la vida este domingo por la ma\u00f1ana.<u><\/u><u><\/u><\/p>\n<p class=\"x_m_6660042341026133812MsoNoSpacing\">Pedro, como le conoc\u00edamos sus amigos y paisanos, tuvo una trayectoria pol\u00edtica destacada en la regi\u00f3n de Mart\u00ednez de la Torre. Formaba parte de una familia de prestigio en la zona, con peso en los medios de comunicaci\u00f3n y en el sector empresarial.<u><\/u><u><\/u><\/p>\n<p class=\"x_m_6660042341026133812MsoNoSpacing\">En 1994, fue factor determinante en la construcci\u00f3n de un frente de partidos que gan\u00f3 la elecci\u00f3n municipal, propinando la primera derrota del PRI en ese municipio. Tres a\u00f1os despu\u00e9s, en 1997, lleg\u00f3 a la alcald\u00eda para de ah\u00ed catapultarse a la diputaci\u00f3n federal.<u><\/u><u><\/u><\/p>\n<p class=\"x_m_6660042341026133812MsoNoSpacing\">En 2016 fue nombrado subsecretario de Gobierno, al iniciar la administraci\u00f3n de Miguel \u00c1ngel Yunes, su \u00faltimo cargo p\u00fablico.<u><\/u><u><\/u><\/p>\n<p class=\"x_m_6660042341026133812MsoNoSpacing\">Este domingo, Pedro perdi\u00f3 la vida; se fue un buen hombre, culto y extraordinario conversador; se le va a extra\u00f1ar.<u><\/u><u><\/u><\/p>\n<p class=\"x_m_6660042341026133812MsoNoSpacing\">A sus hijos, Jimena y Pedro Sebasti\u00e1n; a su madre, do\u00f1a Elisa Sainz; a sus hermanos, Mariely, Mayte, Jos\u00e9 Manuel y Luis Miguel; un abrazo y el deseo de pronta resignaci\u00f3n. Descanse en paz.<\/p>\n<p class=\"x_m_6660042341026133812MsoNoSpacing\">@luisromero85<u><\/u><u><\/u><\/p>\n<p>&nbsp;<\/p>\n","protected":false},"excerpt":{"rendered":"<p>Luis Alberto Romero Hora Cero \u00a0 Durante a\u00f1os, el Colegio de Bachilleres del Estado de Veracruz, Cobaev, ha celebrado sorteos anuales, con el objetivo, al menos en el papel, de allegarse recursos que permitan algunas mejoras. Sin embargo, en realidad los fondos recaudados en los sorteos del Cobaev no ten\u00edan un destino claro; es decir, [&hellip;]<\/p>\n","protected":false},"author":2,"featured_media":0,"comment_status":"open","ping_status":"open","sticky":false,"template":"","format":"standard","meta":{"tdm_status":"","tdm_grid_status":"","footnotes":""},"categories":[70],"tags":[2166,9102,4004,8226],"class_list":{"0":"post-35643","1":"post","2":"type-post","3":"status-publish","4":"format-standard","6":"category-de-opinion","7":"tag-cobaev","8":"tag-consejo-consultivo-de-directores-del-colegio-de-bachilleres-del-estado-de-veracruz","9":"tag-pedro-manterola","10":"tag-ricardo-gomez-leyva"},"yoast_head":"<!-- This site is optimized with the Yoast SEO plugin v27.4 - https:\/\/yoast.com\/product\/yoast-seo-wordpress\/ -->\n<title>Los nuevos tiempos en Cobaev - Los pol\u00edticos Veracruz<\/title>\n<meta name=\"robots\" content=\"index, follow, max-snippet:-1, max-image-preview:large, max-video-preview:-1\" \/>\n<link rel=\"canonical\" href=\"https:\/\/lospoliticosveracruz.com\/?p=35643\" \/>\n<meta property=\"og:locale\" content=\"es_ES\" \/>\n<meta property=\"og:type\" content=\"article\" \/>\n<meta property=\"og:title\" content=\"Los nuevos tiempos en Cobaev - Los pol\u00edticos Veracruz\" \/>\n<meta property=\"og:description\" content=\"Luis Alberto Romero Hora Cero \u00a0 Durante a\u00f1os, el Colegio de Bachilleres del Estado de Veracruz, Cobaev, ha celebrado sorteos anuales, con el objetivo, al menos en el papel, de allegarse recursos que permitan algunas mejoras. Sin embargo, en realidad los fondos recaudados en los sorteos del Cobaev no ten\u00edan un destino claro; es decir, [&hellip;]\" \/>\n<meta property=\"og:url\" content=\"https:\/\/lospoliticosveracruz.com\/?p=35643\" \/>\n<meta property=\"og:site_name\" content=\"Los pol\u00edticos Veracruz\" \/>\n<meta property=\"article:publisher\" content=\"https:\/\/www.facebook.com\/people\/Notimemes-de-los-Polticos\/61565672886568\/\" \/>\n<meta property=\"article:published_time\" content=\"2017-08-07T15:38:32+00:00\" \/>\n<meta property=\"og:image\" content=\"https:\/\/lospoliticosveracruz.com\/wp-content\/uploads\/2016\/07\/Logo-Dor.jpg\" \/>\n\t<meta property=\"og:image:width\" content=\"200\" \/>\n\t<meta property=\"og:image:height\" content=\"200\" \/>\n\t<meta property=\"og:image:type\" content=\"image\/jpeg\" \/>\n<meta name=\"author\" content=\"Lo viste en Los Pol\u00edticos\" \/>\n<meta name=\"twitter:card\" content=\"summary_large_image\" \/>\n<meta name=\"twitter:creator\" content=\"@LosPoliticosVer\" \/>\n<meta name=\"twitter:site\" content=\"@LosPoliticosVer\" \/>\n<meta name=\"twitter:label1\" content=\"Escrito por\" \/>\n\t<meta name=\"twitter:data1\" content=\"Lo viste en Los Pol\u00edticos\" \/>\n\t<meta name=\"twitter:label2\" content=\"Tiempo de lectura\" \/>\n\t<meta name=\"twitter:data2\" content=\"4 minutos\" \/>\n<script type=\"application\/ld+json\" class=\"yoast-schema-graph\">{\"@context\":\"https:\\\/\\\/schema.org\",\"@graph\":[{\"@type\":\"Article\",\"@id\":\"https:\\\/\\\/lospoliticosveracruz.com\\\/?p=35643#article\",\"isPartOf\":{\"@id\":\"https:\\\/\\\/lospoliticosveracruz.com\\\/?p=35643\"},\"author\":{\"name\":\"Lo viste en Los Pol\u00edticos\",\"@id\":\"https:\\\/\\\/lospoliticosveracruz.com\\\/#\\\/schema\\\/person\\\/b8702bb0e538456e6efd07080bf2a4a2\"},\"headline\":\"Los nuevos tiempos en Cobaev\",\"datePublished\":\"2017-08-07T15:38:32+00:00\",\"mainEntityOfPage\":{\"@id\":\"https:\\\/\\\/lospoliticosveracruz.com\\\/?p=35643\"},\"wordCount\":763,\"commentCount\":0,\"publisher\":{\"@id\":\"https:\\\/\\\/lospoliticosveracruz.com\\\/#organization\"},\"keywords\":[\"Cobaev\",\"Consejo Consultivo de Directores del Colegio de Bachilleres del Estado de Veracruz\",\"Pedro Manterola\",\"Ricardo G\u00f3mez Leyva\"],\"articleSection\":[\"De Opini\u00f3n\"],\"inLanguage\":\"es\",\"potentialAction\":[{\"@type\":\"CommentAction\",\"name\":\"Comment\",\"target\":[\"https:\\\/\\\/lospoliticosveracruz.com\\\/?p=35643#respond\"]}]},{\"@type\":\"WebPage\",\"@id\":\"https:\\\/\\\/lospoliticosveracruz.com\\\/?p=35643\",\"url\":\"https:\\\/\\\/lospoliticosveracruz.com\\\/?p=35643\",\"name\":\"Los nuevos tiempos en Cobaev - Los pol\u00edticos Veracruz\",\"isPartOf\":{\"@id\":\"https:\\\/\\\/lospoliticosveracruz.com\\\/#website\"},\"datePublished\":\"2017-08-07T15:38:32+00:00\",\"breadcrumb\":{\"@id\":\"https:\\\/\\\/lospoliticosveracruz.com\\\/?p=35643#breadcrumb\"},\"inLanguage\":\"es\",\"potentialAction\":[{\"@type\":\"ReadAction\",\"target\":[\"https:\\\/\\\/lospoliticosveracruz.com\\\/?p=35643\"]}]},{\"@type\":\"BreadcrumbList\",\"@id\":\"https:\\\/\\\/lospoliticosveracruz.com\\\/?p=35643#breadcrumb\",\"itemListElement\":[{\"@type\":\"ListItem\",\"position\":1,\"name\":\"Portada\",\"item\":\"https:\\\/\\\/lospoliticosveracruz.com\\\/\"},{\"@type\":\"ListItem\",\"position\":2,\"name\":\"Los nuevos tiempos en Cobaev\"}]},{\"@type\":\"WebSite\",\"@id\":\"https:\\\/\\\/lospoliticosveracruz.com\\\/#website\",\"url\":\"https:\\\/\\\/lospoliticosveracruz.com\\\/\",\"name\":\"Los pol\u00edticos Veracruz\",\"description\":\"\",\"publisher\":{\"@id\":\"https:\\\/\\\/lospoliticosveracruz.com\\\/#organization\"},\"potentialAction\":[{\"@type\":\"SearchAction\",\"target\":{\"@type\":\"EntryPoint\",\"urlTemplate\":\"https:\\\/\\\/lospoliticosveracruz.com\\\/?s={search_term_string}\"},\"query-input\":{\"@type\":\"PropertyValueSpecification\",\"valueRequired\":true,\"valueName\":\"search_term_string\"}}],\"inLanguage\":\"es\"},{\"@type\":\"Organization\",\"@id\":\"https:\\\/\\\/lospoliticosveracruz.com\\\/#organization\",\"name\":\"Los pol\u00edticos Veracruz\",\"url\":\"https:\\\/\\\/lospoliticosveracruz.com\\\/\",\"logo\":{\"@type\":\"ImageObject\",\"inLanguage\":\"es\",\"@id\":\"https:\\\/\\\/lospoliticosveracruz.com\\\/#\\\/schema\\\/logo\\\/image\\\/\",\"url\":\"https:\\\/\\\/lospoliticosveracruz.com\\\/wp-content\\\/uploads\\\/2025\\\/12\\\/Logo-Nuevo-LOS-POLITICOS-1.jpg\",\"contentUrl\":\"https:\\\/\\\/lospoliticosveracruz.com\\\/wp-content\\\/uploads\\\/2025\\\/12\\\/Logo-Nuevo-LOS-POLITICOS-1.jpg\",\"width\":260,\"height\":70,\"caption\":\"Los pol\u00edticos Veracruz\"},\"image\":{\"@id\":\"https:\\\/\\\/lospoliticosveracruz.com\\\/#\\\/schema\\\/logo\\\/image\\\/\"},\"sameAs\":[\"https:\\\/\\\/www.facebook.com\\\/people\\\/Notimemes-de-los-Polticos\\\/61565672886568\\\/\",\"https:\\\/\\\/x.com\\\/LosPoliticosVer\"]},{\"@type\":\"Person\",\"@id\":\"https:\\\/\\\/lospoliticosveracruz.com\\\/#\\\/schema\\\/person\\\/b8702bb0e538456e6efd07080bf2a4a2\",\"name\":\"Lo viste en Los Pol\u00edticos\",\"image\":{\"@type\":\"ImageObject\",\"inLanguage\":\"es\",\"@id\":\"https:\\\/\\\/secure.gravatar.com\\\/avatar\\\/3a8de04a2656d44082be478bd6c086daa447c4651605818287b9532d3d0bd435?s=96&d=mm&r=g\",\"url\":\"https:\\\/\\\/secure.gravatar.com\\\/avatar\\\/3a8de04a2656d44082be478bd6c086daa447c4651605818287b9532d3d0bd435?s=96&d=mm&r=g\",\"contentUrl\":\"https:\\\/\\\/secure.gravatar.com\\\/avatar\\\/3a8de04a2656d44082be478bd6c086daa447c4651605818287b9532d3d0bd435?s=96&d=mm&r=g\",\"caption\":\"Lo viste en Los Pol\u00edticos\"},\"url\":\"https:\\\/\\\/lospoliticosveracruz.com\\\/?author=2\"}]}<\/script>\n<!-- \/ Yoast SEO plugin. -->","yoast_head_json":{"title":"Los nuevos tiempos en Cobaev - Los pol\u00edticos Veracruz","robots":{"index":"index","follow":"follow","max-snippet":"max-snippet:-1","max-image-preview":"max-image-preview:large","max-video-preview":"max-video-preview:-1"},"canonical":"https:\/\/lospoliticosveracruz.com\/?p=35643","og_locale":"es_ES","og_type":"article","og_title":"Los nuevos tiempos en Cobaev - Los pol\u00edticos Veracruz","og_description":"Luis Alberto Romero Hora Cero \u00a0 Durante a\u00f1os, el Colegio de Bachilleres del Estado de Veracruz, Cobaev, ha celebrado sorteos anuales, con el objetivo, al menos en el papel, de allegarse recursos que permitan algunas mejoras. Sin embargo, en realidad los fondos recaudados en los sorteos del Cobaev no ten\u00edan un destino claro; es decir, [&hellip;]","og_url":"https:\/\/lospoliticosveracruz.com\/?p=35643","og_site_name":"Los pol\u00edticos Veracruz","article_publisher":"https:\/\/www.facebook.com\/people\/Notimemes-de-los-Polticos\/61565672886568\/","article_published_time":"2017-08-07T15:38:32+00:00","og_image":[{"width":200,"height":200,"url":"https:\/\/lospoliticosveracruz.com\/wp-content\/uploads\/2016\/07\/Logo-Dor.jpg","type":"image\/jpeg"}],"author":"Lo viste en Los Pol\u00edticos","twitter_card":"summary_large_image","twitter_creator":"@LosPoliticosVer","twitter_site":"@LosPoliticosVer","twitter_misc":{"Escrito por":"Lo viste en Los Pol\u00edticos","Tiempo de lectura":"4 minutos"},"schema":{"@context":"https:\/\/schema.org","@graph":[{"@type":"Article","@id":"https:\/\/lospoliticosveracruz.com\/?p=35643#article","isPartOf":{"@id":"https:\/\/lospoliticosveracruz.com\/?p=35643"},"author":{"name":"Lo viste en Los Pol\u00edticos","@id":"https:\/\/lospoliticosveracruz.com\/#\/schema\/person\/b8702bb0e538456e6efd07080bf2a4a2"},"headline":"Los nuevos tiempos en Cobaev","datePublished":"2017-08-07T15:38:32+00:00","mainEntityOfPage":{"@id":"https:\/\/lospoliticosveracruz.com\/?p=35643"},"wordCount":763,"commentCount":0,"publisher":{"@id":"https:\/\/lospoliticosveracruz.com\/#organization"},"keywords":["Cobaev","Consejo Consultivo de Directores del Colegio de Bachilleres del Estado de Veracruz","Pedro Manterola","Ricardo G\u00f3mez Leyva"],"articleSection":["De Opini\u00f3n"],"inLanguage":"es","potentialAction":[{"@type":"CommentAction","name":"Comment","target":["https:\/\/lospoliticosveracruz.com\/?p=35643#respond"]}]},{"@type":"WebPage","@id":"https:\/\/lospoliticosveracruz.com\/?p=35643","url":"https:\/\/lospoliticosveracruz.com\/?p=35643","name":"Los nuevos tiempos en Cobaev - Los pol\u00edticos Veracruz","isPartOf":{"@id":"https:\/\/lospoliticosveracruz.com\/#website"},"datePublished":"2017-08-07T15:38:32+00:00","breadcrumb":{"@id":"https:\/\/lospoliticosveracruz.com\/?p=35643#breadcrumb"},"inLanguage":"es","potentialAction":[{"@type":"ReadAction","target":["https:\/\/lospoliticosveracruz.com\/?p=35643"]}]},{"@type":"BreadcrumbList","@id":"https:\/\/lospoliticosveracruz.com\/?p=35643#breadcrumb","itemListElement":[{"@type":"ListItem","position":1,"name":"Portada","item":"https:\/\/lospoliticosveracruz.com\/"},{"@type":"ListItem","position":2,"name":"Los nuevos tiempos en Cobaev"}]},{"@type":"WebSite","@id":"https:\/\/lospoliticosveracruz.com\/#website","url":"https:\/\/lospoliticosveracruz.com\/","name":"Los pol\u00edticos Veracruz","description":"","publisher":{"@id":"https:\/\/lospoliticosveracruz.com\/#organization"},"potentialAction":[{"@type":"SearchAction","target":{"@type":"EntryPoint","urlTemplate":"https:\/\/lospoliticosveracruz.com\/?s={search_term_string}"},"query-input":{"@type":"PropertyValueSpecification","valueRequired":true,"valueName":"search_term_string"}}],"inLanguage":"es"},{"@type":"Organization","@id":"https:\/\/lospoliticosveracruz.com\/#organization","name":"Los pol\u00edticos Veracruz","url":"https:\/\/lospoliticosveracruz.com\/","logo":{"@type":"ImageObject","inLanguage":"es","@id":"https:\/\/lospoliticosveracruz.com\/#\/schema\/logo\/image\/","url":"https:\/\/lospoliticosveracruz.com\/wp-content\/uploads\/2025\/12\/Logo-Nuevo-LOS-POLITICOS-1.jpg","contentUrl":"https:\/\/lospoliticosveracruz.com\/wp-content\/uploads\/2025\/12\/Logo-Nuevo-LOS-POLITICOS-1.jpg","width":260,"height":70,"caption":"Los pol\u00edticos Veracruz"},"image":{"@id":"https:\/\/lospoliticosveracruz.com\/#\/schema\/logo\/image\/"},"sameAs":["https:\/\/www.facebook.com\/people\/Notimemes-de-los-Polticos\/61565672886568\/","https:\/\/x.com\/LosPoliticosVer"]},{"@type":"Person","@id":"https:\/\/lospoliticosveracruz.com\/#\/schema\/person\/b8702bb0e538456e6efd07080bf2a4a2","name":"Lo viste en Los Pol\u00edticos","image":{"@type":"ImageObject","inLanguage":"es","@id":"https:\/\/secure.gravatar.com\/avatar\/3a8de04a2656d44082be478bd6c086daa447c4651605818287b9532d3d0bd435?s=96&d=mm&r=g","url":"https:\/\/secure.gravatar.com\/avatar\/3a8de04a2656d44082be478bd6c086daa447c4651605818287b9532d3d0bd435?s=96&d=mm&r=g","contentUrl":"https:\/\/secure.gravatar.com\/avatar\/3a8de04a2656d44082be478bd6c086daa447c4651605818287b9532d3d0bd435?s=96&d=mm&r=g","caption":"Lo viste en Los Pol\u00edticos"},"url":"https:\/\/lospoliticosveracruz.com\/?author=2"}]}},"_links":{"self":[{"href":"https:\/\/lospoliticosveracruz.com\/index.php?rest_route=\/wp\/v2\/posts\/35643","targetHints":{"allow":["GET"]}}],"collection":[{"href":"https:\/\/lospoliticosveracruz.com\/index.php?rest_route=\/wp\/v2\/posts"}],"about":[{"href":"https:\/\/lospoliticosveracruz.com\/index.php?rest_route=\/wp\/v2\/types\/post"}],"author":[{"embeddable":true,"href":"https:\/\/lospoliticosveracruz.com\/index.php?rest_route=\/wp\/v2\/users\/2"}],"replies":[{"embeddable":true,"href":"https:\/\/lospoliticosveracruz.com\/index.php?rest_route=%2Fwp%2Fv2%2Fcomments&post=35643"}],"version-history":[{"count":1,"href":"https:\/\/lospoliticosveracruz.com\/index.php?rest_route=\/wp\/v2\/posts\/35643\/revisions"}],"predecessor-version":[{"id":35644,"href":"https:\/\/lospoliticosveracruz.com\/index.php?rest_route=\/wp\/v2\/posts\/35643\/revisions\/35644"}],"wp:attachment":[{"href":"https:\/\/lospoliticosveracruz.com\/index.php?rest_route=%2Fwp%2Fv2%2Fmedia&parent=35643"}],"wp:term":[{"taxonomy":"category","embeddable":true,"href":"https:\/\/lospoliticosveracruz.com\/index.php?rest_route=%2Fwp%2Fv2%2Fcategories&post=35643"},{"taxonomy":"post_tag","embeddable":true,"href":"https:\/\/lospoliticosveracruz.com\/index.php?rest_route=%2Fwp%2Fv2%2Ftags&post=35643"}],"curies":[{"name":"wp","href":"https:\/\/api.w.org\/{rel}","templated":true}]}}