{"id":35645,"date":"2017-08-07T10:59:00","date_gmt":"2017-08-07T15:59:00","guid":{"rendered":"http:\/\/www.lospoliticosveracruz.com.mx\/?p=35645"},"modified":"2017-08-07T10:59:00","modified_gmt":"2017-08-07T15:59:00","slug":"invitados-de-honor","status":"publish","type":"post","link":"https:\/\/lospoliticosveracruz.com\/?p=35645","title":{"rendered":"\u201cInvitados de Honor\u201d"},"content":{"rendered":"<p class=\"x_m_6589613542443278072Standard\" style=\"text-align: left;\" align=\"center\"><strong><span lang=\"ES-MX\">Ricardo V\u00e1zquez Salazar<\/span><\/strong><\/p>\n<p class=\"x_m_6589613542443278072Standard\" style=\"text-align: left;\" align=\"center\"><em><span lang=\"ES-MX\">Esfera Pol\u00edtica<\/span><\/em><\/p>\n<p class=\"x_m_6589613542443278072Standard\" style=\"text-align: left;\" align=\"center\">\n<p class=\"x_m_6589613542443278072Standard\" style=\"text-align: left;\" align=\"center\">\n<p class=\"x_m_6589613542443278072Standard\" style=\"text-align: left;\" align=\"center\"><b><\/b><span lang=\"ES-MX\">Se le est\u00e1n tirando a la yugular al \u201caustero\u201d jefe delegacional de Tl\u00e1huac, Rigoberto Salgado V\u00e1zquez, que en a\u00f1o medio se hizo de una casita de 7 mil metros cuadrados, de tres niveles, que para evitar riesgos cuenta con siete c\u00e1maras de video vigilancia en el exterior de la residencia. La Comisi\u00f3n de Gobierno de la Asamblea Legislativa anunci\u00f3 formalmente el inicio de un juicio de procedencia en contra de Salgado para destituirlo del cargo, acusado de haber tenido v\u00ednculos con Felipe de Jes\u00fas P\u00e9rez Luna, \u201cEl Ojos\u201d. Es un \u201ccompl\u00f3\u201d, dicen los Morenos. \u00a0<\/span><\/p>\n<p class=\"x_MsoNormal\"><span lang=\"ES-MX\">S\u00f3lo falt\u00f3 que a Javier Duarte de Ochoa le concedieran un permiso en el Reclusorio Norte, para estar presente en la comida de la dirigencia nacional del PRI con ex gobernadores emanados de ese partido, para que la familia tricolor estuviera completa, con la dispensa de que los ex gobernadores que est\u00e1n arrestados en otros pa\u00edses: Tom\u00e1s Yarrington, de Tamaulipas, preso en Florencia, Italia, y Roberto Borge, de Quintana Roo, en un penal en Panam\u00e1. estar\u00edan imposibilitados de asistir. El que s\u00ed asisti\u00f3 en representaci\u00f3n de todos ellos, \u201cEl T\u00edo\u201d sonriente, Fidel Herrera Beltr\u00e1n, el mism\u00edsimo creador del Frankenstein llamado Javier Duarte.<\/span><\/p>\n<p class=\"x_MsoNormal\"><span lang=\"ES-MX\">La reuni\u00f3n fue convocada con el prop\u00f3sito de conocer la opini\u00f3n de quienes ya han sido gobernadores, respecto a c\u00f3mo ven el panorama para el partido que les dio poder, dinero e innumerables privilegios.<\/span><\/p>\n<p class=\"x_MsoNormal\"><span lang=\"ES-MX\">Durante el sorpresivo encuentro el s\u00e1bado pasado, en lo absurdo, varios ex gobernadores reconocieron que su partido transita por una etapa bastante complicada para contender en las urnas por la Presidencia de la Rep\u00fablica, un escenario nada f\u00e1cil, por problemas como la inseguridad y la corrupci\u00f3n que golpean al pa\u00eds.<\/span><\/p>\n<p class=\"x_MsoNormal\"><span lang=\"ES-MX\">Militantes de ese partido han manifestado su desaprobaci\u00f3n por haber incluido entre los convocados a \u00a0quienes dejaron un negro rastro a su paso como mandatarios.\u00a0 Lo que fue imposible que varios de ellos reconocieran que fueron contribuyentes de manera perversa, irresponsable e indolente a que las entidades que gobernaron se encuentren en la actualidad muy afectadas en diversas \u00e1reas, dejando como parte de la herencia una delincuencia organizada que ech\u00f3 ra\u00edces muy profundas.<\/span><\/p>\n<p class=\"x_MsoNormal\"><span lang=\"ES-MX\">\u201cLa primera novia a la que hay que enamorar es a la militancia\u201d, expuso a los medios de comunicaci\u00f3n Francisco Labastida Ochoa, ex gobernador de Sinaloa y ex candidato a la presidencia, perdedor ante Vicente Fox.<\/span><\/p>\n<p class=\"x_MsoNormal\"><span lang=\"ES-MX\">Lo que no registra Labastida -para desgracia de su partido-, es que a la novia no la enamoran, sino la pervierten, la alientan a contagiarse de corrupci\u00f3n y la envilecen.<\/span><\/p>\n<p class=\"x_MsoNormal\"><span lang=\"ES-MX\">Algunos de los presentes ese d\u00eda no debieron haber sido invitados y menos haberlos exhibido como \u201cvaliosos activos\u201d del tricolor. No tienen absolutamente nada bueno que aportar a ese instituto pol\u00edtico.<\/span><\/p>\n<p class=\"x_MsoNormal\"><span lang=\"ES-MX\">\u00bfAcaso no se trata de mostrar una cara distinta, de un \u201cNuevo PRI\u201d, de transformaci\u00f3n, renovaci\u00f3n, de dejar atr\u00e1s o a un lado todo lo que ha sido causante de da\u00f1o a la sociedad y motivo de indignaci\u00f3n? \u00a0\u00a0<\/span><\/p>\n<p class=\"x_MsoNormal\"><span lang=\"ES-MX\">\u00bfNo est\u00e1n enterados que en Veracruz las bestialidades cometidas en la Secretar\u00eda de Salud, el atraco a las arcas estatales y la simulaci\u00f3n, todo el desastre comenz\u00f3 en la administraci\u00f3n de Fidel Herrera?<\/span><\/p>\n<p class=\"x_MsoNormal\"><span lang=\"ES-MX\">A Felipe Calder\u00f3n Hinojosa, en el a\u00f1o 2011 lo denunciaron ante la Corte Penal Internacional, CPI, de La Haya, por la comisi\u00f3n de diversos delitos de lesa humanidad, ocurridos en el contexto de \u00a0guerra contra el crimen organizado. No le hicieron ni cosquillas.<\/span><\/p>\n<p class=\"x_MsoNormal\"><span lang=\"ES-MX\">A Javier Duarte de Ochoa lo acaban de denunciar en esa misma Corte Internacional, igual por cr\u00edmenes de lesa humanidad, por el suministro de medicamentos falsos de quimioterapias a inocentes enfermos de c\u00e1ncer, as\u00ed como por 70 mil pruebas ap\u00f3crifas para la detecci\u00f3n del VIH.<\/span><\/p>\n<p class=\"x_MsoNormal\"><span lang=\"ES-MX\">Que no nos sorprenda\u00a0que en el futuro, Karime Mac\u00edas de Duarte, \u201cLa Operadora\u201d, \u00a0regrese a Veracruz \u00a0para contender como candidata a la gubernatura.<\/span><\/p>\n<p class=\"x_MsoNormal\"><span lang=\"ES-MX\">La impunidad sigue lacerando a este pa\u00eds. . \u00a0<\/span><\/p>\n<p><a href=\"mailto:rvazquez002@yahoo.com.mx\" target=\"_blank\" rel=\"noopener noreferrer\"><span lang=\"ES-MX\">rvazquez002@yahoo.com.mx<\/span><\/a><\/p>\n","protected":false},"excerpt":{"rendered":"<p>Ricardo V\u00e1zquez Salazar Esfera Pol\u00edtica Se le est\u00e1n tirando a la yugular al \u201caustero\u201d jefe delegacional de Tl\u00e1huac, Rigoberto Salgado V\u00e1zquez, que en a\u00f1o medio se hizo de una casita de 7 mil metros cuadrados, de tres niveles, que para evitar riesgos cuenta con siete c\u00e1maras de video vigilancia en el exterior de la residencia. [&hellip;]<\/p>\n","protected":false},"author":2,"featured_media":0,"comment_status":"open","ping_status":"open","sticky":false,"template":"","format":"standard","meta":{"tdm_status":"","tdm_grid_status":"","footnotes":""},"categories":[70],"tags":[9104,410,260,9103,1890,476],"class_list":{"0":"post-35645","1":"post","2":"type-post","3":"status-publish","4":"format-standard","6":"category-de-opinion","7":"tag-elojos","8":"tag-fidel-herrera-beltran","9":"tag-javier-duarte-de-ochoa","10":"tag-rigoberto-salgado-vazquez","11":"tag-roberto-borge","12":"tag-tomas-yarrington"},"yoast_head":"<!-- This site is optimized with the Yoast SEO plugin v27.4 - https:\/\/yoast.com\/product\/yoast-seo-wordpress\/ -->\n<title>\u201cInvitados de Honor\u201d - Los pol\u00edticos Veracruz<\/title>\n<meta name=\"robots\" content=\"index, follow, max-snippet:-1, max-image-preview:large, max-video-preview:-1\" \/>\n<link rel=\"canonical\" href=\"https:\/\/lospoliticosveracruz.com\/?p=35645\" \/>\n<meta property=\"og:locale\" content=\"es_ES\" \/>\n<meta property=\"og:type\" content=\"article\" \/>\n<meta property=\"og:title\" content=\"\u201cInvitados de Honor\u201d - Los pol\u00edticos Veracruz\" \/>\n<meta property=\"og:description\" content=\"Ricardo V\u00e1zquez Salazar Esfera Pol\u00edtica Se le est\u00e1n tirando a la yugular al \u201caustero\u201d jefe delegacional de Tl\u00e1huac, Rigoberto Salgado V\u00e1zquez, que en a\u00f1o medio se hizo de una casita de 7 mil metros cuadrados, de tres niveles, que para evitar riesgos cuenta con siete c\u00e1maras de video vigilancia en el exterior de la residencia. [&hellip;]\" \/>\n<meta property=\"og:url\" content=\"https:\/\/lospoliticosveracruz.com\/?p=35645\" \/>\n<meta property=\"og:site_name\" content=\"Los pol\u00edticos Veracruz\" \/>\n<meta property=\"article:publisher\" content=\"https:\/\/www.facebook.com\/people\/Notimemes-de-los-Polticos\/61565672886568\/\" \/>\n<meta property=\"article:published_time\" content=\"2017-08-07T15:59:00+00:00\" \/>\n<meta property=\"og:image\" content=\"https:\/\/lospoliticosveracruz.com\/wp-content\/uploads\/2016\/07\/Logo-Dor.jpg\" \/>\n\t<meta property=\"og:image:width\" content=\"200\" \/>\n\t<meta property=\"og:image:height\" content=\"200\" \/>\n\t<meta property=\"og:image:type\" content=\"image\/jpeg\" \/>\n<meta name=\"author\" content=\"Lo viste en Los Pol\u00edticos\" \/>\n<meta name=\"twitter:card\" content=\"summary_large_image\" \/>\n<meta name=\"twitter:creator\" content=\"@LosPoliticosVer\" \/>\n<meta name=\"twitter:site\" content=\"@LosPoliticosVer\" \/>\n<meta name=\"twitter:label1\" content=\"Escrito por\" \/>\n\t<meta name=\"twitter:data1\" content=\"Lo viste en Los Pol\u00edticos\" \/>\n\t<meta name=\"twitter:label2\" content=\"Tiempo de lectura\" \/>\n\t<meta name=\"twitter:data2\" content=\"3 minutos\" \/>\n<script type=\"application\/ld+json\" class=\"yoast-schema-graph\">{\"@context\":\"https:\\\/\\\/schema.org\",\"@graph\":[{\"@type\":\"Article\",\"@id\":\"https:\\\/\\\/lospoliticosveracruz.com\\\/?p=35645#article\",\"isPartOf\":{\"@id\":\"https:\\\/\\\/lospoliticosveracruz.com\\\/?p=35645\"},\"author\":{\"name\":\"Lo viste en Los Pol\u00edticos\",\"@id\":\"https:\\\/\\\/lospoliticosveracruz.com\\\/#\\\/schema\\\/person\\\/b8702bb0e538456e6efd07080bf2a4a2\"},\"headline\":\"\u201cInvitados de Honor\u201d\",\"datePublished\":\"2017-08-07T15:59:00+00:00\",\"mainEntityOfPage\":{\"@id\":\"https:\\\/\\\/lospoliticosveracruz.com\\\/?p=35645\"},\"wordCount\":702,\"commentCount\":0,\"publisher\":{\"@id\":\"https:\\\/\\\/lospoliticosveracruz.com\\\/#organization\"},\"keywords\":[\"ElOjos\",\"Fidel Herrera Beltr\u00e1n\",\"Javier Duarte de Ochoa\",\"Rigoberto Salgado V\u00e1zquez\",\"Roberto Borge\",\"Tom\u00e1s Yarrington\"],\"articleSection\":[\"De Opini\u00f3n\"],\"inLanguage\":\"es\",\"potentialAction\":[{\"@type\":\"CommentAction\",\"name\":\"Comment\",\"target\":[\"https:\\\/\\\/lospoliticosveracruz.com\\\/?p=35645#respond\"]}]},{\"@type\":\"WebPage\",\"@id\":\"https:\\\/\\\/lospoliticosveracruz.com\\\/?p=35645\",\"url\":\"https:\\\/\\\/lospoliticosveracruz.com\\\/?p=35645\",\"name\":\"\u201cInvitados de Honor\u201d - Los pol\u00edticos Veracruz\",\"isPartOf\":{\"@id\":\"https:\\\/\\\/lospoliticosveracruz.com\\\/#website\"},\"datePublished\":\"2017-08-07T15:59:00+00:00\",\"breadcrumb\":{\"@id\":\"https:\\\/\\\/lospoliticosveracruz.com\\\/?p=35645#breadcrumb\"},\"inLanguage\":\"es\",\"potentialAction\":[{\"@type\":\"ReadAction\",\"target\":[\"https:\\\/\\\/lospoliticosveracruz.com\\\/?p=35645\"]}]},{\"@type\":\"BreadcrumbList\",\"@id\":\"https:\\\/\\\/lospoliticosveracruz.com\\\/?p=35645#breadcrumb\",\"itemListElement\":[{\"@type\":\"ListItem\",\"position\":1,\"name\":\"Portada\",\"item\":\"https:\\\/\\\/lospoliticosveracruz.com\\\/\"},{\"@type\":\"ListItem\",\"position\":2,\"name\":\"\u201cInvitados de Honor\u201d\"}]},{\"@type\":\"WebSite\",\"@id\":\"https:\\\/\\\/lospoliticosveracruz.com\\\/#website\",\"url\":\"https:\\\/\\\/lospoliticosveracruz.com\\\/\",\"name\":\"Los pol\u00edticos Veracruz\",\"description\":\"\",\"publisher\":{\"@id\":\"https:\\\/\\\/lospoliticosveracruz.com\\\/#organization\"},\"potentialAction\":[{\"@type\":\"SearchAction\",\"target\":{\"@type\":\"EntryPoint\",\"urlTemplate\":\"https:\\\/\\\/lospoliticosveracruz.com\\\/?s={search_term_string}\"},\"query-input\":{\"@type\":\"PropertyValueSpecification\",\"valueRequired\":true,\"valueName\":\"search_term_string\"}}],\"inLanguage\":\"es\"},{\"@type\":\"Organization\",\"@id\":\"https:\\\/\\\/lospoliticosveracruz.com\\\/#organization\",\"name\":\"Los pol\u00edticos Veracruz\",\"url\":\"https:\\\/\\\/lospoliticosveracruz.com\\\/\",\"logo\":{\"@type\":\"ImageObject\",\"inLanguage\":\"es\",\"@id\":\"https:\\\/\\\/lospoliticosveracruz.com\\\/#\\\/schema\\\/logo\\\/image\\\/\",\"url\":\"https:\\\/\\\/lospoliticosveracruz.com\\\/wp-content\\\/uploads\\\/2025\\\/12\\\/Logo-Nuevo-LOS-POLITICOS-1.jpg\",\"contentUrl\":\"https:\\\/\\\/lospoliticosveracruz.com\\\/wp-content\\\/uploads\\\/2025\\\/12\\\/Logo-Nuevo-LOS-POLITICOS-1.jpg\",\"width\":260,\"height\":70,\"caption\":\"Los pol\u00edticos Veracruz\"},\"image\":{\"@id\":\"https:\\\/\\\/lospoliticosveracruz.com\\\/#\\\/schema\\\/logo\\\/image\\\/\"},\"sameAs\":[\"https:\\\/\\\/www.facebook.com\\\/people\\\/Notimemes-de-los-Polticos\\\/61565672886568\\\/\",\"https:\\\/\\\/x.com\\\/LosPoliticosVer\"]},{\"@type\":\"Person\",\"@id\":\"https:\\\/\\\/lospoliticosveracruz.com\\\/#\\\/schema\\\/person\\\/b8702bb0e538456e6efd07080bf2a4a2\",\"name\":\"Lo viste en Los Pol\u00edticos\",\"image\":{\"@type\":\"ImageObject\",\"inLanguage\":\"es\",\"@id\":\"https:\\\/\\\/secure.gravatar.com\\\/avatar\\\/3a8de04a2656d44082be478bd6c086daa447c4651605818287b9532d3d0bd435?s=96&d=mm&r=g\",\"url\":\"https:\\\/\\\/secure.gravatar.com\\\/avatar\\\/3a8de04a2656d44082be478bd6c086daa447c4651605818287b9532d3d0bd435?s=96&d=mm&r=g\",\"contentUrl\":\"https:\\\/\\\/secure.gravatar.com\\\/avatar\\\/3a8de04a2656d44082be478bd6c086daa447c4651605818287b9532d3d0bd435?s=96&d=mm&r=g\",\"caption\":\"Lo viste en Los Pol\u00edticos\"},\"url\":\"https:\\\/\\\/lospoliticosveracruz.com\\\/?author=2\"}]}<\/script>\n<!-- \/ Yoast SEO plugin. -->","yoast_head_json":{"title":"\u201cInvitados de Honor\u201d - Los pol\u00edticos Veracruz","robots":{"index":"index","follow":"follow","max-snippet":"max-snippet:-1","max-image-preview":"max-image-preview:large","max-video-preview":"max-video-preview:-1"},"canonical":"https:\/\/lospoliticosveracruz.com\/?p=35645","og_locale":"es_ES","og_type":"article","og_title":"\u201cInvitados de Honor\u201d - Los pol\u00edticos Veracruz","og_description":"Ricardo V\u00e1zquez Salazar Esfera Pol\u00edtica Se le est\u00e1n tirando a la yugular al \u201caustero\u201d jefe delegacional de Tl\u00e1huac, Rigoberto Salgado V\u00e1zquez, que en a\u00f1o medio se hizo de una casita de 7 mil metros cuadrados, de tres niveles, que para evitar riesgos cuenta con siete c\u00e1maras de video vigilancia en el exterior de la residencia. [&hellip;]","og_url":"https:\/\/lospoliticosveracruz.com\/?p=35645","og_site_name":"Los pol\u00edticos Veracruz","article_publisher":"https:\/\/www.facebook.com\/people\/Notimemes-de-los-Polticos\/61565672886568\/","article_published_time":"2017-08-07T15:59:00+00:00","og_image":[{"width":200,"height":200,"url":"https:\/\/lospoliticosveracruz.com\/wp-content\/uploads\/2016\/07\/Logo-Dor.jpg","type":"image\/jpeg"}],"author":"Lo viste en Los Pol\u00edticos","twitter_card":"summary_large_image","twitter_creator":"@LosPoliticosVer","twitter_site":"@LosPoliticosVer","twitter_misc":{"Escrito por":"Lo viste en Los Pol\u00edticos","Tiempo de lectura":"3 minutos"},"schema":{"@context":"https:\/\/schema.org","@graph":[{"@type":"Article","@id":"https:\/\/lospoliticosveracruz.com\/?p=35645#article","isPartOf":{"@id":"https:\/\/lospoliticosveracruz.com\/?p=35645"},"author":{"name":"Lo viste en Los Pol\u00edticos","@id":"https:\/\/lospoliticosveracruz.com\/#\/schema\/person\/b8702bb0e538456e6efd07080bf2a4a2"},"headline":"\u201cInvitados de Honor\u201d","datePublished":"2017-08-07T15:59:00+00:00","mainEntityOfPage":{"@id":"https:\/\/lospoliticosveracruz.com\/?p=35645"},"wordCount":702,"commentCount":0,"publisher":{"@id":"https:\/\/lospoliticosveracruz.com\/#organization"},"keywords":["ElOjos","Fidel Herrera Beltr\u00e1n","Javier Duarte de Ochoa","Rigoberto Salgado V\u00e1zquez","Roberto Borge","Tom\u00e1s Yarrington"],"articleSection":["De Opini\u00f3n"],"inLanguage":"es","potentialAction":[{"@type":"CommentAction","name":"Comment","target":["https:\/\/lospoliticosveracruz.com\/?p=35645#respond"]}]},{"@type":"WebPage","@id":"https:\/\/lospoliticosveracruz.com\/?p=35645","url":"https:\/\/lospoliticosveracruz.com\/?p=35645","name":"\u201cInvitados de Honor\u201d - Los pol\u00edticos Veracruz","isPartOf":{"@id":"https:\/\/lospoliticosveracruz.com\/#website"},"datePublished":"2017-08-07T15:59:00+00:00","breadcrumb":{"@id":"https:\/\/lospoliticosveracruz.com\/?p=35645#breadcrumb"},"inLanguage":"es","potentialAction":[{"@type":"ReadAction","target":["https:\/\/lospoliticosveracruz.com\/?p=35645"]}]},{"@type":"BreadcrumbList","@id":"https:\/\/lospoliticosveracruz.com\/?p=35645#breadcrumb","itemListElement":[{"@type":"ListItem","position":1,"name":"Portada","item":"https:\/\/lospoliticosveracruz.com\/"},{"@type":"ListItem","position":2,"name":"\u201cInvitados de Honor\u201d"}]},{"@type":"WebSite","@id":"https:\/\/lospoliticosveracruz.com\/#website","url":"https:\/\/lospoliticosveracruz.com\/","name":"Los pol\u00edticos Veracruz","description":"","publisher":{"@id":"https:\/\/lospoliticosveracruz.com\/#organization"},"potentialAction":[{"@type":"SearchAction","target":{"@type":"EntryPoint","urlTemplate":"https:\/\/lospoliticosveracruz.com\/?s={search_term_string}"},"query-input":{"@type":"PropertyValueSpecification","valueRequired":true,"valueName":"search_term_string"}}],"inLanguage":"es"},{"@type":"Organization","@id":"https:\/\/lospoliticosveracruz.com\/#organization","name":"Los pol\u00edticos Veracruz","url":"https:\/\/lospoliticosveracruz.com\/","logo":{"@type":"ImageObject","inLanguage":"es","@id":"https:\/\/lospoliticosveracruz.com\/#\/schema\/logo\/image\/","url":"https:\/\/lospoliticosveracruz.com\/wp-content\/uploads\/2025\/12\/Logo-Nuevo-LOS-POLITICOS-1.jpg","contentUrl":"https:\/\/lospoliticosveracruz.com\/wp-content\/uploads\/2025\/12\/Logo-Nuevo-LOS-POLITICOS-1.jpg","width":260,"height":70,"caption":"Los pol\u00edticos Veracruz"},"image":{"@id":"https:\/\/lospoliticosveracruz.com\/#\/schema\/logo\/image\/"},"sameAs":["https:\/\/www.facebook.com\/people\/Notimemes-de-los-Polticos\/61565672886568\/","https:\/\/x.com\/LosPoliticosVer"]},{"@type":"Person","@id":"https:\/\/lospoliticosveracruz.com\/#\/schema\/person\/b8702bb0e538456e6efd07080bf2a4a2","name":"Lo viste en Los Pol\u00edticos","image":{"@type":"ImageObject","inLanguage":"es","@id":"https:\/\/secure.gravatar.com\/avatar\/3a8de04a2656d44082be478bd6c086daa447c4651605818287b9532d3d0bd435?s=96&d=mm&r=g","url":"https:\/\/secure.gravatar.com\/avatar\/3a8de04a2656d44082be478bd6c086daa447c4651605818287b9532d3d0bd435?s=96&d=mm&r=g","contentUrl":"https:\/\/secure.gravatar.com\/avatar\/3a8de04a2656d44082be478bd6c086daa447c4651605818287b9532d3d0bd435?s=96&d=mm&r=g","caption":"Lo viste en Los Pol\u00edticos"},"url":"https:\/\/lospoliticosveracruz.com\/?author=2"}]}},"_links":{"self":[{"href":"https:\/\/lospoliticosveracruz.com\/index.php?rest_route=\/wp\/v2\/posts\/35645","targetHints":{"allow":["GET"]}}],"collection":[{"href":"https:\/\/lospoliticosveracruz.com\/index.php?rest_route=\/wp\/v2\/posts"}],"about":[{"href":"https:\/\/lospoliticosveracruz.com\/index.php?rest_route=\/wp\/v2\/types\/post"}],"author":[{"embeddable":true,"href":"https:\/\/lospoliticosveracruz.com\/index.php?rest_route=\/wp\/v2\/users\/2"}],"replies":[{"embeddable":true,"href":"https:\/\/lospoliticosveracruz.com\/index.php?rest_route=%2Fwp%2Fv2%2Fcomments&post=35645"}],"version-history":[{"count":1,"href":"https:\/\/lospoliticosveracruz.com\/index.php?rest_route=\/wp\/v2\/posts\/35645\/revisions"}],"predecessor-version":[{"id":35646,"href":"https:\/\/lospoliticosveracruz.com\/index.php?rest_route=\/wp\/v2\/posts\/35645\/revisions\/35646"}],"wp:attachment":[{"href":"https:\/\/lospoliticosveracruz.com\/index.php?rest_route=%2Fwp%2Fv2%2Fmedia&parent=35645"}],"wp:term":[{"taxonomy":"category","embeddable":true,"href":"https:\/\/lospoliticosveracruz.com\/index.php?rest_route=%2Fwp%2Fv2%2Fcategories&post=35645"},{"taxonomy":"post_tag","embeddable":true,"href":"https:\/\/lospoliticosveracruz.com\/index.php?rest_route=%2Fwp%2Fv2%2Ftags&post=35645"}],"curies":[{"name":"wp","href":"https:\/\/api.w.org\/{rel}","templated":true}]}}