{"id":35930,"date":"2017-08-21T22:55:41","date_gmt":"2017-08-22T03:55:41","guid":{"rendered":"http:\/\/www.lospoliticosveracruz.com.mx\/?p=35930"},"modified":"2017-08-21T20:09:35","modified_gmt":"2017-08-22T01:09:35","slug":"imss-con-olor-a-milagro","status":"publish","type":"post","link":"https:\/\/lospoliticosveracruz.com\/?p=35930","title":{"rendered":"IMSS, con olor a milagro"},"content":{"rendered":"<p><strong>Salvador Mu\u00f1oz<\/strong><\/p>\n<p><em>Los Pol\u00edticos<\/em><\/p>\n<p>&nbsp;<\/p>\n<p>El olor a chocolate me alter\u00f3 los sentidos&#8230; pasamos y vimos sobre una mesa larga, platos con tamal ranchero, piezas de pan, gelatina acompa\u00f1ados de algo que ya no s\u00e9 si era arroz con leche, adem\u00e1s de chocolate y agua fresca sabor naranja&#8230; como s\u00e9 que la Mujer lo sabe todo y lo que no, lo inventa, le pregunt\u00e9 el porqu\u00e9 estaban esos platillos ah\u00ed: \u201cdel Voluntariado del IMSS\u201d&#8230;<\/p>\n<p>Por azares del destino, llegamos al Seguro Social&#8230; han sido semanas dif\u00edciles, o creo que va para un mes o m\u00e1s, que creo que de no ser por varias personas que de un modo u otro se cruzan en nuestro camino, el trance ser\u00eda m\u00e1s dif\u00edcil&#8230;<\/p>\n<p>II<\/p>\n<p>La Mujer tuvo que ir a otro edificio de la Cl\u00ednica 11 para solicitar un expediente mientras me dej\u00f3 platicando con el fot\u00f3grafo Jos\u00e9 Luis Cano, quien satisfizo mi curiosidad culinaria: todos los d\u00edas, un grupo de mujeres con delantales naranjas y un coraz\u00f3n color verde, invita un desayuno o una cena (auspiciados por departamentos del mismo Seguro Social) a los familiares de pacientes que convalecen en las entra\u00f1as de este hospital&#8230; van llegando y forman una hilera de diez, quince, 20 o m\u00e1s personas&#8230; j\u00f3venes, ancianos, ni\u00f1os, embarazadas, una gama interesante de gente se re\u00fane y entonces, aparece la doctora Evelia Landa Mora. El fot\u00f3grafo me la presenta. Es la presidenta del Promotorado Voluntario del IMSS delegaci\u00f3n Norte, quien de inmediato se dirige hacia quienes esperan el desayuno.<\/p>\n<p>\u00a1El Gel Antibacterial entra en acci\u00f3n! Una Promotora explica a los asistentes c\u00f3mo emplearlo, frotarlo en sus manos y culminan con un \u201c\u00a1\u00a1\u00a1Manos limpias!!!\u201d, que a pesar del ayuno, se oye fuerte.<\/p>\n<p><a href=\"http:\/\/www.lospoliticosveracruz.com.mx\/wp-content\/uploads\/2017\/08\/IMSS-Mesa-comida-2.jpeg\"><img loading=\"lazy\" decoding=\"async\" class=\"aligncenter size-full wp-image-35933\" src=\"http:\/\/www.lospoliticosveracruz.com.mx\/wp-content\/uploads\/2017\/08\/IMSS-Mesa-comida-2.jpeg\" alt=\"IMSS Mesa comida 2\" width=\"600\" height=\"393\" \/><\/a><\/p>\n<p>III<\/p>\n<p>Pasan los primeros de la fila a la larga mesa y ocurre algo maravilloso&#8230; el se\u00f1or no se atreve a tomar el plato hasta que una dama del Promotorado se lo ofrece en las manos a la vez que le invitan chocolate o agua fresca. Digo que es \u201cMaravilloso\u201d porque si bien, los alimentos son de manera gratuita, muchas personas esperan a que les ofrezcan antes que tomarlos.<\/p>\n<p>Dos mujeres a mi lado saborean sus platillos. No puedo evitar escuchar la culminaci\u00f3n de sus alimentos: \u201cTodav\u00eda hay gente buena&#8230; Gracias a Dios&#8230;\u201d y mi postre espiritual: \u201cas\u00ed deber\u00edamos ser todos con el pr\u00f3jimo&#8230; Gracias a Dios\u201d.<\/p>\n<p>Me ofrecen pasar por un platillo&#8230; tengo un chingo de hambre pero me niego&#8230; no me siento merecedor de \u00e9l&#8230;<\/p>\n<p>Veo a un matrimonio tomados del brazo, dubitativos antes de bajar cuatro o cinco escalones. Me hacen recordar mis a\u00f1os mozos de barman o garrotero. Mientras cedo mi brazo a esa dama, con la otra confirmo que a\u00fan tengo el \u201cmarambo\u201d para sostener un plato y un vaso en perfecto equilibrio.<\/p>\n<p>IV<\/p>\n<p>Tras cuatro o cinco hileras, los tamales volaron, los panes se terminaron y algunos alcanzaron s\u00f3lo chocolate. No me pude negar a la invitaci\u00f3n esta vez, porque una doctora me puso en las manos un vaso con agua fresca de naranja y un tamal. Cuando algunas personas apenas iban pegando media vuelta, el grito de la doctora Evelia Landa los puso en alto: \u201c\u00a1Esperen! \u00a1Esperen!\u201d; se regresan \u00a1y aparece la multiplicaci\u00f3n de los pambazos!<\/p>\n<p>Alrededor del edificio de la Cl\u00ednica 11, hombres y mujeres descansan y lo juro, no s\u00f3lo se alimentan de pan y chocolate, sino tambi\u00e9n de esperanza, porque me dicen que una vez que el Promotorado Voluntario del IMSS recoge las mesas del desayunador, se preparan para ir a los pasillos del Hospital, con varios objetivos pero sustentados en una premisa simple: Invitar&#8230;<\/p>\n<p>Invitar a la Ludoteca donde exhiben pel\u00edculas para ni\u00f1os, talleres educativos o juegos de mesa donde pueden participar padres e hijos&#8230;<\/p>\n<p>Invitar a participar en esos cursos de manualidades \u201cfast track\u201d para familiares o pacientes, donde les entregan material, se entretienen y hasta se llevan su manualidad&#8230;<\/p>\n<p>Invitar a escuchar, a platicar, para despu\u00e9s orientar al familiar de quien est\u00e1 all\u00e1, adentro&#8230;<\/p>\n<p>Son m\u00e1s de 200 mujeres del Promotorado Voluntario del IMSS las que participan en Xalapa, Cardel, en el Puerto jarocho, Poza Rica, Mart\u00ednez de la Torre y Tuxpan.<\/p>\n<p>V<\/p>\n<p>Alguien me cuenta que la doctora Evelia Landa est\u00e1 llevando a cabo un Proyecto de Sillas de Acompa\u00f1amiento. De inmediato, record\u00e9 aquella ocasi\u00f3n que acompa\u00f1\u00e9 a mi amigo de la infancia Adri\u00e1n Espinosa, cuando tuvo algo como una apendicitis y estuvo internado en el IMSS. \u00c9ramos adolescentes y me qued\u00e9 a acompa\u00f1arlo una ocasi\u00f3n. La camarader\u00eda hizo que pretendiera cederme espacio en su cama y una enfermera nos llam\u00f3 la atenci\u00f3n&#8230; \u00a1a dormir a la silla! Bueno, esas sillas de acompa\u00f1amiento que ofrece el Promotorado Voluntario del IMSS delegaci\u00f3n Norte, se desplazan y se convierten en unas \u201ccamas\u201d, lo que es seguro que permita que se haga menos pesada la noche&#8230;<\/p>\n<p>Tambi\u00e9n hablan de otros proyectos para mujeres con c\u00e1ncer de mama y muchos m\u00e1s que tienen en mente&#8230;<\/p>\n<p>No recuerdo si le dec\u00eda al fot\u00f3grafo Jos\u00e9 Luis Cano que a veces vinimos tan ensimismados en nuestros problemas que luego pasamos al lado de peque\u00f1os milagros y no nos damos cuenta de ellos&#8230; \u00a1a menos que huelan a chocolate!<\/p>\n<p>smcainito@gmail.com<\/p>\n","protected":false},"excerpt":{"rendered":"<p>Salvador Mu\u00f1oz Los Pol\u00edticos &nbsp; El olor a chocolate me alter\u00f3 los sentidos&#8230; pasamos y vimos sobre una mesa larga, platos con tamal ranchero, piezas de pan, gelatina acompa\u00f1ados de algo que ya no s\u00e9 si era arroz con leche, adem\u00e1s de chocolate y agua fresca sabor naranja&#8230; como s\u00e9 que la Mujer lo sabe [&hellip;]<\/p>\n","protected":false},"author":2,"featured_media":0,"comment_status":"open","ping_status":"open","sticky":false,"template":"","format":"standard","meta":{"tdm_status":"","tdm_grid_status":"","footnotes":""},"categories":[70],"tags":[9223,1208,9222,9224],"class_list":{"0":"post-35930","1":"post","2":"type-post","3":"status-publish","4":"format-standard","6":"category-de-opinion","7":"tag-evelia-landa-mora","8":"tag-imss","9":"tag-jose-luis-cano","10":"tag-promotorado-voluntario-del-imss"},"yoast_head":"<!-- This site is optimized with the Yoast SEO plugin v27.4 - https:\/\/yoast.com\/product\/yoast-seo-wordpress\/ -->\n<title>IMSS, con olor a milagro - Los pol\u00edticos Veracruz<\/title>\n<meta name=\"robots\" content=\"index, follow, max-snippet:-1, max-image-preview:large, max-video-preview:-1\" \/>\n<link rel=\"canonical\" href=\"https:\/\/lospoliticosveracruz.com\/?p=35930\" \/>\n<meta property=\"og:locale\" content=\"es_ES\" \/>\n<meta property=\"og:type\" content=\"article\" \/>\n<meta property=\"og:title\" content=\"IMSS, con olor a milagro - Los pol\u00edticos Veracruz\" \/>\n<meta property=\"og:description\" content=\"Salvador Mu\u00f1oz Los Pol\u00edticos &nbsp; El olor a chocolate me alter\u00f3 los sentidos&#8230; pasamos y vimos sobre una mesa larga, platos con tamal ranchero, piezas de pan, gelatina acompa\u00f1ados de algo que ya no s\u00e9 si era arroz con leche, adem\u00e1s de chocolate y agua fresca sabor naranja&#8230; como s\u00e9 que la Mujer lo sabe [&hellip;]\" \/>\n<meta property=\"og:url\" content=\"https:\/\/lospoliticosveracruz.com\/?p=35930\" \/>\n<meta property=\"og:site_name\" content=\"Los pol\u00edticos Veracruz\" \/>\n<meta property=\"article:publisher\" content=\"https:\/\/www.facebook.com\/people\/Notimemes-de-los-Polticos\/61565672886568\/\" \/>\n<meta property=\"article:published_time\" content=\"2017-08-22T03:55:41+00:00\" \/>\n<meta property=\"og:image\" content=\"http:\/\/www.lospoliticosveracruz.com.mx\/wp-content\/uploads\/2017\/08\/IMSS-Mesa-comida-2.jpeg\" \/>\n<meta name=\"author\" content=\"Lo viste en Los Pol\u00edticos\" \/>\n<meta name=\"twitter:card\" content=\"summary_large_image\" \/>\n<meta name=\"twitter:creator\" content=\"@LosPoliticosVer\" \/>\n<meta name=\"twitter:site\" content=\"@LosPoliticosVer\" \/>\n<meta name=\"twitter:label1\" content=\"Escrito por\" \/>\n\t<meta name=\"twitter:data1\" content=\"Lo viste en Los Pol\u00edticos\" \/>\n\t<meta name=\"twitter:label2\" content=\"Tiempo de lectura\" \/>\n\t<meta name=\"twitter:data2\" content=\"5 minutos\" \/>\n<script type=\"application\/ld+json\" class=\"yoast-schema-graph\">{\"@context\":\"https:\\\/\\\/schema.org\",\"@graph\":[{\"@type\":\"Article\",\"@id\":\"https:\\\/\\\/lospoliticosveracruz.com\\\/?p=35930#article\",\"isPartOf\":{\"@id\":\"https:\\\/\\\/lospoliticosveracruz.com\\\/?p=35930\"},\"author\":{\"name\":\"Lo viste en Los Pol\u00edticos\",\"@id\":\"https:\\\/\\\/lospoliticosveracruz.com\\\/#\\\/schema\\\/person\\\/b8702bb0e538456e6efd07080bf2a4a2\"},\"headline\":\"IMSS, con olor a milagro\",\"datePublished\":\"2017-08-22T03:55:41+00:00\",\"mainEntityOfPage\":{\"@id\":\"https:\\\/\\\/lospoliticosveracruz.com\\\/?p=35930\"},\"wordCount\":916,\"commentCount\":0,\"publisher\":{\"@id\":\"https:\\\/\\\/lospoliticosveracruz.com\\\/#organization\"},\"image\":{\"@id\":\"https:\\\/\\\/lospoliticosveracruz.com\\\/?p=35930#primaryimage\"},\"thumbnailUrl\":\"http:\\\/\\\/www.lospoliticosveracruz.com.mx\\\/wp-content\\\/uploads\\\/2017\\\/08\\\/IMSS-Mesa-comida-2.jpeg\",\"keywords\":[\"Evelia Landa Mora\",\"IMSS\",\"Jos\u00e9 Luis Cano\",\"Promotorado Voluntario del IMSS\"],\"articleSection\":[\"De Opini\u00f3n\"],\"inLanguage\":\"es\",\"potentialAction\":[{\"@type\":\"CommentAction\",\"name\":\"Comment\",\"target\":[\"https:\\\/\\\/lospoliticosveracruz.com\\\/?p=35930#respond\"]}]},{\"@type\":\"WebPage\",\"@id\":\"https:\\\/\\\/lospoliticosveracruz.com\\\/?p=35930\",\"url\":\"https:\\\/\\\/lospoliticosveracruz.com\\\/?p=35930\",\"name\":\"IMSS, con olor a milagro - Los pol\u00edticos Veracruz\",\"isPartOf\":{\"@id\":\"https:\\\/\\\/lospoliticosveracruz.com\\\/#website\"},\"primaryImageOfPage\":{\"@id\":\"https:\\\/\\\/lospoliticosveracruz.com\\\/?p=35930#primaryimage\"},\"image\":{\"@id\":\"https:\\\/\\\/lospoliticosveracruz.com\\\/?p=35930#primaryimage\"},\"thumbnailUrl\":\"http:\\\/\\\/www.lospoliticosveracruz.com.mx\\\/wp-content\\\/uploads\\\/2017\\\/08\\\/IMSS-Mesa-comida-2.jpeg\",\"datePublished\":\"2017-08-22T03:55:41+00:00\",\"breadcrumb\":{\"@id\":\"https:\\\/\\\/lospoliticosveracruz.com\\\/?p=35930#breadcrumb\"},\"inLanguage\":\"es\",\"potentialAction\":[{\"@type\":\"ReadAction\",\"target\":[\"https:\\\/\\\/lospoliticosveracruz.com\\\/?p=35930\"]}]},{\"@type\":\"ImageObject\",\"inLanguage\":\"es\",\"@id\":\"https:\\\/\\\/lospoliticosveracruz.com\\\/?p=35930#primaryimage\",\"url\":\"http:\\\/\\\/www.lospoliticosveracruz.com.mx\\\/wp-content\\\/uploads\\\/2017\\\/08\\\/IMSS-Mesa-comida-2.jpeg\",\"contentUrl\":\"http:\\\/\\\/www.lospoliticosveracruz.com.mx\\\/wp-content\\\/uploads\\\/2017\\\/08\\\/IMSS-Mesa-comida-2.jpeg\"},{\"@type\":\"BreadcrumbList\",\"@id\":\"https:\\\/\\\/lospoliticosveracruz.com\\\/?p=35930#breadcrumb\",\"itemListElement\":[{\"@type\":\"ListItem\",\"position\":1,\"name\":\"Portada\",\"item\":\"https:\\\/\\\/lospoliticosveracruz.com\\\/\"},{\"@type\":\"ListItem\",\"position\":2,\"name\":\"IMSS, con olor a milagro\"}]},{\"@type\":\"WebSite\",\"@id\":\"https:\\\/\\\/lospoliticosveracruz.com\\\/#website\",\"url\":\"https:\\\/\\\/lospoliticosveracruz.com\\\/\",\"name\":\"Los pol\u00edticos Veracruz\",\"description\":\"\",\"publisher\":{\"@id\":\"https:\\\/\\\/lospoliticosveracruz.com\\\/#organization\"},\"potentialAction\":[{\"@type\":\"SearchAction\",\"target\":{\"@type\":\"EntryPoint\",\"urlTemplate\":\"https:\\\/\\\/lospoliticosveracruz.com\\\/?s={search_term_string}\"},\"query-input\":{\"@type\":\"PropertyValueSpecification\",\"valueRequired\":true,\"valueName\":\"search_term_string\"}}],\"inLanguage\":\"es\"},{\"@type\":\"Organization\",\"@id\":\"https:\\\/\\\/lospoliticosveracruz.com\\\/#organization\",\"name\":\"Los pol\u00edticos Veracruz\",\"url\":\"https:\\\/\\\/lospoliticosveracruz.com\\\/\",\"logo\":{\"@type\":\"ImageObject\",\"inLanguage\":\"es\",\"@id\":\"https:\\\/\\\/lospoliticosveracruz.com\\\/#\\\/schema\\\/logo\\\/image\\\/\",\"url\":\"https:\\\/\\\/lospoliticosveracruz.com\\\/wp-content\\\/uploads\\\/2025\\\/12\\\/Logo-Nuevo-LOS-POLITICOS-1.jpg\",\"contentUrl\":\"https:\\\/\\\/lospoliticosveracruz.com\\\/wp-content\\\/uploads\\\/2025\\\/12\\\/Logo-Nuevo-LOS-POLITICOS-1.jpg\",\"width\":260,\"height\":70,\"caption\":\"Los pol\u00edticos Veracruz\"},\"image\":{\"@id\":\"https:\\\/\\\/lospoliticosveracruz.com\\\/#\\\/schema\\\/logo\\\/image\\\/\"},\"sameAs\":[\"https:\\\/\\\/www.facebook.com\\\/people\\\/Notimemes-de-los-Polticos\\\/61565672886568\\\/\",\"https:\\\/\\\/x.com\\\/LosPoliticosVer\"]},{\"@type\":\"Person\",\"@id\":\"https:\\\/\\\/lospoliticosveracruz.com\\\/#\\\/schema\\\/person\\\/b8702bb0e538456e6efd07080bf2a4a2\",\"name\":\"Lo viste en Los Pol\u00edticos\",\"image\":{\"@type\":\"ImageObject\",\"inLanguage\":\"es\",\"@id\":\"https:\\\/\\\/secure.gravatar.com\\\/avatar\\\/3a8de04a2656d44082be478bd6c086daa447c4651605818287b9532d3d0bd435?s=96&d=mm&r=g\",\"url\":\"https:\\\/\\\/secure.gravatar.com\\\/avatar\\\/3a8de04a2656d44082be478bd6c086daa447c4651605818287b9532d3d0bd435?s=96&d=mm&r=g\",\"contentUrl\":\"https:\\\/\\\/secure.gravatar.com\\\/avatar\\\/3a8de04a2656d44082be478bd6c086daa447c4651605818287b9532d3d0bd435?s=96&d=mm&r=g\",\"caption\":\"Lo viste en Los Pol\u00edticos\"},\"url\":\"https:\\\/\\\/lospoliticosveracruz.com\\\/?author=2\"}]}<\/script>\n<!-- \/ Yoast SEO plugin. -->","yoast_head_json":{"title":"IMSS, con olor a milagro - Los pol\u00edticos Veracruz","robots":{"index":"index","follow":"follow","max-snippet":"max-snippet:-1","max-image-preview":"max-image-preview:large","max-video-preview":"max-video-preview:-1"},"canonical":"https:\/\/lospoliticosveracruz.com\/?p=35930","og_locale":"es_ES","og_type":"article","og_title":"IMSS, con olor a milagro - Los pol\u00edticos Veracruz","og_description":"Salvador Mu\u00f1oz Los Pol\u00edticos &nbsp; El olor a chocolate me alter\u00f3 los sentidos&#8230; pasamos y vimos sobre una mesa larga, platos con tamal ranchero, piezas de pan, gelatina acompa\u00f1ados de algo que ya no s\u00e9 si era arroz con leche, adem\u00e1s de chocolate y agua fresca sabor naranja&#8230; como s\u00e9 que la Mujer lo sabe [&hellip;]","og_url":"https:\/\/lospoliticosveracruz.com\/?p=35930","og_site_name":"Los pol\u00edticos Veracruz","article_publisher":"https:\/\/www.facebook.com\/people\/Notimemes-de-los-Polticos\/61565672886568\/","article_published_time":"2017-08-22T03:55:41+00:00","og_image":[{"url":"http:\/\/www.lospoliticosveracruz.com.mx\/wp-content\/uploads\/2017\/08\/IMSS-Mesa-comida-2.jpeg","type":"","width":"","height":""}],"author":"Lo viste en Los Pol\u00edticos","twitter_card":"summary_large_image","twitter_creator":"@LosPoliticosVer","twitter_site":"@LosPoliticosVer","twitter_misc":{"Escrito por":"Lo viste en Los Pol\u00edticos","Tiempo de lectura":"5 minutos"},"schema":{"@context":"https:\/\/schema.org","@graph":[{"@type":"Article","@id":"https:\/\/lospoliticosveracruz.com\/?p=35930#article","isPartOf":{"@id":"https:\/\/lospoliticosveracruz.com\/?p=35930"},"author":{"name":"Lo viste en Los Pol\u00edticos","@id":"https:\/\/lospoliticosveracruz.com\/#\/schema\/person\/b8702bb0e538456e6efd07080bf2a4a2"},"headline":"IMSS, con olor a milagro","datePublished":"2017-08-22T03:55:41+00:00","mainEntityOfPage":{"@id":"https:\/\/lospoliticosveracruz.com\/?p=35930"},"wordCount":916,"commentCount":0,"publisher":{"@id":"https:\/\/lospoliticosveracruz.com\/#organization"},"image":{"@id":"https:\/\/lospoliticosveracruz.com\/?p=35930#primaryimage"},"thumbnailUrl":"http:\/\/www.lospoliticosveracruz.com.mx\/wp-content\/uploads\/2017\/08\/IMSS-Mesa-comida-2.jpeg","keywords":["Evelia Landa Mora","IMSS","Jos\u00e9 Luis Cano","Promotorado Voluntario del IMSS"],"articleSection":["De Opini\u00f3n"],"inLanguage":"es","potentialAction":[{"@type":"CommentAction","name":"Comment","target":["https:\/\/lospoliticosveracruz.com\/?p=35930#respond"]}]},{"@type":"WebPage","@id":"https:\/\/lospoliticosveracruz.com\/?p=35930","url":"https:\/\/lospoliticosveracruz.com\/?p=35930","name":"IMSS, con olor a milagro - Los pol\u00edticos Veracruz","isPartOf":{"@id":"https:\/\/lospoliticosveracruz.com\/#website"},"primaryImageOfPage":{"@id":"https:\/\/lospoliticosveracruz.com\/?p=35930#primaryimage"},"image":{"@id":"https:\/\/lospoliticosveracruz.com\/?p=35930#primaryimage"},"thumbnailUrl":"http:\/\/www.lospoliticosveracruz.com.mx\/wp-content\/uploads\/2017\/08\/IMSS-Mesa-comida-2.jpeg","datePublished":"2017-08-22T03:55:41+00:00","breadcrumb":{"@id":"https:\/\/lospoliticosveracruz.com\/?p=35930#breadcrumb"},"inLanguage":"es","potentialAction":[{"@type":"ReadAction","target":["https:\/\/lospoliticosveracruz.com\/?p=35930"]}]},{"@type":"ImageObject","inLanguage":"es","@id":"https:\/\/lospoliticosveracruz.com\/?p=35930#primaryimage","url":"http:\/\/www.lospoliticosveracruz.com.mx\/wp-content\/uploads\/2017\/08\/IMSS-Mesa-comida-2.jpeg","contentUrl":"http:\/\/www.lospoliticosveracruz.com.mx\/wp-content\/uploads\/2017\/08\/IMSS-Mesa-comida-2.jpeg"},{"@type":"BreadcrumbList","@id":"https:\/\/lospoliticosveracruz.com\/?p=35930#breadcrumb","itemListElement":[{"@type":"ListItem","position":1,"name":"Portada","item":"https:\/\/lospoliticosveracruz.com\/"},{"@type":"ListItem","position":2,"name":"IMSS, con olor a milagro"}]},{"@type":"WebSite","@id":"https:\/\/lospoliticosveracruz.com\/#website","url":"https:\/\/lospoliticosveracruz.com\/","name":"Los pol\u00edticos Veracruz","description":"","publisher":{"@id":"https:\/\/lospoliticosveracruz.com\/#organization"},"potentialAction":[{"@type":"SearchAction","target":{"@type":"EntryPoint","urlTemplate":"https:\/\/lospoliticosveracruz.com\/?s={search_term_string}"},"query-input":{"@type":"PropertyValueSpecification","valueRequired":true,"valueName":"search_term_string"}}],"inLanguage":"es"},{"@type":"Organization","@id":"https:\/\/lospoliticosveracruz.com\/#organization","name":"Los pol\u00edticos Veracruz","url":"https:\/\/lospoliticosveracruz.com\/","logo":{"@type":"ImageObject","inLanguage":"es","@id":"https:\/\/lospoliticosveracruz.com\/#\/schema\/logo\/image\/","url":"https:\/\/lospoliticosveracruz.com\/wp-content\/uploads\/2025\/12\/Logo-Nuevo-LOS-POLITICOS-1.jpg","contentUrl":"https:\/\/lospoliticosveracruz.com\/wp-content\/uploads\/2025\/12\/Logo-Nuevo-LOS-POLITICOS-1.jpg","width":260,"height":70,"caption":"Los pol\u00edticos Veracruz"},"image":{"@id":"https:\/\/lospoliticosveracruz.com\/#\/schema\/logo\/image\/"},"sameAs":["https:\/\/www.facebook.com\/people\/Notimemes-de-los-Polticos\/61565672886568\/","https:\/\/x.com\/LosPoliticosVer"]},{"@type":"Person","@id":"https:\/\/lospoliticosveracruz.com\/#\/schema\/person\/b8702bb0e538456e6efd07080bf2a4a2","name":"Lo viste en Los Pol\u00edticos","image":{"@type":"ImageObject","inLanguage":"es","@id":"https:\/\/secure.gravatar.com\/avatar\/3a8de04a2656d44082be478bd6c086daa447c4651605818287b9532d3d0bd435?s=96&d=mm&r=g","url":"https:\/\/secure.gravatar.com\/avatar\/3a8de04a2656d44082be478bd6c086daa447c4651605818287b9532d3d0bd435?s=96&d=mm&r=g","contentUrl":"https:\/\/secure.gravatar.com\/avatar\/3a8de04a2656d44082be478bd6c086daa447c4651605818287b9532d3d0bd435?s=96&d=mm&r=g","caption":"Lo viste en Los Pol\u00edticos"},"url":"https:\/\/lospoliticosveracruz.com\/?author=2"}]}},"_links":{"self":[{"href":"https:\/\/lospoliticosveracruz.com\/index.php?rest_route=\/wp\/v2\/posts\/35930","targetHints":{"allow":["GET"]}}],"collection":[{"href":"https:\/\/lospoliticosveracruz.com\/index.php?rest_route=\/wp\/v2\/posts"}],"about":[{"href":"https:\/\/lospoliticosveracruz.com\/index.php?rest_route=\/wp\/v2\/types\/post"}],"author":[{"embeddable":true,"href":"https:\/\/lospoliticosveracruz.com\/index.php?rest_route=\/wp\/v2\/users\/2"}],"replies":[{"embeddable":true,"href":"https:\/\/lospoliticosveracruz.com\/index.php?rest_route=%2Fwp%2Fv2%2Fcomments&post=35930"}],"version-history":[{"count":2,"href":"https:\/\/lospoliticosveracruz.com\/index.php?rest_route=\/wp\/v2\/posts\/35930\/revisions"}],"predecessor-version":[{"id":35934,"href":"https:\/\/lospoliticosveracruz.com\/index.php?rest_route=\/wp\/v2\/posts\/35930\/revisions\/35934"}],"wp:attachment":[{"href":"https:\/\/lospoliticosveracruz.com\/index.php?rest_route=%2Fwp%2Fv2%2Fmedia&parent=35930"}],"wp:term":[{"taxonomy":"category","embeddable":true,"href":"https:\/\/lospoliticosveracruz.com\/index.php?rest_route=%2Fwp%2Fv2%2Fcategories&post=35930"},{"taxonomy":"post_tag","embeddable":true,"href":"https:\/\/lospoliticosveracruz.com\/index.php?rest_route=%2Fwp%2Fv2%2Ftags&post=35930"}],"curies":[{"name":"wp","href":"https:\/\/api.w.org\/{rel}","templated":true}]}}