{"id":35949,"date":"2017-08-22T11:05:39","date_gmt":"2017-08-22T16:05:39","guid":{"rendered":"http:\/\/www.lospoliticosveracruz.com.mx\/?p=35949"},"modified":"2017-08-22T11:05:39","modified_gmt":"2017-08-22T16:05:39","slug":"la-misma-ruta-que-elba-esther","status":"publish","type":"post","link":"https:\/\/lospoliticosveracruz.com\/?p=35949","title":{"rendered":"La misma ruta que Elba Esther"},"content":{"rendered":"<p class=\"x_m_7696317649477347154Standard\" style=\"text-align: left;\" align=\"center\"><b><span lang=\"ES-MX\">Esfera Pol\u00edtica<\/span><\/b><\/p>\n<p class=\"x_m_7696317649477347154Standard\" style=\"text-align: left;\" align=\"center\"><span lang=\"ES-MX\">Ricardo V\u00e1zquez Salazar<\/span><\/p>\n<p class=\"x_m_7696317649477347154Standard\" align=\"center\">\n<p class=\"x_m_7696317649477347154Standard\" style=\"text-align: left;\" align=\"center\"><b><\/b><span lang=\"ES-MX\">Es cuesti\u00f3n de horas para que el ex gobernador veracruzano Javier Duarte de Ochoa sea trasladado a un hospital privado, para ser atendido por la descompensaci\u00f3n en su organismo, provocado por el \u201creto slim\u201d; a uno de esos nosocomios que cobran 20 mil pesos la noche, m\u00e1s el costo de estudios cl\u00ednicos, medicamentos y todo lo dem\u00e1s que requiera. Total, lo que le sobra es dinero, de los veracruzanos. \u00a0<\/span><\/p>\n<p class=\"x_m_7696317649477347154Textbody\" style=\"text-align: left;\"><span lang=\"ES-MX\">Parte de la secuencia del melodrama que Javier Duarte lo ha titulado: \u201cLos corruptos son inocentes y m\u00e1rtires\u201d, el siguiente episodio del adietado reo es de pron\u00f3stico reservado. El desenlace que vaya a tener sin lugar a dudas ser\u00e1 de sorpresas, por los factores que se encuentran en juego y las circunstancias en que vaya a derivar.\u00a0\u00a0 \u00a0<\/span><\/p>\n<p class=\"x_m_7696317649477347154Textbody\"><span lang=\"ES-MX\">Es la misma ruta que le vali\u00f3\u00a0 a la otrora poderos\u00edsima l\u00edder magisterial Elba Esther Gordillo, para abandonar la c\u00e1rcel femenil de Tepepan en Xochimilco, y permanecer en un hospital privado desde enero de 2016.<\/span><\/p>\n<p class=\"x_m_7696317649477347154Textbody\"><span lang=\"ES-MX\">Elba Esther cuenta ya con 72 a\u00f1os de edad. Los padecimientos que ven\u00eda arrastrando se fueron complicando a ra\u00edz del encarcelamiento, por lo que le fue concedido el internamiento y la atenci\u00f3n m\u00e9dica particular, mas no as\u00ed con la petici\u00f3n de continuar cumpliendo condena en su domicilio, que le ha sido negada.<\/span><\/p>\n<p class=\"x_m_7696317649477347154Textbody\"><span lang=\"ES-MX\">Javier Duarte de Ochoa cumple 44 a\u00f1os dentro de 29 d\u00edas, el 19 de septiembre. Ser\u00e1 un cumplea\u00f1os completamente distinto a todos los que ha vivido.<\/span><\/p>\n<p class=\"x_m_7696317649477347154Textbody\"><span lang=\"ES-MX\">Duarte no carga los a\u00f1os ni los problemas cr\u00f3nicos de salud que la Gordillo, sin embargo, al adoptar la estrategia de la supuesta huelga de hambre, si en realidad es as\u00ed, el ex gobernador de Veracruz estar\u00eda jugando con fuego, orillado a tomar esa decisi\u00f3n como una \u00faltima alternativa para dejar la prisi\u00f3n.<\/span><\/p>\n<p class=\"x_m_7696317649477347154Textbody\"><span lang=\"ES-MX\">La descompensaci\u00f3n que el mismo Duarte se est\u00e1 provocando, le puede ocasionar consecuencias serias de salud; le puede pegar muy duro a cualquier \u00f3rgano. Con mayor raz\u00f3n \u00a0porque su organismo est\u00e1 acostumbrado a engullir en abundancia, a no malpasarse ni padecer hambre, el cuerpo lo debe estar resintiendo.\u00a0 \u00a0<\/span><\/p>\n<p class=\"x_m_7696317649477347154Textbody\"><span lang=\"ES-MX\">En esa b\u00fasqueda de desesperaci\u00f3n por encontrar una rendija por la que salga.<\/span><\/p>\n<p class=\"x_m_7696317649477347154Textbody\"><span lang=\"ES-MX\">\u00bfHasta d\u00f3nde est\u00e1 dispuesto a llegar Javier Duarte con tal de conseguir su objetivo?<\/span><\/p>\n<p class=\"x_m_7696317649477347154Textbody\"><span lang=\"ES-MX\">Si de requerir ser trasladado a un hospital, posterior a esto el grado de afectaci\u00f3n de salud que le resulte le sirva para conseguir la prisi\u00f3n domiciliaria, con tal de salir del Reclusorio Norte.<\/span><\/p>\n<p class=\"x_m_7696317649477347154Textbody\"><span lang=\"ES-MX\">\u00bfEstar\u00e1 dispuesto a asumir ese riesgo?<\/span><\/p>\n<p class=\"x_m_7696317649477347154Textbody\"><span lang=\"ES-MX\">O acaso.<\/span><\/p>\n<p class=\"x_m_7696317649477347154Textbody\"><span lang=\"ES-MX\">\u00bfSer\u00eda parte del melodrama? \u00a0\u00a0\u00a0\u00a0\u00a0\u00a0<\/span><\/p>\n<p><a href=\"mailto:rvazquez002@yahoo.com.mx\" target=\"_blank\" rel=\"noopener noreferrer\"><span lang=\"ES-MX\">rvazquez002@yahoo.com.mx<\/span><\/a><\/p>\n","protected":false},"excerpt":{"rendered":"<p>Esfera Pol\u00edtica Ricardo V\u00e1zquez Salazar Es cuesti\u00f3n de horas para que el ex gobernador veracruzano Javier Duarte de Ochoa sea trasladado a un hospital privado, para ser atendido por la descompensaci\u00f3n en su organismo, provocado por el \u201creto slim\u201d; a uno de esos nosocomios que cobran 20 mil pesos la noche, m\u00e1s el costo de [&hellip;]<\/p>\n","protected":false},"author":2,"featured_media":0,"comment_status":"open","ping_status":"open","sticky":false,"template":"","format":"standard","meta":{"tdm_status":"","tdm_grid_status":"","footnotes":""},"categories":[70],"tags":[2005,9233,260],"class_list":{"0":"post-35949","1":"post","2":"type-post","3":"status-publish","4":"format-standard","6":"category-de-opinion","7":"tag-elba-esther-gordillo","8":"tag-hospital","9":"tag-javier-duarte-de-ochoa"},"yoast_head":"<!-- This site is optimized with the Yoast SEO plugin v27.4 - https:\/\/yoast.com\/product\/yoast-seo-wordpress\/ -->\n<title>La misma ruta que Elba Esther - Los pol\u00edticos Veracruz<\/title>\n<meta name=\"robots\" content=\"index, follow, max-snippet:-1, max-image-preview:large, max-video-preview:-1\" \/>\n<link rel=\"canonical\" href=\"https:\/\/lospoliticosveracruz.com\/?p=35949\" \/>\n<meta property=\"og:locale\" content=\"es_ES\" \/>\n<meta property=\"og:type\" content=\"article\" \/>\n<meta property=\"og:title\" content=\"La misma ruta que Elba Esther - Los pol\u00edticos Veracruz\" \/>\n<meta property=\"og:description\" content=\"Esfera Pol\u00edtica Ricardo V\u00e1zquez Salazar Es cuesti\u00f3n de horas para que el ex gobernador veracruzano Javier Duarte de Ochoa sea trasladado a un hospital privado, para ser atendido por la descompensaci\u00f3n en su organismo, provocado por el \u201creto slim\u201d; a uno de esos nosocomios que cobran 20 mil pesos la noche, m\u00e1s el costo de [&hellip;]\" \/>\n<meta property=\"og:url\" content=\"https:\/\/lospoliticosveracruz.com\/?p=35949\" \/>\n<meta property=\"og:site_name\" content=\"Los pol\u00edticos Veracruz\" \/>\n<meta property=\"article:publisher\" content=\"https:\/\/www.facebook.com\/people\/Notimemes-de-los-Polticos\/61565672886568\/\" \/>\n<meta property=\"article:published_time\" content=\"2017-08-22T16:05:39+00:00\" \/>\n<meta property=\"og:image\" content=\"https:\/\/lospoliticosveracruz.com\/wp-content\/uploads\/2016\/07\/Logo-Dor.jpg\" \/>\n\t<meta property=\"og:image:width\" content=\"200\" \/>\n\t<meta property=\"og:image:height\" content=\"200\" \/>\n\t<meta property=\"og:image:type\" content=\"image\/jpeg\" \/>\n<meta name=\"author\" content=\"Lo viste en Los Pol\u00edticos\" \/>\n<meta name=\"twitter:card\" content=\"summary_large_image\" \/>\n<meta name=\"twitter:creator\" content=\"@LosPoliticosVer\" \/>\n<meta name=\"twitter:site\" content=\"@LosPoliticosVer\" \/>\n<meta name=\"twitter:label1\" content=\"Escrito por\" \/>\n\t<meta name=\"twitter:data1\" content=\"Lo viste en Los Pol\u00edticos\" \/>\n\t<meta name=\"twitter:label2\" content=\"Tiempo de lectura\" \/>\n\t<meta name=\"twitter:data2\" content=\"2 minutos\" \/>\n<script type=\"application\/ld+json\" class=\"yoast-schema-graph\">{\"@context\":\"https:\\\/\\\/schema.org\",\"@graph\":[{\"@type\":\"Article\",\"@id\":\"https:\\\/\\\/lospoliticosveracruz.com\\\/?p=35949#article\",\"isPartOf\":{\"@id\":\"https:\\\/\\\/lospoliticosveracruz.com\\\/?p=35949\"},\"author\":{\"name\":\"Lo viste en Los Pol\u00edticos\",\"@id\":\"https:\\\/\\\/lospoliticosveracruz.com\\\/#\\\/schema\\\/person\\\/b8702bb0e538456e6efd07080bf2a4a2\"},\"headline\":\"La misma ruta que Elba Esther\",\"datePublished\":\"2017-08-22T16:05:39+00:00\",\"mainEntityOfPage\":{\"@id\":\"https:\\\/\\\/lospoliticosveracruz.com\\\/?p=35949\"},\"wordCount\":456,\"commentCount\":0,\"publisher\":{\"@id\":\"https:\\\/\\\/lospoliticosveracruz.com\\\/#organization\"},\"keywords\":[\"Elba Esther Gordillo\",\"Hospital\",\"Javier Duarte de Ochoa\"],\"articleSection\":[\"De Opini\u00f3n\"],\"inLanguage\":\"es\",\"potentialAction\":[{\"@type\":\"CommentAction\",\"name\":\"Comment\",\"target\":[\"https:\\\/\\\/lospoliticosveracruz.com\\\/?p=35949#respond\"]}]},{\"@type\":\"WebPage\",\"@id\":\"https:\\\/\\\/lospoliticosveracruz.com\\\/?p=35949\",\"url\":\"https:\\\/\\\/lospoliticosveracruz.com\\\/?p=35949\",\"name\":\"La misma ruta que Elba Esther - Los pol\u00edticos Veracruz\",\"isPartOf\":{\"@id\":\"https:\\\/\\\/lospoliticosveracruz.com\\\/#website\"},\"datePublished\":\"2017-08-22T16:05:39+00:00\",\"breadcrumb\":{\"@id\":\"https:\\\/\\\/lospoliticosveracruz.com\\\/?p=35949#breadcrumb\"},\"inLanguage\":\"es\",\"potentialAction\":[{\"@type\":\"ReadAction\",\"target\":[\"https:\\\/\\\/lospoliticosveracruz.com\\\/?p=35949\"]}]},{\"@type\":\"BreadcrumbList\",\"@id\":\"https:\\\/\\\/lospoliticosveracruz.com\\\/?p=35949#breadcrumb\",\"itemListElement\":[{\"@type\":\"ListItem\",\"position\":1,\"name\":\"Portada\",\"item\":\"https:\\\/\\\/lospoliticosveracruz.com\\\/\"},{\"@type\":\"ListItem\",\"position\":2,\"name\":\"La misma ruta que Elba Esther\"}]},{\"@type\":\"WebSite\",\"@id\":\"https:\\\/\\\/lospoliticosveracruz.com\\\/#website\",\"url\":\"https:\\\/\\\/lospoliticosveracruz.com\\\/\",\"name\":\"Los pol\u00edticos Veracruz\",\"description\":\"\",\"publisher\":{\"@id\":\"https:\\\/\\\/lospoliticosveracruz.com\\\/#organization\"},\"potentialAction\":[{\"@type\":\"SearchAction\",\"target\":{\"@type\":\"EntryPoint\",\"urlTemplate\":\"https:\\\/\\\/lospoliticosveracruz.com\\\/?s={search_term_string}\"},\"query-input\":{\"@type\":\"PropertyValueSpecification\",\"valueRequired\":true,\"valueName\":\"search_term_string\"}}],\"inLanguage\":\"es\"},{\"@type\":\"Organization\",\"@id\":\"https:\\\/\\\/lospoliticosveracruz.com\\\/#organization\",\"name\":\"Los pol\u00edticos Veracruz\",\"url\":\"https:\\\/\\\/lospoliticosveracruz.com\\\/\",\"logo\":{\"@type\":\"ImageObject\",\"inLanguage\":\"es\",\"@id\":\"https:\\\/\\\/lospoliticosveracruz.com\\\/#\\\/schema\\\/logo\\\/image\\\/\",\"url\":\"https:\\\/\\\/lospoliticosveracruz.com\\\/wp-content\\\/uploads\\\/2025\\\/12\\\/Logo-Nuevo-LOS-POLITICOS-1.jpg\",\"contentUrl\":\"https:\\\/\\\/lospoliticosveracruz.com\\\/wp-content\\\/uploads\\\/2025\\\/12\\\/Logo-Nuevo-LOS-POLITICOS-1.jpg\",\"width\":260,\"height\":70,\"caption\":\"Los pol\u00edticos Veracruz\"},\"image\":{\"@id\":\"https:\\\/\\\/lospoliticosveracruz.com\\\/#\\\/schema\\\/logo\\\/image\\\/\"},\"sameAs\":[\"https:\\\/\\\/www.facebook.com\\\/people\\\/Notimemes-de-los-Polticos\\\/61565672886568\\\/\",\"https:\\\/\\\/x.com\\\/LosPoliticosVer\"]},{\"@type\":\"Person\",\"@id\":\"https:\\\/\\\/lospoliticosveracruz.com\\\/#\\\/schema\\\/person\\\/b8702bb0e538456e6efd07080bf2a4a2\",\"name\":\"Lo viste en Los Pol\u00edticos\",\"image\":{\"@type\":\"ImageObject\",\"inLanguage\":\"es\",\"@id\":\"https:\\\/\\\/secure.gravatar.com\\\/avatar\\\/3a8de04a2656d44082be478bd6c086daa447c4651605818287b9532d3d0bd435?s=96&d=mm&r=g\",\"url\":\"https:\\\/\\\/secure.gravatar.com\\\/avatar\\\/3a8de04a2656d44082be478bd6c086daa447c4651605818287b9532d3d0bd435?s=96&d=mm&r=g\",\"contentUrl\":\"https:\\\/\\\/secure.gravatar.com\\\/avatar\\\/3a8de04a2656d44082be478bd6c086daa447c4651605818287b9532d3d0bd435?s=96&d=mm&r=g\",\"caption\":\"Lo viste en Los Pol\u00edticos\"},\"url\":\"https:\\\/\\\/lospoliticosveracruz.com\\\/?author=2\"}]}<\/script>\n<!-- \/ Yoast SEO plugin. -->","yoast_head_json":{"title":"La misma ruta que Elba Esther - Los pol\u00edticos Veracruz","robots":{"index":"index","follow":"follow","max-snippet":"max-snippet:-1","max-image-preview":"max-image-preview:large","max-video-preview":"max-video-preview:-1"},"canonical":"https:\/\/lospoliticosveracruz.com\/?p=35949","og_locale":"es_ES","og_type":"article","og_title":"La misma ruta que Elba Esther - Los pol\u00edticos Veracruz","og_description":"Esfera Pol\u00edtica Ricardo V\u00e1zquez Salazar Es cuesti\u00f3n de horas para que el ex gobernador veracruzano Javier Duarte de Ochoa sea trasladado a un hospital privado, para ser atendido por la descompensaci\u00f3n en su organismo, provocado por el \u201creto slim\u201d; a uno de esos nosocomios que cobran 20 mil pesos la noche, m\u00e1s el costo de [&hellip;]","og_url":"https:\/\/lospoliticosveracruz.com\/?p=35949","og_site_name":"Los pol\u00edticos Veracruz","article_publisher":"https:\/\/www.facebook.com\/people\/Notimemes-de-los-Polticos\/61565672886568\/","article_published_time":"2017-08-22T16:05:39+00:00","og_image":[{"width":200,"height":200,"url":"https:\/\/lospoliticosveracruz.com\/wp-content\/uploads\/2016\/07\/Logo-Dor.jpg","type":"image\/jpeg"}],"author":"Lo viste en Los Pol\u00edticos","twitter_card":"summary_large_image","twitter_creator":"@LosPoliticosVer","twitter_site":"@LosPoliticosVer","twitter_misc":{"Escrito por":"Lo viste en Los Pol\u00edticos","Tiempo de lectura":"2 minutos"},"schema":{"@context":"https:\/\/schema.org","@graph":[{"@type":"Article","@id":"https:\/\/lospoliticosveracruz.com\/?p=35949#article","isPartOf":{"@id":"https:\/\/lospoliticosveracruz.com\/?p=35949"},"author":{"name":"Lo viste en Los Pol\u00edticos","@id":"https:\/\/lospoliticosveracruz.com\/#\/schema\/person\/b8702bb0e538456e6efd07080bf2a4a2"},"headline":"La misma ruta que Elba Esther","datePublished":"2017-08-22T16:05:39+00:00","mainEntityOfPage":{"@id":"https:\/\/lospoliticosveracruz.com\/?p=35949"},"wordCount":456,"commentCount":0,"publisher":{"@id":"https:\/\/lospoliticosveracruz.com\/#organization"},"keywords":["Elba Esther Gordillo","Hospital","Javier Duarte de Ochoa"],"articleSection":["De Opini\u00f3n"],"inLanguage":"es","potentialAction":[{"@type":"CommentAction","name":"Comment","target":["https:\/\/lospoliticosveracruz.com\/?p=35949#respond"]}]},{"@type":"WebPage","@id":"https:\/\/lospoliticosveracruz.com\/?p=35949","url":"https:\/\/lospoliticosveracruz.com\/?p=35949","name":"La misma ruta que Elba Esther - Los pol\u00edticos Veracruz","isPartOf":{"@id":"https:\/\/lospoliticosveracruz.com\/#website"},"datePublished":"2017-08-22T16:05:39+00:00","breadcrumb":{"@id":"https:\/\/lospoliticosveracruz.com\/?p=35949#breadcrumb"},"inLanguage":"es","potentialAction":[{"@type":"ReadAction","target":["https:\/\/lospoliticosveracruz.com\/?p=35949"]}]},{"@type":"BreadcrumbList","@id":"https:\/\/lospoliticosveracruz.com\/?p=35949#breadcrumb","itemListElement":[{"@type":"ListItem","position":1,"name":"Portada","item":"https:\/\/lospoliticosveracruz.com\/"},{"@type":"ListItem","position":2,"name":"La misma ruta que Elba Esther"}]},{"@type":"WebSite","@id":"https:\/\/lospoliticosveracruz.com\/#website","url":"https:\/\/lospoliticosveracruz.com\/","name":"Los pol\u00edticos Veracruz","description":"","publisher":{"@id":"https:\/\/lospoliticosveracruz.com\/#organization"},"potentialAction":[{"@type":"SearchAction","target":{"@type":"EntryPoint","urlTemplate":"https:\/\/lospoliticosveracruz.com\/?s={search_term_string}"},"query-input":{"@type":"PropertyValueSpecification","valueRequired":true,"valueName":"search_term_string"}}],"inLanguage":"es"},{"@type":"Organization","@id":"https:\/\/lospoliticosveracruz.com\/#organization","name":"Los pol\u00edticos Veracruz","url":"https:\/\/lospoliticosveracruz.com\/","logo":{"@type":"ImageObject","inLanguage":"es","@id":"https:\/\/lospoliticosveracruz.com\/#\/schema\/logo\/image\/","url":"https:\/\/lospoliticosveracruz.com\/wp-content\/uploads\/2025\/12\/Logo-Nuevo-LOS-POLITICOS-1.jpg","contentUrl":"https:\/\/lospoliticosveracruz.com\/wp-content\/uploads\/2025\/12\/Logo-Nuevo-LOS-POLITICOS-1.jpg","width":260,"height":70,"caption":"Los pol\u00edticos Veracruz"},"image":{"@id":"https:\/\/lospoliticosveracruz.com\/#\/schema\/logo\/image\/"},"sameAs":["https:\/\/www.facebook.com\/people\/Notimemes-de-los-Polticos\/61565672886568\/","https:\/\/x.com\/LosPoliticosVer"]},{"@type":"Person","@id":"https:\/\/lospoliticosveracruz.com\/#\/schema\/person\/b8702bb0e538456e6efd07080bf2a4a2","name":"Lo viste en Los Pol\u00edticos","image":{"@type":"ImageObject","inLanguage":"es","@id":"https:\/\/secure.gravatar.com\/avatar\/3a8de04a2656d44082be478bd6c086daa447c4651605818287b9532d3d0bd435?s=96&d=mm&r=g","url":"https:\/\/secure.gravatar.com\/avatar\/3a8de04a2656d44082be478bd6c086daa447c4651605818287b9532d3d0bd435?s=96&d=mm&r=g","contentUrl":"https:\/\/secure.gravatar.com\/avatar\/3a8de04a2656d44082be478bd6c086daa447c4651605818287b9532d3d0bd435?s=96&d=mm&r=g","caption":"Lo viste en Los Pol\u00edticos"},"url":"https:\/\/lospoliticosveracruz.com\/?author=2"}]}},"_links":{"self":[{"href":"https:\/\/lospoliticosveracruz.com\/index.php?rest_route=\/wp\/v2\/posts\/35949","targetHints":{"allow":["GET"]}}],"collection":[{"href":"https:\/\/lospoliticosveracruz.com\/index.php?rest_route=\/wp\/v2\/posts"}],"about":[{"href":"https:\/\/lospoliticosveracruz.com\/index.php?rest_route=\/wp\/v2\/types\/post"}],"author":[{"embeddable":true,"href":"https:\/\/lospoliticosveracruz.com\/index.php?rest_route=\/wp\/v2\/users\/2"}],"replies":[{"embeddable":true,"href":"https:\/\/lospoliticosveracruz.com\/index.php?rest_route=%2Fwp%2Fv2%2Fcomments&post=35949"}],"version-history":[{"count":1,"href":"https:\/\/lospoliticosveracruz.com\/index.php?rest_route=\/wp\/v2\/posts\/35949\/revisions"}],"predecessor-version":[{"id":35950,"href":"https:\/\/lospoliticosveracruz.com\/index.php?rest_route=\/wp\/v2\/posts\/35949\/revisions\/35950"}],"wp:attachment":[{"href":"https:\/\/lospoliticosveracruz.com\/index.php?rest_route=%2Fwp%2Fv2%2Fmedia&parent=35949"}],"wp:term":[{"taxonomy":"category","embeddable":true,"href":"https:\/\/lospoliticosveracruz.com\/index.php?rest_route=%2Fwp%2Fv2%2Fcategories&post=35949"},{"taxonomy":"post_tag","embeddable":true,"href":"https:\/\/lospoliticosveracruz.com\/index.php?rest_route=%2Fwp%2Fv2%2Ftags&post=35949"}],"curies":[{"name":"wp","href":"https:\/\/api.w.org\/{rel}","templated":true}]}}