{"id":36082,"date":"2017-08-28T09:49:58","date_gmt":"2017-08-28T14:49:58","guid":{"rendered":"http:\/\/www.lospoliticosveracruz.com.mx\/?p=36082"},"modified":"2017-08-28T09:54:17","modified_gmt":"2017-08-28T14:54:17","slug":"se-roban-la-seguridad-en-coatepec","status":"publish","type":"post","link":"https:\/\/lospoliticosveracruz.com\/?p=36082","title":{"rendered":"Se roban la seguridad en Coatepec"},"content":{"rendered":"<p><strong>David Izozorbe<\/strong><\/p>\n<p><em>Sentido Plural<\/em><\/p>\n<p>&nbsp;<\/p>\n<p>&nbsp;<\/p>\n<p>La inseguridad y violencia en nuestro estado sigue sin resolverse, a pesar de que el gobernador Miguel \u00c1ngel Yunes Linares asegur\u00f3 en su campa\u00f1a electoral y tambi\u00e9n al tomar posesi\u00f3n: mejorar la seguridad de Veracruz en seis meses. La realidad es que en lo que va de estos casi nueve meses de su gobierno, la violencia y la inseguridad repunt\u00f3 en la entidad, tanto en delitos de alto impacto como en los del fuero com\u00fan.<\/p>\n<p>Pero este tema no solo se centra en la responsabilidad del gobierno estatal, sino tambi\u00e9n en la de los gobiernos municipales, quienes en muchas ocasiones no ejercen su verdadero trabajo como autoridad preventiva. Un ejemplo de esto lo podemos observar claramente en el municipio de Coatepec, donde desde hace casi cuatro a\u00f1os, sus habitantes, no viven en tranquilidad para caminar por sus calles, disfrutar de \u00e1reas verdes y recibir a turistas internacionales. Debido a que esta ciudad se rodea de asaltos con armas blancas o largas, secuestros y hallazgos de cuerpos en parajes de la ciudad.<\/p>\n<p>En esta denominada \u201ctierra del caf\u00e9\u201d los atractivos naturales y tur\u00edsticos como la Cascada Bola de Oro, la Hacienda de El Trian\u00f3n, el Cerro de Las Culebras entre otros, se han vuelto inaccesibles para los visitantes for\u00e1neos, debido a la inseguridad reinante, por la ola de asaltos y desapariciones. En donde en lo que va del presente a\u00f1o, se tienen registrados ocho secuestros en la regi\u00f3n, pero con la probabilidad de que sean muchos m\u00e1s, ya que la mayor\u00eda de ellos no se denuncian.<\/p>\n<p>Caminar en estos d\u00edas por las calles de este Pueblo M\u00e1gico, ya no es tan seguro, ahora hay que permanecer muy alertas, los robos y los asaltos no solo se han registrado hacia personas opulentas, sino tambi\u00e9n a personas humildes que son despojadas de las pocas o \u00fanicas pertenencias con las que cuentan.<\/p>\n<p>Cabe recordar, que desde que entr\u00f3 la fallida administraci\u00f3n \u201cJuanelo-Palacios\u201d, Coatepec ha destacado por ser el \u00fanico Pueblo M\u00e1gico del estado, en donde su propio alcalde ha sido se\u00f1alado como autor intelectual del asesinato de su tesorero, sin que hasta el momento se sepa de su paradero y se haya esclarecido este asunto; el \u00fanico en donde la polic\u00eda federal fue a detener al comandante y a los altos mandos polic\u00edacos que despachaban en palacio municipal; el \u00fanico en el que, desde hace tres a\u00f1os, sigue desaparecido el periodista David Matus Galv\u00e1n, del que hasta la fecha sigue sin saberse absolutamente nada; el \u00fanico en el que se meten a robar escuelas y los padres tienen que manifestarse porque nadie les hace caso; pero, sobre todo, el \u00fanico Pueblo M\u00e1gico donde encuentran cuerpos con huellas de violencia y nadie logra capturar a los responsables.<\/p>\n<p>Todas estas situaciones han ocasionado que la tranquilidad de Coatepec, desaparezca y junto con ello algunos de sus habitantes quienes debido a la gran tensi\u00f3n que se vive en el municipio, se han visto en la necesidad de contratar seguridad privada, as\u00ed como reforzar la vigilancia en los fraccionamientos de clase media-alta. Mientras que en las colonias de clase media-baja no les queda otro remedio que organizarse entre vecinos para defenderse de quienes los intentan asaltar y as\u00ed hacerse justicia por propia mano.<\/p>\n<p>Ejemplo de lo anterior, lo observamos la semana pasada donde vecinos de la calle Rivera de Cuauht\u00e9moc, persiguieron y acorralaron a dos sujetos provenientes de una las colonias \u00a1m\u00e1s peligrosas! de este municipio, quienes robaron mercanc\u00eda de un comercio a altas horas de la madrugada. En esos momentos los vecinos de la colonia montaron guardia y no permitieron que los rateros pudieran salir de una casa donde al parecer habitaba la pareja sentimental de uno de los dos sujetos; hasta esperar que elementos de la Fuerza Civil arribaran al lugar.<\/p>\n<p>Desde que se instaur\u00f3 esta Fuerza Civil en el a\u00f1o 2014, Coatepec vivi\u00f3 un peque\u00f1o lapso de paz y estabilidad, y aunque supuestamente este modelo se mantiene bajo un estricto control operacional de gobierno del estado, la realidad es que, en lo que va del presente a\u00f1o, las estrategias y acciones implementadas por este grupo en materia de seguridad, dejaron de dar resultados; pese a la elevada inversi\u00f3n de recursos que signific\u00f3 en su momento.<\/p>\n<p>Al igual que la mala administraci\u00f3n de Duarte, la estrategia de seguridad del actual gobernador, definitivamente no ha sido capaz de dar soluci\u00f3n a este tema, adem\u00e1s de que \u00e9l mismo es quien se resiste a destituir a su Secretario de Seguridad P\u00fablica, Jaime T\u00e9llez Marie, pese a que diputados locales y organizaciones civiles han solicitado su destituci\u00f3n.<\/p>\n<p>No obstante, la ineptitud y deficiencia del actual cabildo de Coatepec, complica a\u00fan m\u00e1s la situaci\u00f3n, ya que ni el alcalde ni los regidores ejercen lo que hasta ahora podr\u00eda ser su m\u00ednima funci\u00f3n; alzar la voz en el nombre del pueblo coatepecano y as\u00ed denunciar ante instancias estatales y federales, los terribles problemas de secuestros, extorsiones y robos que atraviesa Coatepec.<\/p>\n<p>Ante esta situaci\u00f3n, son los pobladores quienes han decidido organizarse para conformar redes ciudadanas y vecinales, as\u00ed como c\u00e9lulas ciudadanas, entre otras acciones para inhibir la delincuencia, pero sobre todo para exigir a las autoridades que implementen nuevas estrategias para disminuir los altos peligros en el municipio.<\/p>\n<p>Ojal\u00e1 que estas acciones ciudadanas no solo sirvan para resguardar la integridad f\u00edsica de los coatepecanos, sino tambi\u00e9n para que las autoridades puedan voltear a ver a Coatepec y tomen las medidas preventivas a tiempo, o de lo contrario, no descartemos que en un futuro este municipio pueda seguir los pasos de Iguala Guerrero, con la desaparici\u00f3n de los estudiantes normalistas, donde las autoridades estatales y federales que debieron intervenir en su momento, no hicieron nada y debido a ello, siguen lamentando las terribles consecuencias.<\/p>\n<p>Dudas y comentarios: izodav@hotmail.com<\/p>\n","protected":false},"excerpt":{"rendered":"<p>David Izozorbe Sentido Plural &nbsp; &nbsp; La inseguridad y violencia en nuestro estado sigue sin resolverse, a pesar de que el gobernador Miguel \u00c1ngel Yunes Linares asegur\u00f3 en su campa\u00f1a electoral y tambi\u00e9n al tomar posesi\u00f3n: mejorar la seguridad de Veracruz en seis meses. La realidad es que en lo que va de estos casi [&hellip;]<\/p>\n","protected":false},"author":2,"featured_media":0,"comment_status":"open","ping_status":"open","sticky":false,"template":"","format":"standard","meta":{"tdm_status":"","tdm_grid_status":"","footnotes":""},"categories":[70],"tags":[277,196,422,428,463],"class_list":{"0":"post-36082","1":"post","2":"type-post","3":"status-publish","4":"format-standard","6":"category-de-opinion","7":"tag-coatepec","8":"tag-inseguridad","9":"tag-juanelo","10":"tag-miguel-angel-yunes-linares","11":"tag-violencia"},"yoast_head":"<!-- This site is optimized with the Yoast SEO plugin v27.4 - https:\/\/yoast.com\/product\/yoast-seo-wordpress\/ -->\n<title>Se roban la seguridad en Coatepec - Los pol\u00edticos Veracruz<\/title>\n<meta name=\"robots\" content=\"index, follow, max-snippet:-1, max-image-preview:large, max-video-preview:-1\" \/>\n<link rel=\"canonical\" href=\"https:\/\/lospoliticosveracruz.com\/?p=36082\" \/>\n<meta property=\"og:locale\" content=\"es_ES\" \/>\n<meta property=\"og:type\" content=\"article\" \/>\n<meta property=\"og:title\" content=\"Se roban la seguridad en Coatepec - Los pol\u00edticos Veracruz\" \/>\n<meta property=\"og:description\" content=\"David Izozorbe Sentido Plural &nbsp; &nbsp; La inseguridad y violencia en nuestro estado sigue sin resolverse, a pesar de que el gobernador Miguel \u00c1ngel Yunes Linares asegur\u00f3 en su campa\u00f1a electoral y tambi\u00e9n al tomar posesi\u00f3n: mejorar la seguridad de Veracruz en seis meses. La realidad es que en lo que va de estos casi [&hellip;]\" \/>\n<meta property=\"og:url\" content=\"https:\/\/lospoliticosveracruz.com\/?p=36082\" \/>\n<meta property=\"og:site_name\" content=\"Los pol\u00edticos Veracruz\" \/>\n<meta property=\"article:publisher\" content=\"https:\/\/www.facebook.com\/people\/Notimemes-de-los-Polticos\/61565672886568\/\" \/>\n<meta property=\"article:published_time\" content=\"2017-08-28T14:49:58+00:00\" \/>\n<meta property=\"article:modified_time\" content=\"2017-08-28T14:54:17+00:00\" \/>\n<meta property=\"og:image\" content=\"https:\/\/lospoliticosveracruz.com\/wp-content\/uploads\/2016\/07\/Logo-Dor.jpg\" \/>\n\t<meta property=\"og:image:width\" content=\"200\" \/>\n\t<meta property=\"og:image:height\" content=\"200\" \/>\n\t<meta property=\"og:image:type\" content=\"image\/jpeg\" \/>\n<meta name=\"author\" content=\"Lo viste en Los Pol\u00edticos\" \/>\n<meta name=\"twitter:card\" content=\"summary_large_image\" \/>\n<meta name=\"twitter:creator\" content=\"@LosPoliticosVer\" \/>\n<meta name=\"twitter:site\" content=\"@LosPoliticosVer\" \/>\n<meta name=\"twitter:label1\" content=\"Escrito por\" \/>\n\t<meta name=\"twitter:data1\" content=\"Lo viste en Los Pol\u00edticos\" \/>\n\t<meta name=\"twitter:label2\" content=\"Tiempo de lectura\" \/>\n\t<meta name=\"twitter:data2\" content=\"5 minutos\" \/>\n<script type=\"application\/ld+json\" class=\"yoast-schema-graph\">{\"@context\":\"https:\\\/\\\/schema.org\",\"@graph\":[{\"@type\":\"Article\",\"@id\":\"https:\\\/\\\/lospoliticosveracruz.com\\\/?p=36082#article\",\"isPartOf\":{\"@id\":\"https:\\\/\\\/lospoliticosveracruz.com\\\/?p=36082\"},\"author\":{\"name\":\"Lo viste en Los Pol\u00edticos\",\"@id\":\"https:\\\/\\\/lospoliticosveracruz.com\\\/#\\\/schema\\\/person\\\/b8702bb0e538456e6efd07080bf2a4a2\"},\"headline\":\"Se roban la seguridad en Coatepec\",\"datePublished\":\"2017-08-28T14:49:58+00:00\",\"dateModified\":\"2017-08-28T14:54:17+00:00\",\"mainEntityOfPage\":{\"@id\":\"https:\\\/\\\/lospoliticosveracruz.com\\\/?p=36082\"},\"wordCount\":1018,\"commentCount\":0,\"publisher\":{\"@id\":\"https:\\\/\\\/lospoliticosveracruz.com\\\/#organization\"},\"keywords\":[\"Coatepec\",\"inseguridad\",\"Juanelo\",\"Miguel Angel Yunes Linares\",\"violencia\"],\"articleSection\":[\"De Opini\u00f3n\"],\"inLanguage\":\"es\",\"potentialAction\":[{\"@type\":\"CommentAction\",\"name\":\"Comment\",\"target\":[\"https:\\\/\\\/lospoliticosveracruz.com\\\/?p=36082#respond\"]}]},{\"@type\":\"WebPage\",\"@id\":\"https:\\\/\\\/lospoliticosveracruz.com\\\/?p=36082\",\"url\":\"https:\\\/\\\/lospoliticosveracruz.com\\\/?p=36082\",\"name\":\"Se roban la seguridad en Coatepec - Los pol\u00edticos Veracruz\",\"isPartOf\":{\"@id\":\"https:\\\/\\\/lospoliticosveracruz.com\\\/#website\"},\"datePublished\":\"2017-08-28T14:49:58+00:00\",\"dateModified\":\"2017-08-28T14:54:17+00:00\",\"breadcrumb\":{\"@id\":\"https:\\\/\\\/lospoliticosveracruz.com\\\/?p=36082#breadcrumb\"},\"inLanguage\":\"es\",\"potentialAction\":[{\"@type\":\"ReadAction\",\"target\":[\"https:\\\/\\\/lospoliticosveracruz.com\\\/?p=36082\"]}]},{\"@type\":\"BreadcrumbList\",\"@id\":\"https:\\\/\\\/lospoliticosveracruz.com\\\/?p=36082#breadcrumb\",\"itemListElement\":[{\"@type\":\"ListItem\",\"position\":1,\"name\":\"Portada\",\"item\":\"https:\\\/\\\/lospoliticosveracruz.com\\\/\"},{\"@type\":\"ListItem\",\"position\":2,\"name\":\"Se roban la seguridad en Coatepec\"}]},{\"@type\":\"WebSite\",\"@id\":\"https:\\\/\\\/lospoliticosveracruz.com\\\/#website\",\"url\":\"https:\\\/\\\/lospoliticosveracruz.com\\\/\",\"name\":\"Los pol\u00edticos Veracruz\",\"description\":\"\",\"publisher\":{\"@id\":\"https:\\\/\\\/lospoliticosveracruz.com\\\/#organization\"},\"potentialAction\":[{\"@type\":\"SearchAction\",\"target\":{\"@type\":\"EntryPoint\",\"urlTemplate\":\"https:\\\/\\\/lospoliticosveracruz.com\\\/?s={search_term_string}\"},\"query-input\":{\"@type\":\"PropertyValueSpecification\",\"valueRequired\":true,\"valueName\":\"search_term_string\"}}],\"inLanguage\":\"es\"},{\"@type\":\"Organization\",\"@id\":\"https:\\\/\\\/lospoliticosveracruz.com\\\/#organization\",\"name\":\"Los pol\u00edticos Veracruz\",\"url\":\"https:\\\/\\\/lospoliticosveracruz.com\\\/\",\"logo\":{\"@type\":\"ImageObject\",\"inLanguage\":\"es\",\"@id\":\"https:\\\/\\\/lospoliticosveracruz.com\\\/#\\\/schema\\\/logo\\\/image\\\/\",\"url\":\"https:\\\/\\\/lospoliticosveracruz.com\\\/wp-content\\\/uploads\\\/2025\\\/12\\\/Logo-Nuevo-LOS-POLITICOS-1.jpg\",\"contentUrl\":\"https:\\\/\\\/lospoliticosveracruz.com\\\/wp-content\\\/uploads\\\/2025\\\/12\\\/Logo-Nuevo-LOS-POLITICOS-1.jpg\",\"width\":260,\"height\":70,\"caption\":\"Los pol\u00edticos Veracruz\"},\"image\":{\"@id\":\"https:\\\/\\\/lospoliticosveracruz.com\\\/#\\\/schema\\\/logo\\\/image\\\/\"},\"sameAs\":[\"https:\\\/\\\/www.facebook.com\\\/people\\\/Notimemes-de-los-Polticos\\\/61565672886568\\\/\",\"https:\\\/\\\/x.com\\\/LosPoliticosVer\"]},{\"@type\":\"Person\",\"@id\":\"https:\\\/\\\/lospoliticosveracruz.com\\\/#\\\/schema\\\/person\\\/b8702bb0e538456e6efd07080bf2a4a2\",\"name\":\"Lo viste en Los Pol\u00edticos\",\"image\":{\"@type\":\"ImageObject\",\"inLanguage\":\"es\",\"@id\":\"https:\\\/\\\/secure.gravatar.com\\\/avatar\\\/3a8de04a2656d44082be478bd6c086daa447c4651605818287b9532d3d0bd435?s=96&d=mm&r=g\",\"url\":\"https:\\\/\\\/secure.gravatar.com\\\/avatar\\\/3a8de04a2656d44082be478bd6c086daa447c4651605818287b9532d3d0bd435?s=96&d=mm&r=g\",\"contentUrl\":\"https:\\\/\\\/secure.gravatar.com\\\/avatar\\\/3a8de04a2656d44082be478bd6c086daa447c4651605818287b9532d3d0bd435?s=96&d=mm&r=g\",\"caption\":\"Lo viste en Los Pol\u00edticos\"},\"url\":\"https:\\\/\\\/lospoliticosveracruz.com\\\/?author=2\"}]}<\/script>\n<!-- \/ Yoast SEO plugin. -->","yoast_head_json":{"title":"Se roban la seguridad en Coatepec - Los pol\u00edticos Veracruz","robots":{"index":"index","follow":"follow","max-snippet":"max-snippet:-1","max-image-preview":"max-image-preview:large","max-video-preview":"max-video-preview:-1"},"canonical":"https:\/\/lospoliticosveracruz.com\/?p=36082","og_locale":"es_ES","og_type":"article","og_title":"Se roban la seguridad en Coatepec - Los pol\u00edticos Veracruz","og_description":"David Izozorbe Sentido Plural &nbsp; &nbsp; La inseguridad y violencia en nuestro estado sigue sin resolverse, a pesar de que el gobernador Miguel \u00c1ngel Yunes Linares asegur\u00f3 en su campa\u00f1a electoral y tambi\u00e9n al tomar posesi\u00f3n: mejorar la seguridad de Veracruz en seis meses. La realidad es que en lo que va de estos casi [&hellip;]","og_url":"https:\/\/lospoliticosveracruz.com\/?p=36082","og_site_name":"Los pol\u00edticos Veracruz","article_publisher":"https:\/\/www.facebook.com\/people\/Notimemes-de-los-Polticos\/61565672886568\/","article_published_time":"2017-08-28T14:49:58+00:00","article_modified_time":"2017-08-28T14:54:17+00:00","og_image":[{"width":200,"height":200,"url":"https:\/\/lospoliticosveracruz.com\/wp-content\/uploads\/2016\/07\/Logo-Dor.jpg","type":"image\/jpeg"}],"author":"Lo viste en Los Pol\u00edticos","twitter_card":"summary_large_image","twitter_creator":"@LosPoliticosVer","twitter_site":"@LosPoliticosVer","twitter_misc":{"Escrito por":"Lo viste en Los Pol\u00edticos","Tiempo de lectura":"5 minutos"},"schema":{"@context":"https:\/\/schema.org","@graph":[{"@type":"Article","@id":"https:\/\/lospoliticosveracruz.com\/?p=36082#article","isPartOf":{"@id":"https:\/\/lospoliticosveracruz.com\/?p=36082"},"author":{"name":"Lo viste en Los Pol\u00edticos","@id":"https:\/\/lospoliticosveracruz.com\/#\/schema\/person\/b8702bb0e538456e6efd07080bf2a4a2"},"headline":"Se roban la seguridad en Coatepec","datePublished":"2017-08-28T14:49:58+00:00","dateModified":"2017-08-28T14:54:17+00:00","mainEntityOfPage":{"@id":"https:\/\/lospoliticosveracruz.com\/?p=36082"},"wordCount":1018,"commentCount":0,"publisher":{"@id":"https:\/\/lospoliticosveracruz.com\/#organization"},"keywords":["Coatepec","inseguridad","Juanelo","Miguel Angel Yunes Linares","violencia"],"articleSection":["De Opini\u00f3n"],"inLanguage":"es","potentialAction":[{"@type":"CommentAction","name":"Comment","target":["https:\/\/lospoliticosveracruz.com\/?p=36082#respond"]}]},{"@type":"WebPage","@id":"https:\/\/lospoliticosveracruz.com\/?p=36082","url":"https:\/\/lospoliticosveracruz.com\/?p=36082","name":"Se roban la seguridad en Coatepec - Los pol\u00edticos Veracruz","isPartOf":{"@id":"https:\/\/lospoliticosveracruz.com\/#website"},"datePublished":"2017-08-28T14:49:58+00:00","dateModified":"2017-08-28T14:54:17+00:00","breadcrumb":{"@id":"https:\/\/lospoliticosveracruz.com\/?p=36082#breadcrumb"},"inLanguage":"es","potentialAction":[{"@type":"ReadAction","target":["https:\/\/lospoliticosveracruz.com\/?p=36082"]}]},{"@type":"BreadcrumbList","@id":"https:\/\/lospoliticosveracruz.com\/?p=36082#breadcrumb","itemListElement":[{"@type":"ListItem","position":1,"name":"Portada","item":"https:\/\/lospoliticosveracruz.com\/"},{"@type":"ListItem","position":2,"name":"Se roban la seguridad en Coatepec"}]},{"@type":"WebSite","@id":"https:\/\/lospoliticosveracruz.com\/#website","url":"https:\/\/lospoliticosveracruz.com\/","name":"Los pol\u00edticos Veracruz","description":"","publisher":{"@id":"https:\/\/lospoliticosveracruz.com\/#organization"},"potentialAction":[{"@type":"SearchAction","target":{"@type":"EntryPoint","urlTemplate":"https:\/\/lospoliticosveracruz.com\/?s={search_term_string}"},"query-input":{"@type":"PropertyValueSpecification","valueRequired":true,"valueName":"search_term_string"}}],"inLanguage":"es"},{"@type":"Organization","@id":"https:\/\/lospoliticosveracruz.com\/#organization","name":"Los pol\u00edticos Veracruz","url":"https:\/\/lospoliticosveracruz.com\/","logo":{"@type":"ImageObject","inLanguage":"es","@id":"https:\/\/lospoliticosveracruz.com\/#\/schema\/logo\/image\/","url":"https:\/\/lospoliticosveracruz.com\/wp-content\/uploads\/2025\/12\/Logo-Nuevo-LOS-POLITICOS-1.jpg","contentUrl":"https:\/\/lospoliticosveracruz.com\/wp-content\/uploads\/2025\/12\/Logo-Nuevo-LOS-POLITICOS-1.jpg","width":260,"height":70,"caption":"Los pol\u00edticos Veracruz"},"image":{"@id":"https:\/\/lospoliticosveracruz.com\/#\/schema\/logo\/image\/"},"sameAs":["https:\/\/www.facebook.com\/people\/Notimemes-de-los-Polticos\/61565672886568\/","https:\/\/x.com\/LosPoliticosVer"]},{"@type":"Person","@id":"https:\/\/lospoliticosveracruz.com\/#\/schema\/person\/b8702bb0e538456e6efd07080bf2a4a2","name":"Lo viste en Los Pol\u00edticos","image":{"@type":"ImageObject","inLanguage":"es","@id":"https:\/\/secure.gravatar.com\/avatar\/3a8de04a2656d44082be478bd6c086daa447c4651605818287b9532d3d0bd435?s=96&d=mm&r=g","url":"https:\/\/secure.gravatar.com\/avatar\/3a8de04a2656d44082be478bd6c086daa447c4651605818287b9532d3d0bd435?s=96&d=mm&r=g","contentUrl":"https:\/\/secure.gravatar.com\/avatar\/3a8de04a2656d44082be478bd6c086daa447c4651605818287b9532d3d0bd435?s=96&d=mm&r=g","caption":"Lo viste en Los Pol\u00edticos"},"url":"https:\/\/lospoliticosveracruz.com\/?author=2"}]}},"_links":{"self":[{"href":"https:\/\/lospoliticosveracruz.com\/index.php?rest_route=\/wp\/v2\/posts\/36082","targetHints":{"allow":["GET"]}}],"collection":[{"href":"https:\/\/lospoliticosveracruz.com\/index.php?rest_route=\/wp\/v2\/posts"}],"about":[{"href":"https:\/\/lospoliticosveracruz.com\/index.php?rest_route=\/wp\/v2\/types\/post"}],"author":[{"embeddable":true,"href":"https:\/\/lospoliticosveracruz.com\/index.php?rest_route=\/wp\/v2\/users\/2"}],"replies":[{"embeddable":true,"href":"https:\/\/lospoliticosveracruz.com\/index.php?rest_route=%2Fwp%2Fv2%2Fcomments&post=36082"}],"version-history":[{"count":2,"href":"https:\/\/lospoliticosveracruz.com\/index.php?rest_route=\/wp\/v2\/posts\/36082\/revisions"}],"predecessor-version":[{"id":36084,"href":"https:\/\/lospoliticosveracruz.com\/index.php?rest_route=\/wp\/v2\/posts\/36082\/revisions\/36084"}],"wp:attachment":[{"href":"https:\/\/lospoliticosveracruz.com\/index.php?rest_route=%2Fwp%2Fv2%2Fmedia&parent=36082"}],"wp:term":[{"taxonomy":"category","embeddable":true,"href":"https:\/\/lospoliticosveracruz.com\/index.php?rest_route=%2Fwp%2Fv2%2Fcategories&post=36082"},{"taxonomy":"post_tag","embeddable":true,"href":"https:\/\/lospoliticosveracruz.com\/index.php?rest_route=%2Fwp%2Fv2%2Ftags&post=36082"}],"curies":[{"name":"wp","href":"https:\/\/api.w.org\/{rel}","templated":true}]}}