{"id":36105,"date":"2017-08-29T10:04:22","date_gmt":"2017-08-29T15:04:22","guid":{"rendered":"http:\/\/www.lospoliticosveracruz.com.mx\/?p=36105"},"modified":"2017-08-29T10:04:22","modified_gmt":"2017-08-29T15:04:22","slug":"veracruz-historias-de-pobreza","status":"publish","type":"post","link":"https:\/\/lospoliticosveracruz.com\/?p=36105","title":{"rendered":"Veracruz, historias de pobreza"},"content":{"rendered":"<p class=\"x_m_-3871762552422664257MsoNoSpacing\"><b>Luis Alberto Romero<\/b><\/p>\n<p class=\"x_m_-3871762552422664257MsoNoSpacing\"><em>Hora Cero<\/em><\/p>\n<p class=\"x_m_-3871762552422664257MsoNoSpacing\">\n<p class=\"x_m_-3871762552422664257MsoNoSpacing\">\n<p class=\"x_m_-3871762552422664257MsoNoSpacing\"><u><\/u>\u00a0<u><\/u><\/p>\n<p class=\"x_m_-3871762552422664257MsoNoSpacing\">Hace unos diez a\u00f1os recorr\u00eda la sierra del Totonacapan, donde buscaba informaci\u00f3n e historias de vida relacionadas con la pobreza del medio rural veracruzano. En esa regi\u00f3n de la entidad (Coxquihui, Coyutla, Chumatl\u00e1n, Espinal, Filomeno Mata, Zozocolco, Mecatl\u00e1n, e incluso Papantla) la marginaci\u00f3n y el rezago son regla y no excepci\u00f3n.<u><\/u><u><\/u><\/p>\n<p class=\"x_m_-3871762552422664257MsoNoSpacing\">En el camino encontr\u00e9 a un ni\u00f1o de estatura baja; me dijo que ten\u00eda ocho a\u00f1os, aunque parec\u00eda, por el tama\u00f1o, de cinco a seis. El menor recolectaba ra\u00edces; un cuadro lamentable, porque no deber\u00eda trabajar, sino estar en la escuela.<u><\/u><u><\/u><\/p>\n<p class=\"x_m_-3871762552422664257MsoNoSpacing\">La imagen del menor en esa tarea, con evidente desnutrici\u00f3n, fue tan impactante como la respuesta a la pregunta \u201c\u00bfQu\u00e9 haces?\u201d.<u><\/u><u><\/u><\/p>\n<p class=\"x_m_-3871762552422664257MsoNoSpacing\">-Recojo ra\u00edces, mi mam\u00e1 las pasa por el metate y luego las fr\u00ede; es lo que comemos mis hermanos y yo.<u><\/u><u><\/u><\/p>\n<p class=\"x_m_-3871762552422664257MsoNoSpacing\">-\u00bfEs todo lo que comen?<u><\/u><u><\/u><\/p>\n<p class=\"x_m_-3871762552422664257MsoNoSpacing\">-No, tambi\u00e9n tortillas, frijoles y chile.<u><\/u><u><\/u><\/p>\n<p class=\"x_m_-3871762552422664257MsoNoSpacing\">No viene al caso abundar en ese relato; basta decir que cuadros parecidos son comunes en el Totonacapan y en otras regiones de la entidad.<u><\/u><u><\/u><\/p>\n<p class=\"x_m_-3871762552422664257MsoNoSpacing\">Este lunes, a prop\u00f3sito de la pobreza, el Instituto Nacional de Estad\u00edstica, Geograf\u00eda e Inform\u00e1tica dio a conocer la Encuesta Nacional de Ingresos y Gastos de los Hogares 2016.<u><\/u><u><\/u><\/p>\n<p class=\"x_m_-3871762552422664257MsoNoSpacing\">Es un trabajo que incluye los n\u00fameros que, en promedio, registran los habitantes de las entidades del pa\u00eds en cuanto a ingresos y egresos.<u><\/u><u><\/u><\/p>\n<p class=\"x_m_-3871762552422664257MsoNoSpacing\">La media nacional, consigna la fuente, es de ingresos por 46 mil 521 pesos y gastos de 28 mil 143 cada trimestre.<u><\/u><u><\/u><\/p>\n<p class=\"x_m_-3871762552422664257MsoNoSpacing\">Para el caso de los hogares veracruzanos, el promedio estatal en ingresos fue de 32 mil 983 pesos; y el de egresos, de 21 mil 990. En ambos rubros, la entidad se encuentra debajo de la media nacional.<u><\/u><u><\/u><\/p>\n<p class=\"x_m_-3871762552422664257MsoNoSpacing\">S\u00f3lo Hidalgo, Oaxaca, Guerrero y Chiapas registran peores cifras que Veracruz, lo cual nos da una idea de la magnitud del problema de la pobreza en una entidad cuyos hogares tienen un ingreso promedio 30 por ciento inferior a los del resto del pa\u00eds.<u><\/u><u><\/u><\/p>\n<p class=\"x_m_-3871762552422664257MsoNoSpacing\"><u><\/u>\u00a0<u><\/u><\/p>\n<p class=\"x_m_-3871762552422664257MsoNoSpacing\"><u><\/u>\u00a0<u><\/u><\/p>\n<p class=\"x_m_-3871762552422664257MsoNoSpacing\"><b>Mart\u00ednez, \u00bfagresi\u00f3n a la prensa?<u><\/u><u><\/u><\/b><\/p>\n<p class=\"x_m_-3871762552422664257MsoNoSpacing\">Desde Mart\u00ednez de la Torre nos platican que el alcalde Rolando Olivares Ahumada otra vez tiene problemas con la prensa local; el pasado jueves fue acusado por una reportera de Grupo MS Radio, Norma Ang\u00e9lica Cort\u00e9s, por haber enviado a uno de sus trabajadores a quitarle, de forma violenta, su herramienta de trabajo, un tel\u00e9fono celular.<u><\/u><u><\/u><\/p>\n<p class=\"x_m_-3871762552422664257MsoNoSpacing\">La reportera se\u00f1ala que cubr\u00eda un accidente afuera de la empacadora de c\u00edtricos San Gabriel, propiedad del alcalde; tom\u00f3 algunas fotos cuando el edil se percat\u00f3 y habr\u00eda enviado a un incondicional a quitarle el aparato.<u><\/u><u><\/u><\/p>\n<p class=\"x_m_-3871762552422664257MsoNoSpacing\">La mujer se dice agredida y v\u00edctima de un caso de abuso de autoridad, por lo que procedi\u00f3 a interponer su denuncia.<u><\/u><u><\/u><\/p>\n<p class=\"x_m_-3871762552422664257MsoNoSpacing\">Sus compa\u00f1eros del gremio califican dicha agresi\u00f3n no s\u00f3lo como un abuso, sino como un acto cobarde que no debe quedar impune, primero y sobre todo, por ir contra una mujer; y segundo, por tener como destinataria a una trabajadora de los medios.<u><\/u><u><\/u><\/p>\n<p class=\"x_m_-3871762552422664257MsoNoSpacing\">En respuesta, el alcalde asegur\u00f3 que el caso no ocurri\u00f3 afuera de su empresa, sino adentro, por lo que argument\u00f3 una invasi\u00f3n a su propiedad por parte de la reportera; afirm\u00f3 Rolando Olivares que no se encontraba en el lugar; y que la persona que le quit\u00f3 el tel\u00e9fono a la periodista no era su empleado.<u><\/u><u><\/u><\/p>\n<p class=\"x_m_-3871762552422664257MsoNoSpacing\">Como sea, es un asunto que ya lleg\u00f3 a las instancias de procuraci\u00f3n de justicia, donde se investigar\u00e1 para deslindar responsabilidades.<u><\/u><u><\/u><\/p>\n<p class=\"x_m_-3871762552422664257MsoNoSpacing\">En Mart\u00ednez de la Torre se comenta que la relaci\u00f3n del edil con un sector de la prensa es, digamos, desafortunada y de constantes desencuentros, dado que con facilidad pierde los estribos. \u00bfY as\u00ed quiere ser diputado?. @luisromero85<\/p>\n","protected":false},"excerpt":{"rendered":"<p>Luis Alberto Romero Hora Cero \u00a0 Hace unos diez a\u00f1os recorr\u00eda la sierra del Totonacapan, donde buscaba informaci\u00f3n e historias de vida relacionadas con la pobreza del medio rural veracruzano. En esa regi\u00f3n de la entidad (Coxquihui, Coyutla, Chumatl\u00e1n, Espinal, Filomeno Mata, Zozocolco, Mecatl\u00e1n, e incluso Papantla) la marginaci\u00f3n y el rezago son regla y [&hellip;]<\/p>\n","protected":false},"author":2,"featured_media":0,"comment_status":"open","ping_status":"open","sticky":false,"template":"","format":"standard","meta":{"tdm_status":"","tdm_grid_status":"","footnotes":""},"categories":[70],"tags":[9312,178,963,9313,97,1885,2201],"class_list":{"0":"post-36105","1":"post","2":"type-post","3":"status-publish","4":"format-standard","6":"category-de-opinion","7":"tag-encuesta-nacional-de-ingresos-y-gastos-de-los-hogares-2016","8":"tag-inegi","9":"tag-martinez-de-la-torre","10":"tag-norma-angelica-cortes","11":"tag-pobreza","12":"tag-rolando-olivares-ahumada","13":"tag-totonacapan"},"yoast_head":"<!-- This site is optimized with the Yoast SEO plugin v27.4 - https:\/\/yoast.com\/product\/yoast-seo-wordpress\/ -->\n<title>Veracruz, historias de pobreza - Los pol\u00edticos Veracruz<\/title>\n<meta name=\"robots\" content=\"index, follow, max-snippet:-1, max-image-preview:large, max-video-preview:-1\" \/>\n<link rel=\"canonical\" href=\"https:\/\/lospoliticosveracruz.com\/?p=36105\" \/>\n<meta property=\"og:locale\" content=\"es_ES\" \/>\n<meta property=\"og:type\" content=\"article\" \/>\n<meta property=\"og:title\" content=\"Veracruz, historias de pobreza - Los pol\u00edticos Veracruz\" \/>\n<meta property=\"og:description\" content=\"Luis Alberto Romero Hora Cero \u00a0 Hace unos diez a\u00f1os recorr\u00eda la sierra del Totonacapan, donde buscaba informaci\u00f3n e historias de vida relacionadas con la pobreza del medio rural veracruzano. En esa regi\u00f3n de la entidad (Coxquihui, Coyutla, Chumatl\u00e1n, Espinal, Filomeno Mata, Zozocolco, Mecatl\u00e1n, e incluso Papantla) la marginaci\u00f3n y el rezago son regla y [&hellip;]\" \/>\n<meta property=\"og:url\" content=\"https:\/\/lospoliticosveracruz.com\/?p=36105\" \/>\n<meta property=\"og:site_name\" content=\"Los pol\u00edticos Veracruz\" \/>\n<meta property=\"article:publisher\" content=\"https:\/\/www.facebook.com\/people\/Notimemes-de-los-Polticos\/61565672886568\/\" \/>\n<meta property=\"article:published_time\" content=\"2017-08-29T15:04:22+00:00\" \/>\n<meta property=\"og:image\" content=\"https:\/\/lospoliticosveracruz.com\/wp-content\/uploads\/2016\/07\/Logo-Dor.jpg\" \/>\n\t<meta property=\"og:image:width\" content=\"200\" \/>\n\t<meta property=\"og:image:height\" content=\"200\" \/>\n\t<meta property=\"og:image:type\" content=\"image\/jpeg\" \/>\n<meta name=\"author\" content=\"Lo viste en Los Pol\u00edticos\" \/>\n<meta name=\"twitter:card\" content=\"summary_large_image\" \/>\n<meta name=\"twitter:creator\" content=\"@LosPoliticosVer\" \/>\n<meta name=\"twitter:site\" content=\"@LosPoliticosVer\" \/>\n<meta name=\"twitter:label1\" content=\"Escrito por\" \/>\n\t<meta name=\"twitter:data1\" content=\"Lo viste en Los Pol\u00edticos\" \/>\n\t<meta name=\"twitter:label2\" content=\"Tiempo de lectura\" \/>\n\t<meta name=\"twitter:data2\" content=\"3 minutos\" \/>\n<script type=\"application\/ld+json\" class=\"yoast-schema-graph\">{\"@context\":\"https:\\\/\\\/schema.org\",\"@graph\":[{\"@type\":\"Article\",\"@id\":\"https:\\\/\\\/lospoliticosveracruz.com\\\/?p=36105#article\",\"isPartOf\":{\"@id\":\"https:\\\/\\\/lospoliticosveracruz.com\\\/?p=36105\"},\"author\":{\"name\":\"Lo viste en Los Pol\u00edticos\",\"@id\":\"https:\\\/\\\/lospoliticosveracruz.com\\\/#\\\/schema\\\/person\\\/b8702bb0e538456e6efd07080bf2a4a2\"},\"headline\":\"Veracruz, historias de pobreza\",\"datePublished\":\"2017-08-29T15:04:22+00:00\",\"mainEntityOfPage\":{\"@id\":\"https:\\\/\\\/lospoliticosveracruz.com\\\/?p=36105\"},\"wordCount\":650,\"commentCount\":0,\"publisher\":{\"@id\":\"https:\\\/\\\/lospoliticosveracruz.com\\\/#organization\"},\"keywords\":[\"Encuesta Nacional de Ingresos y Gastos de los Hogares 2016.\",\"Inegi\",\"Mart\u00ednez de la Torre\",\"Norma Ang\u00e9lica Cort\u00e9s\",\"pobreza\",\"Rolando Olivares Ahumada\",\"Totonacapan\"],\"articleSection\":[\"De Opini\u00f3n\"],\"inLanguage\":\"es\",\"potentialAction\":[{\"@type\":\"CommentAction\",\"name\":\"Comment\",\"target\":[\"https:\\\/\\\/lospoliticosveracruz.com\\\/?p=36105#respond\"]}]},{\"@type\":\"WebPage\",\"@id\":\"https:\\\/\\\/lospoliticosveracruz.com\\\/?p=36105\",\"url\":\"https:\\\/\\\/lospoliticosveracruz.com\\\/?p=36105\",\"name\":\"Veracruz, historias de pobreza - Los pol\u00edticos Veracruz\",\"isPartOf\":{\"@id\":\"https:\\\/\\\/lospoliticosveracruz.com\\\/#website\"},\"datePublished\":\"2017-08-29T15:04:22+00:00\",\"breadcrumb\":{\"@id\":\"https:\\\/\\\/lospoliticosveracruz.com\\\/?p=36105#breadcrumb\"},\"inLanguage\":\"es\",\"potentialAction\":[{\"@type\":\"ReadAction\",\"target\":[\"https:\\\/\\\/lospoliticosveracruz.com\\\/?p=36105\"]}]},{\"@type\":\"BreadcrumbList\",\"@id\":\"https:\\\/\\\/lospoliticosveracruz.com\\\/?p=36105#breadcrumb\",\"itemListElement\":[{\"@type\":\"ListItem\",\"position\":1,\"name\":\"Portada\",\"item\":\"https:\\\/\\\/lospoliticosveracruz.com\\\/\"},{\"@type\":\"ListItem\",\"position\":2,\"name\":\"Veracruz, historias de pobreza\"}]},{\"@type\":\"WebSite\",\"@id\":\"https:\\\/\\\/lospoliticosveracruz.com\\\/#website\",\"url\":\"https:\\\/\\\/lospoliticosveracruz.com\\\/\",\"name\":\"Los pol\u00edticos Veracruz\",\"description\":\"\",\"publisher\":{\"@id\":\"https:\\\/\\\/lospoliticosveracruz.com\\\/#organization\"},\"potentialAction\":[{\"@type\":\"SearchAction\",\"target\":{\"@type\":\"EntryPoint\",\"urlTemplate\":\"https:\\\/\\\/lospoliticosveracruz.com\\\/?s={search_term_string}\"},\"query-input\":{\"@type\":\"PropertyValueSpecification\",\"valueRequired\":true,\"valueName\":\"search_term_string\"}}],\"inLanguage\":\"es\"},{\"@type\":\"Organization\",\"@id\":\"https:\\\/\\\/lospoliticosveracruz.com\\\/#organization\",\"name\":\"Los pol\u00edticos Veracruz\",\"url\":\"https:\\\/\\\/lospoliticosveracruz.com\\\/\",\"logo\":{\"@type\":\"ImageObject\",\"inLanguage\":\"es\",\"@id\":\"https:\\\/\\\/lospoliticosveracruz.com\\\/#\\\/schema\\\/logo\\\/image\\\/\",\"url\":\"https:\\\/\\\/lospoliticosveracruz.com\\\/wp-content\\\/uploads\\\/2025\\\/12\\\/Logo-Nuevo-LOS-POLITICOS-1.jpg\",\"contentUrl\":\"https:\\\/\\\/lospoliticosveracruz.com\\\/wp-content\\\/uploads\\\/2025\\\/12\\\/Logo-Nuevo-LOS-POLITICOS-1.jpg\",\"width\":260,\"height\":70,\"caption\":\"Los pol\u00edticos Veracruz\"},\"image\":{\"@id\":\"https:\\\/\\\/lospoliticosveracruz.com\\\/#\\\/schema\\\/logo\\\/image\\\/\"},\"sameAs\":[\"https:\\\/\\\/www.facebook.com\\\/people\\\/Notimemes-de-los-Polticos\\\/61565672886568\\\/\",\"https:\\\/\\\/x.com\\\/LosPoliticosVer\"]},{\"@type\":\"Person\",\"@id\":\"https:\\\/\\\/lospoliticosveracruz.com\\\/#\\\/schema\\\/person\\\/b8702bb0e538456e6efd07080bf2a4a2\",\"name\":\"Lo viste en Los Pol\u00edticos\",\"image\":{\"@type\":\"ImageObject\",\"inLanguage\":\"es\",\"@id\":\"https:\\\/\\\/secure.gravatar.com\\\/avatar\\\/3a8de04a2656d44082be478bd6c086daa447c4651605818287b9532d3d0bd435?s=96&d=mm&r=g\",\"url\":\"https:\\\/\\\/secure.gravatar.com\\\/avatar\\\/3a8de04a2656d44082be478bd6c086daa447c4651605818287b9532d3d0bd435?s=96&d=mm&r=g\",\"contentUrl\":\"https:\\\/\\\/secure.gravatar.com\\\/avatar\\\/3a8de04a2656d44082be478bd6c086daa447c4651605818287b9532d3d0bd435?s=96&d=mm&r=g\",\"caption\":\"Lo viste en Los Pol\u00edticos\"},\"url\":\"https:\\\/\\\/lospoliticosveracruz.com\\\/?author=2\"}]}<\/script>\n<!-- \/ Yoast SEO plugin. -->","yoast_head_json":{"title":"Veracruz, historias de pobreza - Los pol\u00edticos Veracruz","robots":{"index":"index","follow":"follow","max-snippet":"max-snippet:-1","max-image-preview":"max-image-preview:large","max-video-preview":"max-video-preview:-1"},"canonical":"https:\/\/lospoliticosveracruz.com\/?p=36105","og_locale":"es_ES","og_type":"article","og_title":"Veracruz, historias de pobreza - Los pol\u00edticos Veracruz","og_description":"Luis Alberto Romero Hora Cero \u00a0 Hace unos diez a\u00f1os recorr\u00eda la sierra del Totonacapan, donde buscaba informaci\u00f3n e historias de vida relacionadas con la pobreza del medio rural veracruzano. En esa regi\u00f3n de la entidad (Coxquihui, Coyutla, Chumatl\u00e1n, Espinal, Filomeno Mata, Zozocolco, Mecatl\u00e1n, e incluso Papantla) la marginaci\u00f3n y el rezago son regla y [&hellip;]","og_url":"https:\/\/lospoliticosveracruz.com\/?p=36105","og_site_name":"Los pol\u00edticos Veracruz","article_publisher":"https:\/\/www.facebook.com\/people\/Notimemes-de-los-Polticos\/61565672886568\/","article_published_time":"2017-08-29T15:04:22+00:00","og_image":[{"width":200,"height":200,"url":"https:\/\/lospoliticosveracruz.com\/wp-content\/uploads\/2016\/07\/Logo-Dor.jpg","type":"image\/jpeg"}],"author":"Lo viste en Los Pol\u00edticos","twitter_card":"summary_large_image","twitter_creator":"@LosPoliticosVer","twitter_site":"@LosPoliticosVer","twitter_misc":{"Escrito por":"Lo viste en Los Pol\u00edticos","Tiempo de lectura":"3 minutos"},"schema":{"@context":"https:\/\/schema.org","@graph":[{"@type":"Article","@id":"https:\/\/lospoliticosveracruz.com\/?p=36105#article","isPartOf":{"@id":"https:\/\/lospoliticosveracruz.com\/?p=36105"},"author":{"name":"Lo viste en Los Pol\u00edticos","@id":"https:\/\/lospoliticosveracruz.com\/#\/schema\/person\/b8702bb0e538456e6efd07080bf2a4a2"},"headline":"Veracruz, historias de pobreza","datePublished":"2017-08-29T15:04:22+00:00","mainEntityOfPage":{"@id":"https:\/\/lospoliticosveracruz.com\/?p=36105"},"wordCount":650,"commentCount":0,"publisher":{"@id":"https:\/\/lospoliticosveracruz.com\/#organization"},"keywords":["Encuesta Nacional de Ingresos y Gastos de los Hogares 2016.","Inegi","Mart\u00ednez de la Torre","Norma Ang\u00e9lica Cort\u00e9s","pobreza","Rolando Olivares Ahumada","Totonacapan"],"articleSection":["De Opini\u00f3n"],"inLanguage":"es","potentialAction":[{"@type":"CommentAction","name":"Comment","target":["https:\/\/lospoliticosveracruz.com\/?p=36105#respond"]}]},{"@type":"WebPage","@id":"https:\/\/lospoliticosveracruz.com\/?p=36105","url":"https:\/\/lospoliticosveracruz.com\/?p=36105","name":"Veracruz, historias de pobreza - Los pol\u00edticos Veracruz","isPartOf":{"@id":"https:\/\/lospoliticosveracruz.com\/#website"},"datePublished":"2017-08-29T15:04:22+00:00","breadcrumb":{"@id":"https:\/\/lospoliticosveracruz.com\/?p=36105#breadcrumb"},"inLanguage":"es","potentialAction":[{"@type":"ReadAction","target":["https:\/\/lospoliticosveracruz.com\/?p=36105"]}]},{"@type":"BreadcrumbList","@id":"https:\/\/lospoliticosveracruz.com\/?p=36105#breadcrumb","itemListElement":[{"@type":"ListItem","position":1,"name":"Portada","item":"https:\/\/lospoliticosveracruz.com\/"},{"@type":"ListItem","position":2,"name":"Veracruz, historias de pobreza"}]},{"@type":"WebSite","@id":"https:\/\/lospoliticosveracruz.com\/#website","url":"https:\/\/lospoliticosveracruz.com\/","name":"Los pol\u00edticos Veracruz","description":"","publisher":{"@id":"https:\/\/lospoliticosveracruz.com\/#organization"},"potentialAction":[{"@type":"SearchAction","target":{"@type":"EntryPoint","urlTemplate":"https:\/\/lospoliticosveracruz.com\/?s={search_term_string}"},"query-input":{"@type":"PropertyValueSpecification","valueRequired":true,"valueName":"search_term_string"}}],"inLanguage":"es"},{"@type":"Organization","@id":"https:\/\/lospoliticosveracruz.com\/#organization","name":"Los pol\u00edticos Veracruz","url":"https:\/\/lospoliticosveracruz.com\/","logo":{"@type":"ImageObject","inLanguage":"es","@id":"https:\/\/lospoliticosveracruz.com\/#\/schema\/logo\/image\/","url":"https:\/\/lospoliticosveracruz.com\/wp-content\/uploads\/2025\/12\/Logo-Nuevo-LOS-POLITICOS-1.jpg","contentUrl":"https:\/\/lospoliticosveracruz.com\/wp-content\/uploads\/2025\/12\/Logo-Nuevo-LOS-POLITICOS-1.jpg","width":260,"height":70,"caption":"Los pol\u00edticos Veracruz"},"image":{"@id":"https:\/\/lospoliticosveracruz.com\/#\/schema\/logo\/image\/"},"sameAs":["https:\/\/www.facebook.com\/people\/Notimemes-de-los-Polticos\/61565672886568\/","https:\/\/x.com\/LosPoliticosVer"]},{"@type":"Person","@id":"https:\/\/lospoliticosveracruz.com\/#\/schema\/person\/b8702bb0e538456e6efd07080bf2a4a2","name":"Lo viste en Los Pol\u00edticos","image":{"@type":"ImageObject","inLanguage":"es","@id":"https:\/\/secure.gravatar.com\/avatar\/3a8de04a2656d44082be478bd6c086daa447c4651605818287b9532d3d0bd435?s=96&d=mm&r=g","url":"https:\/\/secure.gravatar.com\/avatar\/3a8de04a2656d44082be478bd6c086daa447c4651605818287b9532d3d0bd435?s=96&d=mm&r=g","contentUrl":"https:\/\/secure.gravatar.com\/avatar\/3a8de04a2656d44082be478bd6c086daa447c4651605818287b9532d3d0bd435?s=96&d=mm&r=g","caption":"Lo viste en Los Pol\u00edticos"},"url":"https:\/\/lospoliticosveracruz.com\/?author=2"}]}},"_links":{"self":[{"href":"https:\/\/lospoliticosveracruz.com\/index.php?rest_route=\/wp\/v2\/posts\/36105","targetHints":{"allow":["GET"]}}],"collection":[{"href":"https:\/\/lospoliticosveracruz.com\/index.php?rest_route=\/wp\/v2\/posts"}],"about":[{"href":"https:\/\/lospoliticosveracruz.com\/index.php?rest_route=\/wp\/v2\/types\/post"}],"author":[{"embeddable":true,"href":"https:\/\/lospoliticosveracruz.com\/index.php?rest_route=\/wp\/v2\/users\/2"}],"replies":[{"embeddable":true,"href":"https:\/\/lospoliticosveracruz.com\/index.php?rest_route=%2Fwp%2Fv2%2Fcomments&post=36105"}],"version-history":[{"count":2,"href":"https:\/\/lospoliticosveracruz.com\/index.php?rest_route=\/wp\/v2\/posts\/36105\/revisions"}],"predecessor-version":[{"id":36107,"href":"https:\/\/lospoliticosveracruz.com\/index.php?rest_route=\/wp\/v2\/posts\/36105\/revisions\/36107"}],"wp:attachment":[{"href":"https:\/\/lospoliticosveracruz.com\/index.php?rest_route=%2Fwp%2Fv2%2Fmedia&parent=36105"}],"wp:term":[{"taxonomy":"category","embeddable":true,"href":"https:\/\/lospoliticosveracruz.com\/index.php?rest_route=%2Fwp%2Fv2%2Fcategories&post=36105"},{"taxonomy":"post_tag","embeddable":true,"href":"https:\/\/lospoliticosveracruz.com\/index.php?rest_route=%2Fwp%2Fv2%2Ftags&post=36105"}],"curies":[{"name":"wp","href":"https:\/\/api.w.org\/{rel}","templated":true}]}}