{"id":36142,"date":"2017-08-30T22:55:27","date_gmt":"2017-08-31T03:55:27","guid":{"rendered":"http:\/\/www.lospoliticosveracruz.com.mx\/?p=36142"},"modified":"2017-08-30T22:40:48","modified_gmt":"2017-08-31T03:40:48","slug":"veracruz-mas-pobre","status":"publish","type":"post","link":"https:\/\/lospoliticosveracruz.com\/?p=36142","title":{"rendered":"Veracruz m\u00e1s pobre"},"content":{"rendered":"<p><strong>Brenda Caballero<\/strong><\/p>\n<p><em>N\u00fameros Rojos<\/em><\/p>\n<p>&nbsp;<\/p>\n<p>&nbsp;<\/p>\n<p>Recuerdo mis clases de educaci\u00f3n b\u00e1sica donde me dec\u00edan mis maestros que Veracruz era un estado de los m\u00e1s ricos del pa\u00eds, pues ten\u00eda una enorme cantidad de recursos naturales. \u00bfQu\u00e9 le pas\u00f3?<\/p>\n<p>Actualmente Veracruz est\u00e1 quebrado&#8230; lo saquearon. Han sido tan malos sus gobernantes que buscaron su propio enriquecimiento y el de sus familias. Lo que le hicieron al estado es un robo billonario, un asalto a mano armada a sus arcas y una explotaci\u00f3n masiva a sus recursos y los gobiernos saqueadores se reflejan en las encuestas, principalmente en dos: La Encuesta Nacional de Ingreso y Gastos de los Hogares (Enigh 2016) y Coneval, pero vamos por partes.<\/p>\n<p>Seg\u00fan la Enigh 2016, Veracruz ocupa el quinto lugar entre los estados que tienen menos ingresos trimestrales, s\u00f3lo despu\u00e9s de Hidalgo (Cuarto), Oaxaca (Tercero), Guerrero (Segundo) y Chiapas (Primero).<\/p>\n<p>El ingreso promedio de los hogares veracruzanos, seg\u00fan la encuesta, es de 32 mil 983 pesos trimestrales. Es decir, cada familia tiene un ingreso mensual de 10 mil 994 pesos.<\/p>\n<p>La misma encuesta refiere que Nuevo Le\u00f3n es el estado donde los hogares tienen mayores ingresos, pues el promedio trimestral es de 87 mil 653 pesos. All\u00e1 se gana casi tres veces m\u00e1s que ac\u00e1.<\/p>\n<p>Sin embargo, si se contempla el ingreso corriente promedio trimestral por hogar seg\u00fan entidad federativa en urbano y rural, 2016, Veracruz se va al sexto lugar s\u00f3lo despu\u00e9s de Michoac\u00e1n (5) Tlaxcala (4), Oaxaca (3), Guerrero (2) y Chiapas (1).<\/p>\n<p>De esta forma, el ingreso promedio de los hogares veracruzanos que viven en el \u00e1rea rural, seg\u00fan la encuesta, es de 22 mil 174 pesos trimestrales, y en el \u00e1rea urbana, de 39 mil 353 pesos. Es decir, las familias rurales viven con un ingreso mensual de 7 mil 391 pesos, mientras que las urbanas con 13 mil 118 pesos.<\/p>\n<p>\u00bfEst\u00e1n acordes las cifras con el ingreso de su hogar?<\/p>\n<p>Ahora que si vemos la parte del gasto, Veracruz es de los que menos gasta. Y tiene l\u00f3gica, los hogares mantienen un equilibrio entre sus ingresos y gastos.<\/p>\n<p>Veracruz conserva el quinto lugar con un promedio de 21 mil 990 pesos trimestrales. El gasto promedio mensual de los hogares es de 7 mil 330 pesos mensuales. Algo as\u00ed como 244 pesos diarios.<\/p>\n<p>En la Enigh 2016, el gasto trimestral tambi\u00e9n se dividi\u00f3 entre \u00e1rea rural y urbana; para el primero, en 14 mil 838 pesos; y para el segundo, en 26 mil 206 pesos trimestrales, que al hacer las operaciones aritm\u00e9ticas correspondientes los hogares rurales viven al d\u00eda con 165 pesos, mientras que los hogares que est\u00e1n en \u00e1reas urbanas viven con 291 pesos diarios aproximadamente.<\/p>\n<p>\u00bfEs el promedio de lo que usted gasta diariamente en transporte, alimentos, ropa, educaci\u00f3n, etc\u00e9tera?<\/p>\n<p>Disculpe usted tantas cifras, pero es una forma de entender el informe de ayer del Consejo Nacional de Evaluaci\u00f3n de la Pol\u00edtica de Desarrollo Social (Coneval), donde se muestra que en Veracruz se increment\u00f3 la pobreza.<\/p>\n<p>De acuerdo a la Ley General de Desarrollo Social (LGDS) se toman varios factores para dimensionar la pobreza, en primer lugar los ingresos, as\u00ed como los derechos sociales: rezago educativo, acceso a servicios de salud, acceso a seguridad social, acceso a la alimentaci\u00f3n, calidad y espacios de la vivienda, as\u00ed como acceso a servicios b\u00e1sicos de salud en la vivienda.<\/p>\n<p>Coneval ha llevado un seguimiento de la pobreza del a\u00f1o 2010 al 2016. A nivel nacional en 2010 hab\u00eda 52 millones 813 mil veinte personas en situaci\u00f3n de pobreza. Para 2012 se increment\u00f3 a 53 millones 349 mil 902 personas; en 2014 fue la cifra m\u00e1s alta con 55 millones 341 mil 556 personas.<\/p>\n<p>Ahora Coneval informa que han bajado el n\u00famero de personas pobres a nivel nacional, pues la cifra para 2016 es de 53 millones 418 mil 151 personas y que en 2016 hay 9 millones 375 mil 581 personas en pobreza extrema, cifra menor a los a\u00f1os anteriores.<\/p>\n<p>Pero \u00bfqu\u00e9 pas\u00f3 en Veracruz?<\/p>\n<p>Contrario a las cifras nacionales, en Veracruz hay m\u00e1s personas pobres. En 2010 hab\u00eda 4 millones 448 mil pobres; en 2012, 4 millones141 mil 800 pobres; en 2014, 4 millones 634 mil 200 pobres y en 2016, 5 millones 49 mil 500 pobres.<\/p>\n<p>En porcentajes 2010, 57.6; 2012, 52.6; 2014 58.0; y en 2016 tenemos ya 62.20 por ciento de la poblaci\u00f3n en situaci\u00f3n de pobreza.<\/p>\n<p>\u00bfY la pobreza extrema? En Veracruz, en 2016, hay un mill\u00f3n 332 mil 500 personas, lo que equivale al 16.4 por ciento de la poblaci\u00f3n.<\/p>\n<p>Cinco entidades aumentaron su porcentaje de poblaci\u00f3n de pobreza, entre 2014 y 2016: Veracruz, Oaxaca, Tabasco, Chiapas y Campeche.<\/p>\n<p>Los n\u00fameros no mienten, y \u00e9ste es el reflejo del saqueo del gobierno de Javier Duarte de Ochoa.<\/p>\n<p>Pero ojo, vienen elecciones y ante la situaci\u00f3n de pobreza que enfrentan los veracruzanos, esto es \u201coro molido\u201d para los compradores de votos.<\/p>\n<p>caballero_brenda@hotmail.com<\/p>\n<p>@NumerosRojos_BC<\/p>\n","protected":false},"excerpt":{"rendered":"<p>Brenda Caballero N\u00fameros Rojos &nbsp; &nbsp; Recuerdo mis clases de educaci\u00f3n b\u00e1sica donde me dec\u00edan mis maestros que Veracruz era un estado de los m\u00e1s ricos del pa\u00eds, pues ten\u00eda una enorme cantidad de recursos naturales. \u00bfQu\u00e9 le pas\u00f3? Actualmente Veracruz est\u00e1 quebrado&#8230; lo saquearon. Han sido tan malos sus gobernantes que buscaron su propio [&hellip;]<\/p>\n","protected":false},"author":2,"featured_media":0,"comment_status":"open","ping_status":"open","sticky":false,"template":"","format":"standard","meta":{"tdm_status":"","tdm_grid_status":"","footnotes":""},"categories":[70],"tags":[97,9330,195],"class_list":{"0":"post-36142","1":"post","2":"type-post","3":"status-publish","4":"format-standard","6":"category-de-opinion","7":"tag-pobreza","8":"tag-recursos","9":"tag-veracruz"},"yoast_head":"<!-- This site is optimized with the Yoast SEO plugin v27.4 - https:\/\/yoast.com\/product\/yoast-seo-wordpress\/ -->\n<title>Veracruz m\u00e1s pobre - Los pol\u00edticos Veracruz<\/title>\n<meta name=\"robots\" content=\"index, follow, max-snippet:-1, max-image-preview:large, max-video-preview:-1\" \/>\n<link rel=\"canonical\" href=\"https:\/\/lospoliticosveracruz.com\/?p=36142\" \/>\n<meta property=\"og:locale\" content=\"es_ES\" \/>\n<meta property=\"og:type\" content=\"article\" \/>\n<meta property=\"og:title\" content=\"Veracruz m\u00e1s pobre - Los pol\u00edticos Veracruz\" \/>\n<meta property=\"og:description\" content=\"Brenda Caballero N\u00fameros Rojos &nbsp; &nbsp; Recuerdo mis clases de educaci\u00f3n b\u00e1sica donde me dec\u00edan mis maestros que Veracruz era un estado de los m\u00e1s ricos del pa\u00eds, pues ten\u00eda una enorme cantidad de recursos naturales. \u00bfQu\u00e9 le pas\u00f3? Actualmente Veracruz est\u00e1 quebrado&#8230; lo saquearon. Han sido tan malos sus gobernantes que buscaron su propio [&hellip;]\" \/>\n<meta property=\"og:url\" content=\"https:\/\/lospoliticosveracruz.com\/?p=36142\" \/>\n<meta property=\"og:site_name\" content=\"Los pol\u00edticos Veracruz\" \/>\n<meta property=\"article:publisher\" content=\"https:\/\/www.facebook.com\/people\/Notimemes-de-los-Polticos\/61565672886568\/\" \/>\n<meta property=\"article:published_time\" content=\"2017-08-31T03:55:27+00:00\" \/>\n<meta property=\"og:image\" content=\"https:\/\/lospoliticosveracruz.com\/wp-content\/uploads\/2016\/07\/Logo-Dor.jpg\" \/>\n\t<meta property=\"og:image:width\" content=\"200\" \/>\n\t<meta property=\"og:image:height\" content=\"200\" \/>\n\t<meta property=\"og:image:type\" content=\"image\/jpeg\" \/>\n<meta name=\"author\" content=\"Lo viste en Los Pol\u00edticos\" \/>\n<meta name=\"twitter:card\" content=\"summary_large_image\" \/>\n<meta name=\"twitter:creator\" content=\"@LosPoliticosVer\" \/>\n<meta name=\"twitter:site\" content=\"@LosPoliticosVer\" \/>\n<meta name=\"twitter:label1\" content=\"Escrito por\" \/>\n\t<meta name=\"twitter:data1\" content=\"Lo viste en Los Pol\u00edticos\" \/>\n\t<meta name=\"twitter:label2\" content=\"Tiempo de lectura\" \/>\n\t<meta name=\"twitter:data2\" content=\"4 minutos\" \/>\n<script type=\"application\/ld+json\" class=\"yoast-schema-graph\">{\"@context\":\"https:\\\/\\\/schema.org\",\"@graph\":[{\"@type\":\"Article\",\"@id\":\"https:\\\/\\\/lospoliticosveracruz.com\\\/?p=36142#article\",\"isPartOf\":{\"@id\":\"https:\\\/\\\/lospoliticosveracruz.com\\\/?p=36142\"},\"author\":{\"name\":\"Lo viste en Los Pol\u00edticos\",\"@id\":\"https:\\\/\\\/lospoliticosveracruz.com\\\/#\\\/schema\\\/person\\\/b8702bb0e538456e6efd07080bf2a4a2\"},\"headline\":\"Veracruz m\u00e1s pobre\",\"datePublished\":\"2017-08-31T03:55:27+00:00\",\"mainEntityOfPage\":{\"@id\":\"https:\\\/\\\/lospoliticosveracruz.com\\\/?p=36142\"},\"wordCount\":787,\"commentCount\":0,\"publisher\":{\"@id\":\"https:\\\/\\\/lospoliticosveracruz.com\\\/#organization\"},\"keywords\":[\"pobreza\",\"recursos\",\"Veracruz\"],\"articleSection\":[\"De Opini\u00f3n\"],\"inLanguage\":\"es\",\"potentialAction\":[{\"@type\":\"CommentAction\",\"name\":\"Comment\",\"target\":[\"https:\\\/\\\/lospoliticosveracruz.com\\\/?p=36142#respond\"]}]},{\"@type\":\"WebPage\",\"@id\":\"https:\\\/\\\/lospoliticosveracruz.com\\\/?p=36142\",\"url\":\"https:\\\/\\\/lospoliticosveracruz.com\\\/?p=36142\",\"name\":\"Veracruz m\u00e1s pobre - Los pol\u00edticos Veracruz\",\"isPartOf\":{\"@id\":\"https:\\\/\\\/lospoliticosveracruz.com\\\/#website\"},\"datePublished\":\"2017-08-31T03:55:27+00:00\",\"breadcrumb\":{\"@id\":\"https:\\\/\\\/lospoliticosveracruz.com\\\/?p=36142#breadcrumb\"},\"inLanguage\":\"es\",\"potentialAction\":[{\"@type\":\"ReadAction\",\"target\":[\"https:\\\/\\\/lospoliticosveracruz.com\\\/?p=36142\"]}]},{\"@type\":\"BreadcrumbList\",\"@id\":\"https:\\\/\\\/lospoliticosveracruz.com\\\/?p=36142#breadcrumb\",\"itemListElement\":[{\"@type\":\"ListItem\",\"position\":1,\"name\":\"Portada\",\"item\":\"https:\\\/\\\/lospoliticosveracruz.com\\\/\"},{\"@type\":\"ListItem\",\"position\":2,\"name\":\"Veracruz m\u00e1s pobre\"}]},{\"@type\":\"WebSite\",\"@id\":\"https:\\\/\\\/lospoliticosveracruz.com\\\/#website\",\"url\":\"https:\\\/\\\/lospoliticosveracruz.com\\\/\",\"name\":\"Los pol\u00edticos Veracruz\",\"description\":\"\",\"publisher\":{\"@id\":\"https:\\\/\\\/lospoliticosveracruz.com\\\/#organization\"},\"potentialAction\":[{\"@type\":\"SearchAction\",\"target\":{\"@type\":\"EntryPoint\",\"urlTemplate\":\"https:\\\/\\\/lospoliticosveracruz.com\\\/?s={search_term_string}\"},\"query-input\":{\"@type\":\"PropertyValueSpecification\",\"valueRequired\":true,\"valueName\":\"search_term_string\"}}],\"inLanguage\":\"es\"},{\"@type\":\"Organization\",\"@id\":\"https:\\\/\\\/lospoliticosveracruz.com\\\/#organization\",\"name\":\"Los pol\u00edticos Veracruz\",\"url\":\"https:\\\/\\\/lospoliticosveracruz.com\\\/\",\"logo\":{\"@type\":\"ImageObject\",\"inLanguage\":\"es\",\"@id\":\"https:\\\/\\\/lospoliticosveracruz.com\\\/#\\\/schema\\\/logo\\\/image\\\/\",\"url\":\"https:\\\/\\\/lospoliticosveracruz.com\\\/wp-content\\\/uploads\\\/2025\\\/12\\\/Logo-Nuevo-LOS-POLITICOS-1.jpg\",\"contentUrl\":\"https:\\\/\\\/lospoliticosveracruz.com\\\/wp-content\\\/uploads\\\/2025\\\/12\\\/Logo-Nuevo-LOS-POLITICOS-1.jpg\",\"width\":260,\"height\":70,\"caption\":\"Los pol\u00edticos Veracruz\"},\"image\":{\"@id\":\"https:\\\/\\\/lospoliticosveracruz.com\\\/#\\\/schema\\\/logo\\\/image\\\/\"},\"sameAs\":[\"https:\\\/\\\/www.facebook.com\\\/people\\\/Notimemes-de-los-Polticos\\\/61565672886568\\\/\",\"https:\\\/\\\/x.com\\\/LosPoliticosVer\"]},{\"@type\":\"Person\",\"@id\":\"https:\\\/\\\/lospoliticosveracruz.com\\\/#\\\/schema\\\/person\\\/b8702bb0e538456e6efd07080bf2a4a2\",\"name\":\"Lo viste en Los Pol\u00edticos\",\"image\":{\"@type\":\"ImageObject\",\"inLanguage\":\"es\",\"@id\":\"https:\\\/\\\/secure.gravatar.com\\\/avatar\\\/3a8de04a2656d44082be478bd6c086daa447c4651605818287b9532d3d0bd435?s=96&d=mm&r=g\",\"url\":\"https:\\\/\\\/secure.gravatar.com\\\/avatar\\\/3a8de04a2656d44082be478bd6c086daa447c4651605818287b9532d3d0bd435?s=96&d=mm&r=g\",\"contentUrl\":\"https:\\\/\\\/secure.gravatar.com\\\/avatar\\\/3a8de04a2656d44082be478bd6c086daa447c4651605818287b9532d3d0bd435?s=96&d=mm&r=g\",\"caption\":\"Lo viste en Los Pol\u00edticos\"},\"url\":\"https:\\\/\\\/lospoliticosveracruz.com\\\/?author=2\"}]}<\/script>\n<!-- \/ Yoast SEO plugin. -->","yoast_head_json":{"title":"Veracruz m\u00e1s pobre - Los pol\u00edticos Veracruz","robots":{"index":"index","follow":"follow","max-snippet":"max-snippet:-1","max-image-preview":"max-image-preview:large","max-video-preview":"max-video-preview:-1"},"canonical":"https:\/\/lospoliticosveracruz.com\/?p=36142","og_locale":"es_ES","og_type":"article","og_title":"Veracruz m\u00e1s pobre - Los pol\u00edticos Veracruz","og_description":"Brenda Caballero N\u00fameros Rojos &nbsp; &nbsp; Recuerdo mis clases de educaci\u00f3n b\u00e1sica donde me dec\u00edan mis maestros que Veracruz era un estado de los m\u00e1s ricos del pa\u00eds, pues ten\u00eda una enorme cantidad de recursos naturales. \u00bfQu\u00e9 le pas\u00f3? Actualmente Veracruz est\u00e1 quebrado&#8230; lo saquearon. Han sido tan malos sus gobernantes que buscaron su propio [&hellip;]","og_url":"https:\/\/lospoliticosveracruz.com\/?p=36142","og_site_name":"Los pol\u00edticos Veracruz","article_publisher":"https:\/\/www.facebook.com\/people\/Notimemes-de-los-Polticos\/61565672886568\/","article_published_time":"2017-08-31T03:55:27+00:00","og_image":[{"width":200,"height":200,"url":"https:\/\/lospoliticosveracruz.com\/wp-content\/uploads\/2016\/07\/Logo-Dor.jpg","type":"image\/jpeg"}],"author":"Lo viste en Los Pol\u00edticos","twitter_card":"summary_large_image","twitter_creator":"@LosPoliticosVer","twitter_site":"@LosPoliticosVer","twitter_misc":{"Escrito por":"Lo viste en Los Pol\u00edticos","Tiempo de lectura":"4 minutos"},"schema":{"@context":"https:\/\/schema.org","@graph":[{"@type":"Article","@id":"https:\/\/lospoliticosveracruz.com\/?p=36142#article","isPartOf":{"@id":"https:\/\/lospoliticosveracruz.com\/?p=36142"},"author":{"name":"Lo viste en Los Pol\u00edticos","@id":"https:\/\/lospoliticosveracruz.com\/#\/schema\/person\/b8702bb0e538456e6efd07080bf2a4a2"},"headline":"Veracruz m\u00e1s pobre","datePublished":"2017-08-31T03:55:27+00:00","mainEntityOfPage":{"@id":"https:\/\/lospoliticosveracruz.com\/?p=36142"},"wordCount":787,"commentCount":0,"publisher":{"@id":"https:\/\/lospoliticosveracruz.com\/#organization"},"keywords":["pobreza","recursos","Veracruz"],"articleSection":["De Opini\u00f3n"],"inLanguage":"es","potentialAction":[{"@type":"CommentAction","name":"Comment","target":["https:\/\/lospoliticosveracruz.com\/?p=36142#respond"]}]},{"@type":"WebPage","@id":"https:\/\/lospoliticosveracruz.com\/?p=36142","url":"https:\/\/lospoliticosveracruz.com\/?p=36142","name":"Veracruz m\u00e1s pobre - Los pol\u00edticos Veracruz","isPartOf":{"@id":"https:\/\/lospoliticosveracruz.com\/#website"},"datePublished":"2017-08-31T03:55:27+00:00","breadcrumb":{"@id":"https:\/\/lospoliticosveracruz.com\/?p=36142#breadcrumb"},"inLanguage":"es","potentialAction":[{"@type":"ReadAction","target":["https:\/\/lospoliticosveracruz.com\/?p=36142"]}]},{"@type":"BreadcrumbList","@id":"https:\/\/lospoliticosveracruz.com\/?p=36142#breadcrumb","itemListElement":[{"@type":"ListItem","position":1,"name":"Portada","item":"https:\/\/lospoliticosveracruz.com\/"},{"@type":"ListItem","position":2,"name":"Veracruz m\u00e1s pobre"}]},{"@type":"WebSite","@id":"https:\/\/lospoliticosveracruz.com\/#website","url":"https:\/\/lospoliticosveracruz.com\/","name":"Los pol\u00edticos Veracruz","description":"","publisher":{"@id":"https:\/\/lospoliticosveracruz.com\/#organization"},"potentialAction":[{"@type":"SearchAction","target":{"@type":"EntryPoint","urlTemplate":"https:\/\/lospoliticosveracruz.com\/?s={search_term_string}"},"query-input":{"@type":"PropertyValueSpecification","valueRequired":true,"valueName":"search_term_string"}}],"inLanguage":"es"},{"@type":"Organization","@id":"https:\/\/lospoliticosveracruz.com\/#organization","name":"Los pol\u00edticos Veracruz","url":"https:\/\/lospoliticosveracruz.com\/","logo":{"@type":"ImageObject","inLanguage":"es","@id":"https:\/\/lospoliticosveracruz.com\/#\/schema\/logo\/image\/","url":"https:\/\/lospoliticosveracruz.com\/wp-content\/uploads\/2025\/12\/Logo-Nuevo-LOS-POLITICOS-1.jpg","contentUrl":"https:\/\/lospoliticosveracruz.com\/wp-content\/uploads\/2025\/12\/Logo-Nuevo-LOS-POLITICOS-1.jpg","width":260,"height":70,"caption":"Los pol\u00edticos Veracruz"},"image":{"@id":"https:\/\/lospoliticosveracruz.com\/#\/schema\/logo\/image\/"},"sameAs":["https:\/\/www.facebook.com\/people\/Notimemes-de-los-Polticos\/61565672886568\/","https:\/\/x.com\/LosPoliticosVer"]},{"@type":"Person","@id":"https:\/\/lospoliticosveracruz.com\/#\/schema\/person\/b8702bb0e538456e6efd07080bf2a4a2","name":"Lo viste en Los Pol\u00edticos","image":{"@type":"ImageObject","inLanguage":"es","@id":"https:\/\/secure.gravatar.com\/avatar\/3a8de04a2656d44082be478bd6c086daa447c4651605818287b9532d3d0bd435?s=96&d=mm&r=g","url":"https:\/\/secure.gravatar.com\/avatar\/3a8de04a2656d44082be478bd6c086daa447c4651605818287b9532d3d0bd435?s=96&d=mm&r=g","contentUrl":"https:\/\/secure.gravatar.com\/avatar\/3a8de04a2656d44082be478bd6c086daa447c4651605818287b9532d3d0bd435?s=96&d=mm&r=g","caption":"Lo viste en Los Pol\u00edticos"},"url":"https:\/\/lospoliticosveracruz.com\/?author=2"}]}},"_links":{"self":[{"href":"https:\/\/lospoliticosveracruz.com\/index.php?rest_route=\/wp\/v2\/posts\/36142","targetHints":{"allow":["GET"]}}],"collection":[{"href":"https:\/\/lospoliticosveracruz.com\/index.php?rest_route=\/wp\/v2\/posts"}],"about":[{"href":"https:\/\/lospoliticosveracruz.com\/index.php?rest_route=\/wp\/v2\/types\/post"}],"author":[{"embeddable":true,"href":"https:\/\/lospoliticosveracruz.com\/index.php?rest_route=\/wp\/v2\/users\/2"}],"replies":[{"embeddable":true,"href":"https:\/\/lospoliticosveracruz.com\/index.php?rest_route=%2Fwp%2Fv2%2Fcomments&post=36142"}],"version-history":[{"count":2,"href":"https:\/\/lospoliticosveracruz.com\/index.php?rest_route=\/wp\/v2\/posts\/36142\/revisions"}],"predecessor-version":[{"id":36157,"href":"https:\/\/lospoliticosveracruz.com\/index.php?rest_route=\/wp\/v2\/posts\/36142\/revisions\/36157"}],"wp:attachment":[{"href":"https:\/\/lospoliticosveracruz.com\/index.php?rest_route=%2Fwp%2Fv2%2Fmedia&parent=36142"}],"wp:term":[{"taxonomy":"category","embeddable":true,"href":"https:\/\/lospoliticosveracruz.com\/index.php?rest_route=%2Fwp%2Fv2%2Fcategories&post=36142"},{"taxonomy":"post_tag","embeddable":true,"href":"https:\/\/lospoliticosveracruz.com\/index.php?rest_route=%2Fwp%2Fv2%2Ftags&post=36142"}],"curies":[{"name":"wp","href":"https:\/\/api.w.org\/{rel}","templated":true}]}}