{"id":36359,"date":"2017-09-08T08:43:46","date_gmt":"2017-09-08T13:43:46","guid":{"rendered":"http:\/\/www.lospoliticosveracruz.com.mx\/?p=36359"},"modified":"2017-09-08T08:43:46","modified_gmt":"2017-09-08T13:43:46","slug":"el-vicio-de-la-corrupcion","status":"publish","type":"post","link":"https:\/\/lospoliticosveracruz.com\/?p=36359","title":{"rendered":"El vicio de la corrupci\u00f3n"},"content":{"rendered":"<p><strong>Naldy Rodr\u00edguez<\/strong><\/p>\n<p><em>Transparencia 3.0<\/em><\/p>\n<p>&nbsp;<\/p>\n<p>&nbsp;<\/p>\n<p>La Real Academia Espa\u00f1ola (RAE) otorga cuatro significados a la palabra corrupci\u00f3n; en dos de ellos se\u00f1ala que se trata de un vicio, que a su vez se define como un \u00abh\u00e1bito de hacer mal algo o de hacer una cosa perjudicial o que se considera reprobable desde el punto de vista moral\u00bb.<\/p>\n<p>Pero la corrupci\u00f3n no solo es reprochable desde la \u00e9tica, lo es desde la pragm\u00e1tica, lo real y tangible. Sus efectos negativos se extienden a diferentes sectores, niveles y estratos, desde la funci\u00f3n p\u00fablica hasta asociaciones civiles y la ciudadan\u00eda.<\/p>\n<p>La corrupci\u00f3n, dice la RAE, es un nombre femenino. Yo no le veo g\u00e9nero, m\u00e1s bien -como en la primera definici\u00f3n- creo que logra corromper a todos, en las cosas materiales, pero lo m\u00e1s preocupante: en costumbres y valores.<\/p>\n<p>Somos malos por naturaleza, somos seres imperfectos, que medio aprendemos del ensayo-error, estoy convencida de eso, tal vez unos m\u00e1s corrompidos que otros.<\/p>\n<p>\u00abLa Estafa Maestra\u00bb puso en evidencia una red de corrupci\u00f3n en el gobierno federal, en el que utiliz\u00f3 128 fantasma para desviar presumiblemente 7 mil 670 millones de pesos. En la investigaci\u00f3n de Animal Pol\u00edtico se se\u00f1ala que la Secretar\u00eda de Desarrollo Social, con Rosario Robles como titular; el Banco Nacional de Obras, con Alfredo del Mazo (hoy gobernador electo del Estado de M\u00e9xico), y Petr\u00f3leos Mexicanos con Emilio Lozoya, \u00abson las tres principales dependencias responsables de este mecanismo\u00bb.<\/p>\n<p>Se trata del mismo sistema que sigui\u00f3 Javier Duarte para robar 58 mil millones de pesos (35 mil millones de pesos de desv\u00edos de fondos p\u00fablicos federales y 23 mil millones estatales). Y no dudar\u00eda que ese esquema se haya seguido en otros estados pri\u00edstas.<\/p>\n<p>El n\u00famero de personas que debi\u00f3 participar en esta red de corrupci\u00f3n abarca desde el nivel jer\u00e1rquico m\u00e1s alto y desciende, pasa por organismos aut\u00f3nomos que debieron realizar la tarea de fiscalizar, hasta llegar a las empresas privadas.<\/p>\n<p>La corrupci\u00f3n tambi\u00e9n cost\u00f3 mil 600 mdp a empresas en 2016 (a nivel nacional). Cada una de ellas pag\u00f3 en ese a\u00f1o desde 12 mil hasta 80 mil pesos, revelaron los propios hombres de negocios al Inegi.<\/p>\n<p>En las unidades econ\u00f3micas (empresas) se considera que los actos de corrupci\u00f3n se producen para agilizar tr\u00e1mites (64.6%), para evitar multas o sanciones (39.4) y para obtener licencias y permisos (30.7%).<\/p>\n<p><strong>Veracruz en sem\u00e1foro rojo<\/strong><\/p>\n<p>Para aminorar el impacto medi\u00e1tico, econ\u00f3mico y social de la corrupci\u00f3n en M\u00e9xico, las autoridades -presionadas por organizaciones civiles- pensaron en un Sistema Nacional Anticorrupci\u00f3n, concebido como un conjunto de comit\u00e9s y \u00e1reas que vigilar\u00e1n el ejercicio de los recursos p\u00fablicos y el actuar de los servidores.<\/p>\n<p>Este sistema debe estar integrado por ciudadanos y por funcionarios con la encomienda de prevenir, investigar y sancionar la corrupci\u00f3n en M\u00e9xico. Para lograrlo se instalar\u00e1 un Comit\u00e9 General que enlace los trabajos de las diferentes dependencias, adem\u00e1s se debe crear una fiscal\u00eda anticorrupci\u00f3n, as\u00ed como un Tribunal de Justicia Administrativa. Los mismos organismos se crear\u00e1n a nivel nacional y estatal.<\/p>\n<p>En el caso del Comit\u00e9 Ciudadano se debe integrar por cinco personas, quien lo encabece los representar\u00e1 ante el Comit\u00e9 Coordinador General, tanto del Sistema Nacional Anticorrupci\u00f3n como de los sistemas locales.<\/p>\n<p>Lo malo es que estas \u00e1reas de nueva cuenta est\u00e1n bajo el control partidistas, sus nombramientos deben de pasar a nivel nacional por la presidencia, Senado y C\u00e1mara de Diputados. A nivel local por el gobernador y el Congreso del Estado, donde sabemos hay un jaloneo por los cotos de poder.<\/p>\n<p>Veracruz est\u00e1 en el sem\u00e1foro rojo, junto con Chihuahua, ni siquiera cuenta con propuestas para dise\u00f1ar su sistema local anticorrupci\u00f3n y le falta legislar en la materia.<\/p>\n<p>Como no podemos incidir en los intereses pol\u00edticos de los partidos, trabajemos en lo individual para combatir la corrupci\u00f3n. Lo que debemos priorizar en nuestra vida es el valor de la honradez, verlo como un activo que dejar\u00e1 dividendos; que en la pr\u00e1ctica y en nuestro entorno nos ir\u00e1 mejor a todos si actuamos con rectitud y justicia.<\/p>\n<p>***<\/p>\n<p>\u00abCuando los nativos preguntaron a Cortes porque los espa\u00f1oles ten\u00edan tal pasi\u00f3n por el oro, el conquistador contesto: tenemos yo y mis compa\u00f1eros mal de coraz\u00f3n, enfermedad que sana con ellos\u00bb.<\/p>\n<p>De animales a dioses de Yuval Noah Harari<\/p>\n<p>Twitter @ydlan<\/p>\n<p>Transparencia3.0@hotmail.com<\/p>\n","protected":false},"excerpt":{"rendered":"<p>Naldy Rodr\u00edguez Transparencia 3.0 &nbsp; &nbsp; La Real Academia Espa\u00f1ola (RAE) otorga cuatro significados a la palabra corrupci\u00f3n; en dos de ellos se\u00f1ala que se trata de un vicio, que a su vez se define como un \u00abh\u00e1bito de hacer mal algo o de hacer una cosa perjudicial o que se considera reprobable desde el [&hellip;]<\/p>\n","protected":false},"author":2,"featured_media":0,"comment_status":"open","ping_status":"open","sticky":false,"template":"","format":"standard","meta":{"tdm_status":"","tdm_grid_status":"","footnotes":""},"categories":[70],"tags":[282,1686,9416,3825,1926],"class_list":{"0":"post-36359","1":"post","2":"type-post","3":"status-publish","4":"format-standard","6":"category-de-opinion","7":"tag-corrupcion","8":"tag-funcion-publica","10":"tag-real-academia-espanola","11":"tag-sistema-nacional-anticorrupcion"},"yoast_head":"<!-- This site is optimized with the Yoast SEO plugin v27.4 - https:\/\/yoast.com\/product\/yoast-seo-wordpress\/ -->\n<title>El vicio de la corrupci\u00f3n - Los pol\u00edticos Veracruz<\/title>\n<meta name=\"robots\" content=\"index, follow, max-snippet:-1, max-image-preview:large, max-video-preview:-1\" \/>\n<link rel=\"canonical\" href=\"https:\/\/lospoliticosveracruz.com\/?p=36359\" \/>\n<meta property=\"og:locale\" content=\"es_ES\" \/>\n<meta property=\"og:type\" content=\"article\" \/>\n<meta property=\"og:title\" content=\"El vicio de la corrupci\u00f3n - Los pol\u00edticos Veracruz\" \/>\n<meta property=\"og:description\" content=\"Naldy Rodr\u00edguez Transparencia 3.0 &nbsp; &nbsp; La Real Academia Espa\u00f1ola (RAE) otorga cuatro significados a la palabra corrupci\u00f3n; en dos de ellos se\u00f1ala que se trata de un vicio, que a su vez se define como un \u00abh\u00e1bito de hacer mal algo o de hacer una cosa perjudicial o que se considera reprobable desde el [&hellip;]\" \/>\n<meta property=\"og:url\" content=\"https:\/\/lospoliticosveracruz.com\/?p=36359\" \/>\n<meta property=\"og:site_name\" content=\"Los pol\u00edticos Veracruz\" \/>\n<meta property=\"article:publisher\" content=\"https:\/\/www.facebook.com\/people\/Notimemes-de-los-Polticos\/61565672886568\/\" \/>\n<meta property=\"article:published_time\" content=\"2017-09-08T13:43:46+00:00\" \/>\n<meta property=\"og:image\" content=\"https:\/\/lospoliticosveracruz.com\/wp-content\/uploads\/2016\/07\/Logo-Dor.jpg\" \/>\n\t<meta property=\"og:image:width\" content=\"200\" \/>\n\t<meta property=\"og:image:height\" content=\"200\" \/>\n\t<meta property=\"og:image:type\" content=\"image\/jpeg\" \/>\n<meta name=\"author\" content=\"Lo viste en Los Pol\u00edticos\" \/>\n<meta name=\"twitter:card\" content=\"summary_large_image\" \/>\n<meta name=\"twitter:creator\" content=\"@LosPoliticosVer\" \/>\n<meta name=\"twitter:site\" content=\"@LosPoliticosVer\" \/>\n<meta name=\"twitter:label1\" content=\"Escrito por\" \/>\n\t<meta name=\"twitter:data1\" content=\"Lo viste en Los Pol\u00edticos\" \/>\n\t<meta name=\"twitter:label2\" content=\"Tiempo de lectura\" \/>\n\t<meta name=\"twitter:data2\" content=\"4 minutos\" \/>\n<script type=\"application\/ld+json\" class=\"yoast-schema-graph\">{\"@context\":\"https:\\\/\\\/schema.org\",\"@graph\":[{\"@type\":\"Article\",\"@id\":\"https:\\\/\\\/lospoliticosveracruz.com\\\/?p=36359#article\",\"isPartOf\":{\"@id\":\"https:\\\/\\\/lospoliticosveracruz.com\\\/?p=36359\"},\"author\":{\"name\":\"Lo viste en Los Pol\u00edticos\",\"@id\":\"https:\\\/\\\/lospoliticosveracruz.com\\\/#\\\/schema\\\/person\\\/b8702bb0e538456e6efd07080bf2a4a2\"},\"headline\":\"El vicio de la corrupci\u00f3n\",\"datePublished\":\"2017-09-08T13:43:46+00:00\",\"mainEntityOfPage\":{\"@id\":\"https:\\\/\\\/lospoliticosveracruz.com\\\/?p=36359\"},\"wordCount\":774,\"commentCount\":0,\"publisher\":{\"@id\":\"https:\\\/\\\/lospoliticosveracruz.com\\\/#organization\"},\"keywords\":[\"corrupci\u00f3n\",\"Funci\u00f3n P\u00fablica\",\"La estafa maestra\",\"Real Academia Espa\u00f1ola\",\"Sistema Nacional Anticorrupci\u00f3n\"],\"articleSection\":[\"De Opini\u00f3n\"],\"inLanguage\":\"es\",\"potentialAction\":[{\"@type\":\"CommentAction\",\"name\":\"Comment\",\"target\":[\"https:\\\/\\\/lospoliticosveracruz.com\\\/?p=36359#respond\"]}]},{\"@type\":\"WebPage\",\"@id\":\"https:\\\/\\\/lospoliticosveracruz.com\\\/?p=36359\",\"url\":\"https:\\\/\\\/lospoliticosveracruz.com\\\/?p=36359\",\"name\":\"El vicio de la corrupci\u00f3n - Los pol\u00edticos Veracruz\",\"isPartOf\":{\"@id\":\"https:\\\/\\\/lospoliticosveracruz.com\\\/#website\"},\"datePublished\":\"2017-09-08T13:43:46+00:00\",\"breadcrumb\":{\"@id\":\"https:\\\/\\\/lospoliticosveracruz.com\\\/?p=36359#breadcrumb\"},\"inLanguage\":\"es\",\"potentialAction\":[{\"@type\":\"ReadAction\",\"target\":[\"https:\\\/\\\/lospoliticosveracruz.com\\\/?p=36359\"]}]},{\"@type\":\"BreadcrumbList\",\"@id\":\"https:\\\/\\\/lospoliticosveracruz.com\\\/?p=36359#breadcrumb\",\"itemListElement\":[{\"@type\":\"ListItem\",\"position\":1,\"name\":\"Portada\",\"item\":\"https:\\\/\\\/lospoliticosveracruz.com\\\/\"},{\"@type\":\"ListItem\",\"position\":2,\"name\":\"El vicio de la corrupci\u00f3n\"}]},{\"@type\":\"WebSite\",\"@id\":\"https:\\\/\\\/lospoliticosveracruz.com\\\/#website\",\"url\":\"https:\\\/\\\/lospoliticosveracruz.com\\\/\",\"name\":\"Los pol\u00edticos Veracruz\",\"description\":\"\",\"publisher\":{\"@id\":\"https:\\\/\\\/lospoliticosveracruz.com\\\/#organization\"},\"potentialAction\":[{\"@type\":\"SearchAction\",\"target\":{\"@type\":\"EntryPoint\",\"urlTemplate\":\"https:\\\/\\\/lospoliticosveracruz.com\\\/?s={search_term_string}\"},\"query-input\":{\"@type\":\"PropertyValueSpecification\",\"valueRequired\":true,\"valueName\":\"search_term_string\"}}],\"inLanguage\":\"es\"},{\"@type\":\"Organization\",\"@id\":\"https:\\\/\\\/lospoliticosveracruz.com\\\/#organization\",\"name\":\"Los pol\u00edticos Veracruz\",\"url\":\"https:\\\/\\\/lospoliticosveracruz.com\\\/\",\"logo\":{\"@type\":\"ImageObject\",\"inLanguage\":\"es\",\"@id\":\"https:\\\/\\\/lospoliticosveracruz.com\\\/#\\\/schema\\\/logo\\\/image\\\/\",\"url\":\"https:\\\/\\\/lospoliticosveracruz.com\\\/wp-content\\\/uploads\\\/2025\\\/12\\\/Logo-Nuevo-LOS-POLITICOS-1.jpg\",\"contentUrl\":\"https:\\\/\\\/lospoliticosveracruz.com\\\/wp-content\\\/uploads\\\/2025\\\/12\\\/Logo-Nuevo-LOS-POLITICOS-1.jpg\",\"width\":260,\"height\":70,\"caption\":\"Los pol\u00edticos Veracruz\"},\"image\":{\"@id\":\"https:\\\/\\\/lospoliticosveracruz.com\\\/#\\\/schema\\\/logo\\\/image\\\/\"},\"sameAs\":[\"https:\\\/\\\/www.facebook.com\\\/people\\\/Notimemes-de-los-Polticos\\\/61565672886568\\\/\",\"https:\\\/\\\/x.com\\\/LosPoliticosVer\"]},{\"@type\":\"Person\",\"@id\":\"https:\\\/\\\/lospoliticosveracruz.com\\\/#\\\/schema\\\/person\\\/b8702bb0e538456e6efd07080bf2a4a2\",\"name\":\"Lo viste en Los Pol\u00edticos\",\"image\":{\"@type\":\"ImageObject\",\"inLanguage\":\"es\",\"@id\":\"https:\\\/\\\/secure.gravatar.com\\\/avatar\\\/3a8de04a2656d44082be478bd6c086daa447c4651605818287b9532d3d0bd435?s=96&d=mm&r=g\",\"url\":\"https:\\\/\\\/secure.gravatar.com\\\/avatar\\\/3a8de04a2656d44082be478bd6c086daa447c4651605818287b9532d3d0bd435?s=96&d=mm&r=g\",\"contentUrl\":\"https:\\\/\\\/secure.gravatar.com\\\/avatar\\\/3a8de04a2656d44082be478bd6c086daa447c4651605818287b9532d3d0bd435?s=96&d=mm&r=g\",\"caption\":\"Lo viste en Los Pol\u00edticos\"},\"url\":\"https:\\\/\\\/lospoliticosveracruz.com\\\/?author=2\"}]}<\/script>\n<!-- \/ Yoast SEO plugin. -->","yoast_head_json":{"title":"El vicio de la corrupci\u00f3n - Los pol\u00edticos Veracruz","robots":{"index":"index","follow":"follow","max-snippet":"max-snippet:-1","max-image-preview":"max-image-preview:large","max-video-preview":"max-video-preview:-1"},"canonical":"https:\/\/lospoliticosveracruz.com\/?p=36359","og_locale":"es_ES","og_type":"article","og_title":"El vicio de la corrupci\u00f3n - Los pol\u00edticos Veracruz","og_description":"Naldy Rodr\u00edguez Transparencia 3.0 &nbsp; &nbsp; La Real Academia Espa\u00f1ola (RAE) otorga cuatro significados a la palabra corrupci\u00f3n; en dos de ellos se\u00f1ala que se trata de un vicio, que a su vez se define como un \u00abh\u00e1bito de hacer mal algo o de hacer una cosa perjudicial o que se considera reprobable desde el [&hellip;]","og_url":"https:\/\/lospoliticosveracruz.com\/?p=36359","og_site_name":"Los pol\u00edticos Veracruz","article_publisher":"https:\/\/www.facebook.com\/people\/Notimemes-de-los-Polticos\/61565672886568\/","article_published_time":"2017-09-08T13:43:46+00:00","og_image":[{"width":200,"height":200,"url":"https:\/\/lospoliticosveracruz.com\/wp-content\/uploads\/2016\/07\/Logo-Dor.jpg","type":"image\/jpeg"}],"author":"Lo viste en Los Pol\u00edticos","twitter_card":"summary_large_image","twitter_creator":"@LosPoliticosVer","twitter_site":"@LosPoliticosVer","twitter_misc":{"Escrito por":"Lo viste en Los Pol\u00edticos","Tiempo de lectura":"4 minutos"},"schema":{"@context":"https:\/\/schema.org","@graph":[{"@type":"Article","@id":"https:\/\/lospoliticosveracruz.com\/?p=36359#article","isPartOf":{"@id":"https:\/\/lospoliticosveracruz.com\/?p=36359"},"author":{"name":"Lo viste en Los Pol\u00edticos","@id":"https:\/\/lospoliticosveracruz.com\/#\/schema\/person\/b8702bb0e538456e6efd07080bf2a4a2"},"headline":"El vicio de la corrupci\u00f3n","datePublished":"2017-09-08T13:43:46+00:00","mainEntityOfPage":{"@id":"https:\/\/lospoliticosveracruz.com\/?p=36359"},"wordCount":774,"commentCount":0,"publisher":{"@id":"https:\/\/lospoliticosveracruz.com\/#organization"},"keywords":["corrupci\u00f3n","Funci\u00f3n P\u00fablica","La estafa maestra","Real Academia Espa\u00f1ola","Sistema Nacional Anticorrupci\u00f3n"],"articleSection":["De Opini\u00f3n"],"inLanguage":"es","potentialAction":[{"@type":"CommentAction","name":"Comment","target":["https:\/\/lospoliticosveracruz.com\/?p=36359#respond"]}]},{"@type":"WebPage","@id":"https:\/\/lospoliticosveracruz.com\/?p=36359","url":"https:\/\/lospoliticosveracruz.com\/?p=36359","name":"El vicio de la corrupci\u00f3n - Los pol\u00edticos Veracruz","isPartOf":{"@id":"https:\/\/lospoliticosveracruz.com\/#website"},"datePublished":"2017-09-08T13:43:46+00:00","breadcrumb":{"@id":"https:\/\/lospoliticosveracruz.com\/?p=36359#breadcrumb"},"inLanguage":"es","potentialAction":[{"@type":"ReadAction","target":["https:\/\/lospoliticosveracruz.com\/?p=36359"]}]},{"@type":"BreadcrumbList","@id":"https:\/\/lospoliticosveracruz.com\/?p=36359#breadcrumb","itemListElement":[{"@type":"ListItem","position":1,"name":"Portada","item":"https:\/\/lospoliticosveracruz.com\/"},{"@type":"ListItem","position":2,"name":"El vicio de la corrupci\u00f3n"}]},{"@type":"WebSite","@id":"https:\/\/lospoliticosveracruz.com\/#website","url":"https:\/\/lospoliticosveracruz.com\/","name":"Los pol\u00edticos Veracruz","description":"","publisher":{"@id":"https:\/\/lospoliticosveracruz.com\/#organization"},"potentialAction":[{"@type":"SearchAction","target":{"@type":"EntryPoint","urlTemplate":"https:\/\/lospoliticosveracruz.com\/?s={search_term_string}"},"query-input":{"@type":"PropertyValueSpecification","valueRequired":true,"valueName":"search_term_string"}}],"inLanguage":"es"},{"@type":"Organization","@id":"https:\/\/lospoliticosveracruz.com\/#organization","name":"Los pol\u00edticos Veracruz","url":"https:\/\/lospoliticosveracruz.com\/","logo":{"@type":"ImageObject","inLanguage":"es","@id":"https:\/\/lospoliticosveracruz.com\/#\/schema\/logo\/image\/","url":"https:\/\/lospoliticosveracruz.com\/wp-content\/uploads\/2025\/12\/Logo-Nuevo-LOS-POLITICOS-1.jpg","contentUrl":"https:\/\/lospoliticosveracruz.com\/wp-content\/uploads\/2025\/12\/Logo-Nuevo-LOS-POLITICOS-1.jpg","width":260,"height":70,"caption":"Los pol\u00edticos Veracruz"},"image":{"@id":"https:\/\/lospoliticosveracruz.com\/#\/schema\/logo\/image\/"},"sameAs":["https:\/\/www.facebook.com\/people\/Notimemes-de-los-Polticos\/61565672886568\/","https:\/\/x.com\/LosPoliticosVer"]},{"@type":"Person","@id":"https:\/\/lospoliticosveracruz.com\/#\/schema\/person\/b8702bb0e538456e6efd07080bf2a4a2","name":"Lo viste en Los Pol\u00edticos","image":{"@type":"ImageObject","inLanguage":"es","@id":"https:\/\/secure.gravatar.com\/avatar\/3a8de04a2656d44082be478bd6c086daa447c4651605818287b9532d3d0bd435?s=96&d=mm&r=g","url":"https:\/\/secure.gravatar.com\/avatar\/3a8de04a2656d44082be478bd6c086daa447c4651605818287b9532d3d0bd435?s=96&d=mm&r=g","contentUrl":"https:\/\/secure.gravatar.com\/avatar\/3a8de04a2656d44082be478bd6c086daa447c4651605818287b9532d3d0bd435?s=96&d=mm&r=g","caption":"Lo viste en Los Pol\u00edticos"},"url":"https:\/\/lospoliticosveracruz.com\/?author=2"}]}},"_links":{"self":[{"href":"https:\/\/lospoliticosveracruz.com\/index.php?rest_route=\/wp\/v2\/posts\/36359","targetHints":{"allow":["GET"]}}],"collection":[{"href":"https:\/\/lospoliticosveracruz.com\/index.php?rest_route=\/wp\/v2\/posts"}],"about":[{"href":"https:\/\/lospoliticosveracruz.com\/index.php?rest_route=\/wp\/v2\/types\/post"}],"author":[{"embeddable":true,"href":"https:\/\/lospoliticosveracruz.com\/index.php?rest_route=\/wp\/v2\/users\/2"}],"replies":[{"embeddable":true,"href":"https:\/\/lospoliticosveracruz.com\/index.php?rest_route=%2Fwp%2Fv2%2Fcomments&post=36359"}],"version-history":[{"count":2,"href":"https:\/\/lospoliticosveracruz.com\/index.php?rest_route=\/wp\/v2\/posts\/36359\/revisions"}],"predecessor-version":[{"id":36361,"href":"https:\/\/lospoliticosveracruz.com\/index.php?rest_route=\/wp\/v2\/posts\/36359\/revisions\/36361"}],"wp:attachment":[{"href":"https:\/\/lospoliticosveracruz.com\/index.php?rest_route=%2Fwp%2Fv2%2Fmedia&parent=36359"}],"wp:term":[{"taxonomy":"category","embeddable":true,"href":"https:\/\/lospoliticosveracruz.com\/index.php?rest_route=%2Fwp%2Fv2%2Fcategories&post=36359"},{"taxonomy":"post_tag","embeddable":true,"href":"https:\/\/lospoliticosveracruz.com\/index.php?rest_route=%2Fwp%2Fv2%2Ftags&post=36359"}],"curies":[{"name":"wp","href":"https:\/\/api.w.org\/{rel}","templated":true}]}}