{"id":36362,"date":"2017-09-08T08:59:51","date_gmt":"2017-09-08T13:59:51","guid":{"rendered":"http:\/\/www.lospoliticosveracruz.com.mx\/?p=36362"},"modified":"2017-09-08T08:59:51","modified_gmt":"2017-09-08T13:59:51","slug":"2018-los-escenarios-rumbo-a-la-sucesion-veracruzana","status":"publish","type":"post","link":"https:\/\/lospoliticosveracruz.com\/?p=36362","title":{"rendered":"2018, los escenarios rumbo a la sucesi\u00f3n veracruzana"},"content":{"rendered":"<div><b><\/b><strong>Luis Alberto Romero<\/strong><\/div>\n<div>\n<div><em>Hora Cero<\/em><\/div>\n<div><\/div>\n<div><\/div>\n<\/div>\n<div><\/div>\n<div>Cuando faltan menos de 300 d\u00edas para la jornada electoral de 2018, cuando en nuestro pa\u00eds se votar\u00e1 por presidente de la Rep\u00fablica, senadores y diputados federales; y en Veracruz tambi\u00e9n para gobernador y legisladores locales, pr\u00e1cticamente todos los partidos y los actores pol\u00edticos locales se preparan para esa, que se anticipa como una batalla de alto grado de dificultad.<\/div>\n<div>Son nueve partidos m\u00e1s los candidatos independientes, pero toda la atenci\u00f3n se ha centrado en tres opciones pol\u00edticas: el Movimiento de Regeneraci\u00f3n Nacional, que aunque va con el Partido del Trabajo es como si fuera solo porque el PT es como si fuera un peque\u00f1o ap\u00e9ndice; el PRI en alianza con el Verde; y la coalici\u00f3n que se prepara entre Acci\u00f3n Nacional, el Sol Azteca y el Movimiento Ciudadano.<\/div>\n<div>Esas tres fuerzas pol\u00edticas pr\u00e1cticamente ya definieron sus cartas en cuanto a Veracruz:<\/div>\n<div>Todo parece indicar que el Revolucionario Institucional, con Jos\u00e9 Antonio Meade como candidato a la Presidencia, tendr\u00e1 como abanderado al gobierno estatal al senador Jos\u00e9 Francisco Yunes Zorrilla, quien ha intensificado su presencia en la entidad.<\/div>\n<div>El otro senador priista, H\u00e9ctor Yunes Landa, aunque intentar\u00e1 lograr la candidatura, terminar\u00e1 por llegar a un acuerdo; es decir, sumar\u00eda su capital pol\u00edtico al que ya ha consolidado Pepe Yunes.<\/div>\n<div>De hecho, hay comentarios en el sentido de que Yunes Landa ya habr\u00eda reconocido, muy en corto, que los tiempos favorecen a Yunes Zorrilla.<\/div>\n<div>Morena postular\u00eda una vez m\u00e1s al diputado federal por Xalapa, Cuitl\u00e1huac Garc\u00eda Jim\u00e9nez, quien a pesar de perder la elecci\u00f3n de 2016 no realiz\u00f3 un mal papel en dicha contienda, dado que super\u00f3 los 800 mil votos, 26.4 por ciento, quedando a menos de 120 mil de enviar al PRI al tercero.<\/div>\n<div>En Morena se barajan otros nombres, como los de Ricardo Ahued, ex alcalde de Xalapa; Roc\u00edo Nahle, diputada federal por Coatzacoalcos; y Amado Cruz Malpica, coordinador de la bancada del partido en la Legislatura local.<\/div>\n<div>En ese partido parece que no faltan cartas competitivas; sobre todo porque el ungido como candidato ser\u00e1 impulsado por la figura de Andr\u00e9s Manuel L\u00f3pez Obrador, puntero en las encuestas realizadas en el marco de la carrera presidencial.<\/div>\n<div>En la alianza PAN-PRD-MC, el escenario est\u00e1 todav\u00eda m\u00e1s difuso que en Morena en cuanto a la selecci\u00f3n del candidato. Hasta hace un mes, todas las apuestas favorec\u00edan al actual alcalde de Boca del R\u00edo, Miguel \u00c1ngel Yunes M\u00e1rquez; pero tras la inclusi\u00f3n del partido de Dante Delgado en el acuerdo nacional de dichas fuerzas pol\u00edticas, las cosas podr\u00edan cambiar de forma dr\u00e1stica.<\/div>\n<div>Hay quien asegura que el hijo del actual gobernador veracruzano ya tiene la candidatura en la bolsa y que quienes concretar\u00e1n el proyecto de los ocho a\u00f1os en el gobierno estatal no ser\u00e1n los Yunes priistas (Pepe y H\u00e9ctor), que hab\u00edan realizado un pacto p\u00fablico para ello; sino los panistas que han hecho de Boca del R\u00edo su fortaleza.<\/div>\n<div>En los \u00faltimos d\u00edas, tras la firma y registro del llamado Frente Ciudadano con M\u00e9xico, han circulado versiones en el sentido de que la candidatura de Yunes M\u00e1rquez podr\u00eda caerse, debido a un posible veto de Dante Delgado y a resistencias internas en el panismo nacional.<\/div>\n<div>Si el ex alcalde boque\u00f1o no fuera postulado, nos comentan que el ex alcalde de Veracruz y actual titular de la SIOP estatal, Julen Rementer\u00eda del Puerto, tendr\u00eda el bate al hombro, al igual que el propio Dante.<\/div>\n<div>Sin embargo, dicha especie ha sido desestimada tanto en el panismo veracruzano como en los c\u00edrculos perredistas.<\/div>\n<div>En el PRD de la entidad, por cierto, no s\u00f3lo se da como un hecho la postulaci\u00f3n de Yunes M\u00e1rquez, sino tambi\u00e9n la candidatura de Julen Rementer\u00eda a la C\u00e1mara Alta; en todo caso, los perredistas buscar\u00e1n la segunda f\u00f3rmula al Senado. Los nombres que se manejan son los de Yazm\u00edn Copete, coordinadora de la bancada en la Legislatura local; y Rogelio Franco, secretario de Gobierno; todo depender\u00e1 del tema del g\u00e9nero.<\/div>\n<div>Lo que no se sabe todav\u00eda es d\u00f3nde entra, en ese rompecabezas, la figura de Dante Delgado. @luisromero85<\/div>\n<p>&nbsp;<\/p>\n","protected":false},"excerpt":{"rendered":"<p>Luis Alberto Romero Hora Cero Cuando faltan menos de 300 d\u00edas para la jornada electoral de 2018, cuando en nuestro pa\u00eds se votar\u00e1 por presidente de la Rep\u00fablica, senadores y diputados federales; y en Veracruz tambi\u00e9n para gobernador y legisladores locales, pr\u00e1cticamente todos los partidos y los actores pol\u00edticos locales se preparan para esa, que [&hellip;]<\/p>\n","protected":false},"author":2,"featured_media":0,"comment_status":"open","ping_status":"open","sticky":false,"template":"","format":"standard","meta":{"tdm_status":"","tdm_grid_status":"","footnotes":""},"categories":[70],"tags":[5618,1006,2863,348,1846,536,876,3578],"class_list":{"0":"post-36362","1":"post","2":"type-post","3":"status-publish","4":"format-standard","6":"category-de-opinion","7":"tag-amado-cruz-malpica","8":"tag-dante-delgado-rannauro","9":"tag-elecciones-2018","10":"tag-hector-yunes-landa","11":"tag-jose-francisco-yunes-zorrilla","12":"tag-miguel-angel-yunes-marquez","13":"tag-ricardo-ahued","14":"tag-rocio-nahle"},"yoast_head":"<!-- This site is optimized with the Yoast SEO plugin v27.4 - https:\/\/yoast.com\/product\/yoast-seo-wordpress\/ -->\n<title>2018, los escenarios rumbo a la sucesi\u00f3n veracruzana - Los pol\u00edticos Veracruz<\/title>\n<meta name=\"robots\" content=\"index, follow, max-snippet:-1, max-image-preview:large, max-video-preview:-1\" \/>\n<link rel=\"canonical\" href=\"https:\/\/lospoliticosveracruz.com\/?p=36362\" \/>\n<meta property=\"og:locale\" content=\"es_ES\" \/>\n<meta property=\"og:type\" content=\"article\" \/>\n<meta property=\"og:title\" content=\"2018, los escenarios rumbo a la sucesi\u00f3n veracruzana - Los pol\u00edticos Veracruz\" \/>\n<meta property=\"og:description\" content=\"Luis Alberto Romero Hora Cero Cuando faltan menos de 300 d\u00edas para la jornada electoral de 2018, cuando en nuestro pa\u00eds se votar\u00e1 por presidente de la Rep\u00fablica, senadores y diputados federales; y en Veracruz tambi\u00e9n para gobernador y legisladores locales, pr\u00e1cticamente todos los partidos y los actores pol\u00edticos locales se preparan para esa, que [&hellip;]\" \/>\n<meta property=\"og:url\" content=\"https:\/\/lospoliticosveracruz.com\/?p=36362\" \/>\n<meta property=\"og:site_name\" content=\"Los pol\u00edticos Veracruz\" \/>\n<meta property=\"article:publisher\" content=\"https:\/\/www.facebook.com\/people\/Notimemes-de-los-Polticos\/61565672886568\/\" \/>\n<meta property=\"article:published_time\" content=\"2017-09-08T13:59:51+00:00\" \/>\n<meta property=\"og:image\" content=\"https:\/\/lospoliticosveracruz.com\/wp-content\/uploads\/2016\/07\/Logo-Dor.jpg\" \/>\n\t<meta property=\"og:image:width\" content=\"200\" \/>\n\t<meta property=\"og:image:height\" content=\"200\" \/>\n\t<meta property=\"og:image:type\" content=\"image\/jpeg\" \/>\n<meta name=\"author\" content=\"Lo viste en Los Pol\u00edticos\" \/>\n<meta name=\"twitter:card\" content=\"summary_large_image\" \/>\n<meta name=\"twitter:creator\" content=\"@LosPoliticosVer\" \/>\n<meta name=\"twitter:site\" content=\"@LosPoliticosVer\" \/>\n<meta name=\"twitter:label1\" content=\"Escrito por\" \/>\n\t<meta name=\"twitter:data1\" content=\"Lo viste en Los Pol\u00edticos\" \/>\n\t<meta name=\"twitter:label2\" content=\"Tiempo de lectura\" \/>\n\t<meta name=\"twitter:data2\" content=\"4 minutos\" \/>\n<script type=\"application\/ld+json\" class=\"yoast-schema-graph\">{\"@context\":\"https:\\\/\\\/schema.org\",\"@graph\":[{\"@type\":\"Article\",\"@id\":\"https:\\\/\\\/lospoliticosveracruz.com\\\/?p=36362#article\",\"isPartOf\":{\"@id\":\"https:\\\/\\\/lospoliticosveracruz.com\\\/?p=36362\"},\"author\":{\"name\":\"Lo viste en Los Pol\u00edticos\",\"@id\":\"https:\\\/\\\/lospoliticosveracruz.com\\\/#\\\/schema\\\/person\\\/b8702bb0e538456e6efd07080bf2a4a2\"},\"headline\":\"2018, los escenarios rumbo a la sucesi\u00f3n veracruzana\",\"datePublished\":\"2017-09-08T13:59:51+00:00\",\"mainEntityOfPage\":{\"@id\":\"https:\\\/\\\/lospoliticosveracruz.com\\\/?p=36362\"},\"wordCount\":745,\"commentCount\":0,\"publisher\":{\"@id\":\"https:\\\/\\\/lospoliticosveracruz.com\\\/#organization\"},\"keywords\":[\"Amado Cruz Malpica\",\"Dante Delgado Rannauro\",\"elecciones 2018\",\"H\u00e9ctor Yunes Landa\",\"Jos\u00e9 Francisco Yunes Zorrilla\",\"Miguel \u00c1ngel Yunes M\u00e1rquez\",\"Ricardo Ahued\",\"Roc\u00edo Nahle\"],\"articleSection\":[\"De Opini\u00f3n\"],\"inLanguage\":\"es\",\"potentialAction\":[{\"@type\":\"CommentAction\",\"name\":\"Comment\",\"target\":[\"https:\\\/\\\/lospoliticosveracruz.com\\\/?p=36362#respond\"]}]},{\"@type\":\"WebPage\",\"@id\":\"https:\\\/\\\/lospoliticosveracruz.com\\\/?p=36362\",\"url\":\"https:\\\/\\\/lospoliticosveracruz.com\\\/?p=36362\",\"name\":\"2018, los escenarios rumbo a la sucesi\u00f3n veracruzana - Los pol\u00edticos Veracruz\",\"isPartOf\":{\"@id\":\"https:\\\/\\\/lospoliticosveracruz.com\\\/#website\"},\"datePublished\":\"2017-09-08T13:59:51+00:00\",\"breadcrumb\":{\"@id\":\"https:\\\/\\\/lospoliticosveracruz.com\\\/?p=36362#breadcrumb\"},\"inLanguage\":\"es\",\"potentialAction\":[{\"@type\":\"ReadAction\",\"target\":[\"https:\\\/\\\/lospoliticosveracruz.com\\\/?p=36362\"]}]},{\"@type\":\"BreadcrumbList\",\"@id\":\"https:\\\/\\\/lospoliticosveracruz.com\\\/?p=36362#breadcrumb\",\"itemListElement\":[{\"@type\":\"ListItem\",\"position\":1,\"name\":\"Portada\",\"item\":\"https:\\\/\\\/lospoliticosveracruz.com\\\/\"},{\"@type\":\"ListItem\",\"position\":2,\"name\":\"2018, los escenarios rumbo a la sucesi\u00f3n veracruzana\"}]},{\"@type\":\"WebSite\",\"@id\":\"https:\\\/\\\/lospoliticosveracruz.com\\\/#website\",\"url\":\"https:\\\/\\\/lospoliticosveracruz.com\\\/\",\"name\":\"Los pol\u00edticos Veracruz\",\"description\":\"\",\"publisher\":{\"@id\":\"https:\\\/\\\/lospoliticosveracruz.com\\\/#organization\"},\"potentialAction\":[{\"@type\":\"SearchAction\",\"target\":{\"@type\":\"EntryPoint\",\"urlTemplate\":\"https:\\\/\\\/lospoliticosveracruz.com\\\/?s={search_term_string}\"},\"query-input\":{\"@type\":\"PropertyValueSpecification\",\"valueRequired\":true,\"valueName\":\"search_term_string\"}}],\"inLanguage\":\"es\"},{\"@type\":\"Organization\",\"@id\":\"https:\\\/\\\/lospoliticosveracruz.com\\\/#organization\",\"name\":\"Los pol\u00edticos Veracruz\",\"url\":\"https:\\\/\\\/lospoliticosveracruz.com\\\/\",\"logo\":{\"@type\":\"ImageObject\",\"inLanguage\":\"es\",\"@id\":\"https:\\\/\\\/lospoliticosveracruz.com\\\/#\\\/schema\\\/logo\\\/image\\\/\",\"url\":\"https:\\\/\\\/lospoliticosveracruz.com\\\/wp-content\\\/uploads\\\/2025\\\/12\\\/Logo-Nuevo-LOS-POLITICOS-1.jpg\",\"contentUrl\":\"https:\\\/\\\/lospoliticosveracruz.com\\\/wp-content\\\/uploads\\\/2025\\\/12\\\/Logo-Nuevo-LOS-POLITICOS-1.jpg\",\"width\":260,\"height\":70,\"caption\":\"Los pol\u00edticos Veracruz\"},\"image\":{\"@id\":\"https:\\\/\\\/lospoliticosveracruz.com\\\/#\\\/schema\\\/logo\\\/image\\\/\"},\"sameAs\":[\"https:\\\/\\\/www.facebook.com\\\/people\\\/Notimemes-de-los-Polticos\\\/61565672886568\\\/\",\"https:\\\/\\\/x.com\\\/LosPoliticosVer\"]},{\"@type\":\"Person\",\"@id\":\"https:\\\/\\\/lospoliticosveracruz.com\\\/#\\\/schema\\\/person\\\/b8702bb0e538456e6efd07080bf2a4a2\",\"name\":\"Lo viste en Los Pol\u00edticos\",\"image\":{\"@type\":\"ImageObject\",\"inLanguage\":\"es\",\"@id\":\"https:\\\/\\\/secure.gravatar.com\\\/avatar\\\/3a8de04a2656d44082be478bd6c086daa447c4651605818287b9532d3d0bd435?s=96&d=mm&r=g\",\"url\":\"https:\\\/\\\/secure.gravatar.com\\\/avatar\\\/3a8de04a2656d44082be478bd6c086daa447c4651605818287b9532d3d0bd435?s=96&d=mm&r=g\",\"contentUrl\":\"https:\\\/\\\/secure.gravatar.com\\\/avatar\\\/3a8de04a2656d44082be478bd6c086daa447c4651605818287b9532d3d0bd435?s=96&d=mm&r=g\",\"caption\":\"Lo viste en Los Pol\u00edticos\"},\"url\":\"https:\\\/\\\/lospoliticosveracruz.com\\\/?author=2\"}]}<\/script>\n<!-- \/ Yoast SEO plugin. -->","yoast_head_json":{"title":"2018, los escenarios rumbo a la sucesi\u00f3n veracruzana - Los pol\u00edticos Veracruz","robots":{"index":"index","follow":"follow","max-snippet":"max-snippet:-1","max-image-preview":"max-image-preview:large","max-video-preview":"max-video-preview:-1"},"canonical":"https:\/\/lospoliticosveracruz.com\/?p=36362","og_locale":"es_ES","og_type":"article","og_title":"2018, los escenarios rumbo a la sucesi\u00f3n veracruzana - Los pol\u00edticos Veracruz","og_description":"Luis Alberto Romero Hora Cero Cuando faltan menos de 300 d\u00edas para la jornada electoral de 2018, cuando en nuestro pa\u00eds se votar\u00e1 por presidente de la Rep\u00fablica, senadores y diputados federales; y en Veracruz tambi\u00e9n para gobernador y legisladores locales, pr\u00e1cticamente todos los partidos y los actores pol\u00edticos locales se preparan para esa, que [&hellip;]","og_url":"https:\/\/lospoliticosveracruz.com\/?p=36362","og_site_name":"Los pol\u00edticos Veracruz","article_publisher":"https:\/\/www.facebook.com\/people\/Notimemes-de-los-Polticos\/61565672886568\/","article_published_time":"2017-09-08T13:59:51+00:00","og_image":[{"width":200,"height":200,"url":"https:\/\/lospoliticosveracruz.com\/wp-content\/uploads\/2016\/07\/Logo-Dor.jpg","type":"image\/jpeg"}],"author":"Lo viste en Los Pol\u00edticos","twitter_card":"summary_large_image","twitter_creator":"@LosPoliticosVer","twitter_site":"@LosPoliticosVer","twitter_misc":{"Escrito por":"Lo viste en Los Pol\u00edticos","Tiempo de lectura":"4 minutos"},"schema":{"@context":"https:\/\/schema.org","@graph":[{"@type":"Article","@id":"https:\/\/lospoliticosveracruz.com\/?p=36362#article","isPartOf":{"@id":"https:\/\/lospoliticosveracruz.com\/?p=36362"},"author":{"name":"Lo viste en Los Pol\u00edticos","@id":"https:\/\/lospoliticosveracruz.com\/#\/schema\/person\/b8702bb0e538456e6efd07080bf2a4a2"},"headline":"2018, los escenarios rumbo a la sucesi\u00f3n veracruzana","datePublished":"2017-09-08T13:59:51+00:00","mainEntityOfPage":{"@id":"https:\/\/lospoliticosveracruz.com\/?p=36362"},"wordCount":745,"commentCount":0,"publisher":{"@id":"https:\/\/lospoliticosveracruz.com\/#organization"},"keywords":["Amado Cruz Malpica","Dante Delgado Rannauro","elecciones 2018","H\u00e9ctor Yunes Landa","Jos\u00e9 Francisco Yunes Zorrilla","Miguel \u00c1ngel Yunes M\u00e1rquez","Ricardo Ahued","Roc\u00edo Nahle"],"articleSection":["De Opini\u00f3n"],"inLanguage":"es","potentialAction":[{"@type":"CommentAction","name":"Comment","target":["https:\/\/lospoliticosveracruz.com\/?p=36362#respond"]}]},{"@type":"WebPage","@id":"https:\/\/lospoliticosveracruz.com\/?p=36362","url":"https:\/\/lospoliticosveracruz.com\/?p=36362","name":"2018, los escenarios rumbo a la sucesi\u00f3n veracruzana - Los pol\u00edticos Veracruz","isPartOf":{"@id":"https:\/\/lospoliticosveracruz.com\/#website"},"datePublished":"2017-09-08T13:59:51+00:00","breadcrumb":{"@id":"https:\/\/lospoliticosveracruz.com\/?p=36362#breadcrumb"},"inLanguage":"es","potentialAction":[{"@type":"ReadAction","target":["https:\/\/lospoliticosveracruz.com\/?p=36362"]}]},{"@type":"BreadcrumbList","@id":"https:\/\/lospoliticosveracruz.com\/?p=36362#breadcrumb","itemListElement":[{"@type":"ListItem","position":1,"name":"Portada","item":"https:\/\/lospoliticosveracruz.com\/"},{"@type":"ListItem","position":2,"name":"2018, los escenarios rumbo a la sucesi\u00f3n veracruzana"}]},{"@type":"WebSite","@id":"https:\/\/lospoliticosveracruz.com\/#website","url":"https:\/\/lospoliticosveracruz.com\/","name":"Los pol\u00edticos Veracruz","description":"","publisher":{"@id":"https:\/\/lospoliticosveracruz.com\/#organization"},"potentialAction":[{"@type":"SearchAction","target":{"@type":"EntryPoint","urlTemplate":"https:\/\/lospoliticosveracruz.com\/?s={search_term_string}"},"query-input":{"@type":"PropertyValueSpecification","valueRequired":true,"valueName":"search_term_string"}}],"inLanguage":"es"},{"@type":"Organization","@id":"https:\/\/lospoliticosveracruz.com\/#organization","name":"Los pol\u00edticos Veracruz","url":"https:\/\/lospoliticosveracruz.com\/","logo":{"@type":"ImageObject","inLanguage":"es","@id":"https:\/\/lospoliticosveracruz.com\/#\/schema\/logo\/image\/","url":"https:\/\/lospoliticosveracruz.com\/wp-content\/uploads\/2025\/12\/Logo-Nuevo-LOS-POLITICOS-1.jpg","contentUrl":"https:\/\/lospoliticosveracruz.com\/wp-content\/uploads\/2025\/12\/Logo-Nuevo-LOS-POLITICOS-1.jpg","width":260,"height":70,"caption":"Los pol\u00edticos Veracruz"},"image":{"@id":"https:\/\/lospoliticosveracruz.com\/#\/schema\/logo\/image\/"},"sameAs":["https:\/\/www.facebook.com\/people\/Notimemes-de-los-Polticos\/61565672886568\/","https:\/\/x.com\/LosPoliticosVer"]},{"@type":"Person","@id":"https:\/\/lospoliticosveracruz.com\/#\/schema\/person\/b8702bb0e538456e6efd07080bf2a4a2","name":"Lo viste en Los Pol\u00edticos","image":{"@type":"ImageObject","inLanguage":"es","@id":"https:\/\/secure.gravatar.com\/avatar\/3a8de04a2656d44082be478bd6c086daa447c4651605818287b9532d3d0bd435?s=96&d=mm&r=g","url":"https:\/\/secure.gravatar.com\/avatar\/3a8de04a2656d44082be478bd6c086daa447c4651605818287b9532d3d0bd435?s=96&d=mm&r=g","contentUrl":"https:\/\/secure.gravatar.com\/avatar\/3a8de04a2656d44082be478bd6c086daa447c4651605818287b9532d3d0bd435?s=96&d=mm&r=g","caption":"Lo viste en Los Pol\u00edticos"},"url":"https:\/\/lospoliticosveracruz.com\/?author=2"}]}},"_links":{"self":[{"href":"https:\/\/lospoliticosveracruz.com\/index.php?rest_route=\/wp\/v2\/posts\/36362","targetHints":{"allow":["GET"]}}],"collection":[{"href":"https:\/\/lospoliticosveracruz.com\/index.php?rest_route=\/wp\/v2\/posts"}],"about":[{"href":"https:\/\/lospoliticosveracruz.com\/index.php?rest_route=\/wp\/v2\/types\/post"}],"author":[{"embeddable":true,"href":"https:\/\/lospoliticosveracruz.com\/index.php?rest_route=\/wp\/v2\/users\/2"}],"replies":[{"embeddable":true,"href":"https:\/\/lospoliticosveracruz.com\/index.php?rest_route=%2Fwp%2Fv2%2Fcomments&post=36362"}],"version-history":[{"count":1,"href":"https:\/\/lospoliticosveracruz.com\/index.php?rest_route=\/wp\/v2\/posts\/36362\/revisions"}],"predecessor-version":[{"id":36363,"href":"https:\/\/lospoliticosveracruz.com\/index.php?rest_route=\/wp\/v2\/posts\/36362\/revisions\/36363"}],"wp:attachment":[{"href":"https:\/\/lospoliticosveracruz.com\/index.php?rest_route=%2Fwp%2Fv2%2Fmedia&parent=36362"}],"wp:term":[{"taxonomy":"category","embeddable":true,"href":"https:\/\/lospoliticosveracruz.com\/index.php?rest_route=%2Fwp%2Fv2%2Fcategories&post=36362"},{"taxonomy":"post_tag","embeddable":true,"href":"https:\/\/lospoliticosveracruz.com\/index.php?rest_route=%2Fwp%2Fv2%2Ftags&post=36362"}],"curies":[{"name":"wp","href":"https:\/\/api.w.org\/{rel}","templated":true}]}}