{"id":36441,"date":"2017-09-12T10:55:12","date_gmt":"2017-09-12T15:55:12","guid":{"rendered":"http:\/\/www.lospoliticosveracruz.com.mx\/?p=36441"},"modified":"2017-09-12T10:55:12","modified_gmt":"2017-09-12T15:55:12","slug":"bien-chamaqueados","status":"publish","type":"post","link":"https:\/\/lospoliticosveracruz.com\/?p=36441","title":{"rendered":"Bien chamaqueados"},"content":{"rendered":"<p><strong>David Carri\u00f3n<\/strong><\/p>\n<p><em>Tragos de caf\u00e9<\/em><\/p>\n<p>&nbsp;<\/p>\n<p>&nbsp;<\/p>\n<p>La Junta de Coordinaci\u00f3n Pol\u00edtica del Congreso del estado se mantiene bajo la presidencia del Partido Acci\u00f3n Nacional. Una negociaci\u00f3n logr\u00f3 que en el \u00faltimo momento abandonaran sus bancadas Regina V\u00e1zquez y Basilio Picazo, una del PRI y otro de JV; o una expanista y otro expriista; o ambos expriistas; un juego de intereses m\u00e1s que de idololog\u00edas o posturas. Es una forma de hacer pol\u00edtica creer que la representaci\u00f3n es unipersonal. Eso es costear un peso pol\u00edtico, que no existe, al mejor postor. Una pol\u00edtica muy superflua con intereses profundos.<\/p>\n<p>Pero esos brincos de chapul\u00edn son parte de las libertades que les concedemos a estos legisladores. Ellos lo hacen porque pueden, si no pudieran cabr\u00eda m\u00e1s el sentido legislativo, \u00e9se que sirve de balanza para con los dem\u00e1s poderes y que deviene en un debate argumentado.<\/p>\n<p>La finalidad de poder controlar, aunque sea por unos meses m\u00e1s, la Jucopo es, entre otras cosas por el presupuesto -\u00e9se que manda Sefiplan a cuenta gotas y ajustado; esos n\u00fameros que ahora gozan de un chance de casi dos meses para su ajuste y presentaci\u00f3n-, porque se sabe que cuando Morena tome la presidencia de la coordinaci\u00f3n har\u00e1 valer todas las letras de la ley para atraer ese caso en particular, el de los dineros que se ha gastado el Gobierno del estado.<\/p>\n<p>Para el PAN, y para los panistas, es imperante poder establecer bien los tiempos de la Legislatura. Para el grupo parlamentario del PAN, ahora el m\u00e1s grande, su \u00fanica chamba ahora es mantener el estatus quo de la mitad de este gobierno.<\/p>\n<p>Para los dem\u00e1s coordinadores de las bancadas restantes y miembros de la Jucopo, con este cambio en la correlaci\u00f3n de fuerzas, habr\u00e1 muchos ajustes que hacer, tanto internos como externos. El PAN sac\u00f3 una carta a la vista para llamar a dos diputados m\u00e1s y, entonces, no hay un liderazgo pol\u00edtico real dentro de las dem\u00e1s bancadas o se los chamaquearon.<\/p>\n<p><strong>\u00a1Encuestas!<\/strong><\/p>\n<p>Otra vez, ya se hab\u00edan tardado, vienen las encuestas.<\/p>\n<p>De observarse la encuesta de SDPnoticias.com del 10 de septiembre. Los resultados que arroja son:<\/p>\n<p>Para la poblaci\u00f3n en general, de entre los panistas, el favorito es Rafael Moreno Valle seguido de Margarita Zavala, despu\u00e9s, Ricardo Anaya y al final, oh sorpresa: Miguel \u00c1ngel Yunes Linares. Para los panistas est\u00e1 entre Margarita Zavala y Moreno Valle.<\/p>\n<p>Para los mexicanos, de entre los priistas, el mejor es Jos\u00e9 Narro Robles, seguido de Jos\u00e9 Antonio Meade. Pero para los priistas es, ah\u00ed no hay sorpresa alguna, Miguel \u00c1ngel Osorio Chong, seguido de Pepe Meade y Manlio Fabio Beltrones.<\/p>\n<p>En el PRD y en la poblaci\u00f3n encuestada les gustar\u00eda que fuera Miguel \u00c1ngel Mancera por encima de Silvano Aureoles.<\/p>\n<p>Para los independientes est\u00e1 m\u00e1s competido: la encuesta coloca a Pedro Ferriz de Con, periodista, y a Juan Ram\u00f3n de la Fuente, ex rector de la UNAM como los principales actores.<\/p>\n<p>La encuesta remata con varios finales, pero en todas y cada una gana Andr\u00e9s Manuel L\u00f3pez Obrador.<\/p>\n<p>Ya veremos qu\u00e9 tal salen las cuentas de esta, ni la primera ni la \u00faltima, encuesta.<\/p>\n<p>@DavoCarri\u00f3n www.journalveracruz.com<\/p>\n","protected":false},"excerpt":{"rendered":"<p>David Carri\u00f3n Tragos de caf\u00e9 &nbsp; &nbsp; La Junta de Coordinaci\u00f3n Pol\u00edtica del Congreso del estado se mantiene bajo la presidencia del Partido Acci\u00f3n Nacional. Una negociaci\u00f3n logr\u00f3 que en el \u00faltimo momento abandonaran sus bancadas Regina V\u00e1zquez y Basilio Picazo, una del PRI y otro de JV; o una expanista y otro expriista; o [&hellip;]<\/p>\n","protected":false},"author":2,"featured_media":0,"comment_status":"open","ping_status":"open","sticky":false,"template":"","format":"standard","meta":{"tdm_status":"","tdm_grid_status":"","footnotes":""},"categories":[70],"tags":[9418,1026,266,3721],"class_list":{"0":"post-36441","1":"post","2":"type-post","3":"status-publish","4":"format-standard","6":"category-de-opinion","7":"tag-jucopo","8":"tag-morena","9":"tag-pan","10":"tag-regina-vazquez"},"yoast_head":"<!-- This site is optimized with the Yoast SEO plugin v27.4 - https:\/\/yoast.com\/product\/yoast-seo-wordpress\/ -->\n<title>Bien chamaqueados - Los pol\u00edticos Veracruz<\/title>\n<meta name=\"robots\" content=\"index, follow, max-snippet:-1, max-image-preview:large, max-video-preview:-1\" \/>\n<link rel=\"canonical\" href=\"https:\/\/lospoliticosveracruz.com\/?p=36441\" \/>\n<meta property=\"og:locale\" content=\"es_ES\" \/>\n<meta property=\"og:type\" content=\"article\" \/>\n<meta property=\"og:title\" content=\"Bien chamaqueados - Los pol\u00edticos Veracruz\" \/>\n<meta property=\"og:description\" content=\"David Carri\u00f3n Tragos de caf\u00e9 &nbsp; &nbsp; La Junta de Coordinaci\u00f3n Pol\u00edtica del Congreso del estado se mantiene bajo la presidencia del Partido Acci\u00f3n Nacional. Una negociaci\u00f3n logr\u00f3 que en el \u00faltimo momento abandonaran sus bancadas Regina V\u00e1zquez y Basilio Picazo, una del PRI y otro de JV; o una expanista y otro expriista; o [&hellip;]\" \/>\n<meta property=\"og:url\" content=\"https:\/\/lospoliticosveracruz.com\/?p=36441\" \/>\n<meta property=\"og:site_name\" content=\"Los pol\u00edticos Veracruz\" \/>\n<meta property=\"article:publisher\" content=\"https:\/\/www.facebook.com\/people\/Notimemes-de-los-Polticos\/61565672886568\/\" \/>\n<meta property=\"article:published_time\" content=\"2017-09-12T15:55:12+00:00\" \/>\n<meta property=\"og:image\" content=\"https:\/\/lospoliticosveracruz.com\/wp-content\/uploads\/2016\/07\/Logo-Dor.jpg\" \/>\n\t<meta property=\"og:image:width\" content=\"200\" \/>\n\t<meta property=\"og:image:height\" content=\"200\" \/>\n\t<meta property=\"og:image:type\" content=\"image\/jpeg\" \/>\n<meta name=\"author\" content=\"Lo viste en Los Pol\u00edticos\" \/>\n<meta name=\"twitter:card\" content=\"summary_large_image\" \/>\n<meta name=\"twitter:creator\" content=\"@LosPoliticosVer\" \/>\n<meta name=\"twitter:site\" content=\"@LosPoliticosVer\" \/>\n<meta name=\"twitter:label1\" content=\"Escrito por\" \/>\n\t<meta name=\"twitter:data1\" content=\"Lo viste en Los Pol\u00edticos\" \/>\n\t<meta name=\"twitter:label2\" content=\"Tiempo de lectura\" \/>\n\t<meta name=\"twitter:data2\" content=\"3 minutos\" \/>\n<script type=\"application\/ld+json\" class=\"yoast-schema-graph\">{\"@context\":\"https:\\\/\\\/schema.org\",\"@graph\":[{\"@type\":\"Article\",\"@id\":\"https:\\\/\\\/lospoliticosveracruz.com\\\/?p=36441#article\",\"isPartOf\":{\"@id\":\"https:\\\/\\\/lospoliticosveracruz.com\\\/?p=36441\"},\"author\":{\"name\":\"Lo viste en Los Pol\u00edticos\",\"@id\":\"https:\\\/\\\/lospoliticosveracruz.com\\\/#\\\/schema\\\/person\\\/b8702bb0e538456e6efd07080bf2a4a2\"},\"headline\":\"Bien chamaqueados\",\"datePublished\":\"2017-09-12T15:55:12+00:00\",\"mainEntityOfPage\":{\"@id\":\"https:\\\/\\\/lospoliticosveracruz.com\\\/?p=36441\"},\"wordCount\":564,\"commentCount\":0,\"publisher\":{\"@id\":\"https:\\\/\\\/lospoliticosveracruz.com\\\/#organization\"},\"keywords\":[\"Jucopo\",\"Morena\",\"PAN\",\"Regina V\u00e1zquez\"],\"articleSection\":[\"De Opini\u00f3n\"],\"inLanguage\":\"es\",\"potentialAction\":[{\"@type\":\"CommentAction\",\"name\":\"Comment\",\"target\":[\"https:\\\/\\\/lospoliticosveracruz.com\\\/?p=36441#respond\"]}]},{\"@type\":\"WebPage\",\"@id\":\"https:\\\/\\\/lospoliticosveracruz.com\\\/?p=36441\",\"url\":\"https:\\\/\\\/lospoliticosveracruz.com\\\/?p=36441\",\"name\":\"Bien chamaqueados - Los pol\u00edticos Veracruz\",\"isPartOf\":{\"@id\":\"https:\\\/\\\/lospoliticosveracruz.com\\\/#website\"},\"datePublished\":\"2017-09-12T15:55:12+00:00\",\"breadcrumb\":{\"@id\":\"https:\\\/\\\/lospoliticosveracruz.com\\\/?p=36441#breadcrumb\"},\"inLanguage\":\"es\",\"potentialAction\":[{\"@type\":\"ReadAction\",\"target\":[\"https:\\\/\\\/lospoliticosveracruz.com\\\/?p=36441\"]}]},{\"@type\":\"BreadcrumbList\",\"@id\":\"https:\\\/\\\/lospoliticosveracruz.com\\\/?p=36441#breadcrumb\",\"itemListElement\":[{\"@type\":\"ListItem\",\"position\":1,\"name\":\"Portada\",\"item\":\"https:\\\/\\\/lospoliticosveracruz.com\\\/\"},{\"@type\":\"ListItem\",\"position\":2,\"name\":\"Bien chamaqueados\"}]},{\"@type\":\"WebSite\",\"@id\":\"https:\\\/\\\/lospoliticosveracruz.com\\\/#website\",\"url\":\"https:\\\/\\\/lospoliticosveracruz.com\\\/\",\"name\":\"Los pol\u00edticos Veracruz\",\"description\":\"\",\"publisher\":{\"@id\":\"https:\\\/\\\/lospoliticosveracruz.com\\\/#organization\"},\"potentialAction\":[{\"@type\":\"SearchAction\",\"target\":{\"@type\":\"EntryPoint\",\"urlTemplate\":\"https:\\\/\\\/lospoliticosveracruz.com\\\/?s={search_term_string}\"},\"query-input\":{\"@type\":\"PropertyValueSpecification\",\"valueRequired\":true,\"valueName\":\"search_term_string\"}}],\"inLanguage\":\"es\"},{\"@type\":\"Organization\",\"@id\":\"https:\\\/\\\/lospoliticosveracruz.com\\\/#organization\",\"name\":\"Los pol\u00edticos Veracruz\",\"url\":\"https:\\\/\\\/lospoliticosveracruz.com\\\/\",\"logo\":{\"@type\":\"ImageObject\",\"inLanguage\":\"es\",\"@id\":\"https:\\\/\\\/lospoliticosveracruz.com\\\/#\\\/schema\\\/logo\\\/image\\\/\",\"url\":\"https:\\\/\\\/lospoliticosveracruz.com\\\/wp-content\\\/uploads\\\/2025\\\/12\\\/Logo-Nuevo-LOS-POLITICOS-1.jpg\",\"contentUrl\":\"https:\\\/\\\/lospoliticosveracruz.com\\\/wp-content\\\/uploads\\\/2025\\\/12\\\/Logo-Nuevo-LOS-POLITICOS-1.jpg\",\"width\":260,\"height\":70,\"caption\":\"Los pol\u00edticos Veracruz\"},\"image\":{\"@id\":\"https:\\\/\\\/lospoliticosveracruz.com\\\/#\\\/schema\\\/logo\\\/image\\\/\"},\"sameAs\":[\"https:\\\/\\\/www.facebook.com\\\/people\\\/Notimemes-de-los-Polticos\\\/61565672886568\\\/\",\"https:\\\/\\\/x.com\\\/LosPoliticosVer\"]},{\"@type\":\"Person\",\"@id\":\"https:\\\/\\\/lospoliticosveracruz.com\\\/#\\\/schema\\\/person\\\/b8702bb0e538456e6efd07080bf2a4a2\",\"name\":\"Lo viste en Los Pol\u00edticos\",\"image\":{\"@type\":\"ImageObject\",\"inLanguage\":\"es\",\"@id\":\"https:\\\/\\\/secure.gravatar.com\\\/avatar\\\/3a8de04a2656d44082be478bd6c086daa447c4651605818287b9532d3d0bd435?s=96&d=mm&r=g\",\"url\":\"https:\\\/\\\/secure.gravatar.com\\\/avatar\\\/3a8de04a2656d44082be478bd6c086daa447c4651605818287b9532d3d0bd435?s=96&d=mm&r=g\",\"contentUrl\":\"https:\\\/\\\/secure.gravatar.com\\\/avatar\\\/3a8de04a2656d44082be478bd6c086daa447c4651605818287b9532d3d0bd435?s=96&d=mm&r=g\",\"caption\":\"Lo viste en Los Pol\u00edticos\"},\"url\":\"https:\\\/\\\/lospoliticosveracruz.com\\\/?author=2\"}]}<\/script>\n<!-- \/ Yoast SEO plugin. -->","yoast_head_json":{"title":"Bien chamaqueados - Los pol\u00edticos Veracruz","robots":{"index":"index","follow":"follow","max-snippet":"max-snippet:-1","max-image-preview":"max-image-preview:large","max-video-preview":"max-video-preview:-1"},"canonical":"https:\/\/lospoliticosveracruz.com\/?p=36441","og_locale":"es_ES","og_type":"article","og_title":"Bien chamaqueados - Los pol\u00edticos Veracruz","og_description":"David Carri\u00f3n Tragos de caf\u00e9 &nbsp; &nbsp; La Junta de Coordinaci\u00f3n Pol\u00edtica del Congreso del estado se mantiene bajo la presidencia del Partido Acci\u00f3n Nacional. Una negociaci\u00f3n logr\u00f3 que en el \u00faltimo momento abandonaran sus bancadas Regina V\u00e1zquez y Basilio Picazo, una del PRI y otro de JV; o una expanista y otro expriista; o [&hellip;]","og_url":"https:\/\/lospoliticosveracruz.com\/?p=36441","og_site_name":"Los pol\u00edticos Veracruz","article_publisher":"https:\/\/www.facebook.com\/people\/Notimemes-de-los-Polticos\/61565672886568\/","article_published_time":"2017-09-12T15:55:12+00:00","og_image":[{"width":200,"height":200,"url":"https:\/\/lospoliticosveracruz.com\/wp-content\/uploads\/2016\/07\/Logo-Dor.jpg","type":"image\/jpeg"}],"author":"Lo viste en Los Pol\u00edticos","twitter_card":"summary_large_image","twitter_creator":"@LosPoliticosVer","twitter_site":"@LosPoliticosVer","twitter_misc":{"Escrito por":"Lo viste en Los Pol\u00edticos","Tiempo de lectura":"3 minutos"},"schema":{"@context":"https:\/\/schema.org","@graph":[{"@type":"Article","@id":"https:\/\/lospoliticosveracruz.com\/?p=36441#article","isPartOf":{"@id":"https:\/\/lospoliticosveracruz.com\/?p=36441"},"author":{"name":"Lo viste en Los Pol\u00edticos","@id":"https:\/\/lospoliticosveracruz.com\/#\/schema\/person\/b8702bb0e538456e6efd07080bf2a4a2"},"headline":"Bien chamaqueados","datePublished":"2017-09-12T15:55:12+00:00","mainEntityOfPage":{"@id":"https:\/\/lospoliticosveracruz.com\/?p=36441"},"wordCount":564,"commentCount":0,"publisher":{"@id":"https:\/\/lospoliticosveracruz.com\/#organization"},"keywords":["Jucopo","Morena","PAN","Regina V\u00e1zquez"],"articleSection":["De Opini\u00f3n"],"inLanguage":"es","potentialAction":[{"@type":"CommentAction","name":"Comment","target":["https:\/\/lospoliticosveracruz.com\/?p=36441#respond"]}]},{"@type":"WebPage","@id":"https:\/\/lospoliticosveracruz.com\/?p=36441","url":"https:\/\/lospoliticosveracruz.com\/?p=36441","name":"Bien chamaqueados - Los pol\u00edticos Veracruz","isPartOf":{"@id":"https:\/\/lospoliticosveracruz.com\/#website"},"datePublished":"2017-09-12T15:55:12+00:00","breadcrumb":{"@id":"https:\/\/lospoliticosveracruz.com\/?p=36441#breadcrumb"},"inLanguage":"es","potentialAction":[{"@type":"ReadAction","target":["https:\/\/lospoliticosveracruz.com\/?p=36441"]}]},{"@type":"BreadcrumbList","@id":"https:\/\/lospoliticosveracruz.com\/?p=36441#breadcrumb","itemListElement":[{"@type":"ListItem","position":1,"name":"Portada","item":"https:\/\/lospoliticosveracruz.com\/"},{"@type":"ListItem","position":2,"name":"Bien chamaqueados"}]},{"@type":"WebSite","@id":"https:\/\/lospoliticosveracruz.com\/#website","url":"https:\/\/lospoliticosveracruz.com\/","name":"Los pol\u00edticos Veracruz","description":"","publisher":{"@id":"https:\/\/lospoliticosveracruz.com\/#organization"},"potentialAction":[{"@type":"SearchAction","target":{"@type":"EntryPoint","urlTemplate":"https:\/\/lospoliticosveracruz.com\/?s={search_term_string}"},"query-input":{"@type":"PropertyValueSpecification","valueRequired":true,"valueName":"search_term_string"}}],"inLanguage":"es"},{"@type":"Organization","@id":"https:\/\/lospoliticosveracruz.com\/#organization","name":"Los pol\u00edticos Veracruz","url":"https:\/\/lospoliticosveracruz.com\/","logo":{"@type":"ImageObject","inLanguage":"es","@id":"https:\/\/lospoliticosveracruz.com\/#\/schema\/logo\/image\/","url":"https:\/\/lospoliticosveracruz.com\/wp-content\/uploads\/2025\/12\/Logo-Nuevo-LOS-POLITICOS-1.jpg","contentUrl":"https:\/\/lospoliticosveracruz.com\/wp-content\/uploads\/2025\/12\/Logo-Nuevo-LOS-POLITICOS-1.jpg","width":260,"height":70,"caption":"Los pol\u00edticos Veracruz"},"image":{"@id":"https:\/\/lospoliticosveracruz.com\/#\/schema\/logo\/image\/"},"sameAs":["https:\/\/www.facebook.com\/people\/Notimemes-de-los-Polticos\/61565672886568\/","https:\/\/x.com\/LosPoliticosVer"]},{"@type":"Person","@id":"https:\/\/lospoliticosveracruz.com\/#\/schema\/person\/b8702bb0e538456e6efd07080bf2a4a2","name":"Lo viste en Los Pol\u00edticos","image":{"@type":"ImageObject","inLanguage":"es","@id":"https:\/\/secure.gravatar.com\/avatar\/3a8de04a2656d44082be478bd6c086daa447c4651605818287b9532d3d0bd435?s=96&d=mm&r=g","url":"https:\/\/secure.gravatar.com\/avatar\/3a8de04a2656d44082be478bd6c086daa447c4651605818287b9532d3d0bd435?s=96&d=mm&r=g","contentUrl":"https:\/\/secure.gravatar.com\/avatar\/3a8de04a2656d44082be478bd6c086daa447c4651605818287b9532d3d0bd435?s=96&d=mm&r=g","caption":"Lo viste en Los Pol\u00edticos"},"url":"https:\/\/lospoliticosveracruz.com\/?author=2"}]}},"_links":{"self":[{"href":"https:\/\/lospoliticosveracruz.com\/index.php?rest_route=\/wp\/v2\/posts\/36441","targetHints":{"allow":["GET"]}}],"collection":[{"href":"https:\/\/lospoliticosveracruz.com\/index.php?rest_route=\/wp\/v2\/posts"}],"about":[{"href":"https:\/\/lospoliticosveracruz.com\/index.php?rest_route=\/wp\/v2\/types\/post"}],"author":[{"embeddable":true,"href":"https:\/\/lospoliticosveracruz.com\/index.php?rest_route=\/wp\/v2\/users\/2"}],"replies":[{"embeddable":true,"href":"https:\/\/lospoliticosveracruz.com\/index.php?rest_route=%2Fwp%2Fv2%2Fcomments&post=36441"}],"version-history":[{"count":1,"href":"https:\/\/lospoliticosveracruz.com\/index.php?rest_route=\/wp\/v2\/posts\/36441\/revisions"}],"predecessor-version":[{"id":36442,"href":"https:\/\/lospoliticosveracruz.com\/index.php?rest_route=\/wp\/v2\/posts\/36441\/revisions\/36442"}],"wp:attachment":[{"href":"https:\/\/lospoliticosveracruz.com\/index.php?rest_route=%2Fwp%2Fv2%2Fmedia&parent=36441"}],"wp:term":[{"taxonomy":"category","embeddable":true,"href":"https:\/\/lospoliticosveracruz.com\/index.php?rest_route=%2Fwp%2Fv2%2Fcategories&post=36441"},{"taxonomy":"post_tag","embeddable":true,"href":"https:\/\/lospoliticosveracruz.com\/index.php?rest_route=%2Fwp%2Fv2%2Ftags&post=36441"}],"curies":[{"name":"wp","href":"https:\/\/api.w.org\/{rel}","templated":true}]}}