{"id":36443,"date":"2017-09-12T10:21:10","date_gmt":"2017-09-12T15:21:10","guid":{"rendered":"http:\/\/www.lospoliticosveracruz.com.mx\/?p=36443"},"modified":"2017-09-12T10:21:10","modified_gmt":"2017-09-12T15:21:10","slug":"aspirantes-presidenciales-los-numeros-de-agosto","status":"publish","type":"post","link":"https:\/\/lospoliticosveracruz.com\/?p=36443","title":{"rendered":"Aspirantes presidenciales, los n\u00fameros de agosto"},"content":{"rendered":"<div>\n<div><strong>Luis Alberto Romero<\/strong><\/div>\n<div><em>Hora Cero<\/em><\/div>\n<\/div>\n<div><\/div>\n<div><\/div>\n<div><b><\/b>Hace una semana m\u00e1s o menos, la casa encuestadora Consulta Mitofsky difundi\u00f3 los resultados de un estudio sobre las preferencias electorales rumbo a la sucesi\u00f3n presidencial de 2018.<\/div>\n<div>Ese trabajo no presenta cambios radicales con relaci\u00f3n a otras mediciones que tambi\u00e9n dan ventaja al virtual candidato del Movimiento de Regeneraci\u00f3n Nacional, Morena, Andr\u00e9s Manuel L\u00f3pez Obrador; lo, importante, sin embargo, no es tanto eso, sino c\u00f3mo se mueve el escenario pol\u00edtico nacional una vez que el frente que conforman PAN, PRD y Movimiento Ciudadano se convierta en alianza electoral.<\/div>\n<div>De acuerdo con la encuesta, s\u00f3lo tres opciones cuentan con opciones reales para buscar la Presidencia de la Rep\u00fablica: Morena, PRI y PAN, con sus respectivos aliados.<\/div>\n<div>En cuanto a las preferencias por partidos (sin mencionar candidatos ni alianzas), la encuesta de Mitoksky refleja una ventaja muy ligera para Acci\u00f3n Nacional, que en agosto contaba con 19.3 por ciento; al PAN le siguen Morena, con 18.5; PRI, con 17.5; y PRD, en un lejano cuarto lugar, con 6 por ciento de las preferencias. De esas cuatro fuerzas pol\u00edticas, s\u00f3lo el Sol Azteca redujo su porcentaje con relaci\u00f3n al mes anterior y lo hizo en un 0.7 por ciento. Igual y eso poco importa, dado que ese partido ha dejado de ser protagonista en la carrera por la sucesi\u00f3n; sin embargo, en una alianza y ante un escenario tan competido como el que se espera para el pr\u00f3ximo a\u00f1o, un punto porcentual podr\u00eda ser la diferencia entre ganar la Presidencia y quedarse en el camino.<\/div>\n<div>Tampoco es sorpresivo que el partido que m\u00e1s rechazo ciudadano provoca es el Revolucionario Institucional, con 58.3 por ciento; en ese contexto, si \u00fanicamente se midiera ese resultado con el mes inmediato anterior, julio, para el tricolor no ser\u00eda tan desastroso, dado que ha bajado su porcentaje de rechazo en 1.5 por ciento.<\/div>\n<div>Sin embargo, habr\u00eda que considerar que si bien el PRI fue el \u00fanico partido que redujo sus n\u00fameros en cuanto al rechazo ciudadano durante agosto, en un a\u00f1o, de 2016 a la fecha, 11 por ciento de los mexicanos que antes no rechazaban a ese partido hoy lo hacen.<\/div>\n<div>Con relaci\u00f3n a las contiendas internas, las cosas son as\u00ed: en el PAN, Margarita Zavala tiene 43.4 por ciento (ha perdido m\u00e1s de 20 puntos en un a\u00f1o); Ricardo Anaya, 26.2 (ha ganado casi 8 puntos porcentuales en el mismo lapso); y Rafael Moreno Valle, 21.2 (es el que m\u00e1s ha ganado, dado que en julio de 2016 registraba s\u00f3lo 7.7.<\/div>\n<div>Entre los simpatizantes priistas, el aspirante mejor posicionado, desde hace un a\u00f1o y as\u00ed se ha mantenido, es Miguel \u00c1ngel Osorio Chong, con 50.3 por ciento de las preferencias; le siguen Eruviel \u00c1vila, con 18.1; Jos\u00e9 Antonio Meade, con 6.8; y Manlio Fabio Beltrones, muy rezagado, con 4.7.<\/div>\n<div>Entre los perredistas, los altos bonos de Miguel \u00c1ngel Mancera son evidentes, dado que el jefe de gobierno de la ciudad de M\u00e9xico tiene 56 por ciento de las preferencias al interior.<\/div>\n<div>Hoy, cuando faltan poco menos de 10 meses para la jornada electoral de 2018, en ninguno de los escenarios que plantea la citada encuesta se observa una posibilidad, aunque sea m\u00ednima, de que L\u00f3pez Obrador sea derrotado; a Margarita le sacar\u00eda seis puntos; a Ricardo Anaya, casi 5; a Moreno Valle, m\u00e1s de 6; a Osorio Chong, alrededor de 10; a Aurelio Nu\u00f1o, m\u00e1s de 12; a Jos\u00e9 Antonio Meade, entre 12 y 14; y a Jaime Rodr\u00edguez \u201cEl Bronco\u201d, unos 20.<\/div>\n<div>Esos n\u00fameros con seguridad cambiar\u00e1n en los pr\u00f3ximos meses; primero, en la medida en que se posicione como opci\u00f3n la alianza PAN-PRD-MC; y segundo, conforme aumenten su presencia medi\u00e1tica todos los aspirantes; habr\u00eda que tomar en cuenta que hasta hoy, del \u00fanico precandidato en campa\u00f1a es L\u00f3pez Obrador, quien en ninguna de las hip\u00f3tesis planteadas por Mitofsky llega al 27 por ciento de las preferencias; habr\u00eda que recordar que no hay antecedente, en las elecciones presidenciales, de un candidato que gane la contienda con menos del 35 por ciento; Fox gan\u00f3 con 42.5; Calder\u00f3n, con 35.9; y Pe\u00f1a Nieto, con 38.2.<\/div>\n<div><\/div>\n<div><\/div>\n<div>@luisromero85.<\/div>\n","protected":false},"excerpt":{"rendered":"<p>Luis Alberto Romero Hora Cero Hace una semana m\u00e1s o menos, la casa encuestadora Consulta Mitofsky difundi\u00f3 los resultados de un estudio sobre las preferencias electorales rumbo a la sucesi\u00f3n presidencial de 2018. Ese trabajo no presenta cambios radicales con relaci\u00f3n a otras mediciones que tambi\u00e9n dan ventaja al virtual candidato del Movimiento de Regeneraci\u00f3n [&hellip;]<\/p>\n","protected":false},"author":2,"featured_media":0,"comment_status":"open","ping_status":"open","sticky":false,"template":"","format":"standard","meta":{"tdm_status":"","tdm_grid_status":"","footnotes":""},"categories":[70],"tags":[618,8930,1026,266,9456,251],"class_list":{"0":"post-36443","1":"post","2":"type-post","3":"status-publish","4":"format-standard","6":"category-de-opinion","7":"tag-andres-manuel-lopez-obrador","8":"tag-consulta-mitofsky","9":"tag-morena","10":"tag-pan","11":"tag-pan-prd-mc","12":"tag-pri"},"yoast_head":"<!-- This site is optimized with the Yoast SEO plugin v27.4 - https:\/\/yoast.com\/product\/yoast-seo-wordpress\/ -->\n<title>Aspirantes presidenciales, los n\u00fameros de agosto - Los pol\u00edticos Veracruz<\/title>\n<meta name=\"robots\" content=\"index, follow, max-snippet:-1, max-image-preview:large, max-video-preview:-1\" \/>\n<link rel=\"canonical\" href=\"https:\/\/lospoliticosveracruz.com\/?p=36443\" \/>\n<meta property=\"og:locale\" content=\"es_ES\" \/>\n<meta property=\"og:type\" content=\"article\" \/>\n<meta property=\"og:title\" content=\"Aspirantes presidenciales, los n\u00fameros de agosto - Los pol\u00edticos Veracruz\" \/>\n<meta property=\"og:description\" content=\"Luis Alberto Romero Hora Cero Hace una semana m\u00e1s o menos, la casa encuestadora Consulta Mitofsky difundi\u00f3 los resultados de un estudio sobre las preferencias electorales rumbo a la sucesi\u00f3n presidencial de 2018. Ese trabajo no presenta cambios radicales con relaci\u00f3n a otras mediciones que tambi\u00e9n dan ventaja al virtual candidato del Movimiento de Regeneraci\u00f3n [&hellip;]\" \/>\n<meta property=\"og:url\" content=\"https:\/\/lospoliticosveracruz.com\/?p=36443\" \/>\n<meta property=\"og:site_name\" content=\"Los pol\u00edticos Veracruz\" \/>\n<meta property=\"article:publisher\" content=\"https:\/\/www.facebook.com\/people\/Notimemes-de-los-Polticos\/61565672886568\/\" \/>\n<meta property=\"article:published_time\" content=\"2017-09-12T15:21:10+00:00\" \/>\n<meta property=\"og:image\" content=\"https:\/\/lospoliticosveracruz.com\/wp-content\/uploads\/2016\/07\/Logo-Dor.jpg\" \/>\n\t<meta property=\"og:image:width\" content=\"200\" \/>\n\t<meta property=\"og:image:height\" content=\"200\" \/>\n\t<meta property=\"og:image:type\" content=\"image\/jpeg\" \/>\n<meta name=\"author\" content=\"Lo viste en Los Pol\u00edticos\" \/>\n<meta name=\"twitter:card\" content=\"summary_large_image\" \/>\n<meta name=\"twitter:creator\" content=\"@LosPoliticosVer\" \/>\n<meta name=\"twitter:site\" content=\"@LosPoliticosVer\" \/>\n<meta name=\"twitter:label1\" content=\"Escrito por\" \/>\n\t<meta name=\"twitter:data1\" content=\"Lo viste en Los Pol\u00edticos\" \/>\n\t<meta name=\"twitter:label2\" content=\"Tiempo de lectura\" \/>\n\t<meta name=\"twitter:data2\" content=\"3 minutos\" \/>\n<script type=\"application\/ld+json\" class=\"yoast-schema-graph\">{\"@context\":\"https:\\\/\\\/schema.org\",\"@graph\":[{\"@type\":\"Article\",\"@id\":\"https:\\\/\\\/lospoliticosveracruz.com\\\/?p=36443#article\",\"isPartOf\":{\"@id\":\"https:\\\/\\\/lospoliticosveracruz.com\\\/?p=36443\"},\"author\":{\"name\":\"Lo viste en Los Pol\u00edticos\",\"@id\":\"https:\\\/\\\/lospoliticosveracruz.com\\\/#\\\/schema\\\/person\\\/b8702bb0e538456e6efd07080bf2a4a2\"},\"headline\":\"Aspirantes presidenciales, los n\u00fameros de agosto\",\"datePublished\":\"2017-09-12T15:21:10+00:00\",\"mainEntityOfPage\":{\"@id\":\"https:\\\/\\\/lospoliticosveracruz.com\\\/?p=36443\"},\"wordCount\":706,\"commentCount\":0,\"publisher\":{\"@id\":\"https:\\\/\\\/lospoliticosveracruz.com\\\/#organization\"},\"keywords\":[\"Andr\u00e9s Manuel L\u00f3pez Obrador\",\"Consulta Mitofsky\",\"Morena\",\"PAN\",\"PAN-PRD-MC\",\"PRI\"],\"articleSection\":[\"De Opini\u00f3n\"],\"inLanguage\":\"es\",\"potentialAction\":[{\"@type\":\"CommentAction\",\"name\":\"Comment\",\"target\":[\"https:\\\/\\\/lospoliticosveracruz.com\\\/?p=36443#respond\"]}]},{\"@type\":\"WebPage\",\"@id\":\"https:\\\/\\\/lospoliticosveracruz.com\\\/?p=36443\",\"url\":\"https:\\\/\\\/lospoliticosveracruz.com\\\/?p=36443\",\"name\":\"Aspirantes presidenciales, los n\u00fameros de agosto - Los pol\u00edticos Veracruz\",\"isPartOf\":{\"@id\":\"https:\\\/\\\/lospoliticosveracruz.com\\\/#website\"},\"datePublished\":\"2017-09-12T15:21:10+00:00\",\"breadcrumb\":{\"@id\":\"https:\\\/\\\/lospoliticosveracruz.com\\\/?p=36443#breadcrumb\"},\"inLanguage\":\"es\",\"potentialAction\":[{\"@type\":\"ReadAction\",\"target\":[\"https:\\\/\\\/lospoliticosveracruz.com\\\/?p=36443\"]}]},{\"@type\":\"BreadcrumbList\",\"@id\":\"https:\\\/\\\/lospoliticosveracruz.com\\\/?p=36443#breadcrumb\",\"itemListElement\":[{\"@type\":\"ListItem\",\"position\":1,\"name\":\"Portada\",\"item\":\"https:\\\/\\\/lospoliticosveracruz.com\\\/\"},{\"@type\":\"ListItem\",\"position\":2,\"name\":\"Aspirantes presidenciales, los n\u00fameros de agosto\"}]},{\"@type\":\"WebSite\",\"@id\":\"https:\\\/\\\/lospoliticosveracruz.com\\\/#website\",\"url\":\"https:\\\/\\\/lospoliticosveracruz.com\\\/\",\"name\":\"Los pol\u00edticos Veracruz\",\"description\":\"\",\"publisher\":{\"@id\":\"https:\\\/\\\/lospoliticosveracruz.com\\\/#organization\"},\"potentialAction\":[{\"@type\":\"SearchAction\",\"target\":{\"@type\":\"EntryPoint\",\"urlTemplate\":\"https:\\\/\\\/lospoliticosveracruz.com\\\/?s={search_term_string}\"},\"query-input\":{\"@type\":\"PropertyValueSpecification\",\"valueRequired\":true,\"valueName\":\"search_term_string\"}}],\"inLanguage\":\"es\"},{\"@type\":\"Organization\",\"@id\":\"https:\\\/\\\/lospoliticosveracruz.com\\\/#organization\",\"name\":\"Los pol\u00edticos Veracruz\",\"url\":\"https:\\\/\\\/lospoliticosveracruz.com\\\/\",\"logo\":{\"@type\":\"ImageObject\",\"inLanguage\":\"es\",\"@id\":\"https:\\\/\\\/lospoliticosveracruz.com\\\/#\\\/schema\\\/logo\\\/image\\\/\",\"url\":\"https:\\\/\\\/lospoliticosveracruz.com\\\/wp-content\\\/uploads\\\/2025\\\/12\\\/Logo-Nuevo-LOS-POLITICOS-1.jpg\",\"contentUrl\":\"https:\\\/\\\/lospoliticosveracruz.com\\\/wp-content\\\/uploads\\\/2025\\\/12\\\/Logo-Nuevo-LOS-POLITICOS-1.jpg\",\"width\":260,\"height\":70,\"caption\":\"Los pol\u00edticos Veracruz\"},\"image\":{\"@id\":\"https:\\\/\\\/lospoliticosveracruz.com\\\/#\\\/schema\\\/logo\\\/image\\\/\"},\"sameAs\":[\"https:\\\/\\\/www.facebook.com\\\/people\\\/Notimemes-de-los-Polticos\\\/61565672886568\\\/\",\"https:\\\/\\\/x.com\\\/LosPoliticosVer\"]},{\"@type\":\"Person\",\"@id\":\"https:\\\/\\\/lospoliticosveracruz.com\\\/#\\\/schema\\\/person\\\/b8702bb0e538456e6efd07080bf2a4a2\",\"name\":\"Lo viste en Los Pol\u00edticos\",\"image\":{\"@type\":\"ImageObject\",\"inLanguage\":\"es\",\"@id\":\"https:\\\/\\\/secure.gravatar.com\\\/avatar\\\/3a8de04a2656d44082be478bd6c086daa447c4651605818287b9532d3d0bd435?s=96&d=mm&r=g\",\"url\":\"https:\\\/\\\/secure.gravatar.com\\\/avatar\\\/3a8de04a2656d44082be478bd6c086daa447c4651605818287b9532d3d0bd435?s=96&d=mm&r=g\",\"contentUrl\":\"https:\\\/\\\/secure.gravatar.com\\\/avatar\\\/3a8de04a2656d44082be478bd6c086daa447c4651605818287b9532d3d0bd435?s=96&d=mm&r=g\",\"caption\":\"Lo viste en Los Pol\u00edticos\"},\"url\":\"https:\\\/\\\/lospoliticosveracruz.com\\\/?author=2\"}]}<\/script>\n<!-- \/ Yoast SEO plugin. -->","yoast_head_json":{"title":"Aspirantes presidenciales, los n\u00fameros de agosto - Los pol\u00edticos Veracruz","robots":{"index":"index","follow":"follow","max-snippet":"max-snippet:-1","max-image-preview":"max-image-preview:large","max-video-preview":"max-video-preview:-1"},"canonical":"https:\/\/lospoliticosveracruz.com\/?p=36443","og_locale":"es_ES","og_type":"article","og_title":"Aspirantes presidenciales, los n\u00fameros de agosto - Los pol\u00edticos Veracruz","og_description":"Luis Alberto Romero Hora Cero Hace una semana m\u00e1s o menos, la casa encuestadora Consulta Mitofsky difundi\u00f3 los resultados de un estudio sobre las preferencias electorales rumbo a la sucesi\u00f3n presidencial de 2018. Ese trabajo no presenta cambios radicales con relaci\u00f3n a otras mediciones que tambi\u00e9n dan ventaja al virtual candidato del Movimiento de Regeneraci\u00f3n [&hellip;]","og_url":"https:\/\/lospoliticosveracruz.com\/?p=36443","og_site_name":"Los pol\u00edticos Veracruz","article_publisher":"https:\/\/www.facebook.com\/people\/Notimemes-de-los-Polticos\/61565672886568\/","article_published_time":"2017-09-12T15:21:10+00:00","og_image":[{"width":200,"height":200,"url":"https:\/\/lospoliticosveracruz.com\/wp-content\/uploads\/2016\/07\/Logo-Dor.jpg","type":"image\/jpeg"}],"author":"Lo viste en Los Pol\u00edticos","twitter_card":"summary_large_image","twitter_creator":"@LosPoliticosVer","twitter_site":"@LosPoliticosVer","twitter_misc":{"Escrito por":"Lo viste en Los Pol\u00edticos","Tiempo de lectura":"3 minutos"},"schema":{"@context":"https:\/\/schema.org","@graph":[{"@type":"Article","@id":"https:\/\/lospoliticosveracruz.com\/?p=36443#article","isPartOf":{"@id":"https:\/\/lospoliticosveracruz.com\/?p=36443"},"author":{"name":"Lo viste en Los Pol\u00edticos","@id":"https:\/\/lospoliticosveracruz.com\/#\/schema\/person\/b8702bb0e538456e6efd07080bf2a4a2"},"headline":"Aspirantes presidenciales, los n\u00fameros de agosto","datePublished":"2017-09-12T15:21:10+00:00","mainEntityOfPage":{"@id":"https:\/\/lospoliticosveracruz.com\/?p=36443"},"wordCount":706,"commentCount":0,"publisher":{"@id":"https:\/\/lospoliticosveracruz.com\/#organization"},"keywords":["Andr\u00e9s Manuel L\u00f3pez Obrador","Consulta Mitofsky","Morena","PAN","PAN-PRD-MC","PRI"],"articleSection":["De Opini\u00f3n"],"inLanguage":"es","potentialAction":[{"@type":"CommentAction","name":"Comment","target":["https:\/\/lospoliticosveracruz.com\/?p=36443#respond"]}]},{"@type":"WebPage","@id":"https:\/\/lospoliticosveracruz.com\/?p=36443","url":"https:\/\/lospoliticosveracruz.com\/?p=36443","name":"Aspirantes presidenciales, los n\u00fameros de agosto - Los pol\u00edticos Veracruz","isPartOf":{"@id":"https:\/\/lospoliticosveracruz.com\/#website"},"datePublished":"2017-09-12T15:21:10+00:00","breadcrumb":{"@id":"https:\/\/lospoliticosveracruz.com\/?p=36443#breadcrumb"},"inLanguage":"es","potentialAction":[{"@type":"ReadAction","target":["https:\/\/lospoliticosveracruz.com\/?p=36443"]}]},{"@type":"BreadcrumbList","@id":"https:\/\/lospoliticosveracruz.com\/?p=36443#breadcrumb","itemListElement":[{"@type":"ListItem","position":1,"name":"Portada","item":"https:\/\/lospoliticosveracruz.com\/"},{"@type":"ListItem","position":2,"name":"Aspirantes presidenciales, los n\u00fameros de agosto"}]},{"@type":"WebSite","@id":"https:\/\/lospoliticosveracruz.com\/#website","url":"https:\/\/lospoliticosveracruz.com\/","name":"Los pol\u00edticos Veracruz","description":"","publisher":{"@id":"https:\/\/lospoliticosveracruz.com\/#organization"},"potentialAction":[{"@type":"SearchAction","target":{"@type":"EntryPoint","urlTemplate":"https:\/\/lospoliticosveracruz.com\/?s={search_term_string}"},"query-input":{"@type":"PropertyValueSpecification","valueRequired":true,"valueName":"search_term_string"}}],"inLanguage":"es"},{"@type":"Organization","@id":"https:\/\/lospoliticosveracruz.com\/#organization","name":"Los pol\u00edticos Veracruz","url":"https:\/\/lospoliticosveracruz.com\/","logo":{"@type":"ImageObject","inLanguage":"es","@id":"https:\/\/lospoliticosveracruz.com\/#\/schema\/logo\/image\/","url":"https:\/\/lospoliticosveracruz.com\/wp-content\/uploads\/2025\/12\/Logo-Nuevo-LOS-POLITICOS-1.jpg","contentUrl":"https:\/\/lospoliticosveracruz.com\/wp-content\/uploads\/2025\/12\/Logo-Nuevo-LOS-POLITICOS-1.jpg","width":260,"height":70,"caption":"Los pol\u00edticos Veracruz"},"image":{"@id":"https:\/\/lospoliticosveracruz.com\/#\/schema\/logo\/image\/"},"sameAs":["https:\/\/www.facebook.com\/people\/Notimemes-de-los-Polticos\/61565672886568\/","https:\/\/x.com\/LosPoliticosVer"]},{"@type":"Person","@id":"https:\/\/lospoliticosveracruz.com\/#\/schema\/person\/b8702bb0e538456e6efd07080bf2a4a2","name":"Lo viste en Los Pol\u00edticos","image":{"@type":"ImageObject","inLanguage":"es","@id":"https:\/\/secure.gravatar.com\/avatar\/3a8de04a2656d44082be478bd6c086daa447c4651605818287b9532d3d0bd435?s=96&d=mm&r=g","url":"https:\/\/secure.gravatar.com\/avatar\/3a8de04a2656d44082be478bd6c086daa447c4651605818287b9532d3d0bd435?s=96&d=mm&r=g","contentUrl":"https:\/\/secure.gravatar.com\/avatar\/3a8de04a2656d44082be478bd6c086daa447c4651605818287b9532d3d0bd435?s=96&d=mm&r=g","caption":"Lo viste en Los Pol\u00edticos"},"url":"https:\/\/lospoliticosveracruz.com\/?author=2"}]}},"_links":{"self":[{"href":"https:\/\/lospoliticosveracruz.com\/index.php?rest_route=\/wp\/v2\/posts\/36443","targetHints":{"allow":["GET"]}}],"collection":[{"href":"https:\/\/lospoliticosveracruz.com\/index.php?rest_route=\/wp\/v2\/posts"}],"about":[{"href":"https:\/\/lospoliticosveracruz.com\/index.php?rest_route=\/wp\/v2\/types\/post"}],"author":[{"embeddable":true,"href":"https:\/\/lospoliticosveracruz.com\/index.php?rest_route=\/wp\/v2\/users\/2"}],"replies":[{"embeddable":true,"href":"https:\/\/lospoliticosveracruz.com\/index.php?rest_route=%2Fwp%2Fv2%2Fcomments&post=36443"}],"version-history":[{"count":1,"href":"https:\/\/lospoliticosveracruz.com\/index.php?rest_route=\/wp\/v2\/posts\/36443\/revisions"}],"predecessor-version":[{"id":36444,"href":"https:\/\/lospoliticosveracruz.com\/index.php?rest_route=\/wp\/v2\/posts\/36443\/revisions\/36444"}],"wp:attachment":[{"href":"https:\/\/lospoliticosveracruz.com\/index.php?rest_route=%2Fwp%2Fv2%2Fmedia&parent=36443"}],"wp:term":[{"taxonomy":"category","embeddable":true,"href":"https:\/\/lospoliticosveracruz.com\/index.php?rest_route=%2Fwp%2Fv2%2Fcategories&post=36443"},{"taxonomy":"post_tag","embeddable":true,"href":"https:\/\/lospoliticosveracruz.com\/index.php?rest_route=%2Fwp%2Fv2%2Ftags&post=36443"}],"curies":[{"name":"wp","href":"https:\/\/api.w.org\/{rel}","templated":true}]}}