{"id":36462,"date":"2017-09-12T22:55:37","date_gmt":"2017-09-13T03:55:37","guid":{"rendered":"http:\/\/www.lospoliticosveracruz.com.mx\/?p=36462"},"modified":"2017-09-12T19:19:14","modified_gmt":"2017-09-13T00:19:14","slug":"rapina-electoral","status":"publish","type":"post","link":"https:\/\/lospoliticosveracruz.com\/?p=36462","title":{"rendered":"Rapi\u00f1a electoral"},"content":{"rendered":"<p><strong>Salvador Mu\u00f1oz<\/strong><\/p>\n<p><em>Los Pol\u00edticos<\/em><\/p>\n<p>&nbsp;<\/p>\n<p>&nbsp;<\/p>\n<p>Perm\u00edtanme iniciar con una frase del fil\u00f3sofo tabasque\u00f1o rey de la Chunchaca, el Se\u00f1or Chico Ch\u00e9: \u201c\u00bfD\u00f3nde te agarr\u00f3 el temblor?\u201d<\/p>\n<p>Si bien es una frase recurrente que rompe hasta cierto punto el estr\u00e9s acumulado ante un fen\u00f3meno tan devastador como lo fue el sismo del pasado jueves, hay otros eventos que nos pueden todav\u00eda m\u00e1s ayudar a reconfortar nuestro esp\u00edritu ante las p\u00e9rdidas econ\u00f3micas o de seres queridos durante este suceso.<\/p>\n<p>Quiero referirme a \u00c1ngel S\u00e1nchez Santiago, un habitante de Juchit\u00e1n, Oaxaca, municipio devastado por el temblor, cuya imagen recorri\u00f3 el mundo despu\u00e9s de que se dirigiera al Palacio Municipal de su pueblo, tomara nuestra Bandera Nacional, y la pusiera en lo m\u00e1s alto de los escombros, a lo que fue reducido el Ayuntamiento de Juchit\u00e1n.<\/p>\n<p>Menciono esto porque si bien son demoledores los efectos de un terremoto de 8.2 grados, hay otras cosas que nos pueden todav\u00eda afectar m\u00e1s: la rapi\u00f1a.<\/p>\n<p>El pasado domingo, un tr\u00e1iler cargado con v\u00edveres en apoyo para damnificados del terremoto en Juchit\u00e1n, Oaxaca, volc\u00f3 en la carretera a la altura de La Balastrera, cerca de Nogales, ciudad colindante con Orizaba, y como un acto de magia (magia negra, por as\u00ed decirlo), salen de qui\u00e9n sabe d\u00f3nde muchas personas y se roban estos v\u00edveres.<\/p>\n<p>Cuando le preguntan su opini\u00f3n a la alcaldesa de Juchit\u00e1n, Gloria S\u00e1nchez L\u00f3pez, sobre este acto de rapi\u00f1a en detrimento de sus gobernados, de su pueblo, de su desgracia, ella responde que entiende la necesidad de la gente y espera que lleguen m\u00e1s apoyos&#8230; ni un \u00e1pice de rencor, de enojo, o despectivo&#8230; hay en su voz hasta un dejo de compasi\u00f3n para aquellas personas a las que no les import\u00f3 el dolor ajeno&#8230;<\/p>\n<p>Pero tambi\u00e9n hay otros actos que parecen de rapi\u00f1a&#8230; rapi\u00f1a electoral&#8230; los que se dieron por parte de funcionarios que utilizaron colores y distintivos pol\u00edticos con la entrega de apoyos a damnificados por el temblor en Coatzacoalcos.<\/p>\n<p>Dos puntos a resaltar:<\/p>\n<p>La separaci\u00f3n inmediata de sus cargos de estos \u201cservidores p\u00fablicos\u201d as\u00ed como la investigaci\u00f3n que se abri\u00f3 en la Fiscal\u00eda General del Estado en aras de ver si se cometi\u00f3 alg\u00fan delito.<\/p>\n<p>Si bien, los involucrados argumentaron \u201cbuena fe\u201d en la entrega de apoyos, baste comentarles un dicho: \u201cNo hagas cosas buenas que parezcan malas\u201d.<\/p>\n<p>Otro caso: Roc\u00edo Nahle, diputada federal, repartiendo blocks en apoyo a damnificados bajo la siguiente frase: \u201cYo quisiera darles m\u00e1s, pero espero que a todos les toque algo\u201d.<\/p>\n<p>Propongo que asociaciones civiles, los pol\u00edticos, los funcionarios, si quieren entregar apoyos, no utilicen banderas ni logos, ni los propios, que su acto sea ajeno a protagonismos&#8230; la ayuda no debe tener nombre ni apellido. Si se pretende ayudar, pues que esos apoyos vayan directo a la Cruz Roja, al DIF nacional o estatal, C\u00e1ritas, no s\u00e9&#8230; el chiste es ayudar, pero no hacer uso de la desgracia para atraer reflectores.<\/p>\n<p>Por otro lado, dicen que las camionetas que se utilizaron para el \u201cY\u00fanete\u201d est\u00e1n al servicio de la CAEV de Coatzacoalcos, es decir, desv\u00edo de recursos para otras actividades que bien en estos tiempos podr\u00edan encasillarse como \u201cproselitismo\u201d o \u201cactos anticipados de campa\u00f1a\u201d o simples \u201cdelitos electorales\u201d, o como yo le llamo: rapi\u00f1a electoral.<\/p>\n<p>Por eso, tras esa noche del jueves de temblores y posteriormente, los actos de rapi\u00f1a, prefiero quedarme con la imagen de \u00c1ngel S\u00e1nchez Santiago, colocando en lo m\u00e1s alto de los escombros de lo que fue el Palacio Municipal, de Juchit\u00e1n, la bandera de M\u00e9xico, y atesorar su frase, quiz\u00e1s no tan popular como la de Chico Ch\u00e9, pero s\u00ed m\u00e1s emotiva: \u201cFue como un mensaje a mis hermanos de que ning\u00fan fen\u00f3meno natural nos puede tener de rodillas, sino que debemos estar firmes, con la frente en alto, as\u00ed debe estar mi bandera y no puede estar ca\u00edda\u201d&#8230;<\/p>\n<p><a href=\"http:\/\/www.lospoliticosveracruz.com.mx\/wp-content\/uploads\/2017\/09\/\u00c1ngel.jpeg\"><img loading=\"lazy\" decoding=\"async\" class=\"aligncenter size-full wp-image-36465\" src=\"http:\/\/www.lospoliticosveracruz.com.mx\/wp-content\/uploads\/2017\/09\/\u00c1ngel.jpeg\" alt=\"\u00c1ngel\" width=\"701\" height=\"405\" \/><\/a><\/p>\n<p>smcainito@gmail.com<\/p>\n","protected":false},"excerpt":{"rendered":"<p>Salvador Mu\u00f1oz Los Pol\u00edticos &nbsp; &nbsp; Perm\u00edtanme iniciar con una frase del fil\u00f3sofo tabasque\u00f1o rey de la Chunchaca, el Se\u00f1or Chico Ch\u00e9: \u201c\u00bfD\u00f3nde te agarr\u00f3 el temblor?\u201d Si bien es una frase recurrente que rompe hasta cierto punto el estr\u00e9s acumulado ante un fen\u00f3meno tan devastador como lo fue el sismo del pasado jueves, hay [&hellip;]<\/p>\n","protected":false},"author":2,"featured_media":0,"comment_status":"open","ping_status":"open","sticky":false,"template":"","format":"standard","meta":{"tdm_status":"","tdm_grid_status":"","footnotes":""},"categories":[70],"tags":[9459,9466,9461,9463,1215,3578,9431,9464],"class_list":{"0":"post-36462","1":"post","2":"type-post","3":"status-publish","4":"format-standard","6":"category-de-opinion","7":"tag-chico-che","8":"tag-gloria-sanchez-lopez","9":"tag-juchitan","10":"tag-la-balastrera","11":"tag-oaxaca","12":"tag-rocio-nahle","13":"tag-sismo","14":"tag-trailer"},"yoast_head":"<!-- This site is optimized with the Yoast SEO plugin v27.4 - https:\/\/yoast.com\/product\/yoast-seo-wordpress\/ -->\n<title>Rapi\u00f1a electoral - Los pol\u00edticos Veracruz<\/title>\n<meta name=\"robots\" content=\"index, follow, max-snippet:-1, max-image-preview:large, max-video-preview:-1\" \/>\n<link rel=\"canonical\" href=\"https:\/\/lospoliticosveracruz.com\/?p=36462\" \/>\n<meta property=\"og:locale\" content=\"es_ES\" \/>\n<meta property=\"og:type\" content=\"article\" \/>\n<meta property=\"og:title\" content=\"Rapi\u00f1a electoral - Los pol\u00edticos Veracruz\" \/>\n<meta property=\"og:description\" content=\"Salvador Mu\u00f1oz Los Pol\u00edticos &nbsp; &nbsp; Perm\u00edtanme iniciar con una frase del fil\u00f3sofo tabasque\u00f1o rey de la Chunchaca, el Se\u00f1or Chico Ch\u00e9: \u201c\u00bfD\u00f3nde te agarr\u00f3 el temblor?\u201d Si bien es una frase recurrente que rompe hasta cierto punto el estr\u00e9s acumulado ante un fen\u00f3meno tan devastador como lo fue el sismo del pasado jueves, hay [&hellip;]\" \/>\n<meta property=\"og:url\" content=\"https:\/\/lospoliticosveracruz.com\/?p=36462\" \/>\n<meta property=\"og:site_name\" content=\"Los pol\u00edticos Veracruz\" \/>\n<meta property=\"article:publisher\" content=\"https:\/\/www.facebook.com\/people\/Notimemes-de-los-Polticos\/61565672886568\/\" \/>\n<meta property=\"article:published_time\" content=\"2017-09-13T03:55:37+00:00\" \/>\n<meta property=\"og:image\" content=\"https:\/\/lospoliticosveracruz.com\/wp-content\/uploads\/2016\/07\/Logo-Dor.jpg\" \/>\n\t<meta property=\"og:image:width\" content=\"200\" \/>\n\t<meta property=\"og:image:height\" content=\"200\" \/>\n\t<meta property=\"og:image:type\" content=\"image\/jpeg\" \/>\n<meta name=\"author\" content=\"Lo viste en Los Pol\u00edticos\" \/>\n<meta name=\"twitter:card\" content=\"summary_large_image\" \/>\n<meta name=\"twitter:creator\" content=\"@LosPoliticosVer\" \/>\n<meta name=\"twitter:site\" content=\"@LosPoliticosVer\" \/>\n<meta name=\"twitter:label1\" content=\"Escrito por\" \/>\n\t<meta name=\"twitter:data1\" content=\"Lo viste en Los Pol\u00edticos\" \/>\n\t<meta name=\"twitter:label2\" content=\"Tiempo de lectura\" \/>\n\t<meta name=\"twitter:data2\" content=\"4 minutos\" \/>\n<script type=\"application\/ld+json\" class=\"yoast-schema-graph\">{\"@context\":\"https:\\\/\\\/schema.org\",\"@graph\":[{\"@type\":\"Article\",\"@id\":\"https:\\\/\\\/lospoliticosveracruz.com\\\/?p=36462#article\",\"isPartOf\":{\"@id\":\"https:\\\/\\\/lospoliticosveracruz.com\\\/?p=36462\"},\"author\":{\"name\":\"Lo viste en Los Pol\u00edticos\",\"@id\":\"https:\\\/\\\/lospoliticosveracruz.com\\\/#\\\/schema\\\/person\\\/b8702bb0e538456e6efd07080bf2a4a2\"},\"headline\":\"Rapi\u00f1a electoral\",\"datePublished\":\"2017-09-13T03:55:37+00:00\",\"mainEntityOfPage\":{\"@id\":\"https:\\\/\\\/lospoliticosveracruz.com\\\/?p=36462\"},\"wordCount\":707,\"commentCount\":0,\"publisher\":{\"@id\":\"https:\\\/\\\/lospoliticosveracruz.com\\\/#organization\"},\"keywords\":[\"Chico Ch\u00e9\",\"Gloria S\u00e1nchez L\u00f3pez\",\"Juchit\u00e1n\",\"La Balastrera\",\"Oaxaca\",\"Roc\u00edo Nahle\",\"Sismo\",\"trailer\"],\"articleSection\":[\"De Opini\u00f3n\"],\"inLanguage\":\"es\",\"potentialAction\":[{\"@type\":\"CommentAction\",\"name\":\"Comment\",\"target\":[\"https:\\\/\\\/lospoliticosveracruz.com\\\/?p=36462#respond\"]}]},{\"@type\":\"WebPage\",\"@id\":\"https:\\\/\\\/lospoliticosveracruz.com\\\/?p=36462\",\"url\":\"https:\\\/\\\/lospoliticosveracruz.com\\\/?p=36462\",\"name\":\"Rapi\u00f1a electoral - Los pol\u00edticos Veracruz\",\"isPartOf\":{\"@id\":\"https:\\\/\\\/lospoliticosveracruz.com\\\/#website\"},\"datePublished\":\"2017-09-13T03:55:37+00:00\",\"breadcrumb\":{\"@id\":\"https:\\\/\\\/lospoliticosveracruz.com\\\/?p=36462#breadcrumb\"},\"inLanguage\":\"es\",\"potentialAction\":[{\"@type\":\"ReadAction\",\"target\":[\"https:\\\/\\\/lospoliticosveracruz.com\\\/?p=36462\"]}]},{\"@type\":\"BreadcrumbList\",\"@id\":\"https:\\\/\\\/lospoliticosveracruz.com\\\/?p=36462#breadcrumb\",\"itemListElement\":[{\"@type\":\"ListItem\",\"position\":1,\"name\":\"Portada\",\"item\":\"https:\\\/\\\/lospoliticosveracruz.com\\\/\"},{\"@type\":\"ListItem\",\"position\":2,\"name\":\"Rapi\u00f1a electoral\"}]},{\"@type\":\"WebSite\",\"@id\":\"https:\\\/\\\/lospoliticosveracruz.com\\\/#website\",\"url\":\"https:\\\/\\\/lospoliticosveracruz.com\\\/\",\"name\":\"Los pol\u00edticos Veracruz\",\"description\":\"\",\"publisher\":{\"@id\":\"https:\\\/\\\/lospoliticosveracruz.com\\\/#organization\"},\"potentialAction\":[{\"@type\":\"SearchAction\",\"target\":{\"@type\":\"EntryPoint\",\"urlTemplate\":\"https:\\\/\\\/lospoliticosveracruz.com\\\/?s={search_term_string}\"},\"query-input\":{\"@type\":\"PropertyValueSpecification\",\"valueRequired\":true,\"valueName\":\"search_term_string\"}}],\"inLanguage\":\"es\"},{\"@type\":\"Organization\",\"@id\":\"https:\\\/\\\/lospoliticosveracruz.com\\\/#organization\",\"name\":\"Los pol\u00edticos Veracruz\",\"url\":\"https:\\\/\\\/lospoliticosveracruz.com\\\/\",\"logo\":{\"@type\":\"ImageObject\",\"inLanguage\":\"es\",\"@id\":\"https:\\\/\\\/lospoliticosveracruz.com\\\/#\\\/schema\\\/logo\\\/image\\\/\",\"url\":\"https:\\\/\\\/lospoliticosveracruz.com\\\/wp-content\\\/uploads\\\/2025\\\/12\\\/Logo-Nuevo-LOS-POLITICOS-1.jpg\",\"contentUrl\":\"https:\\\/\\\/lospoliticosveracruz.com\\\/wp-content\\\/uploads\\\/2025\\\/12\\\/Logo-Nuevo-LOS-POLITICOS-1.jpg\",\"width\":260,\"height\":70,\"caption\":\"Los pol\u00edticos Veracruz\"},\"image\":{\"@id\":\"https:\\\/\\\/lospoliticosveracruz.com\\\/#\\\/schema\\\/logo\\\/image\\\/\"},\"sameAs\":[\"https:\\\/\\\/www.facebook.com\\\/people\\\/Notimemes-de-los-Polticos\\\/61565672886568\\\/\",\"https:\\\/\\\/x.com\\\/LosPoliticosVer\"]},{\"@type\":\"Person\",\"@id\":\"https:\\\/\\\/lospoliticosveracruz.com\\\/#\\\/schema\\\/person\\\/b8702bb0e538456e6efd07080bf2a4a2\",\"name\":\"Lo viste en Los Pol\u00edticos\",\"image\":{\"@type\":\"ImageObject\",\"inLanguage\":\"es\",\"@id\":\"https:\\\/\\\/secure.gravatar.com\\\/avatar\\\/3a8de04a2656d44082be478bd6c086daa447c4651605818287b9532d3d0bd435?s=96&d=mm&r=g\",\"url\":\"https:\\\/\\\/secure.gravatar.com\\\/avatar\\\/3a8de04a2656d44082be478bd6c086daa447c4651605818287b9532d3d0bd435?s=96&d=mm&r=g\",\"contentUrl\":\"https:\\\/\\\/secure.gravatar.com\\\/avatar\\\/3a8de04a2656d44082be478bd6c086daa447c4651605818287b9532d3d0bd435?s=96&d=mm&r=g\",\"caption\":\"Lo viste en Los Pol\u00edticos\"},\"url\":\"https:\\\/\\\/lospoliticosveracruz.com\\\/?author=2\"}]}<\/script>\n<!-- \/ Yoast SEO plugin. -->","yoast_head_json":{"title":"Rapi\u00f1a electoral - Los pol\u00edticos Veracruz","robots":{"index":"index","follow":"follow","max-snippet":"max-snippet:-1","max-image-preview":"max-image-preview:large","max-video-preview":"max-video-preview:-1"},"canonical":"https:\/\/lospoliticosveracruz.com\/?p=36462","og_locale":"es_ES","og_type":"article","og_title":"Rapi\u00f1a electoral - Los pol\u00edticos Veracruz","og_description":"Salvador Mu\u00f1oz Los Pol\u00edticos &nbsp; &nbsp; Perm\u00edtanme iniciar con una frase del fil\u00f3sofo tabasque\u00f1o rey de la Chunchaca, el Se\u00f1or Chico Ch\u00e9: \u201c\u00bfD\u00f3nde te agarr\u00f3 el temblor?\u201d Si bien es una frase recurrente que rompe hasta cierto punto el estr\u00e9s acumulado ante un fen\u00f3meno tan devastador como lo fue el sismo del pasado jueves, hay [&hellip;]","og_url":"https:\/\/lospoliticosveracruz.com\/?p=36462","og_site_name":"Los pol\u00edticos Veracruz","article_publisher":"https:\/\/www.facebook.com\/people\/Notimemes-de-los-Polticos\/61565672886568\/","article_published_time":"2017-09-13T03:55:37+00:00","og_image":[{"width":200,"height":200,"url":"https:\/\/lospoliticosveracruz.com\/wp-content\/uploads\/2016\/07\/Logo-Dor.jpg","type":"image\/jpeg"}],"author":"Lo viste en Los Pol\u00edticos","twitter_card":"summary_large_image","twitter_creator":"@LosPoliticosVer","twitter_site":"@LosPoliticosVer","twitter_misc":{"Escrito por":"Lo viste en Los Pol\u00edticos","Tiempo de lectura":"4 minutos"},"schema":{"@context":"https:\/\/schema.org","@graph":[{"@type":"Article","@id":"https:\/\/lospoliticosveracruz.com\/?p=36462#article","isPartOf":{"@id":"https:\/\/lospoliticosveracruz.com\/?p=36462"},"author":{"name":"Lo viste en Los Pol\u00edticos","@id":"https:\/\/lospoliticosveracruz.com\/#\/schema\/person\/b8702bb0e538456e6efd07080bf2a4a2"},"headline":"Rapi\u00f1a electoral","datePublished":"2017-09-13T03:55:37+00:00","mainEntityOfPage":{"@id":"https:\/\/lospoliticosveracruz.com\/?p=36462"},"wordCount":707,"commentCount":0,"publisher":{"@id":"https:\/\/lospoliticosveracruz.com\/#organization"},"keywords":["Chico Ch\u00e9","Gloria S\u00e1nchez L\u00f3pez","Juchit\u00e1n","La Balastrera","Oaxaca","Roc\u00edo Nahle","Sismo","trailer"],"articleSection":["De Opini\u00f3n"],"inLanguage":"es","potentialAction":[{"@type":"CommentAction","name":"Comment","target":["https:\/\/lospoliticosveracruz.com\/?p=36462#respond"]}]},{"@type":"WebPage","@id":"https:\/\/lospoliticosveracruz.com\/?p=36462","url":"https:\/\/lospoliticosveracruz.com\/?p=36462","name":"Rapi\u00f1a electoral - Los pol\u00edticos Veracruz","isPartOf":{"@id":"https:\/\/lospoliticosveracruz.com\/#website"},"datePublished":"2017-09-13T03:55:37+00:00","breadcrumb":{"@id":"https:\/\/lospoliticosveracruz.com\/?p=36462#breadcrumb"},"inLanguage":"es","potentialAction":[{"@type":"ReadAction","target":["https:\/\/lospoliticosveracruz.com\/?p=36462"]}]},{"@type":"BreadcrumbList","@id":"https:\/\/lospoliticosveracruz.com\/?p=36462#breadcrumb","itemListElement":[{"@type":"ListItem","position":1,"name":"Portada","item":"https:\/\/lospoliticosveracruz.com\/"},{"@type":"ListItem","position":2,"name":"Rapi\u00f1a electoral"}]},{"@type":"WebSite","@id":"https:\/\/lospoliticosveracruz.com\/#website","url":"https:\/\/lospoliticosveracruz.com\/","name":"Los pol\u00edticos Veracruz","description":"","publisher":{"@id":"https:\/\/lospoliticosveracruz.com\/#organization"},"potentialAction":[{"@type":"SearchAction","target":{"@type":"EntryPoint","urlTemplate":"https:\/\/lospoliticosveracruz.com\/?s={search_term_string}"},"query-input":{"@type":"PropertyValueSpecification","valueRequired":true,"valueName":"search_term_string"}}],"inLanguage":"es"},{"@type":"Organization","@id":"https:\/\/lospoliticosveracruz.com\/#organization","name":"Los pol\u00edticos Veracruz","url":"https:\/\/lospoliticosveracruz.com\/","logo":{"@type":"ImageObject","inLanguage":"es","@id":"https:\/\/lospoliticosveracruz.com\/#\/schema\/logo\/image\/","url":"https:\/\/lospoliticosveracruz.com\/wp-content\/uploads\/2025\/12\/Logo-Nuevo-LOS-POLITICOS-1.jpg","contentUrl":"https:\/\/lospoliticosveracruz.com\/wp-content\/uploads\/2025\/12\/Logo-Nuevo-LOS-POLITICOS-1.jpg","width":260,"height":70,"caption":"Los pol\u00edticos Veracruz"},"image":{"@id":"https:\/\/lospoliticosveracruz.com\/#\/schema\/logo\/image\/"},"sameAs":["https:\/\/www.facebook.com\/people\/Notimemes-de-los-Polticos\/61565672886568\/","https:\/\/x.com\/LosPoliticosVer"]},{"@type":"Person","@id":"https:\/\/lospoliticosveracruz.com\/#\/schema\/person\/b8702bb0e538456e6efd07080bf2a4a2","name":"Lo viste en Los Pol\u00edticos","image":{"@type":"ImageObject","inLanguage":"es","@id":"https:\/\/secure.gravatar.com\/avatar\/3a8de04a2656d44082be478bd6c086daa447c4651605818287b9532d3d0bd435?s=96&d=mm&r=g","url":"https:\/\/secure.gravatar.com\/avatar\/3a8de04a2656d44082be478bd6c086daa447c4651605818287b9532d3d0bd435?s=96&d=mm&r=g","contentUrl":"https:\/\/secure.gravatar.com\/avatar\/3a8de04a2656d44082be478bd6c086daa447c4651605818287b9532d3d0bd435?s=96&d=mm&r=g","caption":"Lo viste en Los Pol\u00edticos"},"url":"https:\/\/lospoliticosveracruz.com\/?author=2"}]}},"_links":{"self":[{"href":"https:\/\/lospoliticosveracruz.com\/index.php?rest_route=\/wp\/v2\/posts\/36462","targetHints":{"allow":["GET"]}}],"collection":[{"href":"https:\/\/lospoliticosveracruz.com\/index.php?rest_route=\/wp\/v2\/posts"}],"about":[{"href":"https:\/\/lospoliticosveracruz.com\/index.php?rest_route=\/wp\/v2\/types\/post"}],"author":[{"embeddable":true,"href":"https:\/\/lospoliticosveracruz.com\/index.php?rest_route=\/wp\/v2\/users\/2"}],"replies":[{"embeddable":true,"href":"https:\/\/lospoliticosveracruz.com\/index.php?rest_route=%2Fwp%2Fv2%2Fcomments&post=36462"}],"version-history":[{"count":2,"href":"https:\/\/lospoliticosveracruz.com\/index.php?rest_route=\/wp\/v2\/posts\/36462\/revisions"}],"predecessor-version":[{"id":36466,"href":"https:\/\/lospoliticosveracruz.com\/index.php?rest_route=\/wp\/v2\/posts\/36462\/revisions\/36466"}],"wp:attachment":[{"href":"https:\/\/lospoliticosveracruz.com\/index.php?rest_route=%2Fwp%2Fv2%2Fmedia&parent=36462"}],"wp:term":[{"taxonomy":"category","embeddable":true,"href":"https:\/\/lospoliticosveracruz.com\/index.php?rest_route=%2Fwp%2Fv2%2Fcategories&post=36462"},{"taxonomy":"post_tag","embeddable":true,"href":"https:\/\/lospoliticosveracruz.com\/index.php?rest_route=%2Fwp%2Fv2%2Ftags&post=36462"}],"curies":[{"name":"wp","href":"https:\/\/api.w.org\/{rel}","templated":true}]}}