{"id":36503,"date":"2017-09-14T22:31:55","date_gmt":"2017-09-15T03:31:55","guid":{"rendered":"http:\/\/www.lospoliticosveracruz.com.mx\/?p=36503"},"modified":"2017-09-14T22:31:55","modified_gmt":"2017-09-15T03:31:55","slug":"el-pri-busca-mujer","status":"publish","type":"post","link":"https:\/\/lospoliticosveracruz.com\/?p=36503","title":{"rendered":"El PRI busca mujer"},"content":{"rendered":"<p dir=\"ltr\"><strong>Salvador Mu\u00f1oz<\/strong><\/p>\n<p><em>Los Pol\u00edticos<\/em><\/p>\n<p>&nbsp;<\/p>\n<p>&nbsp;<\/p>\n<p dir=\"ltr\">Bueno, realmente buscar, como quien dice buscar, quiz\u00e1s no tanto\u2026 es que con la separaci\u00f3n del Revolucionario Institucional de la Paloma del Sur, Regina V\u00e1zquez Saut, dej\u00f3 un cargo que realmente parec\u00eda que era puro adorno en dicho partido: la secretar\u00eda general.<\/p>\n<p dir=\"ltr\">Claro que la actuaci\u00f3n (o m\u00e1s bien pasividad) de Regina V\u00e1zquez como secretaria general del PRI estatal no es s\u00f3lo de su parte, igual participaci\u00f3n hubo tanto del dirigente estatal (sea Amadeo Flores o Renato Alarc\u00f3n) como de la misma militancia y dem\u00e1s actores de peso que permitieron la ociosidad de la Paloma.<\/p>\n<p dir=\"ltr\">Es imposible juzgar a una sin que uno vea responsabilidad total en los otros\u2026 al final, se pudiera decir que el PRI estatal tuvo a la secretaria general que mereci\u00f3.<\/p>\n<p dir=\"ltr\">Ahora, hay un espacio vac\u00edo, un hueco, que bien podr\u00eda ser ocupado, no por una mujer, sino por una pri\u00edsta que entienda los retos a enfrentar en estos momentos en que el partido es oposici\u00f3n y ya se barajan algunos nombres que en s\u00ed, resultan harto interesantes y ac\u00e1 los pongo, no porque yo lo diga, sino es porque as\u00ed suenan: Lilian Zepahua, Guadalupe Porras, Denisse Uribe Obreg\u00f3n, Elena C\u00f3rdova Molina y Lorena Pi\u00f1\u00f3n.<\/p>\n<p dir=\"ltr\">Cada una de ellas debe tener algo para ser considerada por la militancia priista pero desde fuera del PRI es as\u00ed como uno las observa:<\/p>\n<p dir=\"ltr\">Lilian Zepahua: Hija de un pri\u00edsta considerado en la zona de Zongolica como cacique, lo que har\u00eda mella en su cargo pues se ver\u00eda m\u00e1s favorecida por el apellido que por tener m\u00e9ritos propios para asumirlo.<\/p>\n<p dir=\"ltr\">Guadalupe Porras: Ex dirigente de la CNOP, suegra de Marcos Theurel Cotero y de Juan Gabriel Fern\u00e1ndez Garibay. Una de las egresadas de la Facultad de Derecho de la UV, con promedio excelente; no s\u00e9 si de la generaci\u00f3n de H\u00e9ctor o de Miguel \u00c1ngel Yunes. Su hijo ha sido diputado local y Lupita, la esposa de Theurel, a punto estuvo de ser lanzada a candidata a la alcald\u00eda de Coatza. La ex alcaldesa de Mina tuvo serios se\u00f1alamientos a su administraci\u00f3n y tiene como \u201cenemiga natural\u201d a La Potra Isabel Morales Aguirre, quien se le fue directo a la yugular cuando pretend\u00edan imponer a Lupe Porras como \u201cMagistrada de la Sala Anticorrupci\u00f3n\u201d.<\/p>\n<p dir=\"ltr\">Denisse Uribe Obreg\u00f3n: Cuasi paisana de Acayucan, que si bien, podr\u00edamos decir que tiene una carrera pol\u00edtica sin m\u00e1cula, y de no ser porque cupo la prudencia en alguien, pudo haber tenido un enorme desliz cuando all\u00e1 por el 2014, un febrero, cuando era titular de la Fundaci\u00f3n Colosio, tuvo la gran idea de hacer un libro sobre la trayectoria personal y pol\u00edtica del entonces gobernador Javier Duarte de Ochoa. La informaci\u00f3n al respecto dec\u00eda algo as\u00ed: \u201cSin duda ser\u00e1 todo un acontecimiento, pues el sexenio del joven gobernante ha destacado en muchos \u00e1mbitos y especialmente ha tenido que enfrentar al toro por los cuernos en temas dif\u00edciles, lo que sin duda es necesario que quede plasmado en un testigo, para las pr\u00f3ximas generaciones, sobre las adversidades, pero sobre todo los triunfos, que Duarte ha logrado en su gobierno\u201d.<\/p>\n<p dir=\"ltr\">\u00bfSe imaginan si lo hubiera hecho? Bueno, pero fuera de todo esto, se supone que por escalaf\u00f3n, subir\u00eda en autom\u00e1tico Denisse a la secretar\u00eda general\u2026<\/p>\n<p dir=\"ltr\">Elena C\u00f3rdova Molina: Joven, con trayectoria en ascenso, tanto, que su \u00faltima participaci\u00f3n en el PRI estatal estuvo representando a su partido, pero de parte del nacional. Si bien hay quien la encasilla en un \u201chectorismo\u201d hay tambi\u00e9n quienes la vinculan como cenecista al participar con Juan Carlos Molina Palacios, pero pues todo indica que ni lo uno ni lo otro, porque sin requerir de ninguno de los dos, es de las pocas mujeres j\u00f3venes que participan en el Gobierno federal junto con Anil\u00fa Ingram, Ira\u00eds Morales y Elizabeth Morales. Est\u00e1 en Sagarpa.<\/p>\n<p dir=\"ltr\">Lorena Pi\u00f1\u00f3n: Si hay alguien a quien Renato Alarc\u00f3n Guevara le debe la dirigencia (de manera indirecta, claro), es a Lorena, quien antes de que surgiera el \u201cala cr\u00edtica\u201d del PRI, fue la primera en alzar la voz demandando que se aplicara el reglamento, ley y congruencia al interior de su partido. Podemos decir que ella \u201ctumb\u00f3\u201d a Amadeo Flores Espinosa. Aguerrida, tozuda, pero a la vez, con argumentos, quiz\u00e1s junto con Elena C\u00f3rdova y en una de \u00e9sas, hasta Denisse, pudieran ser esa secretaria general que el PRI no tuvo durante el tiempo que la Paloma calent\u00f3 el nido.<\/p>\n<p dir=\"ltr\">Por supuesto, como lo citamos con C\u00f3rdova Molina, es seguro que ninguna de las cinco mujeres citadas, escape de un \u201cismo\u201d con o sin raz\u00f3n.<\/p>\n<p dir=\"ltr\">Han de disculpar, pero omito a Marilda Aguirre Rodr\u00edguez, por prudencia y en espera de que la secretar\u00eda general del PRI la ocupe una pri\u00edsta que realmente quiera hacer algo por su partido.<\/p>\n<p>&nbsp;<\/p>\n<p dir=\"ltr\"><a href=\"mailto:smcainito@gmail.com\" target=\"_blank\" rel=\"noopener noreferrer\">smcainito@gmail.com<\/a><\/p>\n<p>&nbsp;<\/p>\n","protected":false},"excerpt":{"rendered":"<p>Salvador Mu\u00f1oz Los Pol\u00edticos &nbsp; &nbsp; Bueno, realmente buscar, como quien dice buscar, quiz\u00e1s no tanto\u2026 es que con la separaci\u00f3n del Revolucionario Institucional de la Paloma del Sur, Regina V\u00e1zquez Saut, dej\u00f3 un cargo que realmente parec\u00eda que era puro adorno en dicho partido: la secretar\u00eda general. Claro que la actuaci\u00f3n (o m\u00e1s bien [&hellip;]<\/p>\n","protected":false},"author":2,"featured_media":0,"comment_status":"open","ping_status":"open","sticky":false,"template":"","format":"standard","meta":{"tdm_status":"","tdm_grid_status":"","footnotes":""},"categories":[70],"tags":[4802,4673,4659,1516,1070,3686,3060],"class_list":{"0":"post-36503","1":"post","2":"type-post","3":"status-publish","4":"format-standard","6":"category-de-opinion","7":"tag-denisse-uribe-obregon","8":"tag-elena-cordova-molina","9":"tag-guadalupe-porras","10":"tag-lilian-zepahua","11":"tag-lorena-pinon","12":"tag-regina-vazquez-saut","13":"tag-renato-alarcon"},"yoast_head":"<!-- This site is optimized with the Yoast SEO plugin v27.4 - https:\/\/yoast.com\/product\/yoast-seo-wordpress\/ -->\n<title>El PRI busca mujer - Los pol\u00edticos Veracruz<\/title>\n<meta name=\"robots\" content=\"index, follow, max-snippet:-1, max-image-preview:large, max-video-preview:-1\" \/>\n<link rel=\"canonical\" href=\"https:\/\/lospoliticosveracruz.com\/?p=36503\" \/>\n<meta property=\"og:locale\" content=\"es_ES\" \/>\n<meta property=\"og:type\" content=\"article\" \/>\n<meta property=\"og:title\" content=\"El PRI busca mujer - Los pol\u00edticos Veracruz\" \/>\n<meta property=\"og:description\" content=\"Salvador Mu\u00f1oz Los Pol\u00edticos &nbsp; &nbsp; Bueno, realmente buscar, como quien dice buscar, quiz\u00e1s no tanto\u2026 es que con la separaci\u00f3n del Revolucionario Institucional de la Paloma del Sur, Regina V\u00e1zquez Saut, dej\u00f3 un cargo que realmente parec\u00eda que era puro adorno en dicho partido: la secretar\u00eda general. Claro que la actuaci\u00f3n (o m\u00e1s bien [&hellip;]\" \/>\n<meta property=\"og:url\" content=\"https:\/\/lospoliticosveracruz.com\/?p=36503\" \/>\n<meta property=\"og:site_name\" content=\"Los pol\u00edticos Veracruz\" \/>\n<meta property=\"article:publisher\" content=\"https:\/\/www.facebook.com\/people\/Notimemes-de-los-Polticos\/61565672886568\/\" \/>\n<meta property=\"article:published_time\" content=\"2017-09-15T03:31:55+00:00\" \/>\n<meta property=\"og:image\" content=\"https:\/\/lospoliticosveracruz.com\/wp-content\/uploads\/2016\/07\/Logo-Dor.jpg\" \/>\n\t<meta property=\"og:image:width\" content=\"200\" \/>\n\t<meta property=\"og:image:height\" content=\"200\" \/>\n\t<meta property=\"og:image:type\" content=\"image\/jpeg\" \/>\n<meta name=\"author\" content=\"Lo viste en Los Pol\u00edticos\" \/>\n<meta name=\"twitter:card\" content=\"summary_large_image\" \/>\n<meta name=\"twitter:creator\" content=\"@LosPoliticosVer\" \/>\n<meta name=\"twitter:site\" content=\"@LosPoliticosVer\" \/>\n<meta name=\"twitter:label1\" content=\"Escrito por\" \/>\n\t<meta name=\"twitter:data1\" content=\"Lo viste en Los Pol\u00edticos\" \/>\n\t<meta name=\"twitter:label2\" content=\"Tiempo de lectura\" \/>\n\t<meta name=\"twitter:data2\" content=\"4 minutos\" \/>\n<script type=\"application\/ld+json\" class=\"yoast-schema-graph\">{\"@context\":\"https:\\\/\\\/schema.org\",\"@graph\":[{\"@type\":\"Article\",\"@id\":\"https:\\\/\\\/lospoliticosveracruz.com\\\/?p=36503#article\",\"isPartOf\":{\"@id\":\"https:\\\/\\\/lospoliticosveracruz.com\\\/?p=36503\"},\"author\":{\"name\":\"Lo viste en Los Pol\u00edticos\",\"@id\":\"https:\\\/\\\/lospoliticosveracruz.com\\\/#\\\/schema\\\/person\\\/b8702bb0e538456e6efd07080bf2a4a2\"},\"headline\":\"El PRI busca mujer\",\"datePublished\":\"2017-09-15T03:31:55+00:00\",\"mainEntityOfPage\":{\"@id\":\"https:\\\/\\\/lospoliticosveracruz.com\\\/?p=36503\"},\"wordCount\":865,\"commentCount\":0,\"publisher\":{\"@id\":\"https:\\\/\\\/lospoliticosveracruz.com\\\/#organization\"},\"keywords\":[\"Denisse Uribe Obreg\u00f3n\",\"Elena C\u00f3rdova Molina\",\"Guadalupe Porras\",\"Lilian Zepahua\",\"Lorena Pi\u00f1\u00f3n\",\"Regina V\u00e1zquez Saut\",\"Renato Alarc\u00f3n\"],\"articleSection\":[\"De Opini\u00f3n\"],\"inLanguage\":\"es\",\"potentialAction\":[{\"@type\":\"CommentAction\",\"name\":\"Comment\",\"target\":[\"https:\\\/\\\/lospoliticosveracruz.com\\\/?p=36503#respond\"]}]},{\"@type\":\"WebPage\",\"@id\":\"https:\\\/\\\/lospoliticosveracruz.com\\\/?p=36503\",\"url\":\"https:\\\/\\\/lospoliticosveracruz.com\\\/?p=36503\",\"name\":\"El PRI busca mujer - Los pol\u00edticos Veracruz\",\"isPartOf\":{\"@id\":\"https:\\\/\\\/lospoliticosveracruz.com\\\/#website\"},\"datePublished\":\"2017-09-15T03:31:55+00:00\",\"breadcrumb\":{\"@id\":\"https:\\\/\\\/lospoliticosveracruz.com\\\/?p=36503#breadcrumb\"},\"inLanguage\":\"es\",\"potentialAction\":[{\"@type\":\"ReadAction\",\"target\":[\"https:\\\/\\\/lospoliticosveracruz.com\\\/?p=36503\"]}]},{\"@type\":\"BreadcrumbList\",\"@id\":\"https:\\\/\\\/lospoliticosveracruz.com\\\/?p=36503#breadcrumb\",\"itemListElement\":[{\"@type\":\"ListItem\",\"position\":1,\"name\":\"Portada\",\"item\":\"https:\\\/\\\/lospoliticosveracruz.com\\\/\"},{\"@type\":\"ListItem\",\"position\":2,\"name\":\"El PRI busca mujer\"}]},{\"@type\":\"WebSite\",\"@id\":\"https:\\\/\\\/lospoliticosveracruz.com\\\/#website\",\"url\":\"https:\\\/\\\/lospoliticosveracruz.com\\\/\",\"name\":\"Los pol\u00edticos Veracruz\",\"description\":\"\",\"publisher\":{\"@id\":\"https:\\\/\\\/lospoliticosveracruz.com\\\/#organization\"},\"potentialAction\":[{\"@type\":\"SearchAction\",\"target\":{\"@type\":\"EntryPoint\",\"urlTemplate\":\"https:\\\/\\\/lospoliticosveracruz.com\\\/?s={search_term_string}\"},\"query-input\":{\"@type\":\"PropertyValueSpecification\",\"valueRequired\":true,\"valueName\":\"search_term_string\"}}],\"inLanguage\":\"es\"},{\"@type\":\"Organization\",\"@id\":\"https:\\\/\\\/lospoliticosveracruz.com\\\/#organization\",\"name\":\"Los pol\u00edticos Veracruz\",\"url\":\"https:\\\/\\\/lospoliticosveracruz.com\\\/\",\"logo\":{\"@type\":\"ImageObject\",\"inLanguage\":\"es\",\"@id\":\"https:\\\/\\\/lospoliticosveracruz.com\\\/#\\\/schema\\\/logo\\\/image\\\/\",\"url\":\"https:\\\/\\\/lospoliticosveracruz.com\\\/wp-content\\\/uploads\\\/2025\\\/12\\\/Logo-Nuevo-LOS-POLITICOS-1.jpg\",\"contentUrl\":\"https:\\\/\\\/lospoliticosveracruz.com\\\/wp-content\\\/uploads\\\/2025\\\/12\\\/Logo-Nuevo-LOS-POLITICOS-1.jpg\",\"width\":260,\"height\":70,\"caption\":\"Los pol\u00edticos Veracruz\"},\"image\":{\"@id\":\"https:\\\/\\\/lospoliticosveracruz.com\\\/#\\\/schema\\\/logo\\\/image\\\/\"},\"sameAs\":[\"https:\\\/\\\/www.facebook.com\\\/people\\\/Notimemes-de-los-Polticos\\\/61565672886568\\\/\",\"https:\\\/\\\/x.com\\\/LosPoliticosVer\"]},{\"@type\":\"Person\",\"@id\":\"https:\\\/\\\/lospoliticosveracruz.com\\\/#\\\/schema\\\/person\\\/b8702bb0e538456e6efd07080bf2a4a2\",\"name\":\"Lo viste en Los Pol\u00edticos\",\"image\":{\"@type\":\"ImageObject\",\"inLanguage\":\"es\",\"@id\":\"https:\\\/\\\/secure.gravatar.com\\\/avatar\\\/3a8de04a2656d44082be478bd6c086daa447c4651605818287b9532d3d0bd435?s=96&d=mm&r=g\",\"url\":\"https:\\\/\\\/secure.gravatar.com\\\/avatar\\\/3a8de04a2656d44082be478bd6c086daa447c4651605818287b9532d3d0bd435?s=96&d=mm&r=g\",\"contentUrl\":\"https:\\\/\\\/secure.gravatar.com\\\/avatar\\\/3a8de04a2656d44082be478bd6c086daa447c4651605818287b9532d3d0bd435?s=96&d=mm&r=g\",\"caption\":\"Lo viste en Los Pol\u00edticos\"},\"url\":\"https:\\\/\\\/lospoliticosveracruz.com\\\/?author=2\"}]}<\/script>\n<!-- \/ Yoast SEO plugin. -->","yoast_head_json":{"title":"El PRI busca mujer - Los pol\u00edticos Veracruz","robots":{"index":"index","follow":"follow","max-snippet":"max-snippet:-1","max-image-preview":"max-image-preview:large","max-video-preview":"max-video-preview:-1"},"canonical":"https:\/\/lospoliticosveracruz.com\/?p=36503","og_locale":"es_ES","og_type":"article","og_title":"El PRI busca mujer - Los pol\u00edticos Veracruz","og_description":"Salvador Mu\u00f1oz Los Pol\u00edticos &nbsp; &nbsp; Bueno, realmente buscar, como quien dice buscar, quiz\u00e1s no tanto\u2026 es que con la separaci\u00f3n del Revolucionario Institucional de la Paloma del Sur, Regina V\u00e1zquez Saut, dej\u00f3 un cargo que realmente parec\u00eda que era puro adorno en dicho partido: la secretar\u00eda general. Claro que la actuaci\u00f3n (o m\u00e1s bien [&hellip;]","og_url":"https:\/\/lospoliticosveracruz.com\/?p=36503","og_site_name":"Los pol\u00edticos Veracruz","article_publisher":"https:\/\/www.facebook.com\/people\/Notimemes-de-los-Polticos\/61565672886568\/","article_published_time":"2017-09-15T03:31:55+00:00","og_image":[{"width":200,"height":200,"url":"https:\/\/lospoliticosveracruz.com\/wp-content\/uploads\/2016\/07\/Logo-Dor.jpg","type":"image\/jpeg"}],"author":"Lo viste en Los Pol\u00edticos","twitter_card":"summary_large_image","twitter_creator":"@LosPoliticosVer","twitter_site":"@LosPoliticosVer","twitter_misc":{"Escrito por":"Lo viste en Los Pol\u00edticos","Tiempo de lectura":"4 minutos"},"schema":{"@context":"https:\/\/schema.org","@graph":[{"@type":"Article","@id":"https:\/\/lospoliticosveracruz.com\/?p=36503#article","isPartOf":{"@id":"https:\/\/lospoliticosveracruz.com\/?p=36503"},"author":{"name":"Lo viste en Los Pol\u00edticos","@id":"https:\/\/lospoliticosveracruz.com\/#\/schema\/person\/b8702bb0e538456e6efd07080bf2a4a2"},"headline":"El PRI busca mujer","datePublished":"2017-09-15T03:31:55+00:00","mainEntityOfPage":{"@id":"https:\/\/lospoliticosveracruz.com\/?p=36503"},"wordCount":865,"commentCount":0,"publisher":{"@id":"https:\/\/lospoliticosveracruz.com\/#organization"},"keywords":["Denisse Uribe Obreg\u00f3n","Elena C\u00f3rdova Molina","Guadalupe Porras","Lilian Zepahua","Lorena Pi\u00f1\u00f3n","Regina V\u00e1zquez Saut","Renato Alarc\u00f3n"],"articleSection":["De Opini\u00f3n"],"inLanguage":"es","potentialAction":[{"@type":"CommentAction","name":"Comment","target":["https:\/\/lospoliticosveracruz.com\/?p=36503#respond"]}]},{"@type":"WebPage","@id":"https:\/\/lospoliticosveracruz.com\/?p=36503","url":"https:\/\/lospoliticosveracruz.com\/?p=36503","name":"El PRI busca mujer - Los pol\u00edticos Veracruz","isPartOf":{"@id":"https:\/\/lospoliticosveracruz.com\/#website"},"datePublished":"2017-09-15T03:31:55+00:00","breadcrumb":{"@id":"https:\/\/lospoliticosveracruz.com\/?p=36503#breadcrumb"},"inLanguage":"es","potentialAction":[{"@type":"ReadAction","target":["https:\/\/lospoliticosveracruz.com\/?p=36503"]}]},{"@type":"BreadcrumbList","@id":"https:\/\/lospoliticosveracruz.com\/?p=36503#breadcrumb","itemListElement":[{"@type":"ListItem","position":1,"name":"Portada","item":"https:\/\/lospoliticosveracruz.com\/"},{"@type":"ListItem","position":2,"name":"El PRI busca mujer"}]},{"@type":"WebSite","@id":"https:\/\/lospoliticosveracruz.com\/#website","url":"https:\/\/lospoliticosveracruz.com\/","name":"Los pol\u00edticos Veracruz","description":"","publisher":{"@id":"https:\/\/lospoliticosveracruz.com\/#organization"},"potentialAction":[{"@type":"SearchAction","target":{"@type":"EntryPoint","urlTemplate":"https:\/\/lospoliticosveracruz.com\/?s={search_term_string}"},"query-input":{"@type":"PropertyValueSpecification","valueRequired":true,"valueName":"search_term_string"}}],"inLanguage":"es"},{"@type":"Organization","@id":"https:\/\/lospoliticosveracruz.com\/#organization","name":"Los pol\u00edticos Veracruz","url":"https:\/\/lospoliticosveracruz.com\/","logo":{"@type":"ImageObject","inLanguage":"es","@id":"https:\/\/lospoliticosveracruz.com\/#\/schema\/logo\/image\/","url":"https:\/\/lospoliticosveracruz.com\/wp-content\/uploads\/2025\/12\/Logo-Nuevo-LOS-POLITICOS-1.jpg","contentUrl":"https:\/\/lospoliticosveracruz.com\/wp-content\/uploads\/2025\/12\/Logo-Nuevo-LOS-POLITICOS-1.jpg","width":260,"height":70,"caption":"Los pol\u00edticos Veracruz"},"image":{"@id":"https:\/\/lospoliticosveracruz.com\/#\/schema\/logo\/image\/"},"sameAs":["https:\/\/www.facebook.com\/people\/Notimemes-de-los-Polticos\/61565672886568\/","https:\/\/x.com\/LosPoliticosVer"]},{"@type":"Person","@id":"https:\/\/lospoliticosveracruz.com\/#\/schema\/person\/b8702bb0e538456e6efd07080bf2a4a2","name":"Lo viste en Los Pol\u00edticos","image":{"@type":"ImageObject","inLanguage":"es","@id":"https:\/\/secure.gravatar.com\/avatar\/3a8de04a2656d44082be478bd6c086daa447c4651605818287b9532d3d0bd435?s=96&d=mm&r=g","url":"https:\/\/secure.gravatar.com\/avatar\/3a8de04a2656d44082be478bd6c086daa447c4651605818287b9532d3d0bd435?s=96&d=mm&r=g","contentUrl":"https:\/\/secure.gravatar.com\/avatar\/3a8de04a2656d44082be478bd6c086daa447c4651605818287b9532d3d0bd435?s=96&d=mm&r=g","caption":"Lo viste en Los Pol\u00edticos"},"url":"https:\/\/lospoliticosveracruz.com\/?author=2"}]}},"_links":{"self":[{"href":"https:\/\/lospoliticosveracruz.com\/index.php?rest_route=\/wp\/v2\/posts\/36503","targetHints":{"allow":["GET"]}}],"collection":[{"href":"https:\/\/lospoliticosveracruz.com\/index.php?rest_route=\/wp\/v2\/posts"}],"about":[{"href":"https:\/\/lospoliticosveracruz.com\/index.php?rest_route=\/wp\/v2\/types\/post"}],"author":[{"embeddable":true,"href":"https:\/\/lospoliticosveracruz.com\/index.php?rest_route=\/wp\/v2\/users\/2"}],"replies":[{"embeddable":true,"href":"https:\/\/lospoliticosveracruz.com\/index.php?rest_route=%2Fwp%2Fv2%2Fcomments&post=36503"}],"version-history":[{"count":1,"href":"https:\/\/lospoliticosveracruz.com\/index.php?rest_route=\/wp\/v2\/posts\/36503\/revisions"}],"predecessor-version":[{"id":36504,"href":"https:\/\/lospoliticosveracruz.com\/index.php?rest_route=\/wp\/v2\/posts\/36503\/revisions\/36504"}],"wp:attachment":[{"href":"https:\/\/lospoliticosveracruz.com\/index.php?rest_route=%2Fwp%2Fv2%2Fmedia&parent=36503"}],"wp:term":[{"taxonomy":"category","embeddable":true,"href":"https:\/\/lospoliticosveracruz.com\/index.php?rest_route=%2Fwp%2Fv2%2Fcategories&post=36503"},{"taxonomy":"post_tag","embeddable":true,"href":"https:\/\/lospoliticosveracruz.com\/index.php?rest_route=%2Fwp%2Fv2%2Ftags&post=36503"}],"curies":[{"name":"wp","href":"https:\/\/api.w.org\/{rel}","templated":true}]}}