{"id":36627,"date":"2017-09-22T10:51:41","date_gmt":"2017-09-22T15:51:41","guid":{"rendered":"http:\/\/www.lospoliticosveracruz.com.mx\/?p=36627"},"modified":"2017-09-22T10:52:40","modified_gmt":"2017-09-22T15:52:40","slug":"nuevo-citatorio-de-la-fiscalia-a-fidel-n","status":"publish","type":"post","link":"https:\/\/lospoliticosveracruz.com\/?p=36627","title":{"rendered":"Nuevo citatorio de la Fiscal\u00eda a Fidel \u201cN\u201d"},"content":{"rendered":"<div><span style=\"font-family: Arial, sans-serif;\"><b>Luis Alberto Romero<\/b><\/span><\/div>\n<div><em><span style=\"font-family: Arial, sans-serif;\">Hora Cero<\/span><\/em><\/div>\n<div><span style=\"font-family: Arial, sans-serif;\"><b>\u00a0<\/b><\/span><\/div>\n<div><b><\/b><b><\/b><span style=\"font-family: Arial, sans-serif;\">\u00a0<\/span><\/div>\n<div><span style=\"font-family: Arial, sans-serif;\">\u00a0<\/span><\/div>\n<div><span style=\"font-family: Arial, sans-serif;\">Mediante un comunicado, la Fiscal\u00eda General del Estado dio a conocer este jueves que el Juez Decimoctavo de Distrito desech\u00f3 la demanda de amparo que present\u00f3 ante dicha instancia el ex gobernador de Veracruz, Fidel Herrera Beltr\u00e1n, a quien la autoridad ubica como Fidel \u201cN\u201d, por el tema del respeto a sus derechos.<\/span><\/div>\n<div><span style=\"font-family: Arial, sans-serif;\">Como sea, Fidel Herrera, Fidel \u201cN\u201d y para muchos T\u00edo Fide \u201cN\u201d, ser\u00e1 citado una vez m\u00e1s, para que sea entrevistado por la Fiscal\u00eda con relaci\u00f3n a la denuncia presentada por la Secretar\u00eda de Salud del gobierno estatal, misma que se relaciona con la presunta administraci\u00f3n a enfermos de medicamentos clonados o quimioterapias falsas en el Centro Estatal de Cancerolog\u00eda.<\/span><\/div>\n<div><span style=\"font-family: Arial, sans-serif;\">La autoridad en procuraci\u00f3n de justicia inform\u00f3 que el amparo solicitado por Herrera Beltr\u00e1n \u201cera notoriamente improcedente\u201d, por lo que resolvi\u00f3 volverlo a citar, en su car\u00e1cter de \u201cinvestigado\u201d.<\/span><\/div>\n<div><span style=\"font-family: Arial, sans-serif;\">Agrega la Fiscal\u00eda que en su an\u00e1lisis, el Juez Federal estableci\u00f3 que citar como investigado al exmandatario no le violenta ning\u00fan derecho fundamental, ni le causa perjuicio alguno, pues la autoridad debe practicar todos los actos necesarios para determinar la existencia\u00a0<\/span><span style=\"font-family: Arial, sans-serif;\">del<\/span><span style=\"font-family: Arial, sans-serif;\">\u00a0hecho delictivo, por lo que determin\u00f3 la total legalidad\u00a0<\/span><span style=\"font-family: Arial, sans-serif;\">del<\/span><span style=\"font-family: Arial, sans-serif;\">\u00a0citatorio realizado por la Fiscal\u00eda General del Estado a Fidel \u201cN\u201d.<\/span><\/div>\n<div><span style=\"font-family: Arial, sans-serif;\">Habr\u00eda que agregar que Herrera Beltr\u00e1n no es el primer ex titular del Poder Ejecutivo de Veracruz en ser llamado a cuentas por la Fiscal\u00eda que actualmente tiene a la cabeza a Jorge Winckler Ortiz.<\/span><\/div>\n<div><span style=\"font-family: Arial, sans-serif;\">Llegado el caso, tampoco ser\u00eda el primer ex gobernador en serios problemas penales: como sabemos, Javier Duarte de Ochoa, pupilo de Fidel Herrera, duerme en una celda del Reclusorio Norte, en tanto que el interino, Flavino R\u00edos Alvarado, estuvo unos d\u00edas en Pacho Viejo.<\/span><\/div>\n<div><span style=\"font-family: Arial, sans-serif;\">Antes, en 1996, cuando el actual gobernador del estado, Miguel \u00c1ngel Yunes Linares, era secretario de Gobierno, Dante Delgado Rannauro estuvo 15 meses en ese penal, de tal manera que Fidel \u201cN\u201d podr\u00eda convertirse en el cuarto ex mandatario veracruzano en correr con la misma suerte, si es que le pueden comprobar alg\u00fan il\u00edcito, lo cual resulta complicado, por decir lo menos, no porque no los haya cometido \u2013cosa que dejamos en duda\u2013, sino porque del fin de su periodo al frente del Poder Ejecutivo ya han pasado casi siete a\u00f1os.<\/span><\/div>\n<div><span style=\"font-family: Arial, sans-serif;\">Lo importante es que Fidel \u201cN\u201d tendr\u00e1 que acudir a la Fiscal\u00eda, para responder al inminente segundo citatorio.<\/span><\/div>\n<div><span style=\"font-family: Arial, sans-serif;\">\u00a0<\/span><\/div>\n<div><span style=\"font-family: Arial, sans-serif;\">\u00a0<\/span><\/div>\n<div><span style=\"font-family: Arial, sans-serif;\"><b>Veracruz en el Reed Latino 2017<\/b><\/span><\/div>\n<div><span style=\"font-family: Arial, sans-serif;\">Entre los consultores pol\u00edticos, el Reed Latino es un importante reconocimiento que otorga la revista\u00a0<\/span><span style=\"font-family: Arial, sans-serif;\"><i>Campaigns and Elections<\/i><\/span><span style=\"font-family: Arial, sans-serif;\">\u00a0a los m\u00e1s destacado de las campa\u00f1as.<\/span><\/div>\n<div><span style=\"font-family: Arial, sans-serif;\">Ese reconocimiento incluye 64 categor\u00edas, entre campa\u00f1as de partidos, electorales, de gobierno, electr\u00f3nicas\u2026 Sobre su importancia basta decir que se le considera el \u00d3scar de la comunicaci\u00f3n pol\u00edtica.<\/span><\/div>\n<div><span style=\"font-family: Arial, sans-serif;\">Pues bien, ese cotizado premio, que este a\u00f1o se entregar\u00e1 en Playa del Carmen, tiene a varios veracruzanos nominados: por ejemplo, en Mejor Campa\u00f1a de Informe de Gobierno, a la de Ram\u00f3n Poo; en Mejor Spot de Campa\u00f1a Gubernamental en Redes, \u201cVeracruz Comienza\u201d, de Pico ADW; en Mejor Jingle Electoral, a PYMA con \u201cA Veracruz ya le toca\u201d, la de Fernando Yunes, cuya campa\u00f1a tambi\u00e9n est\u00e1 nominada en las categor\u00edas de Mejor Campa\u00f1a en Redes Sociales o Web, Mejor Spot Televisivo de hasta 1 Minuto, y\u00a0 Mejor Slogan Electoral.<\/span><\/div>\n<div><span style=\"font-family: Arial, sans-serif;\">Fernando V\u00e1zquez Rigada, un reconocido consultor veracruzano, fue nominado en la categor\u00eda de Estratega Electoral del A\u00f1o.<\/span><\/div>\n<div><span style=\"font-family: Arial, sans-serif;\">PCN, la empresa de V\u00e1zquez Rigada, es muy constante en los Reed Latino: el a\u00f1o pasado se llev\u00f3 los premios al Mejor Estratega Electoral y al Mejor Estratega Electoral de Am\u00e9rica Latina; en tanto que en la edici\u00f3n correspondiente a 2015 recibi\u00f3 el reconocimiento al Consultor del A\u00f1o y al Mejor Spot de Campa\u00f1a Electoral o Gubernamental, adem\u00e1s de haber sido nominado en cinco categor\u00edas.<\/span><\/div>\n","protected":false},"excerpt":{"rendered":"<p>Luis Alberto Romero Hora Cero \u00a0 \u00a0 \u00a0 Mediante un comunicado, la Fiscal\u00eda General del Estado dio a conocer este jueves que el Juez Decimoctavo de Distrito desech\u00f3 la demanda de amparo que present\u00f3 ante dicha instancia el ex gobernador de Veracruz, Fidel Herrera Beltr\u00e1n, a quien la autoridad ubica como Fidel \u201cN\u201d, por el [&hellip;]<\/p>\n","protected":false},"author":2,"featured_media":0,"comment_status":"open","ping_status":"open","sticky":false,"template":"","format":"standard","meta":{"tdm_status":"","tdm_grid_status":"","footnotes":""},"categories":[70],"tags":[9480,410,4116],"class_list":{"0":"post-36627","1":"post","2":"type-post","3":"status-publish","4":"format-standard","6":"category-de-opinion","7":"tag-citatorio","8":"tag-fidel-herrera-beltran","9":"tag-fiscalia-general-del-estado"},"yoast_head":"<!-- This site is optimized with the Yoast SEO plugin v27.4 - https:\/\/yoast.com\/product\/yoast-seo-wordpress\/ -->\n<title>Nuevo citatorio de la Fiscal\u00eda a Fidel \u201cN\u201d - Los pol\u00edticos Veracruz<\/title>\n<meta name=\"robots\" content=\"index, follow, max-snippet:-1, max-image-preview:large, max-video-preview:-1\" \/>\n<link rel=\"canonical\" href=\"https:\/\/lospoliticosveracruz.com\/?p=36627\" \/>\n<meta property=\"og:locale\" content=\"es_ES\" \/>\n<meta property=\"og:type\" content=\"article\" \/>\n<meta property=\"og:title\" content=\"Nuevo citatorio de la Fiscal\u00eda a Fidel \u201cN\u201d - Los pol\u00edticos Veracruz\" \/>\n<meta property=\"og:description\" content=\"Luis Alberto Romero Hora Cero \u00a0 \u00a0 \u00a0 Mediante un comunicado, la Fiscal\u00eda General del Estado dio a conocer este jueves que el Juez Decimoctavo de Distrito desech\u00f3 la demanda de amparo que present\u00f3 ante dicha instancia el ex gobernador de Veracruz, Fidel Herrera Beltr\u00e1n, a quien la autoridad ubica como Fidel \u201cN\u201d, por el [&hellip;]\" \/>\n<meta property=\"og:url\" content=\"https:\/\/lospoliticosveracruz.com\/?p=36627\" \/>\n<meta property=\"og:site_name\" content=\"Los pol\u00edticos Veracruz\" \/>\n<meta property=\"article:publisher\" content=\"https:\/\/www.facebook.com\/people\/Notimemes-de-los-Polticos\/61565672886568\/\" \/>\n<meta property=\"article:published_time\" content=\"2017-09-22T15:51:41+00:00\" \/>\n<meta property=\"article:modified_time\" content=\"2017-09-22T15:52:40+00:00\" \/>\n<meta property=\"og:image\" content=\"https:\/\/lospoliticosveracruz.com\/wp-content\/uploads\/2016\/07\/Logo-Dor.jpg\" \/>\n\t<meta property=\"og:image:width\" content=\"200\" \/>\n\t<meta property=\"og:image:height\" content=\"200\" \/>\n\t<meta property=\"og:image:type\" content=\"image\/jpeg\" \/>\n<meta name=\"author\" content=\"Lo viste en Los Pol\u00edticos\" \/>\n<meta name=\"twitter:card\" content=\"summary_large_image\" \/>\n<meta name=\"twitter:creator\" content=\"@LosPoliticosVer\" \/>\n<meta name=\"twitter:site\" content=\"@LosPoliticosVer\" \/>\n<meta name=\"twitter:label1\" content=\"Escrito por\" \/>\n\t<meta name=\"twitter:data1\" content=\"Lo viste en Los Pol\u00edticos\" \/>\n\t<meta name=\"twitter:label2\" content=\"Tiempo de lectura\" \/>\n\t<meta name=\"twitter:data2\" content=\"3 minutos\" \/>\n<script type=\"application\/ld+json\" class=\"yoast-schema-graph\">{\"@context\":\"https:\\\/\\\/schema.org\",\"@graph\":[{\"@type\":\"Article\",\"@id\":\"https:\\\/\\\/lospoliticosveracruz.com\\\/?p=36627#article\",\"isPartOf\":{\"@id\":\"https:\\\/\\\/lospoliticosveracruz.com\\\/?p=36627\"},\"author\":{\"name\":\"Lo viste en Los Pol\u00edticos\",\"@id\":\"https:\\\/\\\/lospoliticosveracruz.com\\\/#\\\/schema\\\/person\\\/b8702bb0e538456e6efd07080bf2a4a2\"},\"headline\":\"Nuevo citatorio de la Fiscal\u00eda a Fidel \u201cN\u201d\",\"datePublished\":\"2017-09-22T15:51:41+00:00\",\"dateModified\":\"2017-09-22T15:52:40+00:00\",\"mainEntityOfPage\":{\"@id\":\"https:\\\/\\\/lospoliticosveracruz.com\\\/?p=36627\"},\"wordCount\":685,\"commentCount\":0,\"publisher\":{\"@id\":\"https:\\\/\\\/lospoliticosveracruz.com\\\/#organization\"},\"keywords\":[\"Citatorio\",\"Fidel Herrera Beltr\u00e1n\",\"Fiscal\u00eda General del Estado\"],\"articleSection\":[\"De Opini\u00f3n\"],\"inLanguage\":\"es\",\"potentialAction\":[{\"@type\":\"CommentAction\",\"name\":\"Comment\",\"target\":[\"https:\\\/\\\/lospoliticosveracruz.com\\\/?p=36627#respond\"]}]},{\"@type\":\"WebPage\",\"@id\":\"https:\\\/\\\/lospoliticosveracruz.com\\\/?p=36627\",\"url\":\"https:\\\/\\\/lospoliticosveracruz.com\\\/?p=36627\",\"name\":\"Nuevo citatorio de la Fiscal\u00eda a Fidel \u201cN\u201d - Los pol\u00edticos Veracruz\",\"isPartOf\":{\"@id\":\"https:\\\/\\\/lospoliticosveracruz.com\\\/#website\"},\"datePublished\":\"2017-09-22T15:51:41+00:00\",\"dateModified\":\"2017-09-22T15:52:40+00:00\",\"breadcrumb\":{\"@id\":\"https:\\\/\\\/lospoliticosveracruz.com\\\/?p=36627#breadcrumb\"},\"inLanguage\":\"es\",\"potentialAction\":[{\"@type\":\"ReadAction\",\"target\":[\"https:\\\/\\\/lospoliticosveracruz.com\\\/?p=36627\"]}]},{\"@type\":\"BreadcrumbList\",\"@id\":\"https:\\\/\\\/lospoliticosveracruz.com\\\/?p=36627#breadcrumb\",\"itemListElement\":[{\"@type\":\"ListItem\",\"position\":1,\"name\":\"Portada\",\"item\":\"https:\\\/\\\/lospoliticosveracruz.com\\\/\"},{\"@type\":\"ListItem\",\"position\":2,\"name\":\"Nuevo citatorio de la Fiscal\u00eda a Fidel \u201cN\u201d\"}]},{\"@type\":\"WebSite\",\"@id\":\"https:\\\/\\\/lospoliticosveracruz.com\\\/#website\",\"url\":\"https:\\\/\\\/lospoliticosveracruz.com\\\/\",\"name\":\"Los pol\u00edticos Veracruz\",\"description\":\"\",\"publisher\":{\"@id\":\"https:\\\/\\\/lospoliticosveracruz.com\\\/#organization\"},\"potentialAction\":[{\"@type\":\"SearchAction\",\"target\":{\"@type\":\"EntryPoint\",\"urlTemplate\":\"https:\\\/\\\/lospoliticosveracruz.com\\\/?s={search_term_string}\"},\"query-input\":{\"@type\":\"PropertyValueSpecification\",\"valueRequired\":true,\"valueName\":\"search_term_string\"}}],\"inLanguage\":\"es\"},{\"@type\":\"Organization\",\"@id\":\"https:\\\/\\\/lospoliticosveracruz.com\\\/#organization\",\"name\":\"Los pol\u00edticos Veracruz\",\"url\":\"https:\\\/\\\/lospoliticosveracruz.com\\\/\",\"logo\":{\"@type\":\"ImageObject\",\"inLanguage\":\"es\",\"@id\":\"https:\\\/\\\/lospoliticosveracruz.com\\\/#\\\/schema\\\/logo\\\/image\\\/\",\"url\":\"https:\\\/\\\/lospoliticosveracruz.com\\\/wp-content\\\/uploads\\\/2025\\\/12\\\/Logo-Nuevo-LOS-POLITICOS-1.jpg\",\"contentUrl\":\"https:\\\/\\\/lospoliticosveracruz.com\\\/wp-content\\\/uploads\\\/2025\\\/12\\\/Logo-Nuevo-LOS-POLITICOS-1.jpg\",\"width\":260,\"height\":70,\"caption\":\"Los pol\u00edticos Veracruz\"},\"image\":{\"@id\":\"https:\\\/\\\/lospoliticosveracruz.com\\\/#\\\/schema\\\/logo\\\/image\\\/\"},\"sameAs\":[\"https:\\\/\\\/www.facebook.com\\\/people\\\/Notimemes-de-los-Polticos\\\/61565672886568\\\/\",\"https:\\\/\\\/x.com\\\/LosPoliticosVer\"]},{\"@type\":\"Person\",\"@id\":\"https:\\\/\\\/lospoliticosveracruz.com\\\/#\\\/schema\\\/person\\\/b8702bb0e538456e6efd07080bf2a4a2\",\"name\":\"Lo viste en Los Pol\u00edticos\",\"image\":{\"@type\":\"ImageObject\",\"inLanguage\":\"es\",\"@id\":\"https:\\\/\\\/secure.gravatar.com\\\/avatar\\\/3a8de04a2656d44082be478bd6c086daa447c4651605818287b9532d3d0bd435?s=96&d=mm&r=g\",\"url\":\"https:\\\/\\\/secure.gravatar.com\\\/avatar\\\/3a8de04a2656d44082be478bd6c086daa447c4651605818287b9532d3d0bd435?s=96&d=mm&r=g\",\"contentUrl\":\"https:\\\/\\\/secure.gravatar.com\\\/avatar\\\/3a8de04a2656d44082be478bd6c086daa447c4651605818287b9532d3d0bd435?s=96&d=mm&r=g\",\"caption\":\"Lo viste en Los Pol\u00edticos\"},\"url\":\"https:\\\/\\\/lospoliticosveracruz.com\\\/?author=2\"}]}<\/script>\n<!-- \/ Yoast SEO plugin. -->","yoast_head_json":{"title":"Nuevo citatorio de la Fiscal\u00eda a Fidel \u201cN\u201d - Los pol\u00edticos Veracruz","robots":{"index":"index","follow":"follow","max-snippet":"max-snippet:-1","max-image-preview":"max-image-preview:large","max-video-preview":"max-video-preview:-1"},"canonical":"https:\/\/lospoliticosveracruz.com\/?p=36627","og_locale":"es_ES","og_type":"article","og_title":"Nuevo citatorio de la Fiscal\u00eda a Fidel \u201cN\u201d - Los pol\u00edticos Veracruz","og_description":"Luis Alberto Romero Hora Cero \u00a0 \u00a0 \u00a0 Mediante un comunicado, la Fiscal\u00eda General del Estado dio a conocer este jueves que el Juez Decimoctavo de Distrito desech\u00f3 la demanda de amparo que present\u00f3 ante dicha instancia el ex gobernador de Veracruz, Fidel Herrera Beltr\u00e1n, a quien la autoridad ubica como Fidel \u201cN\u201d, por el [&hellip;]","og_url":"https:\/\/lospoliticosveracruz.com\/?p=36627","og_site_name":"Los pol\u00edticos Veracruz","article_publisher":"https:\/\/www.facebook.com\/people\/Notimemes-de-los-Polticos\/61565672886568\/","article_published_time":"2017-09-22T15:51:41+00:00","article_modified_time":"2017-09-22T15:52:40+00:00","og_image":[{"width":200,"height":200,"url":"https:\/\/lospoliticosveracruz.com\/wp-content\/uploads\/2016\/07\/Logo-Dor.jpg","type":"image\/jpeg"}],"author":"Lo viste en Los Pol\u00edticos","twitter_card":"summary_large_image","twitter_creator":"@LosPoliticosVer","twitter_site":"@LosPoliticosVer","twitter_misc":{"Escrito por":"Lo viste en Los Pol\u00edticos","Tiempo de lectura":"3 minutos"},"schema":{"@context":"https:\/\/schema.org","@graph":[{"@type":"Article","@id":"https:\/\/lospoliticosveracruz.com\/?p=36627#article","isPartOf":{"@id":"https:\/\/lospoliticosveracruz.com\/?p=36627"},"author":{"name":"Lo viste en Los Pol\u00edticos","@id":"https:\/\/lospoliticosveracruz.com\/#\/schema\/person\/b8702bb0e538456e6efd07080bf2a4a2"},"headline":"Nuevo citatorio de la Fiscal\u00eda a Fidel \u201cN\u201d","datePublished":"2017-09-22T15:51:41+00:00","dateModified":"2017-09-22T15:52:40+00:00","mainEntityOfPage":{"@id":"https:\/\/lospoliticosveracruz.com\/?p=36627"},"wordCount":685,"commentCount":0,"publisher":{"@id":"https:\/\/lospoliticosveracruz.com\/#organization"},"keywords":["Citatorio","Fidel Herrera Beltr\u00e1n","Fiscal\u00eda General del Estado"],"articleSection":["De Opini\u00f3n"],"inLanguage":"es","potentialAction":[{"@type":"CommentAction","name":"Comment","target":["https:\/\/lospoliticosveracruz.com\/?p=36627#respond"]}]},{"@type":"WebPage","@id":"https:\/\/lospoliticosveracruz.com\/?p=36627","url":"https:\/\/lospoliticosveracruz.com\/?p=36627","name":"Nuevo citatorio de la Fiscal\u00eda a Fidel \u201cN\u201d - Los pol\u00edticos Veracruz","isPartOf":{"@id":"https:\/\/lospoliticosveracruz.com\/#website"},"datePublished":"2017-09-22T15:51:41+00:00","dateModified":"2017-09-22T15:52:40+00:00","breadcrumb":{"@id":"https:\/\/lospoliticosveracruz.com\/?p=36627#breadcrumb"},"inLanguage":"es","potentialAction":[{"@type":"ReadAction","target":["https:\/\/lospoliticosveracruz.com\/?p=36627"]}]},{"@type":"BreadcrumbList","@id":"https:\/\/lospoliticosveracruz.com\/?p=36627#breadcrumb","itemListElement":[{"@type":"ListItem","position":1,"name":"Portada","item":"https:\/\/lospoliticosveracruz.com\/"},{"@type":"ListItem","position":2,"name":"Nuevo citatorio de la Fiscal\u00eda a Fidel \u201cN\u201d"}]},{"@type":"WebSite","@id":"https:\/\/lospoliticosveracruz.com\/#website","url":"https:\/\/lospoliticosveracruz.com\/","name":"Los pol\u00edticos Veracruz","description":"","publisher":{"@id":"https:\/\/lospoliticosveracruz.com\/#organization"},"potentialAction":[{"@type":"SearchAction","target":{"@type":"EntryPoint","urlTemplate":"https:\/\/lospoliticosveracruz.com\/?s={search_term_string}"},"query-input":{"@type":"PropertyValueSpecification","valueRequired":true,"valueName":"search_term_string"}}],"inLanguage":"es"},{"@type":"Organization","@id":"https:\/\/lospoliticosveracruz.com\/#organization","name":"Los pol\u00edticos Veracruz","url":"https:\/\/lospoliticosveracruz.com\/","logo":{"@type":"ImageObject","inLanguage":"es","@id":"https:\/\/lospoliticosveracruz.com\/#\/schema\/logo\/image\/","url":"https:\/\/lospoliticosveracruz.com\/wp-content\/uploads\/2025\/12\/Logo-Nuevo-LOS-POLITICOS-1.jpg","contentUrl":"https:\/\/lospoliticosveracruz.com\/wp-content\/uploads\/2025\/12\/Logo-Nuevo-LOS-POLITICOS-1.jpg","width":260,"height":70,"caption":"Los pol\u00edticos Veracruz"},"image":{"@id":"https:\/\/lospoliticosveracruz.com\/#\/schema\/logo\/image\/"},"sameAs":["https:\/\/www.facebook.com\/people\/Notimemes-de-los-Polticos\/61565672886568\/","https:\/\/x.com\/LosPoliticosVer"]},{"@type":"Person","@id":"https:\/\/lospoliticosveracruz.com\/#\/schema\/person\/b8702bb0e538456e6efd07080bf2a4a2","name":"Lo viste en Los Pol\u00edticos","image":{"@type":"ImageObject","inLanguage":"es","@id":"https:\/\/secure.gravatar.com\/avatar\/3a8de04a2656d44082be478bd6c086daa447c4651605818287b9532d3d0bd435?s=96&d=mm&r=g","url":"https:\/\/secure.gravatar.com\/avatar\/3a8de04a2656d44082be478bd6c086daa447c4651605818287b9532d3d0bd435?s=96&d=mm&r=g","contentUrl":"https:\/\/secure.gravatar.com\/avatar\/3a8de04a2656d44082be478bd6c086daa447c4651605818287b9532d3d0bd435?s=96&d=mm&r=g","caption":"Lo viste en Los Pol\u00edticos"},"url":"https:\/\/lospoliticosveracruz.com\/?author=2"}]}},"_links":{"self":[{"href":"https:\/\/lospoliticosveracruz.com\/index.php?rest_route=\/wp\/v2\/posts\/36627","targetHints":{"allow":["GET"]}}],"collection":[{"href":"https:\/\/lospoliticosveracruz.com\/index.php?rest_route=\/wp\/v2\/posts"}],"about":[{"href":"https:\/\/lospoliticosveracruz.com\/index.php?rest_route=\/wp\/v2\/types\/post"}],"author":[{"embeddable":true,"href":"https:\/\/lospoliticosveracruz.com\/index.php?rest_route=\/wp\/v2\/users\/2"}],"replies":[{"embeddable":true,"href":"https:\/\/lospoliticosveracruz.com\/index.php?rest_route=%2Fwp%2Fv2%2Fcomments&post=36627"}],"version-history":[{"count":1,"href":"https:\/\/lospoliticosveracruz.com\/index.php?rest_route=\/wp\/v2\/posts\/36627\/revisions"}],"predecessor-version":[{"id":36628,"href":"https:\/\/lospoliticosveracruz.com\/index.php?rest_route=\/wp\/v2\/posts\/36627\/revisions\/36628"}],"wp:attachment":[{"href":"https:\/\/lospoliticosveracruz.com\/index.php?rest_route=%2Fwp%2Fv2%2Fmedia&parent=36627"}],"wp:term":[{"taxonomy":"category","embeddable":true,"href":"https:\/\/lospoliticosveracruz.com\/index.php?rest_route=%2Fwp%2Fv2%2Fcategories&post=36627"},{"taxonomy":"post_tag","embeddable":true,"href":"https:\/\/lospoliticosveracruz.com\/index.php?rest_route=%2Fwp%2Fv2%2Ftags&post=36627"}],"curies":[{"name":"wp","href":"https:\/\/api.w.org\/{rel}","templated":true}]}}