{"id":36655,"date":"2017-09-24T09:31:10","date_gmt":"2017-09-24T14:31:10","guid":{"rendered":"http:\/\/www.lospoliticosveracruz.com.mx\/?p=36655"},"modified":"2017-09-24T09:31:10","modified_gmt":"2017-09-24T14:31:10","slug":"solidaridad-desconfianza-e-indiferencia","status":"publish","type":"post","link":"https:\/\/lospoliticosveracruz.com\/?p=36655","title":{"rendered":"Solidaridad, Desconfianza e Indiferencia"},"content":{"rendered":"<p><strong>Elena C\u00f3rdova Molina<\/strong><\/p>\n<p><em>Luna Nueva<\/em><\/p>\n<p>&nbsp;<\/p>\n<p>LA SOLIDARIDAD<\/p>\n<p>\u00a1Pens\u00e9 que quedar\u00eda aqu\u00ed enterrada! Le cont\u00e9 a un amigo m\u00edo que me pregunt\u00f3 c\u00f3mo estaba, minutos despu\u00e9s del sismo del 19 de septiembre.<\/p>\n<p>Recuerdo fielmente que en el sexto piso, dentro del edificio de la Sagarpa, todos los que ah\u00ed laboramos al un\u00edsono rez\u00e1bamos conforme a nuestras creencias religiosas -mientras sent\u00edamos y ve\u00edamos la sacudida del edificio y los cristales- durante y minutos despu\u00e9s mientras que presurosos, pero en orden, desaloj\u00e1bamos el inmueble.<\/p>\n<p>No ten\u00edamos y no hab\u00eda nada m\u00e1s que hacer en los eternos segundos que dur\u00f3 en esta ocasi\u00f3n el s\u00fabito temblor, m\u00e1s que encomendarnos al creador.<\/p>\n<p>La gran iron\u00eda es que minutos ante hab\u00edamos realizado nuestro simulacro de aniversario recordando el sismo del 85. Al igual que yo, miles, millones de personas tuvimos diferentes tipos de pensamientos ante este impredecible y mortal fen\u00f3meno de la naturaleza. Pensamientos que van desde creer morir lejos de nuestro lugar de origen, cu\u00e1nto sufrir\u00e1 nuestra familia; no volverlos a ver nunca m\u00e1s o peor, quedar vivos y conscientes mientras toneladas de concreto nos aplastan hasta el momento de morir.<\/p>\n<p>Segundos despu\u00e9s del desastre, las redes sociales har\u00edan y hacen hasta hoy, lo suyo. Historias incre\u00edblemente ciertas, mentiras verdaderas, cosas que nunca sucedieron y las que s\u00ed sucedieron nadie se dio cuenta de ello\u2026todo eso y m\u00e1s es posible en las plataformas digitales. Apenas unas cuantas horas, ahora ya d\u00edas despu\u00e9s de este terrible acontecimiento es imposible no conmoverse ante la solidaridad de los mexicanos que unidos: mano a mano, hombro a hombro, apoyan, luchan, sufren en carne propia la desgracia ajena. Las l\u00e1grimas se asoman cada vez que vemos una escena donde todos con picos, palas, con cubetas, sacan el escombro de lo que antes fue una casa, un edificio. El alma se nos vuelve fr\u00e1gil como si se fuera a romper, el coraz\u00f3n late fuerte como si se fuera a salir y el cuerpo se afloja todo. S\u00ed. Sufrimos ante la devastaci\u00f3n, pero al mismo tiempo la esperanza y la dignidad de ser unos ciudadanos mexicanos, nos alienta a dar \u00e1nimos, apoyar con alimentos, agua, ropa, lo que sea que sirva.<\/p>\n<p><strong>LA DESCONFIANZA<\/strong><\/p>\n<p>Casi todos queremos ayudar, dar, entregar\u2026 sentimos la necesidad de aportar nuestro peque\u00f1o granito de arena a quienes se quedaron sin nada, sin d\u00f3nde dormir y vivir principalmente, ahora que se quedaron sin techo, sin su patrimonio. Es por eso por lo que no entendemos la naturaleza humana, al ver c\u00f3mo gente sin coraz\u00f3n aprovecha el desastre para saquear las cosas que tanto trabajo cost\u00f3 conseguir a los afectados. No entendemos c\u00f3mo puede existir gente que se aprovecha y pide a nombre de los damnificados. O peor a\u00fan, comercia con las donaciones, las despensas, la ropa, los art\u00edculos que se env\u00edan y se recolectan en nombre de la gente que perdi\u00f3 todo.<\/p>\n<p>Duele, en verdad duele ver en redes, en medios se pida a cada producto, a cada alimento, se le ponga con plum\u00f3n indeleble la leyenda de \u201cDonaci\u00f3n, gratis, no es para su venta\u2026\u201d con frases de \u00e1nimo, de fe y de esperanza al tiempo que se sugiere tapar el c\u00f3digo de barras, pero no la fecha de caducidad en las latas y en los frascos que regalamos. Despu\u00e9s de ver tanto desastre lo que m\u00e1s duele es la desconfianza a la gente de nuestro propio pa\u00eds.<\/p>\n<p>No es justo. No se vale.<\/p>\n<p><strong>LA INDIFERENCIA<\/strong><\/p>\n<p>No son pocos los que incre\u00edblemente no se conmueven ante terrible episodio que a\u00fan no termina. Es dif\u00edcil de creer que muchas autoridades locales, estatales y un poco menos las federales reaccionen si no tarde, s\u00ed lentamente ante el sufrimiento de la gente. Siempre nos puede el que otros pa\u00edses tiendan la mano de inmediato a nuestro pa\u00eds y sean nuestras autoridades quienes a golpe de mensajes en redes sociales se activen y pongan atenci\u00f3n en tal o cual situaci\u00f3n o lugar, donde la gente clama por ayuda o pidiendo. Indigna que se vean estas desgracias como un bot\u00edn pol\u00edtico. No es nada grato ver c\u00f3mo los dirigentes y pol\u00edticos de los distintos partidos pol\u00edticos compiten entre s\u00ed para ver qui\u00e9n dar\u00e1 m\u00e1s de sus prerrogativas y el porqu\u00e9 no puede apoyar m\u00e1s con el dinero p\u00fablico que ser\u00e1 destinado a las elecciones del a\u00f1o venidero 2018; o peor a\u00fan, hacen propuestas lejos de la realidad con el fin de llamar la atenci\u00f3n. Indigna ver c\u00f3mo muchos funcionarios de segundo y tercer nivel empiezan a escatimar o seleccionar los apoyos conforme a sus propios intereses que nada tienen que ver con el dolor humano sino con la ganancia electoral a futuro. Esto es ser ajeno, indiferente ante las verdaderas necesidades que tiene ahorita el pueblo. Esta indiferencia traducida en negligencia es lo que causa tantas confusiones y repartici\u00f3n sin ton ni son de culpas. Tristes casos vemos de errores humanos que est\u00e1n causando m\u00e1s indignaci\u00f3n en la mente de los ciudadanos al grado que muchos piensan condicionar o no votar en las elecciones pr\u00f3ximas.<\/p>\n<p>Casos somo el de la ni\u00f1a Frida ser\u00e1n recordados como una muestra m\u00e1s de la falta de responsabilidad, de la indiferencia ante el dolor humano. No puede haber peor pecado. Son absurdos sismos pol\u00edticos que no tiene sentido ni benefician a nadie, ni a los propios pol\u00edticos que los generan e incuban. Tenemos mucho que hacer a\u00fan\u2026 el s\u00e1bado vuelve a temblar, y con seguridad seguir\u00e1 temblando. Debemos dejar a un lado lo superficial y estar preparados para lo que viene. \u00a1Simplemente ya basta!<\/p>\n","protected":false},"excerpt":{"rendered":"<p>Elena C\u00f3rdova Molina Luna Nueva &nbsp; LA SOLIDARIDAD \u00a1Pens\u00e9 que quedar\u00eda aqu\u00ed enterrada! Le cont\u00e9 a un amigo m\u00edo que me pregunt\u00f3 c\u00f3mo estaba, minutos despu\u00e9s del sismo del 19 de septiembre. Recuerdo fielmente que en el sexto piso, dentro del edificio de la Sagarpa, todos los que ah\u00ed laboramos al un\u00edsono rez\u00e1bamos conforme a [&hellip;]<\/p>\n","protected":false},"author":2,"featured_media":0,"comment_status":"open","ping_status":"open","sticky":false,"template":"","format":"standard","meta":{"tdm_status":"","tdm_grid_status":"","footnotes":""},"categories":[70],"tags":[9567,1961,9584,3877,551,9582,9583,5295],"class_list":{"0":"post-36655","1":"post","2":"type-post","3":"status-publish","4":"format-standard","6":"category-de-opinion","7":"tag-damnificados","8":"tag-desconfianza","9":"tag-donaciones","10":"tag-politicos","11":"tag-redes-sociales","12":"tag-sismo-19-septiembre","13":"tag-sismo-del-85","14":"tag-solidaridad"},"yoast_head":"<!-- This site is optimized with the Yoast SEO plugin v27.4 - https:\/\/yoast.com\/product\/yoast-seo-wordpress\/ -->\n<title>Solidaridad, Desconfianza e Indiferencia - Los pol\u00edticos Veracruz<\/title>\n<meta name=\"robots\" content=\"index, follow, max-snippet:-1, max-image-preview:large, max-video-preview:-1\" \/>\n<link rel=\"canonical\" href=\"https:\/\/lospoliticosveracruz.com\/?p=36655\" \/>\n<meta property=\"og:locale\" content=\"es_ES\" \/>\n<meta property=\"og:type\" content=\"article\" \/>\n<meta property=\"og:title\" content=\"Solidaridad, Desconfianza e Indiferencia - Los pol\u00edticos Veracruz\" \/>\n<meta property=\"og:description\" content=\"Elena C\u00f3rdova Molina Luna Nueva &nbsp; LA SOLIDARIDAD \u00a1Pens\u00e9 que quedar\u00eda aqu\u00ed enterrada! Le cont\u00e9 a un amigo m\u00edo que me pregunt\u00f3 c\u00f3mo estaba, minutos despu\u00e9s del sismo del 19 de septiembre. Recuerdo fielmente que en el sexto piso, dentro del edificio de la Sagarpa, todos los que ah\u00ed laboramos al un\u00edsono rez\u00e1bamos conforme a [&hellip;]\" \/>\n<meta property=\"og:url\" content=\"https:\/\/lospoliticosveracruz.com\/?p=36655\" \/>\n<meta property=\"og:site_name\" content=\"Los pol\u00edticos Veracruz\" \/>\n<meta property=\"article:publisher\" content=\"https:\/\/www.facebook.com\/people\/Notimemes-de-los-Polticos\/61565672886568\/\" \/>\n<meta property=\"article:published_time\" content=\"2017-09-24T14:31:10+00:00\" \/>\n<meta property=\"og:image\" content=\"https:\/\/lospoliticosveracruz.com\/wp-content\/uploads\/2016\/07\/Logo-Dor.jpg\" \/>\n\t<meta property=\"og:image:width\" content=\"200\" \/>\n\t<meta property=\"og:image:height\" content=\"200\" \/>\n\t<meta property=\"og:image:type\" content=\"image\/jpeg\" \/>\n<meta name=\"author\" content=\"Lo viste en Los Pol\u00edticos\" \/>\n<meta name=\"twitter:card\" content=\"summary_large_image\" \/>\n<meta name=\"twitter:creator\" content=\"@LosPoliticosVer\" \/>\n<meta name=\"twitter:site\" content=\"@LosPoliticosVer\" \/>\n<meta name=\"twitter:label1\" content=\"Escrito por\" \/>\n\t<meta name=\"twitter:data1\" content=\"Lo viste en Los Pol\u00edticos\" \/>\n\t<meta name=\"twitter:label2\" content=\"Tiempo de lectura\" \/>\n\t<meta name=\"twitter:data2\" content=\"5 minutos\" \/>\n<script type=\"application\/ld+json\" class=\"yoast-schema-graph\">{\"@context\":\"https:\\\/\\\/schema.org\",\"@graph\":[{\"@type\":\"Article\",\"@id\":\"https:\\\/\\\/lospoliticosveracruz.com\\\/?p=36655#article\",\"isPartOf\":{\"@id\":\"https:\\\/\\\/lospoliticosveracruz.com\\\/?p=36655\"},\"author\":{\"name\":\"Lo viste en Los Pol\u00edticos\",\"@id\":\"https:\\\/\\\/lospoliticosveracruz.com\\\/#\\\/schema\\\/person\\\/b8702bb0e538456e6efd07080bf2a4a2\"},\"headline\":\"Solidaridad, Desconfianza e Indiferencia\",\"datePublished\":\"2017-09-24T14:31:10+00:00\",\"mainEntityOfPage\":{\"@id\":\"https:\\\/\\\/lospoliticosveracruz.com\\\/?p=36655\"},\"wordCount\":996,\"commentCount\":0,\"publisher\":{\"@id\":\"https:\\\/\\\/lospoliticosveracruz.com\\\/#organization\"},\"keywords\":[\"damnificados\",\"desconfianza\",\"donaciones\",\"pol\u00edticos\",\"redes sociales\",\"Sismo 19 Septiembre\",\"Sismo del 85\",\"Solidaridad\"],\"articleSection\":[\"De Opini\u00f3n\"],\"inLanguage\":\"es\",\"potentialAction\":[{\"@type\":\"CommentAction\",\"name\":\"Comment\",\"target\":[\"https:\\\/\\\/lospoliticosveracruz.com\\\/?p=36655#respond\"]}]},{\"@type\":\"WebPage\",\"@id\":\"https:\\\/\\\/lospoliticosveracruz.com\\\/?p=36655\",\"url\":\"https:\\\/\\\/lospoliticosveracruz.com\\\/?p=36655\",\"name\":\"Solidaridad, Desconfianza e Indiferencia - Los pol\u00edticos Veracruz\",\"isPartOf\":{\"@id\":\"https:\\\/\\\/lospoliticosveracruz.com\\\/#website\"},\"datePublished\":\"2017-09-24T14:31:10+00:00\",\"breadcrumb\":{\"@id\":\"https:\\\/\\\/lospoliticosveracruz.com\\\/?p=36655#breadcrumb\"},\"inLanguage\":\"es\",\"potentialAction\":[{\"@type\":\"ReadAction\",\"target\":[\"https:\\\/\\\/lospoliticosveracruz.com\\\/?p=36655\"]}]},{\"@type\":\"BreadcrumbList\",\"@id\":\"https:\\\/\\\/lospoliticosveracruz.com\\\/?p=36655#breadcrumb\",\"itemListElement\":[{\"@type\":\"ListItem\",\"position\":1,\"name\":\"Portada\",\"item\":\"https:\\\/\\\/lospoliticosveracruz.com\\\/\"},{\"@type\":\"ListItem\",\"position\":2,\"name\":\"Solidaridad, Desconfianza e Indiferencia\"}]},{\"@type\":\"WebSite\",\"@id\":\"https:\\\/\\\/lospoliticosveracruz.com\\\/#website\",\"url\":\"https:\\\/\\\/lospoliticosveracruz.com\\\/\",\"name\":\"Los pol\u00edticos Veracruz\",\"description\":\"\",\"publisher\":{\"@id\":\"https:\\\/\\\/lospoliticosveracruz.com\\\/#organization\"},\"potentialAction\":[{\"@type\":\"SearchAction\",\"target\":{\"@type\":\"EntryPoint\",\"urlTemplate\":\"https:\\\/\\\/lospoliticosveracruz.com\\\/?s={search_term_string}\"},\"query-input\":{\"@type\":\"PropertyValueSpecification\",\"valueRequired\":true,\"valueName\":\"search_term_string\"}}],\"inLanguage\":\"es\"},{\"@type\":\"Organization\",\"@id\":\"https:\\\/\\\/lospoliticosveracruz.com\\\/#organization\",\"name\":\"Los pol\u00edticos Veracruz\",\"url\":\"https:\\\/\\\/lospoliticosveracruz.com\\\/\",\"logo\":{\"@type\":\"ImageObject\",\"inLanguage\":\"es\",\"@id\":\"https:\\\/\\\/lospoliticosveracruz.com\\\/#\\\/schema\\\/logo\\\/image\\\/\",\"url\":\"https:\\\/\\\/lospoliticosveracruz.com\\\/wp-content\\\/uploads\\\/2025\\\/12\\\/Logo-Nuevo-LOS-POLITICOS-1.jpg\",\"contentUrl\":\"https:\\\/\\\/lospoliticosveracruz.com\\\/wp-content\\\/uploads\\\/2025\\\/12\\\/Logo-Nuevo-LOS-POLITICOS-1.jpg\",\"width\":260,\"height\":70,\"caption\":\"Los pol\u00edticos Veracruz\"},\"image\":{\"@id\":\"https:\\\/\\\/lospoliticosveracruz.com\\\/#\\\/schema\\\/logo\\\/image\\\/\"},\"sameAs\":[\"https:\\\/\\\/www.facebook.com\\\/people\\\/Notimemes-de-los-Polticos\\\/61565672886568\\\/\",\"https:\\\/\\\/x.com\\\/LosPoliticosVer\"]},{\"@type\":\"Person\",\"@id\":\"https:\\\/\\\/lospoliticosveracruz.com\\\/#\\\/schema\\\/person\\\/b8702bb0e538456e6efd07080bf2a4a2\",\"name\":\"Lo viste en Los Pol\u00edticos\",\"image\":{\"@type\":\"ImageObject\",\"inLanguage\":\"es\",\"@id\":\"https:\\\/\\\/secure.gravatar.com\\\/avatar\\\/3a8de04a2656d44082be478bd6c086daa447c4651605818287b9532d3d0bd435?s=96&d=mm&r=g\",\"url\":\"https:\\\/\\\/secure.gravatar.com\\\/avatar\\\/3a8de04a2656d44082be478bd6c086daa447c4651605818287b9532d3d0bd435?s=96&d=mm&r=g\",\"contentUrl\":\"https:\\\/\\\/secure.gravatar.com\\\/avatar\\\/3a8de04a2656d44082be478bd6c086daa447c4651605818287b9532d3d0bd435?s=96&d=mm&r=g\",\"caption\":\"Lo viste en Los Pol\u00edticos\"},\"url\":\"https:\\\/\\\/lospoliticosveracruz.com\\\/?author=2\"}]}<\/script>\n<!-- \/ Yoast SEO plugin. -->","yoast_head_json":{"title":"Solidaridad, Desconfianza e Indiferencia - Los pol\u00edticos Veracruz","robots":{"index":"index","follow":"follow","max-snippet":"max-snippet:-1","max-image-preview":"max-image-preview:large","max-video-preview":"max-video-preview:-1"},"canonical":"https:\/\/lospoliticosveracruz.com\/?p=36655","og_locale":"es_ES","og_type":"article","og_title":"Solidaridad, Desconfianza e Indiferencia - Los pol\u00edticos Veracruz","og_description":"Elena C\u00f3rdova Molina Luna Nueva &nbsp; LA SOLIDARIDAD \u00a1Pens\u00e9 que quedar\u00eda aqu\u00ed enterrada! Le cont\u00e9 a un amigo m\u00edo que me pregunt\u00f3 c\u00f3mo estaba, minutos despu\u00e9s del sismo del 19 de septiembre. Recuerdo fielmente que en el sexto piso, dentro del edificio de la Sagarpa, todos los que ah\u00ed laboramos al un\u00edsono rez\u00e1bamos conforme a [&hellip;]","og_url":"https:\/\/lospoliticosveracruz.com\/?p=36655","og_site_name":"Los pol\u00edticos Veracruz","article_publisher":"https:\/\/www.facebook.com\/people\/Notimemes-de-los-Polticos\/61565672886568\/","article_published_time":"2017-09-24T14:31:10+00:00","og_image":[{"width":200,"height":200,"url":"https:\/\/lospoliticosveracruz.com\/wp-content\/uploads\/2016\/07\/Logo-Dor.jpg","type":"image\/jpeg"}],"author":"Lo viste en Los Pol\u00edticos","twitter_card":"summary_large_image","twitter_creator":"@LosPoliticosVer","twitter_site":"@LosPoliticosVer","twitter_misc":{"Escrito por":"Lo viste en Los Pol\u00edticos","Tiempo de lectura":"5 minutos"},"schema":{"@context":"https:\/\/schema.org","@graph":[{"@type":"Article","@id":"https:\/\/lospoliticosveracruz.com\/?p=36655#article","isPartOf":{"@id":"https:\/\/lospoliticosveracruz.com\/?p=36655"},"author":{"name":"Lo viste en Los Pol\u00edticos","@id":"https:\/\/lospoliticosveracruz.com\/#\/schema\/person\/b8702bb0e538456e6efd07080bf2a4a2"},"headline":"Solidaridad, Desconfianza e Indiferencia","datePublished":"2017-09-24T14:31:10+00:00","mainEntityOfPage":{"@id":"https:\/\/lospoliticosveracruz.com\/?p=36655"},"wordCount":996,"commentCount":0,"publisher":{"@id":"https:\/\/lospoliticosveracruz.com\/#organization"},"keywords":["damnificados","desconfianza","donaciones","pol\u00edticos","redes sociales","Sismo 19 Septiembre","Sismo del 85","Solidaridad"],"articleSection":["De Opini\u00f3n"],"inLanguage":"es","potentialAction":[{"@type":"CommentAction","name":"Comment","target":["https:\/\/lospoliticosveracruz.com\/?p=36655#respond"]}]},{"@type":"WebPage","@id":"https:\/\/lospoliticosveracruz.com\/?p=36655","url":"https:\/\/lospoliticosveracruz.com\/?p=36655","name":"Solidaridad, Desconfianza e Indiferencia - Los pol\u00edticos Veracruz","isPartOf":{"@id":"https:\/\/lospoliticosveracruz.com\/#website"},"datePublished":"2017-09-24T14:31:10+00:00","breadcrumb":{"@id":"https:\/\/lospoliticosveracruz.com\/?p=36655#breadcrumb"},"inLanguage":"es","potentialAction":[{"@type":"ReadAction","target":["https:\/\/lospoliticosveracruz.com\/?p=36655"]}]},{"@type":"BreadcrumbList","@id":"https:\/\/lospoliticosveracruz.com\/?p=36655#breadcrumb","itemListElement":[{"@type":"ListItem","position":1,"name":"Portada","item":"https:\/\/lospoliticosveracruz.com\/"},{"@type":"ListItem","position":2,"name":"Solidaridad, Desconfianza e Indiferencia"}]},{"@type":"WebSite","@id":"https:\/\/lospoliticosveracruz.com\/#website","url":"https:\/\/lospoliticosveracruz.com\/","name":"Los pol\u00edticos Veracruz","description":"","publisher":{"@id":"https:\/\/lospoliticosveracruz.com\/#organization"},"potentialAction":[{"@type":"SearchAction","target":{"@type":"EntryPoint","urlTemplate":"https:\/\/lospoliticosveracruz.com\/?s={search_term_string}"},"query-input":{"@type":"PropertyValueSpecification","valueRequired":true,"valueName":"search_term_string"}}],"inLanguage":"es"},{"@type":"Organization","@id":"https:\/\/lospoliticosveracruz.com\/#organization","name":"Los pol\u00edticos Veracruz","url":"https:\/\/lospoliticosveracruz.com\/","logo":{"@type":"ImageObject","inLanguage":"es","@id":"https:\/\/lospoliticosveracruz.com\/#\/schema\/logo\/image\/","url":"https:\/\/lospoliticosveracruz.com\/wp-content\/uploads\/2025\/12\/Logo-Nuevo-LOS-POLITICOS-1.jpg","contentUrl":"https:\/\/lospoliticosveracruz.com\/wp-content\/uploads\/2025\/12\/Logo-Nuevo-LOS-POLITICOS-1.jpg","width":260,"height":70,"caption":"Los pol\u00edticos Veracruz"},"image":{"@id":"https:\/\/lospoliticosveracruz.com\/#\/schema\/logo\/image\/"},"sameAs":["https:\/\/www.facebook.com\/people\/Notimemes-de-los-Polticos\/61565672886568\/","https:\/\/x.com\/LosPoliticosVer"]},{"@type":"Person","@id":"https:\/\/lospoliticosveracruz.com\/#\/schema\/person\/b8702bb0e538456e6efd07080bf2a4a2","name":"Lo viste en Los Pol\u00edticos","image":{"@type":"ImageObject","inLanguage":"es","@id":"https:\/\/secure.gravatar.com\/avatar\/3a8de04a2656d44082be478bd6c086daa447c4651605818287b9532d3d0bd435?s=96&d=mm&r=g","url":"https:\/\/secure.gravatar.com\/avatar\/3a8de04a2656d44082be478bd6c086daa447c4651605818287b9532d3d0bd435?s=96&d=mm&r=g","contentUrl":"https:\/\/secure.gravatar.com\/avatar\/3a8de04a2656d44082be478bd6c086daa447c4651605818287b9532d3d0bd435?s=96&d=mm&r=g","caption":"Lo viste en Los Pol\u00edticos"},"url":"https:\/\/lospoliticosveracruz.com\/?author=2"}]}},"_links":{"self":[{"href":"https:\/\/lospoliticosveracruz.com\/index.php?rest_route=\/wp\/v2\/posts\/36655","targetHints":{"allow":["GET"]}}],"collection":[{"href":"https:\/\/lospoliticosveracruz.com\/index.php?rest_route=\/wp\/v2\/posts"}],"about":[{"href":"https:\/\/lospoliticosveracruz.com\/index.php?rest_route=\/wp\/v2\/types\/post"}],"author":[{"embeddable":true,"href":"https:\/\/lospoliticosveracruz.com\/index.php?rest_route=\/wp\/v2\/users\/2"}],"replies":[{"embeddable":true,"href":"https:\/\/lospoliticosveracruz.com\/index.php?rest_route=%2Fwp%2Fv2%2Fcomments&post=36655"}],"version-history":[{"count":1,"href":"https:\/\/lospoliticosveracruz.com\/index.php?rest_route=\/wp\/v2\/posts\/36655\/revisions"}],"predecessor-version":[{"id":36656,"href":"https:\/\/lospoliticosveracruz.com\/index.php?rest_route=\/wp\/v2\/posts\/36655\/revisions\/36656"}],"wp:attachment":[{"href":"https:\/\/lospoliticosveracruz.com\/index.php?rest_route=%2Fwp%2Fv2%2Fmedia&parent=36655"}],"wp:term":[{"taxonomy":"category","embeddable":true,"href":"https:\/\/lospoliticosveracruz.com\/index.php?rest_route=%2Fwp%2Fv2%2Fcategories&post=36655"},{"taxonomy":"post_tag","embeddable":true,"href":"https:\/\/lospoliticosveracruz.com\/index.php?rest_route=%2Fwp%2Fv2%2Ftags&post=36655"}],"curies":[{"name":"wp","href":"https:\/\/api.w.org\/{rel}","templated":true}]}}