{"id":36674,"date":"2017-09-24T23:06:38","date_gmt":"2017-09-25T04:06:38","guid":{"rendered":"http:\/\/www.lospoliticosveracruz.com.mx\/?p=36674"},"modified":"2017-09-25T13:58:51","modified_gmt":"2017-09-25T18:58:51","slug":"replicas-y-alarmas-caseras","status":"publish","type":"post","link":"https:\/\/lospoliticosveracruz.com\/?p=36674","title":{"rendered":"R\u00e9plicas y alarmas caseras"},"content":{"rendered":"<p><em>Foto: El diputado Marco Antonio Aguilar Yunes cooperando con alumnos de la Universidad \u00abEuro\u00bb que boteaban para damnificados del temblor.<\/em><\/p>\n<p>&nbsp;<\/p>\n<p style=\"text-align: left;\"><strong>Salvador Mu\u00f1oz<\/strong><\/p>\n<p><em>Los Pol\u00edticos<\/em><\/p>\n<p>&nbsp;<\/p>\n<p>&nbsp;<\/p>\n<p>El sismo que sacudi\u00f3 a M\u00e9xico, no s\u00f3lo evidenci\u00f3 la poca ma&#8230;teria gris de ese director de Hospital en Coatepec que tuvo la ocurrencia de poner candado a la puerta de emergencia de dicho nosocomio, convirtiendo en una trampa sin salida esta medida de protecci\u00f3n civil durante el terremoto del 19, que por fortuna, al menos en esta zona, no tuvo consecuencias que lamentar; el temblor igual mostr\u00f3 que no estamos preparados para estos fen\u00f3menos que al menos en Xalapa, se van sintiendo cada vez m\u00e1s fuertes. El mejor ejemplo de nuestra nula capacidad de respuesta es la Direcci\u00f3n General de Bachilleratos, ubicada en el centro de la ciudad, en el Pasaje Revoluci\u00f3n, \u00a1tercer piso! \u00bfpor qu\u00e9? Su \u00fanico acceso, unas escaleras, igual se convierte en la \u00fanica salida pues no cuenta con medidas de Protecci\u00f3n Civil y si as\u00ed est\u00e1 este edificio, imaginen c\u00f3mo estar\u00e1n otros m\u00e1s&#8230; \u00bfde ello ya habr\u00e1n tomado medidas tanto Protecci\u00f3n Civil municipal como estatal?<\/p>\n<p>II<\/p>\n<p>Cuenta el diputado federal Marco Antonio Aguilar Yunes \u00abMr. Incre\u00edble\u00bb, que para la pr\u00f3xima sesi\u00f3n legislativa se tiene programado como sede alterna el Centro Banamex, porque debido al temblor, solicitaron una revisi\u00f3n exhaustiva al Palacio de San L\u00e1zaro, porque asegura que al menos, el \u00e1rea donde se encuentra C\u00e9sar Camacho Quiroz y otros legisladores del PRI, est\u00e1 muy deteriorada.<\/p>\n<p>Le pregunto qu\u00e9 pasar\u00e1 si la voz popular les pide que de todos modos sesionen ah\u00ed. La broma lo agarra desprevenido, pero su respuesta mata mi comentario:<\/p>\n<p>En el recinto legislativo hay cuatro mil 500 empleados y cuando hay labores propias del Congreso de la Uni\u00f3n, hay un flujo de siete mil personas; han llegado a contabilizar a 10 mil sumando a los que se acercan al recinto por diversas cuestiones que van desde solicitudes, visita, tr\u00e1mites, etc\u00e9tera.<\/p>\n<p>III<\/p>\n<p>La an\u00e9cdota: Por cierto, el pasado 19 de septiembre, cuando se hizo el simulacro, el diputado por C\u00f3rdoba sali\u00f3 tranquilo a la puerta de emergencia, lo que ya no pudo hacer cuando se dio el temblor, porque estaba fuera de su lugar, atendiendo a dos diputadas en las oficinas de alguna de ella y all\u00ed, dijeran, no conoc\u00eda el \u00abcaminito\u00bb para salir lo m\u00e1s pronto posible de San L\u00e1zaro&#8230; y aplic\u00f3 la de \u00abS\u00ed corro, s\u00ed grito, s\u00ed empujo\u00bb&#8230; el miedo es el miedo.<\/p>\n<p>Parece chiste pero no lo es. En la Ciudad de M\u00e9xico los simulacros se hacen tan exactos que no dan oportunidad para tomar en cuenta lo imprevisible, como ocurri\u00f3 al diputado Aguilar Yunes, quien al estar fuera del supuesto, no supo qu\u00e9 hacer.<\/p>\n<p>IV<\/p>\n<p>A m\u00ed no me crean, pero dicen que en el Protocolo de Protecci\u00f3n Civil de la secretar\u00eda de Finanzas, est\u00e1 que ante un suceso, como es un temblor, los primeros pisos deben esperar que el personal del quinto piso desaloje antes; despu\u00e9s, el cuarto; luego, el tercero y as\u00ed sucesivamente, cuando la l\u00f3gica te dice que es m\u00e1s f\u00e1cil haci\u00e9ndolo a la inversa.<\/p>\n<p>Lo m\u00e1s que encontramos al respecto, en la Gu\u00eda Pr\u00e1ctica de Simulacros de Evacuaci\u00f3n en Inmuebles del Cenapred, en su apartado de \u201cNormas de tr\u00e1nsito para la evacuaci\u00f3n\u201d, dice que hay que estimar el lapso necesario de cada piso o \u00e1rea para abandonar el edificio y el orden de realizaci\u00f3n del proceso de salida (asunto que ha de resolver cada Jefe de Piso o Jefe de Brigada del inmueble en cuesti\u00f3n); \u201csi se carece de ello, las escaleras o salidas de emergencia se pueden saturar o congestionar, e impedir la fluidez de tr\u00e1nsito de las personas y generar caos\u201d.<\/p>\n<p>Ahora que si hay dudas, lo recomendable, no s\u00f3lo al personal de Finanzas sino de cualquier otro edificio, es que soliciten a la Unidad Interna de Proteccio\u0301n Civil de su lugar de trabajo la pra\u0301ctica de simulacros o que \u00e9stas est\u00e9n pegadas en lugares visibles o de plano, se repartan folletos.<\/p>\n<p>V<\/p>\n<p>En M\u00e9xico, me cuenta un familiar, esto apenas empieza\u2026 muchos edificios que se presum\u00edan como nuevos, colapsaron, cayeron, o est\u00e1n en p\u00e9simas condiciones, que no es otra cosa que el uso de material inadecuado, el no seguir los lineamientos que desde el 85 surgieron para edificaci\u00f3n de inmuebles, o simplemente corrupci\u00f3n.<\/p>\n<p>Y a\u00fan hay m\u00e1s. A la tragedia de quienes perdieron su patrimonio, est\u00e1 la tragedia de quienes pueden perderlo ahora, porque el dictamen de Seguridad Estructural est\u00e1 arrojando la demolici\u00f3n de varios inmuebles, entre ellos una plaza comercial (Galer\u00edas Coapa, de reciente construcci\u00f3n), as\u00ed como de edificios viviend\u00edsticos\u2026 aqu\u00e9llos que cuentan con seguro, pueden tener algo de sosiego, pero los que no, vivir\u00e1n ahora bajo el techo de la incertidumbre. Los que rentaban un \u201cdepa\u201d, es seguro que ya empezaron a buscar otro lugar\u2026 pero hay algo m\u00e1s grave\u2026<\/p>\n<p>Este familiar me cuenta que muchos amigos, due\u00f1os de departamentos, le han enviado fotos de las condiciones en que no s\u00f3lo est\u00e1 su vivienda, sino el edificio. Su temor, es que si reportan ello, les ordenen desalojar y quedarse sin hogar\u2026 por eso han decidido no avisar a las autoridades de las condiciones de su edificio, y con una \u201csantiguada\u201d esperan el pr\u00f3ximo temblor.<\/p>\n<p>VI<\/p>\n<p>Hasta el momento, lo que m\u00e1s se ha dado a conocer por parte de Protecci\u00f3n Civil, tanto estatal como municipal, es la revisi\u00f3n de los planteles escolares. Ac\u00e1, donde vivo, nadie ha venido. Los propios vecinos hemos revisado el edificio\u2026 al menos en el m\u00edo, en mi depa, ni una cuarteadura, no as\u00ed otros edificios de los cuales, ya hab\u00eda un reporte de sus malas condiciones, no provocadas por temblores, sino por la acci\u00f3n del hombre en algunos\u2026 en otros, desconozco el porqu\u00e9.<\/p>\n<p>Lo que s\u00ed s\u00e9 es que los \u00faltimos temblores han sido m\u00e1s fuertes, poco usuales en Xalapa, al menos en los casi 30 a\u00f1os que tengo de vivir en ella. En casa tenemos nuestra propia alerta s\u00edsmica. La cantinita donde descansan unas copas colgadas bocabajo, nos han dicho la intensidad del sismo con su incesante tintineo, pero me queda algo claro, creo que habr\u00e1 un momento en que nuestras autoridades piensen en qu\u00e9 tan importante puede ser colocar alertas s\u00edsmicas, como las de la Ciudad de M\u00e9xico, porque llevarme la cantinita a la rec\u00e1mara para esperar a que se active \u201cmi alarma casera\u201d, \u00a1va a estar cabr\u00f3n!<\/p>\n<figure id=\"attachment_36671\" aria-describedby=\"caption-attachment-36671\" style=\"width: 1024px\" class=\"wp-caption aligncenter\"><a href=\"http:\/\/www.lospoliticosveracruz.com.mx\/wp-content\/uploads\/2017\/09\/Renato-Alarc\u00f3n.jpeg\"><img loading=\"lazy\" decoding=\"async\" class=\"size-full wp-image-36671\" src=\"http:\/\/www.lospoliticosveracruz.com.mx\/wp-content\/uploads\/2017\/09\/Renato-Alarc\u00f3n.jpeg\" alt=\"Renato Alarc\u00f3n igual le entr\u00f3 a la &quot;coperacha&quot;\" width=\"1024\" height=\"768\" \/><\/a><figcaption id=\"caption-attachment-36671\" class=\"wp-caption-text\">Renato Alarc\u00f3n igual le entr\u00f3 a la \u00abcoperacha\u00bb<\/figcaption><\/figure>\n<p>smcainito@gmail.com<\/p>\n","protected":false},"excerpt":{"rendered":"<p>Foto: El diputado Marco Antonio Aguilar Yunes cooperando con alumnos de la Universidad \u00abEuro\u00bb que boteaban para damnificados del temblor. &nbsp; Salvador Mu\u00f1oz Los Pol\u00edticos &nbsp; &nbsp; El sismo que sacudi\u00f3 a M\u00e9xico, no s\u00f3lo evidenci\u00f3 la poca ma&#8230;teria gris de ese director de Hospital en Coatepec que tuvo la ocurrencia de poner candado a [&hellip;]<\/p>\n","protected":false},"author":2,"featured_media":0,"comment_status":"open","ping_status":"open","sticky":false,"template":"","format":"standard","meta":{"tdm_status":"","tdm_grid_status":"","footnotes":""},"categories":[70],"tags":[9599,9598,1391,640,9431],"class_list":{"0":"post-36674","1":"post","2":"type-post","3":"status-publish","4":"format-standard","6":"category-de-opinion","7":"tag-direccion-general-de-bachillerato","8":"tag-hospital-coatepec","9":"tag-marco-antonio-aguilar-yunes","10":"tag-sefiplan","11":"tag-sismo"},"yoast_head":"<!-- This site is optimized with the Yoast SEO plugin v27.4 - https:\/\/yoast.com\/product\/yoast-seo-wordpress\/ -->\n<title>R\u00e9plicas y alarmas caseras - Los pol\u00edticos Veracruz<\/title>\n<meta name=\"robots\" content=\"index, follow, max-snippet:-1, max-image-preview:large, max-video-preview:-1\" \/>\n<link rel=\"canonical\" href=\"https:\/\/lospoliticosveracruz.com\/?p=36674\" \/>\n<meta property=\"og:locale\" content=\"es_ES\" \/>\n<meta property=\"og:type\" content=\"article\" \/>\n<meta property=\"og:title\" content=\"R\u00e9plicas y alarmas caseras - Los pol\u00edticos Veracruz\" \/>\n<meta property=\"og:description\" content=\"Foto: El diputado Marco Antonio Aguilar Yunes cooperando con alumnos de la Universidad \u00abEuro\u00bb que boteaban para damnificados del temblor. &nbsp; Salvador Mu\u00f1oz Los Pol\u00edticos &nbsp; &nbsp; El sismo que sacudi\u00f3 a M\u00e9xico, no s\u00f3lo evidenci\u00f3 la poca ma&#8230;teria gris de ese director de Hospital en Coatepec que tuvo la ocurrencia de poner candado a [&hellip;]\" \/>\n<meta property=\"og:url\" content=\"https:\/\/lospoliticosveracruz.com\/?p=36674\" \/>\n<meta property=\"og:site_name\" content=\"Los pol\u00edticos Veracruz\" \/>\n<meta property=\"article:publisher\" content=\"https:\/\/www.facebook.com\/people\/Notimemes-de-los-Polticos\/61565672886568\/\" \/>\n<meta property=\"article:published_time\" content=\"2017-09-25T04:06:38+00:00\" \/>\n<meta property=\"article:modified_time\" content=\"2017-09-25T18:58:51+00:00\" \/>\n<meta property=\"og:image\" content=\"https:\/\/lospoliticosveracruz.com\/wp-content\/uploads\/2016\/07\/Logo-Dor.jpg\" \/>\n\t<meta property=\"og:image:width\" content=\"200\" \/>\n\t<meta property=\"og:image:height\" content=\"200\" \/>\n\t<meta property=\"og:image:type\" content=\"image\/jpeg\" \/>\n<meta name=\"author\" content=\"Lo viste en Los Pol\u00edticos\" \/>\n<meta name=\"twitter:card\" content=\"summary_large_image\" \/>\n<meta name=\"twitter:creator\" content=\"@LosPoliticosVer\" \/>\n<meta name=\"twitter:site\" content=\"@LosPoliticosVer\" \/>\n<meta name=\"twitter:label1\" content=\"Escrito por\" \/>\n\t<meta name=\"twitter:data1\" content=\"Lo viste en Los Pol\u00edticos\" \/>\n\t<meta name=\"twitter:label2\" content=\"Tiempo de lectura\" \/>\n\t<meta name=\"twitter:data2\" content=\"6 minutos\" \/>\n<script type=\"application\/ld+json\" class=\"yoast-schema-graph\">{\"@context\":\"https:\\\/\\\/schema.org\",\"@graph\":[{\"@type\":\"Article\",\"@id\":\"https:\\\/\\\/lospoliticosveracruz.com\\\/?p=36674#article\",\"isPartOf\":{\"@id\":\"https:\\\/\\\/lospoliticosveracruz.com\\\/?p=36674\"},\"author\":{\"name\":\"Lo viste en Los Pol\u00edticos\",\"@id\":\"https:\\\/\\\/lospoliticosveracruz.com\\\/#\\\/schema\\\/person\\\/b8702bb0e538456e6efd07080bf2a4a2\"},\"headline\":\"R\u00e9plicas y alarmas caseras\",\"datePublished\":\"2017-09-25T04:06:38+00:00\",\"dateModified\":\"2017-09-25T18:58:51+00:00\",\"mainEntityOfPage\":{\"@id\":\"https:\\\/\\\/lospoliticosveracruz.com\\\/?p=36674\"},\"wordCount\":1163,\"commentCount\":0,\"publisher\":{\"@id\":\"https:\\\/\\\/lospoliticosveracruz.com\\\/#organization\"},\"keywords\":[\"Direcci\u00f3n General de Bachillerato\",\"Hospital Coatepec\",\"Marco Antonio Aguilar Yunes\",\"Sefiplan\",\"Sismo\"],\"articleSection\":[\"De Opini\u00f3n\"],\"inLanguage\":\"es\",\"potentialAction\":[{\"@type\":\"CommentAction\",\"name\":\"Comment\",\"target\":[\"https:\\\/\\\/lospoliticosveracruz.com\\\/?p=36674#respond\"]}]},{\"@type\":\"WebPage\",\"@id\":\"https:\\\/\\\/lospoliticosveracruz.com\\\/?p=36674\",\"url\":\"https:\\\/\\\/lospoliticosveracruz.com\\\/?p=36674\",\"name\":\"R\u00e9plicas y alarmas caseras - Los pol\u00edticos Veracruz\",\"isPartOf\":{\"@id\":\"https:\\\/\\\/lospoliticosveracruz.com\\\/#website\"},\"datePublished\":\"2017-09-25T04:06:38+00:00\",\"dateModified\":\"2017-09-25T18:58:51+00:00\",\"breadcrumb\":{\"@id\":\"https:\\\/\\\/lospoliticosveracruz.com\\\/?p=36674#breadcrumb\"},\"inLanguage\":\"es\",\"potentialAction\":[{\"@type\":\"ReadAction\",\"target\":[\"https:\\\/\\\/lospoliticosveracruz.com\\\/?p=36674\"]}]},{\"@type\":\"BreadcrumbList\",\"@id\":\"https:\\\/\\\/lospoliticosveracruz.com\\\/?p=36674#breadcrumb\",\"itemListElement\":[{\"@type\":\"ListItem\",\"position\":1,\"name\":\"Portada\",\"item\":\"https:\\\/\\\/lospoliticosveracruz.com\\\/\"},{\"@type\":\"ListItem\",\"position\":2,\"name\":\"R\u00e9plicas y alarmas caseras\"}]},{\"@type\":\"WebSite\",\"@id\":\"https:\\\/\\\/lospoliticosveracruz.com\\\/#website\",\"url\":\"https:\\\/\\\/lospoliticosveracruz.com\\\/\",\"name\":\"Los pol\u00edticos Veracruz\",\"description\":\"\",\"publisher\":{\"@id\":\"https:\\\/\\\/lospoliticosveracruz.com\\\/#organization\"},\"potentialAction\":[{\"@type\":\"SearchAction\",\"target\":{\"@type\":\"EntryPoint\",\"urlTemplate\":\"https:\\\/\\\/lospoliticosveracruz.com\\\/?s={search_term_string}\"},\"query-input\":{\"@type\":\"PropertyValueSpecification\",\"valueRequired\":true,\"valueName\":\"search_term_string\"}}],\"inLanguage\":\"es\"},{\"@type\":\"Organization\",\"@id\":\"https:\\\/\\\/lospoliticosveracruz.com\\\/#organization\",\"name\":\"Los pol\u00edticos Veracruz\",\"url\":\"https:\\\/\\\/lospoliticosveracruz.com\\\/\",\"logo\":{\"@type\":\"ImageObject\",\"inLanguage\":\"es\",\"@id\":\"https:\\\/\\\/lospoliticosveracruz.com\\\/#\\\/schema\\\/logo\\\/image\\\/\",\"url\":\"https:\\\/\\\/lospoliticosveracruz.com\\\/wp-content\\\/uploads\\\/2025\\\/12\\\/Logo-Nuevo-LOS-POLITICOS-1.jpg\",\"contentUrl\":\"https:\\\/\\\/lospoliticosveracruz.com\\\/wp-content\\\/uploads\\\/2025\\\/12\\\/Logo-Nuevo-LOS-POLITICOS-1.jpg\",\"width\":260,\"height\":70,\"caption\":\"Los pol\u00edticos Veracruz\"},\"image\":{\"@id\":\"https:\\\/\\\/lospoliticosveracruz.com\\\/#\\\/schema\\\/logo\\\/image\\\/\"},\"sameAs\":[\"https:\\\/\\\/www.facebook.com\\\/people\\\/Notimemes-de-los-Polticos\\\/61565672886568\\\/\",\"https:\\\/\\\/x.com\\\/LosPoliticosVer\"]},{\"@type\":\"Person\",\"@id\":\"https:\\\/\\\/lospoliticosveracruz.com\\\/#\\\/schema\\\/person\\\/b8702bb0e538456e6efd07080bf2a4a2\",\"name\":\"Lo viste en Los Pol\u00edticos\",\"image\":{\"@type\":\"ImageObject\",\"inLanguage\":\"es\",\"@id\":\"https:\\\/\\\/secure.gravatar.com\\\/avatar\\\/3a8de04a2656d44082be478bd6c086daa447c4651605818287b9532d3d0bd435?s=96&d=mm&r=g\",\"url\":\"https:\\\/\\\/secure.gravatar.com\\\/avatar\\\/3a8de04a2656d44082be478bd6c086daa447c4651605818287b9532d3d0bd435?s=96&d=mm&r=g\",\"contentUrl\":\"https:\\\/\\\/secure.gravatar.com\\\/avatar\\\/3a8de04a2656d44082be478bd6c086daa447c4651605818287b9532d3d0bd435?s=96&d=mm&r=g\",\"caption\":\"Lo viste en Los Pol\u00edticos\"},\"url\":\"https:\\\/\\\/lospoliticosveracruz.com\\\/?author=2\"}]}<\/script>\n<!-- \/ Yoast SEO plugin. -->","yoast_head_json":{"title":"R\u00e9plicas y alarmas caseras - Los pol\u00edticos Veracruz","robots":{"index":"index","follow":"follow","max-snippet":"max-snippet:-1","max-image-preview":"max-image-preview:large","max-video-preview":"max-video-preview:-1"},"canonical":"https:\/\/lospoliticosveracruz.com\/?p=36674","og_locale":"es_ES","og_type":"article","og_title":"R\u00e9plicas y alarmas caseras - Los pol\u00edticos Veracruz","og_description":"Foto: El diputado Marco Antonio Aguilar Yunes cooperando con alumnos de la Universidad \u00abEuro\u00bb que boteaban para damnificados del temblor. &nbsp; Salvador Mu\u00f1oz Los Pol\u00edticos &nbsp; &nbsp; El sismo que sacudi\u00f3 a M\u00e9xico, no s\u00f3lo evidenci\u00f3 la poca ma&#8230;teria gris de ese director de Hospital en Coatepec que tuvo la ocurrencia de poner candado a [&hellip;]","og_url":"https:\/\/lospoliticosveracruz.com\/?p=36674","og_site_name":"Los pol\u00edticos Veracruz","article_publisher":"https:\/\/www.facebook.com\/people\/Notimemes-de-los-Polticos\/61565672886568\/","article_published_time":"2017-09-25T04:06:38+00:00","article_modified_time":"2017-09-25T18:58:51+00:00","og_image":[{"width":200,"height":200,"url":"https:\/\/lospoliticosveracruz.com\/wp-content\/uploads\/2016\/07\/Logo-Dor.jpg","type":"image\/jpeg"}],"author":"Lo viste en Los Pol\u00edticos","twitter_card":"summary_large_image","twitter_creator":"@LosPoliticosVer","twitter_site":"@LosPoliticosVer","twitter_misc":{"Escrito por":"Lo viste en Los Pol\u00edticos","Tiempo de lectura":"6 minutos"},"schema":{"@context":"https:\/\/schema.org","@graph":[{"@type":"Article","@id":"https:\/\/lospoliticosveracruz.com\/?p=36674#article","isPartOf":{"@id":"https:\/\/lospoliticosveracruz.com\/?p=36674"},"author":{"name":"Lo viste en Los Pol\u00edticos","@id":"https:\/\/lospoliticosveracruz.com\/#\/schema\/person\/b8702bb0e538456e6efd07080bf2a4a2"},"headline":"R\u00e9plicas y alarmas caseras","datePublished":"2017-09-25T04:06:38+00:00","dateModified":"2017-09-25T18:58:51+00:00","mainEntityOfPage":{"@id":"https:\/\/lospoliticosveracruz.com\/?p=36674"},"wordCount":1163,"commentCount":0,"publisher":{"@id":"https:\/\/lospoliticosveracruz.com\/#organization"},"keywords":["Direcci\u00f3n General de Bachillerato","Hospital Coatepec","Marco Antonio Aguilar Yunes","Sefiplan","Sismo"],"articleSection":["De Opini\u00f3n"],"inLanguage":"es","potentialAction":[{"@type":"CommentAction","name":"Comment","target":["https:\/\/lospoliticosveracruz.com\/?p=36674#respond"]}]},{"@type":"WebPage","@id":"https:\/\/lospoliticosveracruz.com\/?p=36674","url":"https:\/\/lospoliticosveracruz.com\/?p=36674","name":"R\u00e9plicas y alarmas caseras - Los pol\u00edticos Veracruz","isPartOf":{"@id":"https:\/\/lospoliticosveracruz.com\/#website"},"datePublished":"2017-09-25T04:06:38+00:00","dateModified":"2017-09-25T18:58:51+00:00","breadcrumb":{"@id":"https:\/\/lospoliticosveracruz.com\/?p=36674#breadcrumb"},"inLanguage":"es","potentialAction":[{"@type":"ReadAction","target":["https:\/\/lospoliticosveracruz.com\/?p=36674"]}]},{"@type":"BreadcrumbList","@id":"https:\/\/lospoliticosveracruz.com\/?p=36674#breadcrumb","itemListElement":[{"@type":"ListItem","position":1,"name":"Portada","item":"https:\/\/lospoliticosveracruz.com\/"},{"@type":"ListItem","position":2,"name":"R\u00e9plicas y alarmas caseras"}]},{"@type":"WebSite","@id":"https:\/\/lospoliticosveracruz.com\/#website","url":"https:\/\/lospoliticosveracruz.com\/","name":"Los pol\u00edticos Veracruz","description":"","publisher":{"@id":"https:\/\/lospoliticosveracruz.com\/#organization"},"potentialAction":[{"@type":"SearchAction","target":{"@type":"EntryPoint","urlTemplate":"https:\/\/lospoliticosveracruz.com\/?s={search_term_string}"},"query-input":{"@type":"PropertyValueSpecification","valueRequired":true,"valueName":"search_term_string"}}],"inLanguage":"es"},{"@type":"Organization","@id":"https:\/\/lospoliticosveracruz.com\/#organization","name":"Los pol\u00edticos Veracruz","url":"https:\/\/lospoliticosveracruz.com\/","logo":{"@type":"ImageObject","inLanguage":"es","@id":"https:\/\/lospoliticosveracruz.com\/#\/schema\/logo\/image\/","url":"https:\/\/lospoliticosveracruz.com\/wp-content\/uploads\/2025\/12\/Logo-Nuevo-LOS-POLITICOS-1.jpg","contentUrl":"https:\/\/lospoliticosveracruz.com\/wp-content\/uploads\/2025\/12\/Logo-Nuevo-LOS-POLITICOS-1.jpg","width":260,"height":70,"caption":"Los pol\u00edticos Veracruz"},"image":{"@id":"https:\/\/lospoliticosveracruz.com\/#\/schema\/logo\/image\/"},"sameAs":["https:\/\/www.facebook.com\/people\/Notimemes-de-los-Polticos\/61565672886568\/","https:\/\/x.com\/LosPoliticosVer"]},{"@type":"Person","@id":"https:\/\/lospoliticosveracruz.com\/#\/schema\/person\/b8702bb0e538456e6efd07080bf2a4a2","name":"Lo viste en Los Pol\u00edticos","image":{"@type":"ImageObject","inLanguage":"es","@id":"https:\/\/secure.gravatar.com\/avatar\/3a8de04a2656d44082be478bd6c086daa447c4651605818287b9532d3d0bd435?s=96&d=mm&r=g","url":"https:\/\/secure.gravatar.com\/avatar\/3a8de04a2656d44082be478bd6c086daa447c4651605818287b9532d3d0bd435?s=96&d=mm&r=g","contentUrl":"https:\/\/secure.gravatar.com\/avatar\/3a8de04a2656d44082be478bd6c086daa447c4651605818287b9532d3d0bd435?s=96&d=mm&r=g","caption":"Lo viste en Los Pol\u00edticos"},"url":"https:\/\/lospoliticosveracruz.com\/?author=2"}]}},"_links":{"self":[{"href":"https:\/\/lospoliticosveracruz.com\/index.php?rest_route=\/wp\/v2\/posts\/36674","targetHints":{"allow":["GET"]}}],"collection":[{"href":"https:\/\/lospoliticosveracruz.com\/index.php?rest_route=\/wp\/v2\/posts"}],"about":[{"href":"https:\/\/lospoliticosveracruz.com\/index.php?rest_route=\/wp\/v2\/types\/post"}],"author":[{"embeddable":true,"href":"https:\/\/lospoliticosveracruz.com\/index.php?rest_route=\/wp\/v2\/users\/2"}],"replies":[{"embeddable":true,"href":"https:\/\/lospoliticosveracruz.com\/index.php?rest_route=%2Fwp%2Fv2%2Fcomments&post=36674"}],"version-history":[{"count":3,"href":"https:\/\/lospoliticosveracruz.com\/index.php?rest_route=\/wp\/v2\/posts\/36674\/revisions"}],"predecessor-version":[{"id":36687,"href":"https:\/\/lospoliticosveracruz.com\/index.php?rest_route=\/wp\/v2\/posts\/36674\/revisions\/36687"}],"wp:attachment":[{"href":"https:\/\/lospoliticosveracruz.com\/index.php?rest_route=%2Fwp%2Fv2%2Fmedia&parent=36674"}],"wp:term":[{"taxonomy":"category","embeddable":true,"href":"https:\/\/lospoliticosveracruz.com\/index.php?rest_route=%2Fwp%2Fv2%2Fcategories&post=36674"},{"taxonomy":"post_tag","embeddable":true,"href":"https:\/\/lospoliticosveracruz.com\/index.php?rest_route=%2Fwp%2Fv2%2Ftags&post=36674"}],"curies":[{"name":"wp","href":"https:\/\/api.w.org\/{rel}","templated":true}]}}