{"id":36685,"date":"2017-09-25T11:01:41","date_gmt":"2017-09-25T16:01:41","guid":{"rendered":"http:\/\/www.lospoliticosveracruz.com.mx\/?p=36685"},"modified":"2017-09-25T16:20:35","modified_gmt":"2017-09-25T21:20:35","slug":"las-heroinas-del-sismo","status":"publish","type":"post","link":"https:\/\/lospoliticosveracruz.com\/?p=36685","title":{"rendered":"Las hero\u00ednas del sismo"},"content":{"rendered":"<p style=\"text-align: right;\"><em>Foto:\u00a0Agencia de Noticias Xinhua<\/em><\/p>\n<p><strong>Cecilia Mu\u00f1oz<\/strong><\/p>\n<p><em>Polisemia<\/em><\/p>\n<p>&nbsp;<\/p>\n<p>&nbsp;<\/p>\n<p>Tras el sismo del pasado 19 de septiembre, M\u00e9xico y su pueblo han relucido por sus maravillosas muestras de solidaridad y amor. Redes de WiFi abiertas para quienes necesitaran comunicar su estado, grupos haciendo s\u00e1ndwiches en restaurantes abiertos exprofeso para alimentar a los rescatistas, gente que no se dej\u00f3 dominar por el miedo y acudi\u00f3 a las zonas afectadas como voluntario, farmacias atiborradas que quedaron vac\u00edas y en el resto del pa\u00eds, grupos moviliz\u00e1ndose para llevar v\u00edveres y otros recursos para los damnificados&#8230;<\/p>\n<p>En este escenario, algunos nos preguntamos: \u00bfcu\u00e1l es el papel de las mujeres? \u00bfHay uno espec\u00edfico para nosotras en tragedias naturales como un sismo? Por supuesto que no. Como personas, somos capaces de poner nuestro granito de arena de diversas maneras: desde retirando escombros hasta mejorando las condiciones de b\u00fasqueda los Topos. He aqu\u00ed un breve resumen de c\u00f3mo las mujeres en Ciudad de M\u00e9xico se han organizado en medio del caos.<\/p>\n<p><strong>VOLUNTARIAS<\/strong><\/p>\n<p>Lamentablemente, fueron varias las compa\u00f1eras que se\u00f1alaron que no les dejaban participar en las labores de retirar escombros, so pretexto de que se iban a lastimar. Incluso se les lleg\u00f3 a sugerir que mejor colaboraran barriendo o llevando comida&#8230; \u00bfSe imagina? En medio de toda esa adrenalina, quiz\u00e1s con alg\u00fan amigo o familiar entre los escombros&#8230; \u00a1barrer! No, el cuerpo ped\u00eda movimiento y la feminidad, aunque as\u00ed algunos a\u00fan lo crean, no es sin\u00f3nimo de debilidad.<\/p>\n<p>Sin embargo, las reticencias ajenas no importaron y las evidencias gr\u00e1ficas est\u00e1n ah\u00ed: las mujeres en las zonas afectadas actuaron a la par de sus compa\u00f1eros hombres con una \u00fanica convicci\u00f3n m\u00e1s all\u00e1 del g\u00e9nero: rescatar esperanzas.<\/p>\n<p><strong>BRIGADA FEMINISTA<\/strong><\/p>\n<p>Tras el susto inicial y las primeras labores de rescate en la CDMX, nos enteramos del caso de las costureras de Chimalpopoca, muchas extranjeras sin papeles, trabajando en una empresa de la que se sabe poco: carece de registro, su due\u00f1o ha desaparecido&#8230;<\/p>\n<p>La maquinaria ya iba a entrar al inmueble siniestrado, sin importar que a\u00fan pudiera haber mujeres vivas dentro. Ante esta situaci\u00f3n lleg\u00f3 la Brigada Feminista, dispuesta a proteger a las costureras que a\u00fan estuvieran atrapadas&#8230; \u00a1Pero qu\u00e9 revuelo caus\u00f3 el adjetivo \u201cfeminista\u201d! No faltaron los ofendidos que aseguraron que al llamarse \u201cfeministas\u201d \u00a1divid\u00edan! \u00a1Que quer\u00edan sacar provecho para su \u201cideolog\u00eda\u201d a trav\u00e9s de la desgracia!<\/p>\n<p>Dicen que a palabras necias, o\u00eddos sordos. Y as\u00ed lo aplic\u00f3 la Brigada Feminista, no dejando de actuar nunca, denunciando las deplorables irregularidades en que incurr\u00edan las autoridades. \u00bfDividir? No, la Brigada Feminista simplemente se moviliz\u00f3 para proteger a un grupo de mujeres vulnerables: extranjeras, pobres, obreras; mujeres cuyas familias ser\u00e1n f\u00e1ciles de intimidar, por las cuales pocos hablar\u00e1n.<\/p>\n<p><strong>BRIGADA BOOKTUBE<\/strong><\/p>\n<p>Pero, \u00bfalguien quiere pensar en los ni\u00f1os? \u00a1Claro que s\u00ed! Ciudadanos ya se han organizado para llevar jornadas de m\u00fasica, teatro, talleres y cuentos a albergues donde hay peque\u00f1os.<\/p>\n<p>Un grupo que ha resaltado mucho en este rubro ha sido el colectivo LibrosB4Tipos, constituido por un grupo de booktubers y una blogger, todas mujeres, feministas y j\u00f3venes que han propuesto la iniciativa #BrigadaBooktube: \u201cLos dispuestos a ayudar pueden registrarse en su Centro de Acopio m\u00e1s cercano y esperar el llamado de la brigada en redes sociales\u201d, explican.<\/p>\n<p>El objetivo es llevar un poquito de esperanza y alegr\u00eda a ni\u00f1os y ni\u00f1as con cuentos, ayud\u00e1ndolos a distraerse para superar los \u00faltimos eventos. \u00a1Para que luego digan que la literatura no sirve para nada!<\/p>\n<p><strong>ALEXIA, LA DISE\u00d1ADORA DE LOS TOPOS<\/strong><\/p>\n<p>\u201cNos comentaron que los topos necesitan tener manos libres para rescatar gente y en general se necesita luz\u201d, explica en su cuenta de Instagram la dise\u00f1adora Alexia Ulibarri, quien ide\u00f3 un chaleco con luces LED que permite que los topos pueden moverse en zonas oscuras con las manos libres para protegerse, retirar escombros y ayudar gente atrapada, sin nunca sufrir por la falta de luz.<\/p>\n<p>Los chalecos tienen una vida \u00fatil de entre seis y ocho horas y alumbran m\u00e1s que una l\u00e1mpara de mano. Voluntarios para confeccionarlos no faltan en el bulevar Miguel de Cervantes Saavedra n\u00famero 157, donde la gente se distribuy\u00f3 por grupos para acelerar el proceso. Tan solo el mi\u00e9rcoles 20 lograron hacer 80 y esperaban aumentar la producci\u00f3n.<\/p>\n<p>No se trata de \u201cdividir la lucha\u201d, sino de reconocer los esfuerzos espec\u00edficos de cada quien. Y en este caso, las mujeres se merecen todo el reconocimiento por ponerse a s\u00ed mismas y a sus talentos a disposici\u00f3n de los m\u00e1s necesitados. \u00a1Que quede constancia!<\/p>\n<p>PD: \u00a1Y que no decaiga el acopio de v\u00edveres y otros materiales para los damnificados! A partir de la segunda semana tras un desastre, \u00e9ste se empieza a olvidar en el \u00e1mbito general, pero para los sobrevivientes apenas inicia lo m\u00e1s fuerte: la reconstrucci\u00f3n. Teng\u00e1moslo en cuenta.<\/p>\n<p>Correo: polisemia@outlook.es<\/p>\n<p>Twitter: polisemia_CM<\/p>\n","protected":false},"excerpt":{"rendered":"<p>Foto:\u00a0Agencia de Noticias Xinhua Cecilia Mu\u00f1oz Polisemia &nbsp; &nbsp; Tras el sismo del pasado 19 de septiembre, M\u00e9xico y su pueblo han relucido por sus maravillosas muestras de solidaridad y amor. Redes de WiFi abiertas para quienes necesitaran comunicar su estado, grupos haciendo s\u00e1ndwiches en restaurantes abiertos exprofeso para alimentar a los rescatistas, gente que [&hellip;]<\/p>\n","protected":false},"author":2,"featured_media":0,"comment_status":"open","ping_status":"open","sticky":false,"template":"","format":"standard","meta":{"tdm_status":"","tdm_grid_status":"","footnotes":""},"categories":[70],"tags":[9605,9604,9603,9606,2305,9601],"class_list":{"0":"post-36685","1":"post","2":"type-post","3":"status-publish","4":"format-standard","6":"category-de-opinion","7":"tag-brigada-booktube","8":"tag-brigada-feminista","9":"tag-escombros","10":"tag-librosb4tipos","11":"tag-mujeres","12":"tag-sismo-19-s"},"yoast_head":"<!-- This site is optimized with the Yoast SEO plugin v27.4 - https:\/\/yoast.com\/product\/yoast-seo-wordpress\/ -->\n<title>Las hero\u00ednas del sismo - Los pol\u00edticos Veracruz<\/title>\n<meta name=\"robots\" content=\"index, follow, max-snippet:-1, max-image-preview:large, max-video-preview:-1\" \/>\n<link rel=\"canonical\" href=\"https:\/\/lospoliticosveracruz.com\/?p=36685\" \/>\n<meta property=\"og:locale\" content=\"es_ES\" \/>\n<meta property=\"og:type\" content=\"article\" \/>\n<meta property=\"og:title\" content=\"Las hero\u00ednas del sismo - Los pol\u00edticos Veracruz\" \/>\n<meta property=\"og:description\" content=\"Foto:\u00a0Agencia de Noticias Xinhua Cecilia Mu\u00f1oz Polisemia &nbsp; &nbsp; Tras el sismo del pasado 19 de septiembre, M\u00e9xico y su pueblo han relucido por sus maravillosas muestras de solidaridad y amor. Redes de WiFi abiertas para quienes necesitaran comunicar su estado, grupos haciendo s\u00e1ndwiches en restaurantes abiertos exprofeso para alimentar a los rescatistas, gente que [&hellip;]\" \/>\n<meta property=\"og:url\" content=\"https:\/\/lospoliticosveracruz.com\/?p=36685\" \/>\n<meta property=\"og:site_name\" content=\"Los pol\u00edticos Veracruz\" \/>\n<meta property=\"article:publisher\" content=\"https:\/\/www.facebook.com\/people\/Notimemes-de-los-Polticos\/61565672886568\/\" \/>\n<meta property=\"article:published_time\" content=\"2017-09-25T16:01:41+00:00\" \/>\n<meta property=\"article:modified_time\" content=\"2017-09-25T21:20:35+00:00\" \/>\n<meta property=\"og:image\" content=\"https:\/\/lospoliticosveracruz.com\/wp-content\/uploads\/2016\/07\/Logo-Dor.jpg\" \/>\n\t<meta property=\"og:image:width\" content=\"200\" \/>\n\t<meta property=\"og:image:height\" content=\"200\" \/>\n\t<meta property=\"og:image:type\" content=\"image\/jpeg\" \/>\n<meta name=\"author\" content=\"Lo viste en Los Pol\u00edticos\" \/>\n<meta name=\"twitter:card\" content=\"summary_large_image\" \/>\n<meta name=\"twitter:creator\" content=\"@LosPoliticosVer\" \/>\n<meta name=\"twitter:site\" content=\"@LosPoliticosVer\" \/>\n<meta name=\"twitter:label1\" content=\"Escrito por\" \/>\n\t<meta name=\"twitter:data1\" content=\"Lo viste en Los Pol\u00edticos\" \/>\n\t<meta name=\"twitter:label2\" content=\"Tiempo de lectura\" \/>\n\t<meta name=\"twitter:data2\" content=\"4 minutos\" \/>\n<script type=\"application\/ld+json\" class=\"yoast-schema-graph\">{\"@context\":\"https:\\\/\\\/schema.org\",\"@graph\":[{\"@type\":\"Article\",\"@id\":\"https:\\\/\\\/lospoliticosveracruz.com\\\/?p=36685#article\",\"isPartOf\":{\"@id\":\"https:\\\/\\\/lospoliticosveracruz.com\\\/?p=36685\"},\"author\":{\"name\":\"Lo viste en Los Pol\u00edticos\",\"@id\":\"https:\\\/\\\/lospoliticosveracruz.com\\\/#\\\/schema\\\/person\\\/b8702bb0e538456e6efd07080bf2a4a2\"},\"headline\":\"Las hero\u00ednas del sismo\",\"datePublished\":\"2017-09-25T16:01:41+00:00\",\"dateModified\":\"2017-09-25T21:20:35+00:00\",\"mainEntityOfPage\":{\"@id\":\"https:\\\/\\\/lospoliticosveracruz.com\\\/?p=36685\"},\"wordCount\":863,\"commentCount\":0,\"publisher\":{\"@id\":\"https:\\\/\\\/lospoliticosveracruz.com\\\/#organization\"},\"keywords\":[\"Brigada Booktube\",\"Brigada feminista\",\"escombros\",\"LibrosB4Tipos\",\"Mujeres\",\"Sismo 19-S\"],\"articleSection\":[\"De Opini\u00f3n\"],\"inLanguage\":\"es\",\"potentialAction\":[{\"@type\":\"CommentAction\",\"name\":\"Comment\",\"target\":[\"https:\\\/\\\/lospoliticosveracruz.com\\\/?p=36685#respond\"]}]},{\"@type\":\"WebPage\",\"@id\":\"https:\\\/\\\/lospoliticosveracruz.com\\\/?p=36685\",\"url\":\"https:\\\/\\\/lospoliticosveracruz.com\\\/?p=36685\",\"name\":\"Las hero\u00ednas del sismo - Los pol\u00edticos Veracruz\",\"isPartOf\":{\"@id\":\"https:\\\/\\\/lospoliticosveracruz.com\\\/#website\"},\"datePublished\":\"2017-09-25T16:01:41+00:00\",\"dateModified\":\"2017-09-25T21:20:35+00:00\",\"breadcrumb\":{\"@id\":\"https:\\\/\\\/lospoliticosveracruz.com\\\/?p=36685#breadcrumb\"},\"inLanguage\":\"es\",\"potentialAction\":[{\"@type\":\"ReadAction\",\"target\":[\"https:\\\/\\\/lospoliticosveracruz.com\\\/?p=36685\"]}]},{\"@type\":\"BreadcrumbList\",\"@id\":\"https:\\\/\\\/lospoliticosveracruz.com\\\/?p=36685#breadcrumb\",\"itemListElement\":[{\"@type\":\"ListItem\",\"position\":1,\"name\":\"Portada\",\"item\":\"https:\\\/\\\/lospoliticosveracruz.com\\\/\"},{\"@type\":\"ListItem\",\"position\":2,\"name\":\"Las hero\u00ednas del sismo\"}]},{\"@type\":\"WebSite\",\"@id\":\"https:\\\/\\\/lospoliticosveracruz.com\\\/#website\",\"url\":\"https:\\\/\\\/lospoliticosveracruz.com\\\/\",\"name\":\"Los pol\u00edticos Veracruz\",\"description\":\"\",\"publisher\":{\"@id\":\"https:\\\/\\\/lospoliticosveracruz.com\\\/#organization\"},\"potentialAction\":[{\"@type\":\"SearchAction\",\"target\":{\"@type\":\"EntryPoint\",\"urlTemplate\":\"https:\\\/\\\/lospoliticosveracruz.com\\\/?s={search_term_string}\"},\"query-input\":{\"@type\":\"PropertyValueSpecification\",\"valueRequired\":true,\"valueName\":\"search_term_string\"}}],\"inLanguage\":\"es\"},{\"@type\":\"Organization\",\"@id\":\"https:\\\/\\\/lospoliticosveracruz.com\\\/#organization\",\"name\":\"Los pol\u00edticos Veracruz\",\"url\":\"https:\\\/\\\/lospoliticosveracruz.com\\\/\",\"logo\":{\"@type\":\"ImageObject\",\"inLanguage\":\"es\",\"@id\":\"https:\\\/\\\/lospoliticosveracruz.com\\\/#\\\/schema\\\/logo\\\/image\\\/\",\"url\":\"https:\\\/\\\/lospoliticosveracruz.com\\\/wp-content\\\/uploads\\\/2025\\\/12\\\/Logo-Nuevo-LOS-POLITICOS-1.jpg\",\"contentUrl\":\"https:\\\/\\\/lospoliticosveracruz.com\\\/wp-content\\\/uploads\\\/2025\\\/12\\\/Logo-Nuevo-LOS-POLITICOS-1.jpg\",\"width\":260,\"height\":70,\"caption\":\"Los pol\u00edticos Veracruz\"},\"image\":{\"@id\":\"https:\\\/\\\/lospoliticosveracruz.com\\\/#\\\/schema\\\/logo\\\/image\\\/\"},\"sameAs\":[\"https:\\\/\\\/www.facebook.com\\\/people\\\/Notimemes-de-los-Polticos\\\/61565672886568\\\/\",\"https:\\\/\\\/x.com\\\/LosPoliticosVer\"]},{\"@type\":\"Person\",\"@id\":\"https:\\\/\\\/lospoliticosveracruz.com\\\/#\\\/schema\\\/person\\\/b8702bb0e538456e6efd07080bf2a4a2\",\"name\":\"Lo viste en Los Pol\u00edticos\",\"image\":{\"@type\":\"ImageObject\",\"inLanguage\":\"es\",\"@id\":\"https:\\\/\\\/secure.gravatar.com\\\/avatar\\\/3a8de04a2656d44082be478bd6c086daa447c4651605818287b9532d3d0bd435?s=96&d=mm&r=g\",\"url\":\"https:\\\/\\\/secure.gravatar.com\\\/avatar\\\/3a8de04a2656d44082be478bd6c086daa447c4651605818287b9532d3d0bd435?s=96&d=mm&r=g\",\"contentUrl\":\"https:\\\/\\\/secure.gravatar.com\\\/avatar\\\/3a8de04a2656d44082be478bd6c086daa447c4651605818287b9532d3d0bd435?s=96&d=mm&r=g\",\"caption\":\"Lo viste en Los Pol\u00edticos\"},\"url\":\"https:\\\/\\\/lospoliticosveracruz.com\\\/?author=2\"}]}<\/script>\n<!-- \/ Yoast SEO plugin. -->","yoast_head_json":{"title":"Las hero\u00ednas del sismo - Los pol\u00edticos Veracruz","robots":{"index":"index","follow":"follow","max-snippet":"max-snippet:-1","max-image-preview":"max-image-preview:large","max-video-preview":"max-video-preview:-1"},"canonical":"https:\/\/lospoliticosveracruz.com\/?p=36685","og_locale":"es_ES","og_type":"article","og_title":"Las hero\u00ednas del sismo - Los pol\u00edticos Veracruz","og_description":"Foto:\u00a0Agencia de Noticias Xinhua Cecilia Mu\u00f1oz Polisemia &nbsp; &nbsp; Tras el sismo del pasado 19 de septiembre, M\u00e9xico y su pueblo han relucido por sus maravillosas muestras de solidaridad y amor. Redes de WiFi abiertas para quienes necesitaran comunicar su estado, grupos haciendo s\u00e1ndwiches en restaurantes abiertos exprofeso para alimentar a los rescatistas, gente que [&hellip;]","og_url":"https:\/\/lospoliticosveracruz.com\/?p=36685","og_site_name":"Los pol\u00edticos Veracruz","article_publisher":"https:\/\/www.facebook.com\/people\/Notimemes-de-los-Polticos\/61565672886568\/","article_published_time":"2017-09-25T16:01:41+00:00","article_modified_time":"2017-09-25T21:20:35+00:00","og_image":[{"width":200,"height":200,"url":"https:\/\/lospoliticosveracruz.com\/wp-content\/uploads\/2016\/07\/Logo-Dor.jpg","type":"image\/jpeg"}],"author":"Lo viste en Los Pol\u00edticos","twitter_card":"summary_large_image","twitter_creator":"@LosPoliticosVer","twitter_site":"@LosPoliticosVer","twitter_misc":{"Escrito por":"Lo viste en Los Pol\u00edticos","Tiempo de lectura":"4 minutos"},"schema":{"@context":"https:\/\/schema.org","@graph":[{"@type":"Article","@id":"https:\/\/lospoliticosveracruz.com\/?p=36685#article","isPartOf":{"@id":"https:\/\/lospoliticosveracruz.com\/?p=36685"},"author":{"name":"Lo viste en Los Pol\u00edticos","@id":"https:\/\/lospoliticosveracruz.com\/#\/schema\/person\/b8702bb0e538456e6efd07080bf2a4a2"},"headline":"Las hero\u00ednas del sismo","datePublished":"2017-09-25T16:01:41+00:00","dateModified":"2017-09-25T21:20:35+00:00","mainEntityOfPage":{"@id":"https:\/\/lospoliticosveracruz.com\/?p=36685"},"wordCount":863,"commentCount":0,"publisher":{"@id":"https:\/\/lospoliticosveracruz.com\/#organization"},"keywords":["Brigada Booktube","Brigada feminista","escombros","LibrosB4Tipos","Mujeres","Sismo 19-S"],"articleSection":["De Opini\u00f3n"],"inLanguage":"es","potentialAction":[{"@type":"CommentAction","name":"Comment","target":["https:\/\/lospoliticosveracruz.com\/?p=36685#respond"]}]},{"@type":"WebPage","@id":"https:\/\/lospoliticosveracruz.com\/?p=36685","url":"https:\/\/lospoliticosveracruz.com\/?p=36685","name":"Las hero\u00ednas del sismo - Los pol\u00edticos Veracruz","isPartOf":{"@id":"https:\/\/lospoliticosveracruz.com\/#website"},"datePublished":"2017-09-25T16:01:41+00:00","dateModified":"2017-09-25T21:20:35+00:00","breadcrumb":{"@id":"https:\/\/lospoliticosveracruz.com\/?p=36685#breadcrumb"},"inLanguage":"es","potentialAction":[{"@type":"ReadAction","target":["https:\/\/lospoliticosveracruz.com\/?p=36685"]}]},{"@type":"BreadcrumbList","@id":"https:\/\/lospoliticosveracruz.com\/?p=36685#breadcrumb","itemListElement":[{"@type":"ListItem","position":1,"name":"Portada","item":"https:\/\/lospoliticosveracruz.com\/"},{"@type":"ListItem","position":2,"name":"Las hero\u00ednas del sismo"}]},{"@type":"WebSite","@id":"https:\/\/lospoliticosveracruz.com\/#website","url":"https:\/\/lospoliticosveracruz.com\/","name":"Los pol\u00edticos Veracruz","description":"","publisher":{"@id":"https:\/\/lospoliticosveracruz.com\/#organization"},"potentialAction":[{"@type":"SearchAction","target":{"@type":"EntryPoint","urlTemplate":"https:\/\/lospoliticosveracruz.com\/?s={search_term_string}"},"query-input":{"@type":"PropertyValueSpecification","valueRequired":true,"valueName":"search_term_string"}}],"inLanguage":"es"},{"@type":"Organization","@id":"https:\/\/lospoliticosveracruz.com\/#organization","name":"Los pol\u00edticos Veracruz","url":"https:\/\/lospoliticosveracruz.com\/","logo":{"@type":"ImageObject","inLanguage":"es","@id":"https:\/\/lospoliticosveracruz.com\/#\/schema\/logo\/image\/","url":"https:\/\/lospoliticosveracruz.com\/wp-content\/uploads\/2025\/12\/Logo-Nuevo-LOS-POLITICOS-1.jpg","contentUrl":"https:\/\/lospoliticosveracruz.com\/wp-content\/uploads\/2025\/12\/Logo-Nuevo-LOS-POLITICOS-1.jpg","width":260,"height":70,"caption":"Los pol\u00edticos Veracruz"},"image":{"@id":"https:\/\/lospoliticosveracruz.com\/#\/schema\/logo\/image\/"},"sameAs":["https:\/\/www.facebook.com\/people\/Notimemes-de-los-Polticos\/61565672886568\/","https:\/\/x.com\/LosPoliticosVer"]},{"@type":"Person","@id":"https:\/\/lospoliticosveracruz.com\/#\/schema\/person\/b8702bb0e538456e6efd07080bf2a4a2","name":"Lo viste en Los Pol\u00edticos","image":{"@type":"ImageObject","inLanguage":"es","@id":"https:\/\/secure.gravatar.com\/avatar\/3a8de04a2656d44082be478bd6c086daa447c4651605818287b9532d3d0bd435?s=96&d=mm&r=g","url":"https:\/\/secure.gravatar.com\/avatar\/3a8de04a2656d44082be478bd6c086daa447c4651605818287b9532d3d0bd435?s=96&d=mm&r=g","contentUrl":"https:\/\/secure.gravatar.com\/avatar\/3a8de04a2656d44082be478bd6c086daa447c4651605818287b9532d3d0bd435?s=96&d=mm&r=g","caption":"Lo viste en Los Pol\u00edticos"},"url":"https:\/\/lospoliticosveracruz.com\/?author=2"}]}},"_links":{"self":[{"href":"https:\/\/lospoliticosveracruz.com\/index.php?rest_route=\/wp\/v2\/posts\/36685","targetHints":{"allow":["GET"]}}],"collection":[{"href":"https:\/\/lospoliticosveracruz.com\/index.php?rest_route=\/wp\/v2\/posts"}],"about":[{"href":"https:\/\/lospoliticosveracruz.com\/index.php?rest_route=\/wp\/v2\/types\/post"}],"author":[{"embeddable":true,"href":"https:\/\/lospoliticosveracruz.com\/index.php?rest_route=\/wp\/v2\/users\/2"}],"replies":[{"embeddable":true,"href":"https:\/\/lospoliticosveracruz.com\/index.php?rest_route=%2Fwp%2Fv2%2Fcomments&post=36685"}],"version-history":[{"count":2,"href":"https:\/\/lospoliticosveracruz.com\/index.php?rest_route=\/wp\/v2\/posts\/36685\/revisions"}],"predecessor-version":[{"id":36688,"href":"https:\/\/lospoliticosveracruz.com\/index.php?rest_route=\/wp\/v2\/posts\/36685\/revisions\/36688"}],"wp:attachment":[{"href":"https:\/\/lospoliticosveracruz.com\/index.php?rest_route=%2Fwp%2Fv2%2Fmedia&parent=36685"}],"wp:term":[{"taxonomy":"category","embeddable":true,"href":"https:\/\/lospoliticosveracruz.com\/index.php?rest_route=%2Fwp%2Fv2%2Fcategories&post=36685"},{"taxonomy":"post_tag","embeddable":true,"href":"https:\/\/lospoliticosveracruz.com\/index.php?rest_route=%2Fwp%2Fv2%2Ftags&post=36685"}],"curies":[{"name":"wp","href":"https:\/\/api.w.org\/{rel}","templated":true}]}}