{"id":36693,"date":"2017-09-25T22:55:19","date_gmt":"2017-09-26T03:55:19","guid":{"rendered":"http:\/\/www.lospoliticosveracruz.com.mx\/?p=36693"},"modified":"2017-09-25T20:04:27","modified_gmt":"2017-09-26T01:04:27","slug":"las-bondades-del-pri","status":"publish","type":"post","link":"https:\/\/lospoliticosveracruz.com\/?p=36693","title":{"rendered":"Las bondades del PRI"},"content":{"rendered":"<p><strong>Salvador Mu\u00f1oz<\/strong><\/p>\n<p><em>Los Pol\u00edticos<\/em><\/p>\n<p>&nbsp;<\/p>\n<p>&nbsp;<\/p>\n<p>Insisto: El \u201cdesprendimiento\u201d de los partidos pol\u00edticos de sus prerrogativas para que se recanalicen en favor de los damnificados por los temblores no exhibe la bondad de estos institutos, sino la oportunidad que tiene la sociedad para ahora s\u00ed, exigir desaparecer el financiamiento p\u00fablico a los partidos, como lo propone el PRI, a partir del 2018&#8230; aunque yo sigo creyendo que hay una trampa.<\/p>\n<p>Los pol\u00edticos quer\u00edan una oportunidad para asomarse a la desgracia sin que se vieran mal y esa petici\u00f3n ciudadana de que los partidos renunciaran a sus prerrogativas fue el escenario perfecto para que a la par de la tragedia que viv\u00eda (vive) M\u00e9xico, pudieran tomar la palabra sin que se les acusara de \u201coportunismo electorero\u201d, porque de un modo u otro, fueron invitados a tomar el micr\u00f3fono.<\/p>\n<p>Astutos, est\u00e1n donde quer\u00edan estar. No se metieron entre los escombros, sino que de cierto modo, es como si la sociedad hubiera invitado a la mesa al Diablo, y s\u00ed, lo rega\u00f1an, lo insultan, lo estigmatizan y lanzan anatemas, pero est\u00e1 donde quer\u00eda estar.<\/p>\n<p>II<\/p>\n<p>Enrique Ochoa Reza dice que el PRI renuncia a los recursos p\u00fablicos que les toca en lo que queda del a\u00f1o y propone eliminar en su totalidad el financiamiento p\u00fablico a los partidos pol\u00edticos a partir de 2018, mediante reforma constitucional que sea aprobada en fast track en el Congreso.<\/p>\n<p>Adem\u00e1s, igual pide eliminar la figura de \u201cpluris\u201d, tanto en diputados locales, federales como senadores.<\/p>\n<p>\u00bfQu\u00e9 implica ello?<\/p>\n<p>Muy aparte de miles de millones de pesos de ahorro, podr\u00edamos estar pensando en la desaparici\u00f3n de partidos pol\u00edticos que disfrazados de alternativas, han mermado las arcas p\u00fablicas. De desaparecer el \u201cchiquitaje\u201d, incluso igual podr\u00edamos pensar en que nuestras elecciones se pudieran definir entre tres o cuatro partidos y no m\u00e1s&#8230;<\/p>\n<p>III<\/p>\n<p>A como van las cosas, al menos en Veracruz, tenemos tres partidos que se podr\u00edan llamar \u201cfuertes\u201d (as\u00ed, entre comillas), como es el PAN (por estar en el poder), Morena (que aunque tuvo un ascenso en la antepasada elecci\u00f3n, en la m\u00e1s reciente, como que cay\u00f3), y el PRI (que si mantiene o incrementa su militancia, puede seguir dando batalla)&#8230;<\/p>\n<p>A nivel nacional, es seguro que la tendencia local igual se refleje en las mismas condiciones, pero&#8230;<\/p>\n<p>Ah\u00ed es donde yo veo como algo raro en el inusitado ataque de bondad de Enrique Ochoa Reza al pretender desaparecer el financiamiento p\u00fablico de los partidos.<\/p>\n<p>Creo que a nadie se le pasa que en nuestro sistema democr\u00e1tico, el Sistema en el Poder viene aparejado con el partido con el que lleg\u00f3 a triunfar. Hay una relaci\u00f3n natural incluso muchas veces de complicidad que hemos visto y vivido al menos en los dos partidos que han jugado a la \u201calternancia\u201d: PAN y PRI.<\/p>\n<p>\u00bfQu\u00e9 garantiza que el Sistema en el Poder no cobije al partido que lo llev\u00f3 al poder para vivir fuera del presupuesto?<\/p>\n<p>Entendamos esto que si no hay financiamiento p\u00fablico, entrar\u00e1 el privado y, por supuesto, muchos de nuestros pol\u00edticos son eminentes empresarios, que ya se dedican al campo, al ganado, a la compra y venta de inmuebles, al arrendamiento, etc\u00e9tera.<\/p>\n<p>Entonces, la inversi\u00f3n en su partido igual obligar\u00eda a quien llegue al poder a lo que habitualmente se hace con \u201cfinanciamiento p\u00fablico\u201d: dar obra a los cuates. O si no obras, puestos. O si no puestos, cargos de representaci\u00f3n \u201cpopular\u201d.<\/p>\n<p>Como sea, bien dicen que el mayor triunfo del Diablo es hacernos creer que triunfamos sobre \u00e9l&#8230; \u00a1bienvenida la devoluci\u00f3n de las prerrogativas!<\/p>\n<p>smcainito@gmail.com<\/p>\n","protected":false},"excerpt":{"rendered":"<p>Salvador Mu\u00f1oz Los Pol\u00edticos &nbsp; &nbsp; Insisto: El \u201cdesprendimiento\u201d de los partidos pol\u00edticos de sus prerrogativas para que se recanalicen en favor de los damnificados por los temblores no exhibe la bondad de estos institutos, sino la oportunidad que tiene la sociedad para ahora s\u00ed, exigir desaparecer el financiamiento p\u00fablico a los partidos, como lo [&hellip;]<\/p>\n","protected":false},"author":2,"featured_media":0,"comment_status":"open","ping_status":"open","sticky":false,"template":"","format":"standard","meta":{"tdm_status":"","tdm_grid_status":"","footnotes":""},"categories":[70],"tags":[6551,1817,9610,251,9431],"class_list":{"0":"post-36693","1":"post","2":"type-post","3":"status-publish","4":"format-standard","6":"category-de-opinion","7":"tag-enrique-ochoa","8":"tag-plurinominales","9":"tag-prerrogativas-de-partidos-politicos","10":"tag-pri","11":"tag-sismo"},"yoast_head":"<!-- This site is optimized with the Yoast SEO plugin v27.4 - https:\/\/yoast.com\/product\/yoast-seo-wordpress\/ -->\n<title>Las bondades del PRI - Los pol\u00edticos Veracruz<\/title>\n<meta name=\"robots\" content=\"index, follow, max-snippet:-1, max-image-preview:large, max-video-preview:-1\" \/>\n<link rel=\"canonical\" href=\"https:\/\/lospoliticosveracruz.com\/?p=36693\" \/>\n<meta property=\"og:locale\" content=\"es_ES\" \/>\n<meta property=\"og:type\" content=\"article\" \/>\n<meta property=\"og:title\" content=\"Las bondades del PRI - Los pol\u00edticos Veracruz\" \/>\n<meta property=\"og:description\" content=\"Salvador Mu\u00f1oz Los Pol\u00edticos &nbsp; &nbsp; Insisto: El \u201cdesprendimiento\u201d de los partidos pol\u00edticos de sus prerrogativas para que se recanalicen en favor de los damnificados por los temblores no exhibe la bondad de estos institutos, sino la oportunidad que tiene la sociedad para ahora s\u00ed, exigir desaparecer el financiamiento p\u00fablico a los partidos, como lo [&hellip;]\" \/>\n<meta property=\"og:url\" content=\"https:\/\/lospoliticosveracruz.com\/?p=36693\" \/>\n<meta property=\"og:site_name\" content=\"Los pol\u00edticos Veracruz\" \/>\n<meta property=\"article:publisher\" content=\"https:\/\/www.facebook.com\/people\/Notimemes-de-los-Polticos\/61565672886568\/\" \/>\n<meta property=\"article:published_time\" content=\"2017-09-26T03:55:19+00:00\" \/>\n<meta property=\"og:image\" content=\"https:\/\/lospoliticosveracruz.com\/wp-content\/uploads\/2016\/07\/Logo-Dor.jpg\" \/>\n\t<meta property=\"og:image:width\" content=\"200\" \/>\n\t<meta property=\"og:image:height\" content=\"200\" \/>\n\t<meta property=\"og:image:type\" content=\"image\/jpeg\" \/>\n<meta name=\"author\" content=\"Lo viste en Los Pol\u00edticos\" \/>\n<meta name=\"twitter:card\" content=\"summary_large_image\" \/>\n<meta name=\"twitter:creator\" content=\"@LosPoliticosVer\" \/>\n<meta name=\"twitter:site\" content=\"@LosPoliticosVer\" \/>\n<meta name=\"twitter:label1\" content=\"Escrito por\" \/>\n\t<meta name=\"twitter:data1\" content=\"Lo viste en Los Pol\u00edticos\" \/>\n\t<meta name=\"twitter:label2\" content=\"Tiempo de lectura\" \/>\n\t<meta name=\"twitter:data2\" content=\"3 minutos\" \/>\n<script type=\"application\/ld+json\" class=\"yoast-schema-graph\">{\"@context\":\"https:\\\/\\\/schema.org\",\"@graph\":[{\"@type\":\"Article\",\"@id\":\"https:\\\/\\\/lospoliticosveracruz.com\\\/?p=36693#article\",\"isPartOf\":{\"@id\":\"https:\\\/\\\/lospoliticosveracruz.com\\\/?p=36693\"},\"author\":{\"name\":\"Lo viste en Los Pol\u00edticos\",\"@id\":\"https:\\\/\\\/lospoliticosveracruz.com\\\/#\\\/schema\\\/person\\\/b8702bb0e538456e6efd07080bf2a4a2\"},\"headline\":\"Las bondades del PRI\",\"datePublished\":\"2017-09-26T03:55:19+00:00\",\"mainEntityOfPage\":{\"@id\":\"https:\\\/\\\/lospoliticosveracruz.com\\\/?p=36693\"},\"wordCount\":631,\"commentCount\":0,\"publisher\":{\"@id\":\"https:\\\/\\\/lospoliticosveracruz.com\\\/#organization\"},\"keywords\":[\"Enrique Ochoa\",\"plurinominales\",\"Prerrogativas de partidos pol\u00edticos\",\"PRI\",\"Sismo\"],\"articleSection\":[\"De Opini\u00f3n\"],\"inLanguage\":\"es\",\"potentialAction\":[{\"@type\":\"CommentAction\",\"name\":\"Comment\",\"target\":[\"https:\\\/\\\/lospoliticosveracruz.com\\\/?p=36693#respond\"]}]},{\"@type\":\"WebPage\",\"@id\":\"https:\\\/\\\/lospoliticosveracruz.com\\\/?p=36693\",\"url\":\"https:\\\/\\\/lospoliticosveracruz.com\\\/?p=36693\",\"name\":\"Las bondades del PRI - Los pol\u00edticos Veracruz\",\"isPartOf\":{\"@id\":\"https:\\\/\\\/lospoliticosveracruz.com\\\/#website\"},\"datePublished\":\"2017-09-26T03:55:19+00:00\",\"breadcrumb\":{\"@id\":\"https:\\\/\\\/lospoliticosveracruz.com\\\/?p=36693#breadcrumb\"},\"inLanguage\":\"es\",\"potentialAction\":[{\"@type\":\"ReadAction\",\"target\":[\"https:\\\/\\\/lospoliticosveracruz.com\\\/?p=36693\"]}]},{\"@type\":\"BreadcrumbList\",\"@id\":\"https:\\\/\\\/lospoliticosveracruz.com\\\/?p=36693#breadcrumb\",\"itemListElement\":[{\"@type\":\"ListItem\",\"position\":1,\"name\":\"Portada\",\"item\":\"https:\\\/\\\/lospoliticosveracruz.com\\\/\"},{\"@type\":\"ListItem\",\"position\":2,\"name\":\"Las bondades del PRI\"}]},{\"@type\":\"WebSite\",\"@id\":\"https:\\\/\\\/lospoliticosveracruz.com\\\/#website\",\"url\":\"https:\\\/\\\/lospoliticosveracruz.com\\\/\",\"name\":\"Los pol\u00edticos Veracruz\",\"description\":\"\",\"publisher\":{\"@id\":\"https:\\\/\\\/lospoliticosveracruz.com\\\/#organization\"},\"potentialAction\":[{\"@type\":\"SearchAction\",\"target\":{\"@type\":\"EntryPoint\",\"urlTemplate\":\"https:\\\/\\\/lospoliticosveracruz.com\\\/?s={search_term_string}\"},\"query-input\":{\"@type\":\"PropertyValueSpecification\",\"valueRequired\":true,\"valueName\":\"search_term_string\"}}],\"inLanguage\":\"es\"},{\"@type\":\"Organization\",\"@id\":\"https:\\\/\\\/lospoliticosveracruz.com\\\/#organization\",\"name\":\"Los pol\u00edticos Veracruz\",\"url\":\"https:\\\/\\\/lospoliticosveracruz.com\\\/\",\"logo\":{\"@type\":\"ImageObject\",\"inLanguage\":\"es\",\"@id\":\"https:\\\/\\\/lospoliticosveracruz.com\\\/#\\\/schema\\\/logo\\\/image\\\/\",\"url\":\"https:\\\/\\\/lospoliticosveracruz.com\\\/wp-content\\\/uploads\\\/2025\\\/12\\\/Logo-Nuevo-LOS-POLITICOS-1.jpg\",\"contentUrl\":\"https:\\\/\\\/lospoliticosveracruz.com\\\/wp-content\\\/uploads\\\/2025\\\/12\\\/Logo-Nuevo-LOS-POLITICOS-1.jpg\",\"width\":260,\"height\":70,\"caption\":\"Los pol\u00edticos Veracruz\"},\"image\":{\"@id\":\"https:\\\/\\\/lospoliticosveracruz.com\\\/#\\\/schema\\\/logo\\\/image\\\/\"},\"sameAs\":[\"https:\\\/\\\/www.facebook.com\\\/people\\\/Notimemes-de-los-Polticos\\\/61565672886568\\\/\",\"https:\\\/\\\/x.com\\\/LosPoliticosVer\"]},{\"@type\":\"Person\",\"@id\":\"https:\\\/\\\/lospoliticosveracruz.com\\\/#\\\/schema\\\/person\\\/b8702bb0e538456e6efd07080bf2a4a2\",\"name\":\"Lo viste en Los Pol\u00edticos\",\"image\":{\"@type\":\"ImageObject\",\"inLanguage\":\"es\",\"@id\":\"https:\\\/\\\/secure.gravatar.com\\\/avatar\\\/3a8de04a2656d44082be478bd6c086daa447c4651605818287b9532d3d0bd435?s=96&d=mm&r=g\",\"url\":\"https:\\\/\\\/secure.gravatar.com\\\/avatar\\\/3a8de04a2656d44082be478bd6c086daa447c4651605818287b9532d3d0bd435?s=96&d=mm&r=g\",\"contentUrl\":\"https:\\\/\\\/secure.gravatar.com\\\/avatar\\\/3a8de04a2656d44082be478bd6c086daa447c4651605818287b9532d3d0bd435?s=96&d=mm&r=g\",\"caption\":\"Lo viste en Los Pol\u00edticos\"},\"url\":\"https:\\\/\\\/lospoliticosveracruz.com\\\/?author=2\"}]}<\/script>\n<!-- \/ Yoast SEO plugin. -->","yoast_head_json":{"title":"Las bondades del PRI - Los pol\u00edticos Veracruz","robots":{"index":"index","follow":"follow","max-snippet":"max-snippet:-1","max-image-preview":"max-image-preview:large","max-video-preview":"max-video-preview:-1"},"canonical":"https:\/\/lospoliticosveracruz.com\/?p=36693","og_locale":"es_ES","og_type":"article","og_title":"Las bondades del PRI - Los pol\u00edticos Veracruz","og_description":"Salvador Mu\u00f1oz Los Pol\u00edticos &nbsp; &nbsp; Insisto: El \u201cdesprendimiento\u201d de los partidos pol\u00edticos de sus prerrogativas para que se recanalicen en favor de los damnificados por los temblores no exhibe la bondad de estos institutos, sino la oportunidad que tiene la sociedad para ahora s\u00ed, exigir desaparecer el financiamiento p\u00fablico a los partidos, como lo [&hellip;]","og_url":"https:\/\/lospoliticosveracruz.com\/?p=36693","og_site_name":"Los pol\u00edticos Veracruz","article_publisher":"https:\/\/www.facebook.com\/people\/Notimemes-de-los-Polticos\/61565672886568\/","article_published_time":"2017-09-26T03:55:19+00:00","og_image":[{"width":200,"height":200,"url":"https:\/\/lospoliticosveracruz.com\/wp-content\/uploads\/2016\/07\/Logo-Dor.jpg","type":"image\/jpeg"}],"author":"Lo viste en Los Pol\u00edticos","twitter_card":"summary_large_image","twitter_creator":"@LosPoliticosVer","twitter_site":"@LosPoliticosVer","twitter_misc":{"Escrito por":"Lo viste en Los Pol\u00edticos","Tiempo de lectura":"3 minutos"},"schema":{"@context":"https:\/\/schema.org","@graph":[{"@type":"Article","@id":"https:\/\/lospoliticosveracruz.com\/?p=36693#article","isPartOf":{"@id":"https:\/\/lospoliticosveracruz.com\/?p=36693"},"author":{"name":"Lo viste en Los Pol\u00edticos","@id":"https:\/\/lospoliticosveracruz.com\/#\/schema\/person\/b8702bb0e538456e6efd07080bf2a4a2"},"headline":"Las bondades del PRI","datePublished":"2017-09-26T03:55:19+00:00","mainEntityOfPage":{"@id":"https:\/\/lospoliticosveracruz.com\/?p=36693"},"wordCount":631,"commentCount":0,"publisher":{"@id":"https:\/\/lospoliticosveracruz.com\/#organization"},"keywords":["Enrique Ochoa","plurinominales","Prerrogativas de partidos pol\u00edticos","PRI","Sismo"],"articleSection":["De Opini\u00f3n"],"inLanguage":"es","potentialAction":[{"@type":"CommentAction","name":"Comment","target":["https:\/\/lospoliticosveracruz.com\/?p=36693#respond"]}]},{"@type":"WebPage","@id":"https:\/\/lospoliticosveracruz.com\/?p=36693","url":"https:\/\/lospoliticosveracruz.com\/?p=36693","name":"Las bondades del PRI - Los pol\u00edticos Veracruz","isPartOf":{"@id":"https:\/\/lospoliticosveracruz.com\/#website"},"datePublished":"2017-09-26T03:55:19+00:00","breadcrumb":{"@id":"https:\/\/lospoliticosveracruz.com\/?p=36693#breadcrumb"},"inLanguage":"es","potentialAction":[{"@type":"ReadAction","target":["https:\/\/lospoliticosveracruz.com\/?p=36693"]}]},{"@type":"BreadcrumbList","@id":"https:\/\/lospoliticosveracruz.com\/?p=36693#breadcrumb","itemListElement":[{"@type":"ListItem","position":1,"name":"Portada","item":"https:\/\/lospoliticosveracruz.com\/"},{"@type":"ListItem","position":2,"name":"Las bondades del PRI"}]},{"@type":"WebSite","@id":"https:\/\/lospoliticosveracruz.com\/#website","url":"https:\/\/lospoliticosveracruz.com\/","name":"Los pol\u00edticos Veracruz","description":"","publisher":{"@id":"https:\/\/lospoliticosveracruz.com\/#organization"},"potentialAction":[{"@type":"SearchAction","target":{"@type":"EntryPoint","urlTemplate":"https:\/\/lospoliticosveracruz.com\/?s={search_term_string}"},"query-input":{"@type":"PropertyValueSpecification","valueRequired":true,"valueName":"search_term_string"}}],"inLanguage":"es"},{"@type":"Organization","@id":"https:\/\/lospoliticosveracruz.com\/#organization","name":"Los pol\u00edticos Veracruz","url":"https:\/\/lospoliticosveracruz.com\/","logo":{"@type":"ImageObject","inLanguage":"es","@id":"https:\/\/lospoliticosveracruz.com\/#\/schema\/logo\/image\/","url":"https:\/\/lospoliticosveracruz.com\/wp-content\/uploads\/2025\/12\/Logo-Nuevo-LOS-POLITICOS-1.jpg","contentUrl":"https:\/\/lospoliticosveracruz.com\/wp-content\/uploads\/2025\/12\/Logo-Nuevo-LOS-POLITICOS-1.jpg","width":260,"height":70,"caption":"Los pol\u00edticos Veracruz"},"image":{"@id":"https:\/\/lospoliticosveracruz.com\/#\/schema\/logo\/image\/"},"sameAs":["https:\/\/www.facebook.com\/people\/Notimemes-de-los-Polticos\/61565672886568\/","https:\/\/x.com\/LosPoliticosVer"]},{"@type":"Person","@id":"https:\/\/lospoliticosveracruz.com\/#\/schema\/person\/b8702bb0e538456e6efd07080bf2a4a2","name":"Lo viste en Los Pol\u00edticos","image":{"@type":"ImageObject","inLanguage":"es","@id":"https:\/\/secure.gravatar.com\/avatar\/3a8de04a2656d44082be478bd6c086daa447c4651605818287b9532d3d0bd435?s=96&d=mm&r=g","url":"https:\/\/secure.gravatar.com\/avatar\/3a8de04a2656d44082be478bd6c086daa447c4651605818287b9532d3d0bd435?s=96&d=mm&r=g","contentUrl":"https:\/\/secure.gravatar.com\/avatar\/3a8de04a2656d44082be478bd6c086daa447c4651605818287b9532d3d0bd435?s=96&d=mm&r=g","caption":"Lo viste en Los Pol\u00edticos"},"url":"https:\/\/lospoliticosveracruz.com\/?author=2"}]}},"_links":{"self":[{"href":"https:\/\/lospoliticosveracruz.com\/index.php?rest_route=\/wp\/v2\/posts\/36693","targetHints":{"allow":["GET"]}}],"collection":[{"href":"https:\/\/lospoliticosveracruz.com\/index.php?rest_route=\/wp\/v2\/posts"}],"about":[{"href":"https:\/\/lospoliticosveracruz.com\/index.php?rest_route=\/wp\/v2\/types\/post"}],"author":[{"embeddable":true,"href":"https:\/\/lospoliticosveracruz.com\/index.php?rest_route=\/wp\/v2\/users\/2"}],"replies":[{"embeddable":true,"href":"https:\/\/lospoliticosveracruz.com\/index.php?rest_route=%2Fwp%2Fv2%2Fcomments&post=36693"}],"version-history":[{"count":1,"href":"https:\/\/lospoliticosveracruz.com\/index.php?rest_route=\/wp\/v2\/posts\/36693\/revisions"}],"predecessor-version":[{"id":36694,"href":"https:\/\/lospoliticosveracruz.com\/index.php?rest_route=\/wp\/v2\/posts\/36693\/revisions\/36694"}],"wp:attachment":[{"href":"https:\/\/lospoliticosveracruz.com\/index.php?rest_route=%2Fwp%2Fv2%2Fmedia&parent=36693"}],"wp:term":[{"taxonomy":"category","embeddable":true,"href":"https:\/\/lospoliticosveracruz.com\/index.php?rest_route=%2Fwp%2Fv2%2Fcategories&post=36693"},{"taxonomy":"post_tag","embeddable":true,"href":"https:\/\/lospoliticosveracruz.com\/index.php?rest_route=%2Fwp%2Fv2%2Ftags&post=36693"}],"curies":[{"name":"wp","href":"https:\/\/api.w.org\/{rel}","templated":true}]}}