{"id":36852,"date":"2017-10-03T10:17:52","date_gmt":"2017-10-03T15:17:52","guid":{"rendered":"http:\/\/www.lospoliticosveracruz.com.mx\/?p=36852"},"modified":"2017-10-03T10:17:52","modified_gmt":"2017-10-03T15:17:52","slug":"impostergable-terminar-con-la-irresponsabilidad","status":"publish","type":"post","link":"https:\/\/lospoliticosveracruz.com\/?p=36852","title":{"rendered":"Impostergable terminar con la irresponsabilidad"},"content":{"rendered":"<p class=\"x_m_8367670894814823681Standard\" style=\"text-align: left;\" align=\"center\"><strong>Ricardo V\u00e1zquez Salazar<\/strong><\/p>\n<p class=\"x_m_8367670894814823681Standard\" style=\"text-align: left;\" align=\"center\"><em>Esfera Pol\u00edtica<\/em><\/p>\n<p class=\"x_m_8367670894814823681Textbody\" style=\"text-align: left;\" align=\"center\"><b><\/b><span lang=\"ES-MX\">La guerra de denuncias comienza a tomar fuerza, en torno a quienes de una y otra forma contribuyeron a que la desgracia se hiciera mayor, los responsables que con su irresponsabilidad pusieron su grano de arena para que impactaran m\u00e1s los efectos del terremoto del 19 de septiembre pasado, que las consecuencias fueran mayores. En primer t\u00e9rmino por el n\u00famero de personas fallecidas, en la CDMX lleg\u00f3 a 221; 25 hospitalizadas, cuatro est\u00e1n graves. En la delegaci\u00f3n Benito Ju\u00e1rez se inform\u00f3 de 45 edificios derrumbados por el sismo, 32 con \u201criesgo inminente\u201d de caer; en la Cuauht\u00e9moc se documentaron 27 edificios desplomados y 24 est\u00e1n a punto de desplomarse. Estas dos delegaciones las m\u00e1s afectadas, aunque hay otras como la Tlalpan en la que se ubicaba el Colegio R\u00e9bsamen en el que fallecieron 37 personas, 21 eran ni\u00f1os.<\/span><\/p>\n<p class=\"x_MsoNormal\"><span lang=\"ES-MX\">Se han abierto 140 carpetas de investigaci\u00f3n por los delitos de homicidio culposo, fraude y cambio de uso de suelo relacionados con el desastre ocurrido. Si se pensara que van a proceder penalmente en contra de los constructores, empresarios y servidores p\u00fablicos irresponsables, en dado caso de que as\u00ed llegara a suceder, de cualquier manera no le va a devolver la vida a quienes fallecieron en los derrumbes.<\/span><\/p>\n<p class=\"x_MsoNormal\"><span lang=\"ES-MX\">El punto es corregir, enderezar, evitar en lo mayor posible que la corrupci\u00f3n y la irresponsabilidad sigan acabando con la vida de m\u00e1s inocentes.<\/span><\/p>\n<p class=\"x_MsoNormal\"><span lang=\"ES-MX\">No es posible decir que son hechos aislados que en territorio mexicano se hayan presentado cinco mil 071 sismos durante el mes de septiembre, 17 han sido con intensidades macros\u00edsmicas que van de moderada a fuerte, en mayor n\u00famero ocurridos en Chiapas y Oaxaca.<\/span><\/p>\n<p class=\"x_MsoNormal\"><span lang=\"ES-MX\">Lo preocupante es que si bien es cierto no hay manera de pronosticar los movimientos tel\u00faricos, reconocidos especialistas en la materia nos recuerdan las entidades localizadas e identificadas como de alta sismicidad entre las que se encuentra la ciudad de M\u00e9xico; hablan de una inminente sacudida de magnitud considerable de la que desconocen cuando pueda ocurrir. La secuencia de sacudidas no se puede soslayar, no es conveniente. \u00a0\u00a0\u00a0<\/span><\/p>\n<p class=\"x_MsoNormal\"><span lang=\"ES-MX\">Al tomar en cuenta lo anterior, la situaci\u00f3n se torna m\u00e1s grave, desafortunadamente, por la raz\u00f3n de que circulan m\u00e1s de 5 mil mensajes solicitando ayuda para evaluar inmuebles da\u00f1ados, de los que han calificado a ojo de buen cubero 3 mil edificios en posible riesgo de colapso. Lo alarmante es que no se cuenta con el recurso humano suficiente para llevar a cabo la labor tit\u00e1nica de evaluar las construcciones afectadas.<\/span><\/p>\n<p class=\"x_MsoNormal\"><span lang=\"ES-MX\">El riesgo de sismos no es solamente para la CDMX, es tambi\u00e9n para todos los estados susceptibles y en los que se siente con intensidad los efectos.<\/span><\/p>\n<p class=\"x_MsoNormal\"><span lang=\"ES-MX\">La tragedia del Colegio R\u00e9bsamen es para tomarla muy en cuenta. En todo el pa\u00eds existen miles de escuelas establecidas en edificios improvisados, en construcciones que aparte de no cumplir con la normatividad actual, en principio de cuentas son inmuebles que no fueron proyectados para operar como planteles educativos, para cargar peso en exceso, por el volumen de mobiliario y equipo, el n\u00famero de alumnos, personal docente y dem\u00e1s.\u00a0 \u00a0\u00a0<\/span><\/p>\n<p class=\"x_MsoNormal\"><span lang=\"ES-MX\">Deficiencias, irresponsabilidad y podredumbre se convierten en peligros mayores para los ciudadanos. Se desenmascar\u00f3 el enga\u00f1o de empresas constructoras que ofrecen departamentos en edificios supuestamente resistentes a terremotos, varios se desplomaron, otros est\u00e1n seriamente afectados y fueron desalojados, en Ciudad de M\u00e9xico, Puebla y Morelos.<\/span><\/p>\n<p class=\"x_MsoNormal\"><span lang=\"ES-MX\">El inventario de edificaciones que no re\u00fanen las condiciones necesarias para ser habitadas es muy extenso, obras que no ofrecen ninguna garant\u00eda real de seguridad \u2013bueno si lo ofrecen, con tal de vender o rentar sus espacios- son una farsa, un enga\u00f1o, un aut\u00e9ntico peligro.<\/span><\/p>\n<p class=\"x_MsoNormal\"><span lang=\"ES-MX\">Son m\u00faltiples las \u00e1reas supuestamente comprometidas para evitar que las consecuencias de los desastres naturales sean mayores, qued\u00f3 demostrado el pasado 19 de septiembre que eso es en teor\u00eda; se echan la pelota unos a otros funcionarios y ex funcionarios: jefes delegacionales, Obras p\u00fablicas, Desarrollo Territorial\u00a0 Urbano, Vivienda, Educaci\u00f3n, Protecci\u00f3n Civil, funcionan muchas veces \u00fanicamente como \u00e1reas proveedoras de cargos p\u00fablicos, exentos de responsabilidades.\u00a0 \u00a0\u00a0<\/span><\/p>\n<p class=\"x_MsoNormal\"><span lang=\"ES-MX\">Los puntos que empeoran los sucesos son cuantiosos. Los anuncios espectaculares en las azoteas de los edificios aumenta el riesgo de derrumbe y muerte para la poblaci\u00f3n. Un anuncio espectacular pesa entre 5 y hasta 20 toneladas y miden 7 por 12 metros, lo que representa pr\u00e1cticamente colocar otro piso m\u00e1s a los edificios. El 19-S tambi\u00e9n puso al descubierto irregularidades y corrupci\u00f3n sobre este tema. Se dio a conocer que en total hay 8 mil anuncios espectaculares en la CDMX, hay quienes afirman que la cifra real puede ser el doble o m\u00e1s. Informaci\u00f3n oficial detalla que 85 por ciento de los anuncios espectaculares se coloca en edificios con uso habitacional. S\u00f3lo en 3 de las 32 entidades del pa\u00eds y de los 2 mil 446 municipios, \u00fanicamente 73, tienen reglamentos sobre publicidad exterior.<\/span><\/p>\n<p class=\"x_MsoNormal\"><span lang=\"ES-MX\">Y as\u00ed ocurre con las exigencias que no son atendidas, a todo lo largo y ancho de territorio mexicano, hasta despu\u00e9s del ni\u00f1o ahogado o sepultado entre escombros de derrumbe act\u00faan.<\/span><\/p>\n<p class=\"x_MsoNormal\"><span lang=\"ES-MX\">La poblaci\u00f3n espera que act\u00faen. \u00a0<\/span><\/p>\n<p><a href=\"mailto:rvazquez002@yahoo.com.mx\" target=\"_blank\" rel=\"noopener noreferrer\"><span lang=\"ES-MX\">rvazquez002@yahoo.com.mx<\/span><\/a><\/p>\n","protected":false},"excerpt":{"rendered":"<p>Ricardo V\u00e1zquez Salazar Esfera Pol\u00edtica La guerra de denuncias comienza a tomar fuerza, en torno a quienes de una y otra forma contribuyeron a que la desgracia se hiciera mayor, los responsables que con su irresponsabilidad pusieron su grano de arena para que impactaran m\u00e1s los efectos del terremoto del 19 de septiembre pasado, que [&hellip;]<\/p>\n","protected":false},"author":2,"featured_media":0,"comment_status":"open","ping_status":"open","sticky":false,"template":"","format":"standard","meta":{"tdm_status":"","tdm_grid_status":"","footnotes":""},"categories":[70],"tags":[3795,282,5939,9601],"class_list":{"0":"post-36852","1":"post","2":"type-post","3":"status-publish","4":"format-standard","6":"category-de-opinion","7":"tag-ciudad-de-mexico","8":"tag-corrupcion","9":"tag-espectaculares","10":"tag-sismo-19-s"},"yoast_head":"<!-- This site is optimized with the Yoast SEO plugin v27.4 - https:\/\/yoast.com\/product\/yoast-seo-wordpress\/ -->\n<title>Impostergable terminar con la irresponsabilidad - Los pol\u00edticos Veracruz<\/title>\n<meta name=\"robots\" content=\"index, follow, max-snippet:-1, max-image-preview:large, max-video-preview:-1\" \/>\n<link rel=\"canonical\" href=\"https:\/\/lospoliticosveracruz.com\/?p=36852\" \/>\n<meta property=\"og:locale\" content=\"es_ES\" \/>\n<meta property=\"og:type\" content=\"article\" \/>\n<meta property=\"og:title\" content=\"Impostergable terminar con la irresponsabilidad - Los pol\u00edticos Veracruz\" \/>\n<meta property=\"og:description\" content=\"Ricardo V\u00e1zquez Salazar Esfera Pol\u00edtica La guerra de denuncias comienza a tomar fuerza, en torno a quienes de una y otra forma contribuyeron a que la desgracia se hiciera mayor, los responsables que con su irresponsabilidad pusieron su grano de arena para que impactaran m\u00e1s los efectos del terremoto del 19 de septiembre pasado, que [&hellip;]\" \/>\n<meta property=\"og:url\" content=\"https:\/\/lospoliticosveracruz.com\/?p=36852\" \/>\n<meta property=\"og:site_name\" content=\"Los pol\u00edticos Veracruz\" \/>\n<meta property=\"article:publisher\" content=\"https:\/\/www.facebook.com\/people\/Notimemes-de-los-Polticos\/61565672886568\/\" \/>\n<meta property=\"article:published_time\" content=\"2017-10-03T15:17:52+00:00\" \/>\n<meta property=\"og:image\" content=\"https:\/\/lospoliticosveracruz.com\/wp-content\/uploads\/2016\/07\/Logo-Dor.jpg\" \/>\n\t<meta property=\"og:image:width\" content=\"200\" \/>\n\t<meta property=\"og:image:height\" content=\"200\" \/>\n\t<meta property=\"og:image:type\" content=\"image\/jpeg\" \/>\n<meta name=\"author\" content=\"Lo viste en Los Pol\u00edticos\" \/>\n<meta name=\"twitter:card\" content=\"summary_large_image\" \/>\n<meta name=\"twitter:creator\" content=\"@LosPoliticosVer\" \/>\n<meta name=\"twitter:site\" content=\"@LosPoliticosVer\" \/>\n<meta name=\"twitter:label1\" content=\"Escrito por\" \/>\n\t<meta name=\"twitter:data1\" content=\"Lo viste en Los Pol\u00edticos\" \/>\n\t<meta name=\"twitter:label2\" content=\"Tiempo de lectura\" \/>\n\t<meta name=\"twitter:data2\" content=\"4 minutos\" \/>\n<script type=\"application\/ld+json\" class=\"yoast-schema-graph\">{\"@context\":\"https:\\\/\\\/schema.org\",\"@graph\":[{\"@type\":\"Article\",\"@id\":\"https:\\\/\\\/lospoliticosveracruz.com\\\/?p=36852#article\",\"isPartOf\":{\"@id\":\"https:\\\/\\\/lospoliticosveracruz.com\\\/?p=36852\"},\"author\":{\"name\":\"Lo viste en Los Pol\u00edticos\",\"@id\":\"https:\\\/\\\/lospoliticosveracruz.com\\\/#\\\/schema\\\/person\\\/b8702bb0e538456e6efd07080bf2a4a2\"},\"headline\":\"Impostergable terminar con la irresponsabilidad\",\"datePublished\":\"2017-10-03T15:17:52+00:00\",\"mainEntityOfPage\":{\"@id\":\"https:\\\/\\\/lospoliticosveracruz.com\\\/?p=36852\"},\"wordCount\":881,\"commentCount\":0,\"publisher\":{\"@id\":\"https:\\\/\\\/lospoliticosveracruz.com\\\/#organization\"},\"keywords\":[\"Ciudad de M\u00e9xico\",\"corrupci\u00f3n\",\"espectaculares\",\"Sismo 19-S\"],\"articleSection\":[\"De Opini\u00f3n\"],\"inLanguage\":\"es\",\"potentialAction\":[{\"@type\":\"CommentAction\",\"name\":\"Comment\",\"target\":[\"https:\\\/\\\/lospoliticosveracruz.com\\\/?p=36852#respond\"]}]},{\"@type\":\"WebPage\",\"@id\":\"https:\\\/\\\/lospoliticosveracruz.com\\\/?p=36852\",\"url\":\"https:\\\/\\\/lospoliticosveracruz.com\\\/?p=36852\",\"name\":\"Impostergable terminar con la irresponsabilidad - Los pol\u00edticos Veracruz\",\"isPartOf\":{\"@id\":\"https:\\\/\\\/lospoliticosveracruz.com\\\/#website\"},\"datePublished\":\"2017-10-03T15:17:52+00:00\",\"breadcrumb\":{\"@id\":\"https:\\\/\\\/lospoliticosveracruz.com\\\/?p=36852#breadcrumb\"},\"inLanguage\":\"es\",\"potentialAction\":[{\"@type\":\"ReadAction\",\"target\":[\"https:\\\/\\\/lospoliticosveracruz.com\\\/?p=36852\"]}]},{\"@type\":\"BreadcrumbList\",\"@id\":\"https:\\\/\\\/lospoliticosveracruz.com\\\/?p=36852#breadcrumb\",\"itemListElement\":[{\"@type\":\"ListItem\",\"position\":1,\"name\":\"Portada\",\"item\":\"https:\\\/\\\/lospoliticosveracruz.com\\\/\"},{\"@type\":\"ListItem\",\"position\":2,\"name\":\"Impostergable terminar con la irresponsabilidad\"}]},{\"@type\":\"WebSite\",\"@id\":\"https:\\\/\\\/lospoliticosveracruz.com\\\/#website\",\"url\":\"https:\\\/\\\/lospoliticosveracruz.com\\\/\",\"name\":\"Los pol\u00edticos Veracruz\",\"description\":\"\",\"publisher\":{\"@id\":\"https:\\\/\\\/lospoliticosveracruz.com\\\/#organization\"},\"potentialAction\":[{\"@type\":\"SearchAction\",\"target\":{\"@type\":\"EntryPoint\",\"urlTemplate\":\"https:\\\/\\\/lospoliticosveracruz.com\\\/?s={search_term_string}\"},\"query-input\":{\"@type\":\"PropertyValueSpecification\",\"valueRequired\":true,\"valueName\":\"search_term_string\"}}],\"inLanguage\":\"es\"},{\"@type\":\"Organization\",\"@id\":\"https:\\\/\\\/lospoliticosveracruz.com\\\/#organization\",\"name\":\"Los pol\u00edticos Veracruz\",\"url\":\"https:\\\/\\\/lospoliticosveracruz.com\\\/\",\"logo\":{\"@type\":\"ImageObject\",\"inLanguage\":\"es\",\"@id\":\"https:\\\/\\\/lospoliticosveracruz.com\\\/#\\\/schema\\\/logo\\\/image\\\/\",\"url\":\"https:\\\/\\\/lospoliticosveracruz.com\\\/wp-content\\\/uploads\\\/2025\\\/12\\\/Logo-Nuevo-LOS-POLITICOS-1.jpg\",\"contentUrl\":\"https:\\\/\\\/lospoliticosveracruz.com\\\/wp-content\\\/uploads\\\/2025\\\/12\\\/Logo-Nuevo-LOS-POLITICOS-1.jpg\",\"width\":260,\"height\":70,\"caption\":\"Los pol\u00edticos Veracruz\"},\"image\":{\"@id\":\"https:\\\/\\\/lospoliticosveracruz.com\\\/#\\\/schema\\\/logo\\\/image\\\/\"},\"sameAs\":[\"https:\\\/\\\/www.facebook.com\\\/people\\\/Notimemes-de-los-Polticos\\\/61565672886568\\\/\",\"https:\\\/\\\/x.com\\\/LosPoliticosVer\"]},{\"@type\":\"Person\",\"@id\":\"https:\\\/\\\/lospoliticosveracruz.com\\\/#\\\/schema\\\/person\\\/b8702bb0e538456e6efd07080bf2a4a2\",\"name\":\"Lo viste en Los Pol\u00edticos\",\"image\":{\"@type\":\"ImageObject\",\"inLanguage\":\"es\",\"@id\":\"https:\\\/\\\/secure.gravatar.com\\\/avatar\\\/3a8de04a2656d44082be478bd6c086daa447c4651605818287b9532d3d0bd435?s=96&d=mm&r=g\",\"url\":\"https:\\\/\\\/secure.gravatar.com\\\/avatar\\\/3a8de04a2656d44082be478bd6c086daa447c4651605818287b9532d3d0bd435?s=96&d=mm&r=g\",\"contentUrl\":\"https:\\\/\\\/secure.gravatar.com\\\/avatar\\\/3a8de04a2656d44082be478bd6c086daa447c4651605818287b9532d3d0bd435?s=96&d=mm&r=g\",\"caption\":\"Lo viste en Los Pol\u00edticos\"},\"url\":\"https:\\\/\\\/lospoliticosveracruz.com\\\/?author=2\"}]}<\/script>\n<!-- \/ Yoast SEO plugin. -->","yoast_head_json":{"title":"Impostergable terminar con la irresponsabilidad - Los pol\u00edticos Veracruz","robots":{"index":"index","follow":"follow","max-snippet":"max-snippet:-1","max-image-preview":"max-image-preview:large","max-video-preview":"max-video-preview:-1"},"canonical":"https:\/\/lospoliticosveracruz.com\/?p=36852","og_locale":"es_ES","og_type":"article","og_title":"Impostergable terminar con la irresponsabilidad - Los pol\u00edticos Veracruz","og_description":"Ricardo V\u00e1zquez Salazar Esfera Pol\u00edtica La guerra de denuncias comienza a tomar fuerza, en torno a quienes de una y otra forma contribuyeron a que la desgracia se hiciera mayor, los responsables que con su irresponsabilidad pusieron su grano de arena para que impactaran m\u00e1s los efectos del terremoto del 19 de septiembre pasado, que [&hellip;]","og_url":"https:\/\/lospoliticosveracruz.com\/?p=36852","og_site_name":"Los pol\u00edticos Veracruz","article_publisher":"https:\/\/www.facebook.com\/people\/Notimemes-de-los-Polticos\/61565672886568\/","article_published_time":"2017-10-03T15:17:52+00:00","og_image":[{"width":200,"height":200,"url":"https:\/\/lospoliticosveracruz.com\/wp-content\/uploads\/2016\/07\/Logo-Dor.jpg","type":"image\/jpeg"}],"author":"Lo viste en Los Pol\u00edticos","twitter_card":"summary_large_image","twitter_creator":"@LosPoliticosVer","twitter_site":"@LosPoliticosVer","twitter_misc":{"Escrito por":"Lo viste en Los Pol\u00edticos","Tiempo de lectura":"4 minutos"},"schema":{"@context":"https:\/\/schema.org","@graph":[{"@type":"Article","@id":"https:\/\/lospoliticosveracruz.com\/?p=36852#article","isPartOf":{"@id":"https:\/\/lospoliticosveracruz.com\/?p=36852"},"author":{"name":"Lo viste en Los Pol\u00edticos","@id":"https:\/\/lospoliticosveracruz.com\/#\/schema\/person\/b8702bb0e538456e6efd07080bf2a4a2"},"headline":"Impostergable terminar con la irresponsabilidad","datePublished":"2017-10-03T15:17:52+00:00","mainEntityOfPage":{"@id":"https:\/\/lospoliticosveracruz.com\/?p=36852"},"wordCount":881,"commentCount":0,"publisher":{"@id":"https:\/\/lospoliticosveracruz.com\/#organization"},"keywords":["Ciudad de M\u00e9xico","corrupci\u00f3n","espectaculares","Sismo 19-S"],"articleSection":["De Opini\u00f3n"],"inLanguage":"es","potentialAction":[{"@type":"CommentAction","name":"Comment","target":["https:\/\/lospoliticosveracruz.com\/?p=36852#respond"]}]},{"@type":"WebPage","@id":"https:\/\/lospoliticosveracruz.com\/?p=36852","url":"https:\/\/lospoliticosveracruz.com\/?p=36852","name":"Impostergable terminar con la irresponsabilidad - Los pol\u00edticos Veracruz","isPartOf":{"@id":"https:\/\/lospoliticosveracruz.com\/#website"},"datePublished":"2017-10-03T15:17:52+00:00","breadcrumb":{"@id":"https:\/\/lospoliticosveracruz.com\/?p=36852#breadcrumb"},"inLanguage":"es","potentialAction":[{"@type":"ReadAction","target":["https:\/\/lospoliticosveracruz.com\/?p=36852"]}]},{"@type":"BreadcrumbList","@id":"https:\/\/lospoliticosveracruz.com\/?p=36852#breadcrumb","itemListElement":[{"@type":"ListItem","position":1,"name":"Portada","item":"https:\/\/lospoliticosveracruz.com\/"},{"@type":"ListItem","position":2,"name":"Impostergable terminar con la irresponsabilidad"}]},{"@type":"WebSite","@id":"https:\/\/lospoliticosveracruz.com\/#website","url":"https:\/\/lospoliticosveracruz.com\/","name":"Los pol\u00edticos Veracruz","description":"","publisher":{"@id":"https:\/\/lospoliticosveracruz.com\/#organization"},"potentialAction":[{"@type":"SearchAction","target":{"@type":"EntryPoint","urlTemplate":"https:\/\/lospoliticosveracruz.com\/?s={search_term_string}"},"query-input":{"@type":"PropertyValueSpecification","valueRequired":true,"valueName":"search_term_string"}}],"inLanguage":"es"},{"@type":"Organization","@id":"https:\/\/lospoliticosveracruz.com\/#organization","name":"Los pol\u00edticos Veracruz","url":"https:\/\/lospoliticosveracruz.com\/","logo":{"@type":"ImageObject","inLanguage":"es","@id":"https:\/\/lospoliticosveracruz.com\/#\/schema\/logo\/image\/","url":"https:\/\/lospoliticosveracruz.com\/wp-content\/uploads\/2025\/12\/Logo-Nuevo-LOS-POLITICOS-1.jpg","contentUrl":"https:\/\/lospoliticosveracruz.com\/wp-content\/uploads\/2025\/12\/Logo-Nuevo-LOS-POLITICOS-1.jpg","width":260,"height":70,"caption":"Los pol\u00edticos Veracruz"},"image":{"@id":"https:\/\/lospoliticosveracruz.com\/#\/schema\/logo\/image\/"},"sameAs":["https:\/\/www.facebook.com\/people\/Notimemes-de-los-Polticos\/61565672886568\/","https:\/\/x.com\/LosPoliticosVer"]},{"@type":"Person","@id":"https:\/\/lospoliticosveracruz.com\/#\/schema\/person\/b8702bb0e538456e6efd07080bf2a4a2","name":"Lo viste en Los Pol\u00edticos","image":{"@type":"ImageObject","inLanguage":"es","@id":"https:\/\/secure.gravatar.com\/avatar\/3a8de04a2656d44082be478bd6c086daa447c4651605818287b9532d3d0bd435?s=96&d=mm&r=g","url":"https:\/\/secure.gravatar.com\/avatar\/3a8de04a2656d44082be478bd6c086daa447c4651605818287b9532d3d0bd435?s=96&d=mm&r=g","contentUrl":"https:\/\/secure.gravatar.com\/avatar\/3a8de04a2656d44082be478bd6c086daa447c4651605818287b9532d3d0bd435?s=96&d=mm&r=g","caption":"Lo viste en Los Pol\u00edticos"},"url":"https:\/\/lospoliticosveracruz.com\/?author=2"}]}},"_links":{"self":[{"href":"https:\/\/lospoliticosveracruz.com\/index.php?rest_route=\/wp\/v2\/posts\/36852","targetHints":{"allow":["GET"]}}],"collection":[{"href":"https:\/\/lospoliticosveracruz.com\/index.php?rest_route=\/wp\/v2\/posts"}],"about":[{"href":"https:\/\/lospoliticosveracruz.com\/index.php?rest_route=\/wp\/v2\/types\/post"}],"author":[{"embeddable":true,"href":"https:\/\/lospoliticosveracruz.com\/index.php?rest_route=\/wp\/v2\/users\/2"}],"replies":[{"embeddable":true,"href":"https:\/\/lospoliticosveracruz.com\/index.php?rest_route=%2Fwp%2Fv2%2Fcomments&post=36852"}],"version-history":[{"count":2,"href":"https:\/\/lospoliticosveracruz.com\/index.php?rest_route=\/wp\/v2\/posts\/36852\/revisions"}],"predecessor-version":[{"id":36854,"href":"https:\/\/lospoliticosveracruz.com\/index.php?rest_route=\/wp\/v2\/posts\/36852\/revisions\/36854"}],"wp:attachment":[{"href":"https:\/\/lospoliticosveracruz.com\/index.php?rest_route=%2Fwp%2Fv2%2Fmedia&parent=36852"}],"wp:term":[{"taxonomy":"category","embeddable":true,"href":"https:\/\/lospoliticosveracruz.com\/index.php?rest_route=%2Fwp%2Fv2%2Fcategories&post=36852"},{"taxonomy":"post_tag","embeddable":true,"href":"https:\/\/lospoliticosveracruz.com\/index.php?rest_route=%2Fwp%2Fv2%2Ftags&post=36852"}],"curies":[{"name":"wp","href":"https:\/\/api.w.org\/{rel}","templated":true}]}}