{"id":36855,"date":"2017-10-03T10:13:09","date_gmt":"2017-10-03T15:13:09","guid":{"rendered":"http:\/\/www.lospoliticosveracruz.com.mx\/?p=36855"},"modified":"2017-10-03T10:13:09","modified_gmt":"2017-10-03T15:13:09","slug":"corrupcion-de-pura-sangre","status":"publish","type":"post","link":"https:\/\/lospoliticosveracruz.com\/?p=36855","title":{"rendered":"Corrupci\u00f3n \u201cde pura sangre\u201d"},"content":{"rendered":"<div><b><\/b><b><\/b><strong>Luis Alberto Romero<\/strong><\/div>\n<div>\n<div><em>Hora Cero<\/em><\/div>\n<\/div>\n<div><\/div>\n<div><\/div>\n<div><\/div>\n<div>La corrupci\u00f3n y el saqueo en que habr\u00edan incurrido ex funcionarios de la administraci\u00f3n de Javier Duarte siguen como temas centrales del discurso de la clase gobernante veracruzana.<\/div>\n<div>No hay semana en la que no salga a relucir un presunto acto de corrupci\u00f3n descubierto en las indagatorias.<\/div>\n<div>Este lunes, por ejemplo, inici\u00f3 la semana con el cateo realizado por la autoridad en el Club H\u00edpico Briones, donde incautaron dos yeguas pura sangre, cuya propiedad se atribuye a la ex presidenta del Sistema Estatal para el Desarrollo Integral de la Familia, Karime Mac\u00edas.<\/div>\n<div>Esos animales, muy utilizados para las carreras y para equitaci\u00f3n, tienen un precio estimado en el mercado de m\u00e1s de un mill\u00f3n 200 mil pesos cada uno; es dinero que bien pudo destinarse a la construcci\u00f3n de 5 o 6 aulas, o bien para la compra de medicamentos para personas de escasos recursos.<\/div>\n<div>El caso es que Karime Mac\u00edas habr\u00eda destinado esa cantidad para la compra de al menos dos ejemplares de esa raza, \u201cTroya\u201d y \u201cBehyacinte\u201d. Sin embargo, el n\u00famero de equinos de la esposa de Javier Duarte podr\u00eda aumentar, dado que de los 54 caballos que fueron encontrados en el Club H\u00edpico, s\u00f3lo 10 fueron reclamados por sus propietarios.<\/div>\n<div>El tema fue retomado este lunes por el gobernador Miguel \u00c1ngel Yunes Linares, durante la presentaci\u00f3n del Sistema Estatal Anticorrupci\u00f3n.<\/div>\n<div>El ejecutivo veracruzano pidi\u00f3 que se aceleren y profundicen las investigaciones \u201cque se lleva a cabo para determinar si la ciudadana Karime Mac\u00edas de Duarte hizo uso de recursos p\u00fablicos en beneficio propio, y de ser as\u00ed procesa legalmente\u201d.<\/div>\n<div>Esa situaci\u00f3n deja como blanco fijo a Mac\u00edas Tubilla, de quien se dice que se encuentra en Londres, Inglaterra.<\/div>\n<div>El punto adverso para la esposa de Javier Duarte es que la Fiscal\u00eda General del Estado ha intensificado las indagatorias en su contra; y por si fuera poco, la Procuradur\u00eda General de la Rep\u00fablica tambi\u00e9n le tendr\u00eda en la mira, despu\u00e9s de que el Servicio de Administraci\u00f3n Tributaria realiz\u00f3 las investigaciones relacionadas con las empresas fantasma.<\/div>\n<div>Si a Karime Mac\u00edas le comprueban que sus propiedades, cuentas y activos no concuerdan con sus ingresos declarados, la ex presidenta del DIF estatal podr\u00eda enfrentar un fuerte problema hacendario y penal.<\/div>\n<div>Hasta hoy, Yunes Linares ha cumplido, en la medida de lo posible, con una de las principales demandas de los veracruzanos: que quienes se llenaron los bolsillos con dinero p\u00fablico paguen con c\u00e1rcel por el saqueo. As\u00ed, tras las rejas se encuentran los titulares de Sefiplan, Mauricio Audirac Murillo; de Seguridad P\u00fablica, Arturo Berm\u00fadez Zurita; de Comunicaci\u00f3n Social, Gina Dom\u00ednguez Col\u00edo; y de la Comisi\u00f3n Estatal del Agua, Francisco Valencia. Por supuesto, aunque no en Pacho Viejo, el ex gobernador Javier Duarte tambi\u00e9n se encuentra recluido.<\/div>\n<div>Por supuesto, no son todos; algunos ex funcionarios cuentan con la protecci\u00f3n del fuero: al menos 5 diputados federales y dos legisladores locales que trabajaron muy cerca del ex ejecutivo estatal, hoy preso en el Reclusorio Norte, no han sido molestados; por otro lado, hay varios pr\u00f3fugos de la justicia.<\/div>\n<div>El problema para el actual gobierno estatal y para la Fiscal\u00eda de manera particular es que si uno de los detenidos que permanecen en Pacho Viejo logra recuperar la libertad, como se ha especulado en los casos de Arturo Berm\u00fadez y Gina Dom\u00ednguez, la percepci\u00f3n social no se enfocar\u00e1 en la inocencia del indiciado, sino en un tema de incapacidad de los responsables de la procuraci\u00f3n\u00a0 de justicia. Por otro lado, en dicho escenario jugar\u00e1n un papel determinante los miembros del Poder Judicial del Estado.<\/div>\n<div><\/div>\n<div>@luisromero85<\/div>\n","protected":false},"excerpt":{"rendered":"<p>Luis Alberto Romero Hora Cero La corrupci\u00f3n y el saqueo en que habr\u00edan incurrido ex funcionarios de la administraci\u00f3n de Javier Duarte siguen como temas centrales del discurso de la clase gobernante veracruzana. No hay semana en la que no salga a relucir un presunto acto de corrupci\u00f3n descubierto en las indagatorias. Este lunes, por [&hellip;]<\/p>\n","protected":false},"author":2,"featured_media":0,"comment_status":"open","ping_status":"open","sticky":false,"template":"","format":"standard","meta":{"tdm_status":"","tdm_grid_status":"","footnotes":""},"categories":[70],"tags":[2839,9716,282,260,789],"class_list":{"0":"post-36855","1":"post","2":"type-post","3":"status-publish","4":"format-standard","6":"category-de-opinion","7":"tag-caballos","8":"tag-club-hipico-briones","9":"tag-corrupcion","10":"tag-javier-duarte-de-ochoa","11":"tag-karime-macias"},"yoast_head":"<!-- This site is optimized with the Yoast SEO plugin v27.4 - https:\/\/yoast.com\/product\/yoast-seo-wordpress\/ -->\n<title>Corrupci\u00f3n \u201cde pura sangre\u201d - Los pol\u00edticos Veracruz<\/title>\n<meta name=\"robots\" content=\"index, follow, max-snippet:-1, max-image-preview:large, max-video-preview:-1\" \/>\n<link rel=\"canonical\" href=\"https:\/\/lospoliticosveracruz.com\/?p=36855\" \/>\n<meta property=\"og:locale\" content=\"es_ES\" \/>\n<meta property=\"og:type\" content=\"article\" \/>\n<meta property=\"og:title\" content=\"Corrupci\u00f3n \u201cde pura sangre\u201d - Los pol\u00edticos Veracruz\" \/>\n<meta property=\"og:description\" content=\"Luis Alberto Romero Hora Cero La corrupci\u00f3n y el saqueo en que habr\u00edan incurrido ex funcionarios de la administraci\u00f3n de Javier Duarte siguen como temas centrales del discurso de la clase gobernante veracruzana. No hay semana en la que no salga a relucir un presunto acto de corrupci\u00f3n descubierto en las indagatorias. Este lunes, por [&hellip;]\" \/>\n<meta property=\"og:url\" content=\"https:\/\/lospoliticosveracruz.com\/?p=36855\" \/>\n<meta property=\"og:site_name\" content=\"Los pol\u00edticos Veracruz\" \/>\n<meta property=\"article:publisher\" content=\"https:\/\/www.facebook.com\/people\/Notimemes-de-los-Polticos\/61565672886568\/\" \/>\n<meta property=\"article:published_time\" content=\"2017-10-03T15:13:09+00:00\" \/>\n<meta property=\"og:image\" content=\"https:\/\/lospoliticosveracruz.com\/wp-content\/uploads\/2016\/07\/Logo-Dor.jpg\" \/>\n\t<meta property=\"og:image:width\" content=\"200\" \/>\n\t<meta property=\"og:image:height\" content=\"200\" \/>\n\t<meta property=\"og:image:type\" content=\"image\/jpeg\" \/>\n<meta name=\"author\" content=\"Lo viste en Los Pol\u00edticos\" \/>\n<meta name=\"twitter:card\" content=\"summary_large_image\" \/>\n<meta name=\"twitter:creator\" content=\"@LosPoliticosVer\" \/>\n<meta name=\"twitter:site\" content=\"@LosPoliticosVer\" \/>\n<meta name=\"twitter:label1\" content=\"Escrito por\" \/>\n\t<meta name=\"twitter:data1\" content=\"Lo viste en Los Pol\u00edticos\" \/>\n\t<meta name=\"twitter:label2\" content=\"Tiempo de lectura\" \/>\n\t<meta name=\"twitter:data2\" content=\"3 minutos\" \/>\n<script type=\"application\/ld+json\" class=\"yoast-schema-graph\">{\"@context\":\"https:\\\/\\\/schema.org\",\"@graph\":[{\"@type\":\"Article\",\"@id\":\"https:\\\/\\\/lospoliticosveracruz.com\\\/?p=36855#article\",\"isPartOf\":{\"@id\":\"https:\\\/\\\/lospoliticosveracruz.com\\\/?p=36855\"},\"author\":{\"name\":\"Lo viste en Los Pol\u00edticos\",\"@id\":\"https:\\\/\\\/lospoliticosveracruz.com\\\/#\\\/schema\\\/person\\\/b8702bb0e538456e6efd07080bf2a4a2\"},\"headline\":\"Corrupci\u00f3n \u201cde pura sangre\u201d\",\"datePublished\":\"2017-10-03T15:13:09+00:00\",\"mainEntityOfPage\":{\"@id\":\"https:\\\/\\\/lospoliticosveracruz.com\\\/?p=36855\"},\"wordCount\":643,\"commentCount\":0,\"publisher\":{\"@id\":\"https:\\\/\\\/lospoliticosveracruz.com\\\/#organization\"},\"keywords\":[\"caballos\",\"Club H\u00edpico Briones\",\"corrupci\u00f3n\",\"Javier Duarte de Ochoa\",\"Karime Mac\u00edas\"],\"articleSection\":[\"De Opini\u00f3n\"],\"inLanguage\":\"es\",\"potentialAction\":[{\"@type\":\"CommentAction\",\"name\":\"Comment\",\"target\":[\"https:\\\/\\\/lospoliticosveracruz.com\\\/?p=36855#respond\"]}]},{\"@type\":\"WebPage\",\"@id\":\"https:\\\/\\\/lospoliticosveracruz.com\\\/?p=36855\",\"url\":\"https:\\\/\\\/lospoliticosveracruz.com\\\/?p=36855\",\"name\":\"Corrupci\u00f3n \u201cde pura sangre\u201d - Los pol\u00edticos Veracruz\",\"isPartOf\":{\"@id\":\"https:\\\/\\\/lospoliticosveracruz.com\\\/#website\"},\"datePublished\":\"2017-10-03T15:13:09+00:00\",\"breadcrumb\":{\"@id\":\"https:\\\/\\\/lospoliticosveracruz.com\\\/?p=36855#breadcrumb\"},\"inLanguage\":\"es\",\"potentialAction\":[{\"@type\":\"ReadAction\",\"target\":[\"https:\\\/\\\/lospoliticosveracruz.com\\\/?p=36855\"]}]},{\"@type\":\"BreadcrumbList\",\"@id\":\"https:\\\/\\\/lospoliticosveracruz.com\\\/?p=36855#breadcrumb\",\"itemListElement\":[{\"@type\":\"ListItem\",\"position\":1,\"name\":\"Portada\",\"item\":\"https:\\\/\\\/lospoliticosveracruz.com\\\/\"},{\"@type\":\"ListItem\",\"position\":2,\"name\":\"Corrupci\u00f3n \u201cde pura sangre\u201d\"}]},{\"@type\":\"WebSite\",\"@id\":\"https:\\\/\\\/lospoliticosveracruz.com\\\/#website\",\"url\":\"https:\\\/\\\/lospoliticosveracruz.com\\\/\",\"name\":\"Los pol\u00edticos Veracruz\",\"description\":\"\",\"publisher\":{\"@id\":\"https:\\\/\\\/lospoliticosveracruz.com\\\/#organization\"},\"potentialAction\":[{\"@type\":\"SearchAction\",\"target\":{\"@type\":\"EntryPoint\",\"urlTemplate\":\"https:\\\/\\\/lospoliticosveracruz.com\\\/?s={search_term_string}\"},\"query-input\":{\"@type\":\"PropertyValueSpecification\",\"valueRequired\":true,\"valueName\":\"search_term_string\"}}],\"inLanguage\":\"es\"},{\"@type\":\"Organization\",\"@id\":\"https:\\\/\\\/lospoliticosveracruz.com\\\/#organization\",\"name\":\"Los pol\u00edticos Veracruz\",\"url\":\"https:\\\/\\\/lospoliticosveracruz.com\\\/\",\"logo\":{\"@type\":\"ImageObject\",\"inLanguage\":\"es\",\"@id\":\"https:\\\/\\\/lospoliticosveracruz.com\\\/#\\\/schema\\\/logo\\\/image\\\/\",\"url\":\"https:\\\/\\\/lospoliticosveracruz.com\\\/wp-content\\\/uploads\\\/2025\\\/12\\\/Logo-Nuevo-LOS-POLITICOS-1.jpg\",\"contentUrl\":\"https:\\\/\\\/lospoliticosveracruz.com\\\/wp-content\\\/uploads\\\/2025\\\/12\\\/Logo-Nuevo-LOS-POLITICOS-1.jpg\",\"width\":260,\"height\":70,\"caption\":\"Los pol\u00edticos Veracruz\"},\"image\":{\"@id\":\"https:\\\/\\\/lospoliticosveracruz.com\\\/#\\\/schema\\\/logo\\\/image\\\/\"},\"sameAs\":[\"https:\\\/\\\/www.facebook.com\\\/people\\\/Notimemes-de-los-Polticos\\\/61565672886568\\\/\",\"https:\\\/\\\/x.com\\\/LosPoliticosVer\"]},{\"@type\":\"Person\",\"@id\":\"https:\\\/\\\/lospoliticosveracruz.com\\\/#\\\/schema\\\/person\\\/b8702bb0e538456e6efd07080bf2a4a2\",\"name\":\"Lo viste en Los Pol\u00edticos\",\"image\":{\"@type\":\"ImageObject\",\"inLanguage\":\"es\",\"@id\":\"https:\\\/\\\/secure.gravatar.com\\\/avatar\\\/3a8de04a2656d44082be478bd6c086daa447c4651605818287b9532d3d0bd435?s=96&d=mm&r=g\",\"url\":\"https:\\\/\\\/secure.gravatar.com\\\/avatar\\\/3a8de04a2656d44082be478bd6c086daa447c4651605818287b9532d3d0bd435?s=96&d=mm&r=g\",\"contentUrl\":\"https:\\\/\\\/secure.gravatar.com\\\/avatar\\\/3a8de04a2656d44082be478bd6c086daa447c4651605818287b9532d3d0bd435?s=96&d=mm&r=g\",\"caption\":\"Lo viste en Los Pol\u00edticos\"},\"url\":\"https:\\\/\\\/lospoliticosveracruz.com\\\/?author=2\"}]}<\/script>\n<!-- \/ Yoast SEO plugin. -->","yoast_head_json":{"title":"Corrupci\u00f3n \u201cde pura sangre\u201d - Los pol\u00edticos Veracruz","robots":{"index":"index","follow":"follow","max-snippet":"max-snippet:-1","max-image-preview":"max-image-preview:large","max-video-preview":"max-video-preview:-1"},"canonical":"https:\/\/lospoliticosveracruz.com\/?p=36855","og_locale":"es_ES","og_type":"article","og_title":"Corrupci\u00f3n \u201cde pura sangre\u201d - Los pol\u00edticos Veracruz","og_description":"Luis Alberto Romero Hora Cero La corrupci\u00f3n y el saqueo en que habr\u00edan incurrido ex funcionarios de la administraci\u00f3n de Javier Duarte siguen como temas centrales del discurso de la clase gobernante veracruzana. No hay semana en la que no salga a relucir un presunto acto de corrupci\u00f3n descubierto en las indagatorias. Este lunes, por [&hellip;]","og_url":"https:\/\/lospoliticosveracruz.com\/?p=36855","og_site_name":"Los pol\u00edticos Veracruz","article_publisher":"https:\/\/www.facebook.com\/people\/Notimemes-de-los-Polticos\/61565672886568\/","article_published_time":"2017-10-03T15:13:09+00:00","og_image":[{"width":200,"height":200,"url":"https:\/\/lospoliticosveracruz.com\/wp-content\/uploads\/2016\/07\/Logo-Dor.jpg","type":"image\/jpeg"}],"author":"Lo viste en Los Pol\u00edticos","twitter_card":"summary_large_image","twitter_creator":"@LosPoliticosVer","twitter_site":"@LosPoliticosVer","twitter_misc":{"Escrito por":"Lo viste en Los Pol\u00edticos","Tiempo de lectura":"3 minutos"},"schema":{"@context":"https:\/\/schema.org","@graph":[{"@type":"Article","@id":"https:\/\/lospoliticosveracruz.com\/?p=36855#article","isPartOf":{"@id":"https:\/\/lospoliticosveracruz.com\/?p=36855"},"author":{"name":"Lo viste en Los Pol\u00edticos","@id":"https:\/\/lospoliticosveracruz.com\/#\/schema\/person\/b8702bb0e538456e6efd07080bf2a4a2"},"headline":"Corrupci\u00f3n \u201cde pura sangre\u201d","datePublished":"2017-10-03T15:13:09+00:00","mainEntityOfPage":{"@id":"https:\/\/lospoliticosveracruz.com\/?p=36855"},"wordCount":643,"commentCount":0,"publisher":{"@id":"https:\/\/lospoliticosveracruz.com\/#organization"},"keywords":["caballos","Club H\u00edpico Briones","corrupci\u00f3n","Javier Duarte de Ochoa","Karime Mac\u00edas"],"articleSection":["De Opini\u00f3n"],"inLanguage":"es","potentialAction":[{"@type":"CommentAction","name":"Comment","target":["https:\/\/lospoliticosveracruz.com\/?p=36855#respond"]}]},{"@type":"WebPage","@id":"https:\/\/lospoliticosveracruz.com\/?p=36855","url":"https:\/\/lospoliticosveracruz.com\/?p=36855","name":"Corrupci\u00f3n \u201cde pura sangre\u201d - Los pol\u00edticos Veracruz","isPartOf":{"@id":"https:\/\/lospoliticosveracruz.com\/#website"},"datePublished":"2017-10-03T15:13:09+00:00","breadcrumb":{"@id":"https:\/\/lospoliticosveracruz.com\/?p=36855#breadcrumb"},"inLanguage":"es","potentialAction":[{"@type":"ReadAction","target":["https:\/\/lospoliticosveracruz.com\/?p=36855"]}]},{"@type":"BreadcrumbList","@id":"https:\/\/lospoliticosveracruz.com\/?p=36855#breadcrumb","itemListElement":[{"@type":"ListItem","position":1,"name":"Portada","item":"https:\/\/lospoliticosveracruz.com\/"},{"@type":"ListItem","position":2,"name":"Corrupci\u00f3n \u201cde pura sangre\u201d"}]},{"@type":"WebSite","@id":"https:\/\/lospoliticosveracruz.com\/#website","url":"https:\/\/lospoliticosveracruz.com\/","name":"Los pol\u00edticos Veracruz","description":"","publisher":{"@id":"https:\/\/lospoliticosveracruz.com\/#organization"},"potentialAction":[{"@type":"SearchAction","target":{"@type":"EntryPoint","urlTemplate":"https:\/\/lospoliticosveracruz.com\/?s={search_term_string}"},"query-input":{"@type":"PropertyValueSpecification","valueRequired":true,"valueName":"search_term_string"}}],"inLanguage":"es"},{"@type":"Organization","@id":"https:\/\/lospoliticosveracruz.com\/#organization","name":"Los pol\u00edticos Veracruz","url":"https:\/\/lospoliticosveracruz.com\/","logo":{"@type":"ImageObject","inLanguage":"es","@id":"https:\/\/lospoliticosveracruz.com\/#\/schema\/logo\/image\/","url":"https:\/\/lospoliticosveracruz.com\/wp-content\/uploads\/2025\/12\/Logo-Nuevo-LOS-POLITICOS-1.jpg","contentUrl":"https:\/\/lospoliticosveracruz.com\/wp-content\/uploads\/2025\/12\/Logo-Nuevo-LOS-POLITICOS-1.jpg","width":260,"height":70,"caption":"Los pol\u00edticos Veracruz"},"image":{"@id":"https:\/\/lospoliticosveracruz.com\/#\/schema\/logo\/image\/"},"sameAs":["https:\/\/www.facebook.com\/people\/Notimemes-de-los-Polticos\/61565672886568\/","https:\/\/x.com\/LosPoliticosVer"]},{"@type":"Person","@id":"https:\/\/lospoliticosveracruz.com\/#\/schema\/person\/b8702bb0e538456e6efd07080bf2a4a2","name":"Lo viste en Los Pol\u00edticos","image":{"@type":"ImageObject","inLanguage":"es","@id":"https:\/\/secure.gravatar.com\/avatar\/3a8de04a2656d44082be478bd6c086daa447c4651605818287b9532d3d0bd435?s=96&d=mm&r=g","url":"https:\/\/secure.gravatar.com\/avatar\/3a8de04a2656d44082be478bd6c086daa447c4651605818287b9532d3d0bd435?s=96&d=mm&r=g","contentUrl":"https:\/\/secure.gravatar.com\/avatar\/3a8de04a2656d44082be478bd6c086daa447c4651605818287b9532d3d0bd435?s=96&d=mm&r=g","caption":"Lo viste en Los Pol\u00edticos"},"url":"https:\/\/lospoliticosveracruz.com\/?author=2"}]}},"_links":{"self":[{"href":"https:\/\/lospoliticosveracruz.com\/index.php?rest_route=\/wp\/v2\/posts\/36855","targetHints":{"allow":["GET"]}}],"collection":[{"href":"https:\/\/lospoliticosveracruz.com\/index.php?rest_route=\/wp\/v2\/posts"}],"about":[{"href":"https:\/\/lospoliticosveracruz.com\/index.php?rest_route=\/wp\/v2\/types\/post"}],"author":[{"embeddable":true,"href":"https:\/\/lospoliticosveracruz.com\/index.php?rest_route=\/wp\/v2\/users\/2"}],"replies":[{"embeddable":true,"href":"https:\/\/lospoliticosveracruz.com\/index.php?rest_route=%2Fwp%2Fv2%2Fcomments&post=36855"}],"version-history":[{"count":1,"href":"https:\/\/lospoliticosveracruz.com\/index.php?rest_route=\/wp\/v2\/posts\/36855\/revisions"}],"predecessor-version":[{"id":36856,"href":"https:\/\/lospoliticosveracruz.com\/index.php?rest_route=\/wp\/v2\/posts\/36855\/revisions\/36856"}],"wp:attachment":[{"href":"https:\/\/lospoliticosveracruz.com\/index.php?rest_route=%2Fwp%2Fv2%2Fmedia&parent=36855"}],"wp:term":[{"taxonomy":"category","embeddable":true,"href":"https:\/\/lospoliticosveracruz.com\/index.php?rest_route=%2Fwp%2Fv2%2Fcategories&post=36855"},{"taxonomy":"post_tag","embeddable":true,"href":"https:\/\/lospoliticosveracruz.com\/index.php?rest_route=%2Fwp%2Fv2%2Ftags&post=36855"}],"curies":[{"name":"wp","href":"https:\/\/api.w.org\/{rel}","templated":true}]}}