{"id":36918,"date":"2017-10-07T09:43:13","date_gmt":"2017-10-07T14:43:13","guid":{"rendered":"http:\/\/www.lospoliticosveracruz.com.mx\/?p=36918"},"modified":"2017-10-07T09:43:13","modified_gmt":"2017-10-07T14:43:13","slug":"karime-margarita-y-caso-duarte","status":"publish","type":"post","link":"https:\/\/lospoliticosveracruz.com\/?p=36918","title":{"rendered":"Karime, Margarita y Caso Duarte"},"content":{"rendered":"<p><strong>Brenda Caballero<\/strong><\/p>\n<p><em>N\u00fameros Rojos<\/em><\/p>\n<p>&nbsp;<\/p>\n<p>Al ver la noticia del diario Reforma, lo primero que pens\u00e9 fue en Karime Mac\u00edas Tubilla y familia. Reconozco que no es grato tener en la mente a los Mac\u00edas Tubilla, sin embargo, era inevitable.<\/p>\n<p>La noticia dec\u00eda: \u201cCorte declar\u00f3 inconstitucional bloqueo de cuentas de supuestos lavadores por parte de SHCP, al considerar que viola presunci\u00f3n de inocencia\u201d.<\/p>\n<p>El pasado mi\u00e9rcoles, la Primera Sala de la Suprema Corte de Justicia fall\u00f3 contra el art\u00edculo 115 de la Ley de Instituciones de Cr\u00e9dito y ampar\u00f3 a una empresa contra la orden de congelar sus cuentas emitida por la Unidad de Inteligencia Financiera de la SHCP por sospecha de operaciones con recursos de procedencia il\u00edcita.<\/p>\n<p>Entonces, de acuerdo al fallo de la corte, \u00bfdeber\u00e1n desbloquear las cuentas de Karime Mac\u00edas que le congelaron? Recordemos que Karime goza de la presunci\u00f3n de inocencia hasta en tanto no se demuestre, en un juicio previo, su culpabilidad. Y aunque tiene denuncias en su contra y el 99 por ciento de la poblaci\u00f3n la considere culpable, la ley la protege.<\/p>\n<p>De acuerdo al principio, tendr\u00edan que descongelarse, pero no solamente a ella, sino las cuentas de todos aquellos personajes de los que se sospeche lavado de dinero.<\/p>\n<p>Sin duda, este criterio le vino a dar en la torre a la SHCP, pues le quitaron los dientes.<\/p>\n<p>Seg\u00fan los ministros de la Corte, el art\u00edculo fue considerado inconstitucional por afectar los derechos de los contribuyentes ya que al ser investigados por la autoridad no pod\u00edan realizar ninguna operaci\u00f3n bancaria con cualquier instituci\u00f3n del Sistema Financiero, adem\u00e1s de que no se les notificaba que sus cuentas hab\u00edan sido bloqueadas, por lo que la persona afectada no puede ser escuchada para defenderse, violando tambi\u00e9n su derecho de audiencia.<\/p>\n<p>Ante esta resoluci\u00f3n seguramente muchos afectados por Hacienda acudir\u00e1n a ella previo amparo.<\/p>\n<p>Despu\u00e9s de leer el art\u00edculo 115 de la Ley de Instituciones de Cr\u00e9dito, parece excesivo, sin embargo ante los excesos cometidos al erario p\u00fablico veracruzano por Karime Mac\u00edas, no ser\u00eda justo dejarle todas sus cuentas bancarias para que gaste a placer y se cumpla su mantra de \u201cmerezco abundancia\u201d.<\/p>\n<p><strong>Y Margarita se fue<\/strong><\/p>\n<p>\u201cRenuncio al PAN, pero no a la idea de hacer pol\u00edtica con principios y transformar la vida p\u00fablica\u201d.<\/p>\n<p>Fue parte del anuncio que dio Margarita Zavala a trav\u00e9s de un video compartido en redes sociales.<\/p>\n<p>Esta decisi\u00f3n ya se ve\u00eda venir, incluso desde mi punto de vista se tard\u00f3 demasiado en renunciar al partido en el que siempre milit\u00f3. Posiblemente la nostalgia la detuvo tanto tiempo, pues inici\u00f3 como militante desde que ten\u00eda 16 a\u00f1os y se mantuvo 33 a\u00f1os.<\/p>\n<p>En su cuenta de Twitter escribi\u00f3: \u201cLlevo dos a\u00f1os buscando el di\u00e1logo. La divisi\u00f3n del PAN es tu responsabilidad, eres el presidente del partido. Ya hablaremos\u201d.<\/p>\n<p>De inmediato se activaron los bots con el #Calderona, para denostar a Margarita y su decisi\u00f3n.<\/p>\n<p>Y a Ricardo Anaya no le qued\u00f3 de otra que llamar a la decisi\u00f3n de Margarita como \u201cequivocada\u201d y argument\u00f3 que su salida beneficiar\u00e1 al PRI.<\/p>\n<p><strong>Urgencia en caso Duarte<\/strong><\/p>\n<p>Parece que desde Los Pinos quieren limpiar la imagen del PRI, pues antes de la detenci\u00f3n de otro ex gobernador, ahora de Tamaulipas, Eugenio Hern\u00e1ndez Flores, est\u00e1n acelerando m\u00e1s investigaciones para enriquecer el caso Javier Duarte.<\/p>\n<p>\u00a1Vaya! hasta un ex subdirector de la Secretar\u00eda de Finanzas y Planeaci\u00f3n aparece, uno que trabaj\u00f3 a\u00f1os en la instituci\u00f3n, pero que plasm\u00f3 su firma para que le pagaran a muchas empresas fantasma.<\/p>\n<p>Tambi\u00e9n aparece un jefe de palacio de Gobierno, uno que sab\u00eda todos los movimientos de Duarte de Ochoa.<\/p>\n<p>\u00a1El caso Duarte a\u00fan no se cierra y vienen muchas sorpresas!<\/p>\n<p>caballero_brenda@hotmail.com<\/p>\n<p>@NumerosRojos_BC<\/p>\n","protected":false},"excerpt":{"rendered":"<p>Brenda Caballero N\u00fameros Rojos &nbsp; Al ver la noticia del diario Reforma, lo primero que pens\u00e9 fue en Karime Mac\u00edas Tubilla y familia. Reconozco que no es grato tener en la mente a los Mac\u00edas Tubilla, sin embargo, era inevitable. La noticia dec\u00eda: \u201cCorte declar\u00f3 inconstitucional bloqueo de cuentas de supuestos lavadores por parte de [&hellip;]<\/p>\n","protected":false},"author":2,"featured_media":0,"comment_status":"open","ping_status":"open","sticky":false,"template":"","format":"standard","meta":{"tdm_status":"","tdm_grid_status":"","footnotes":""},"categories":[70],"tags":[9743,231,6603,1441,266,467],"class_list":{"0":"post-36918","1":"post","2":"type-post","3":"status-publish","4":"format-standard","6":"category-de-opinion","7":"tag-congelar-cuentas","8":"tag-karime-macias-tubilla","9":"tag-lavado-de-dinero","10":"tag-margarita-zavala","11":"tag-pan","12":"tag-suprema-corte-de-justicia"},"yoast_head":"<!-- This site is optimized with the Yoast SEO plugin v27.4 - https:\/\/yoast.com\/product\/yoast-seo-wordpress\/ -->\n<title>Karime, Margarita y Caso Duarte - Los pol\u00edticos Veracruz<\/title>\n<meta name=\"robots\" content=\"index, follow, max-snippet:-1, max-image-preview:large, max-video-preview:-1\" \/>\n<link rel=\"canonical\" href=\"https:\/\/lospoliticosveracruz.com\/?p=36918\" \/>\n<meta property=\"og:locale\" content=\"es_ES\" \/>\n<meta property=\"og:type\" content=\"article\" \/>\n<meta property=\"og:title\" content=\"Karime, Margarita y Caso Duarte - Los pol\u00edticos Veracruz\" \/>\n<meta property=\"og:description\" content=\"Brenda Caballero N\u00fameros Rojos &nbsp; Al ver la noticia del diario Reforma, lo primero que pens\u00e9 fue en Karime Mac\u00edas Tubilla y familia. Reconozco que no es grato tener en la mente a los Mac\u00edas Tubilla, sin embargo, era inevitable. La noticia dec\u00eda: \u201cCorte declar\u00f3 inconstitucional bloqueo de cuentas de supuestos lavadores por parte de [&hellip;]\" \/>\n<meta property=\"og:url\" content=\"https:\/\/lospoliticosveracruz.com\/?p=36918\" \/>\n<meta property=\"og:site_name\" content=\"Los pol\u00edticos Veracruz\" \/>\n<meta property=\"article:publisher\" content=\"https:\/\/www.facebook.com\/people\/Notimemes-de-los-Polticos\/61565672886568\/\" \/>\n<meta property=\"article:published_time\" content=\"2017-10-07T14:43:13+00:00\" \/>\n<meta property=\"og:image\" content=\"https:\/\/lospoliticosveracruz.com\/wp-content\/uploads\/2016\/07\/Logo-Dor.jpg\" \/>\n\t<meta property=\"og:image:width\" content=\"200\" \/>\n\t<meta property=\"og:image:height\" content=\"200\" \/>\n\t<meta property=\"og:image:type\" content=\"image\/jpeg\" \/>\n<meta name=\"author\" content=\"Lo viste en Los Pol\u00edticos\" \/>\n<meta name=\"twitter:card\" content=\"summary_large_image\" \/>\n<meta name=\"twitter:creator\" content=\"@LosPoliticosVer\" \/>\n<meta name=\"twitter:site\" content=\"@LosPoliticosVer\" \/>\n<meta name=\"twitter:label1\" content=\"Escrito por\" \/>\n\t<meta name=\"twitter:data1\" content=\"Lo viste en Los Pol\u00edticos\" \/>\n\t<meta name=\"twitter:label2\" content=\"Tiempo de lectura\" \/>\n\t<meta name=\"twitter:data2\" content=\"3 minutos\" \/>\n<script type=\"application\/ld+json\" class=\"yoast-schema-graph\">{\"@context\":\"https:\\\/\\\/schema.org\",\"@graph\":[{\"@type\":\"Article\",\"@id\":\"https:\\\/\\\/lospoliticosveracruz.com\\\/?p=36918#article\",\"isPartOf\":{\"@id\":\"https:\\\/\\\/lospoliticosveracruz.com\\\/?p=36918\"},\"author\":{\"name\":\"Lo viste en Los Pol\u00edticos\",\"@id\":\"https:\\\/\\\/lospoliticosveracruz.com\\\/#\\\/schema\\\/person\\\/b8702bb0e538456e6efd07080bf2a4a2\"},\"headline\":\"Karime, Margarita y Caso Duarte\",\"datePublished\":\"2017-10-07T14:43:13+00:00\",\"mainEntityOfPage\":{\"@id\":\"https:\\\/\\\/lospoliticosveracruz.com\\\/?p=36918\"},\"wordCount\":670,\"commentCount\":0,\"publisher\":{\"@id\":\"https:\\\/\\\/lospoliticosveracruz.com\\\/#organization\"},\"keywords\":[\"Congelar cuentas\",\"Karime Mac\u00edas Tubilla\",\"Lavado de dinero\",\"Margarita Zavala\",\"PAN\",\"Suprema Corte de Justicia\"],\"articleSection\":[\"De Opini\u00f3n\"],\"inLanguage\":\"es\",\"potentialAction\":[{\"@type\":\"CommentAction\",\"name\":\"Comment\",\"target\":[\"https:\\\/\\\/lospoliticosveracruz.com\\\/?p=36918#respond\"]}]},{\"@type\":\"WebPage\",\"@id\":\"https:\\\/\\\/lospoliticosveracruz.com\\\/?p=36918\",\"url\":\"https:\\\/\\\/lospoliticosveracruz.com\\\/?p=36918\",\"name\":\"Karime, Margarita y Caso Duarte - Los pol\u00edticos Veracruz\",\"isPartOf\":{\"@id\":\"https:\\\/\\\/lospoliticosveracruz.com\\\/#website\"},\"datePublished\":\"2017-10-07T14:43:13+00:00\",\"breadcrumb\":{\"@id\":\"https:\\\/\\\/lospoliticosveracruz.com\\\/?p=36918#breadcrumb\"},\"inLanguage\":\"es\",\"potentialAction\":[{\"@type\":\"ReadAction\",\"target\":[\"https:\\\/\\\/lospoliticosveracruz.com\\\/?p=36918\"]}]},{\"@type\":\"BreadcrumbList\",\"@id\":\"https:\\\/\\\/lospoliticosveracruz.com\\\/?p=36918#breadcrumb\",\"itemListElement\":[{\"@type\":\"ListItem\",\"position\":1,\"name\":\"Portada\",\"item\":\"https:\\\/\\\/lospoliticosveracruz.com\\\/\"},{\"@type\":\"ListItem\",\"position\":2,\"name\":\"Karime, Margarita y Caso Duarte\"}]},{\"@type\":\"WebSite\",\"@id\":\"https:\\\/\\\/lospoliticosveracruz.com\\\/#website\",\"url\":\"https:\\\/\\\/lospoliticosveracruz.com\\\/\",\"name\":\"Los pol\u00edticos Veracruz\",\"description\":\"\",\"publisher\":{\"@id\":\"https:\\\/\\\/lospoliticosveracruz.com\\\/#organization\"},\"potentialAction\":[{\"@type\":\"SearchAction\",\"target\":{\"@type\":\"EntryPoint\",\"urlTemplate\":\"https:\\\/\\\/lospoliticosveracruz.com\\\/?s={search_term_string}\"},\"query-input\":{\"@type\":\"PropertyValueSpecification\",\"valueRequired\":true,\"valueName\":\"search_term_string\"}}],\"inLanguage\":\"es\"},{\"@type\":\"Organization\",\"@id\":\"https:\\\/\\\/lospoliticosveracruz.com\\\/#organization\",\"name\":\"Los pol\u00edticos Veracruz\",\"url\":\"https:\\\/\\\/lospoliticosveracruz.com\\\/\",\"logo\":{\"@type\":\"ImageObject\",\"inLanguage\":\"es\",\"@id\":\"https:\\\/\\\/lospoliticosveracruz.com\\\/#\\\/schema\\\/logo\\\/image\\\/\",\"url\":\"https:\\\/\\\/lospoliticosveracruz.com\\\/wp-content\\\/uploads\\\/2025\\\/12\\\/Logo-Nuevo-LOS-POLITICOS-1.jpg\",\"contentUrl\":\"https:\\\/\\\/lospoliticosveracruz.com\\\/wp-content\\\/uploads\\\/2025\\\/12\\\/Logo-Nuevo-LOS-POLITICOS-1.jpg\",\"width\":260,\"height\":70,\"caption\":\"Los pol\u00edticos Veracruz\"},\"image\":{\"@id\":\"https:\\\/\\\/lospoliticosveracruz.com\\\/#\\\/schema\\\/logo\\\/image\\\/\"},\"sameAs\":[\"https:\\\/\\\/www.facebook.com\\\/people\\\/Notimemes-de-los-Polticos\\\/61565672886568\\\/\",\"https:\\\/\\\/x.com\\\/LosPoliticosVer\"]},{\"@type\":\"Person\",\"@id\":\"https:\\\/\\\/lospoliticosveracruz.com\\\/#\\\/schema\\\/person\\\/b8702bb0e538456e6efd07080bf2a4a2\",\"name\":\"Lo viste en Los Pol\u00edticos\",\"image\":{\"@type\":\"ImageObject\",\"inLanguage\":\"es\",\"@id\":\"https:\\\/\\\/secure.gravatar.com\\\/avatar\\\/3a8de04a2656d44082be478bd6c086daa447c4651605818287b9532d3d0bd435?s=96&d=mm&r=g\",\"url\":\"https:\\\/\\\/secure.gravatar.com\\\/avatar\\\/3a8de04a2656d44082be478bd6c086daa447c4651605818287b9532d3d0bd435?s=96&d=mm&r=g\",\"contentUrl\":\"https:\\\/\\\/secure.gravatar.com\\\/avatar\\\/3a8de04a2656d44082be478bd6c086daa447c4651605818287b9532d3d0bd435?s=96&d=mm&r=g\",\"caption\":\"Lo viste en Los Pol\u00edticos\"},\"url\":\"https:\\\/\\\/lospoliticosveracruz.com\\\/?author=2\"}]}<\/script>\n<!-- \/ Yoast SEO plugin. -->","yoast_head_json":{"title":"Karime, Margarita y Caso Duarte - Los pol\u00edticos Veracruz","robots":{"index":"index","follow":"follow","max-snippet":"max-snippet:-1","max-image-preview":"max-image-preview:large","max-video-preview":"max-video-preview:-1"},"canonical":"https:\/\/lospoliticosveracruz.com\/?p=36918","og_locale":"es_ES","og_type":"article","og_title":"Karime, Margarita y Caso Duarte - Los pol\u00edticos Veracruz","og_description":"Brenda Caballero N\u00fameros Rojos &nbsp; Al ver la noticia del diario Reforma, lo primero que pens\u00e9 fue en Karime Mac\u00edas Tubilla y familia. Reconozco que no es grato tener en la mente a los Mac\u00edas Tubilla, sin embargo, era inevitable. La noticia dec\u00eda: \u201cCorte declar\u00f3 inconstitucional bloqueo de cuentas de supuestos lavadores por parte de [&hellip;]","og_url":"https:\/\/lospoliticosveracruz.com\/?p=36918","og_site_name":"Los pol\u00edticos Veracruz","article_publisher":"https:\/\/www.facebook.com\/people\/Notimemes-de-los-Polticos\/61565672886568\/","article_published_time":"2017-10-07T14:43:13+00:00","og_image":[{"width":200,"height":200,"url":"https:\/\/lospoliticosveracruz.com\/wp-content\/uploads\/2016\/07\/Logo-Dor.jpg","type":"image\/jpeg"}],"author":"Lo viste en Los Pol\u00edticos","twitter_card":"summary_large_image","twitter_creator":"@LosPoliticosVer","twitter_site":"@LosPoliticosVer","twitter_misc":{"Escrito por":"Lo viste en Los Pol\u00edticos","Tiempo de lectura":"3 minutos"},"schema":{"@context":"https:\/\/schema.org","@graph":[{"@type":"Article","@id":"https:\/\/lospoliticosveracruz.com\/?p=36918#article","isPartOf":{"@id":"https:\/\/lospoliticosveracruz.com\/?p=36918"},"author":{"name":"Lo viste en Los Pol\u00edticos","@id":"https:\/\/lospoliticosveracruz.com\/#\/schema\/person\/b8702bb0e538456e6efd07080bf2a4a2"},"headline":"Karime, Margarita y Caso Duarte","datePublished":"2017-10-07T14:43:13+00:00","mainEntityOfPage":{"@id":"https:\/\/lospoliticosveracruz.com\/?p=36918"},"wordCount":670,"commentCount":0,"publisher":{"@id":"https:\/\/lospoliticosveracruz.com\/#organization"},"keywords":["Congelar cuentas","Karime Mac\u00edas Tubilla","Lavado de dinero","Margarita Zavala","PAN","Suprema Corte de Justicia"],"articleSection":["De Opini\u00f3n"],"inLanguage":"es","potentialAction":[{"@type":"CommentAction","name":"Comment","target":["https:\/\/lospoliticosveracruz.com\/?p=36918#respond"]}]},{"@type":"WebPage","@id":"https:\/\/lospoliticosveracruz.com\/?p=36918","url":"https:\/\/lospoliticosveracruz.com\/?p=36918","name":"Karime, Margarita y Caso Duarte - Los pol\u00edticos Veracruz","isPartOf":{"@id":"https:\/\/lospoliticosveracruz.com\/#website"},"datePublished":"2017-10-07T14:43:13+00:00","breadcrumb":{"@id":"https:\/\/lospoliticosveracruz.com\/?p=36918#breadcrumb"},"inLanguage":"es","potentialAction":[{"@type":"ReadAction","target":["https:\/\/lospoliticosveracruz.com\/?p=36918"]}]},{"@type":"BreadcrumbList","@id":"https:\/\/lospoliticosveracruz.com\/?p=36918#breadcrumb","itemListElement":[{"@type":"ListItem","position":1,"name":"Portada","item":"https:\/\/lospoliticosveracruz.com\/"},{"@type":"ListItem","position":2,"name":"Karime, Margarita y Caso Duarte"}]},{"@type":"WebSite","@id":"https:\/\/lospoliticosveracruz.com\/#website","url":"https:\/\/lospoliticosveracruz.com\/","name":"Los pol\u00edticos Veracruz","description":"","publisher":{"@id":"https:\/\/lospoliticosveracruz.com\/#organization"},"potentialAction":[{"@type":"SearchAction","target":{"@type":"EntryPoint","urlTemplate":"https:\/\/lospoliticosveracruz.com\/?s={search_term_string}"},"query-input":{"@type":"PropertyValueSpecification","valueRequired":true,"valueName":"search_term_string"}}],"inLanguage":"es"},{"@type":"Organization","@id":"https:\/\/lospoliticosveracruz.com\/#organization","name":"Los pol\u00edticos Veracruz","url":"https:\/\/lospoliticosveracruz.com\/","logo":{"@type":"ImageObject","inLanguage":"es","@id":"https:\/\/lospoliticosveracruz.com\/#\/schema\/logo\/image\/","url":"https:\/\/lospoliticosveracruz.com\/wp-content\/uploads\/2025\/12\/Logo-Nuevo-LOS-POLITICOS-1.jpg","contentUrl":"https:\/\/lospoliticosveracruz.com\/wp-content\/uploads\/2025\/12\/Logo-Nuevo-LOS-POLITICOS-1.jpg","width":260,"height":70,"caption":"Los pol\u00edticos Veracruz"},"image":{"@id":"https:\/\/lospoliticosveracruz.com\/#\/schema\/logo\/image\/"},"sameAs":["https:\/\/www.facebook.com\/people\/Notimemes-de-los-Polticos\/61565672886568\/","https:\/\/x.com\/LosPoliticosVer"]},{"@type":"Person","@id":"https:\/\/lospoliticosveracruz.com\/#\/schema\/person\/b8702bb0e538456e6efd07080bf2a4a2","name":"Lo viste en Los Pol\u00edticos","image":{"@type":"ImageObject","inLanguage":"es","@id":"https:\/\/secure.gravatar.com\/avatar\/3a8de04a2656d44082be478bd6c086daa447c4651605818287b9532d3d0bd435?s=96&d=mm&r=g","url":"https:\/\/secure.gravatar.com\/avatar\/3a8de04a2656d44082be478bd6c086daa447c4651605818287b9532d3d0bd435?s=96&d=mm&r=g","contentUrl":"https:\/\/secure.gravatar.com\/avatar\/3a8de04a2656d44082be478bd6c086daa447c4651605818287b9532d3d0bd435?s=96&d=mm&r=g","caption":"Lo viste en Los Pol\u00edticos"},"url":"https:\/\/lospoliticosveracruz.com\/?author=2"}]}},"_links":{"self":[{"href":"https:\/\/lospoliticosveracruz.com\/index.php?rest_route=\/wp\/v2\/posts\/36918","targetHints":{"allow":["GET"]}}],"collection":[{"href":"https:\/\/lospoliticosveracruz.com\/index.php?rest_route=\/wp\/v2\/posts"}],"about":[{"href":"https:\/\/lospoliticosveracruz.com\/index.php?rest_route=\/wp\/v2\/types\/post"}],"author":[{"embeddable":true,"href":"https:\/\/lospoliticosveracruz.com\/index.php?rest_route=\/wp\/v2\/users\/2"}],"replies":[{"embeddable":true,"href":"https:\/\/lospoliticosveracruz.com\/index.php?rest_route=%2Fwp%2Fv2%2Fcomments&post=36918"}],"version-history":[{"count":1,"href":"https:\/\/lospoliticosveracruz.com\/index.php?rest_route=\/wp\/v2\/posts\/36918\/revisions"}],"predecessor-version":[{"id":36919,"href":"https:\/\/lospoliticosveracruz.com\/index.php?rest_route=\/wp\/v2\/posts\/36918\/revisions\/36919"}],"wp:attachment":[{"href":"https:\/\/lospoliticosveracruz.com\/index.php?rest_route=%2Fwp%2Fv2%2Fmedia&parent=36918"}],"wp:term":[{"taxonomy":"category","embeddable":true,"href":"https:\/\/lospoliticosveracruz.com\/index.php?rest_route=%2Fwp%2Fv2%2Fcategories&post=36918"},{"taxonomy":"post_tag","embeddable":true,"href":"https:\/\/lospoliticosveracruz.com\/index.php?rest_route=%2Fwp%2Fv2%2Ftags&post=36918"}],"curies":[{"name":"wp","href":"https:\/\/api.w.org\/{rel}","templated":true}]}}