{"id":36921,"date":"2017-10-08T10:32:00","date_gmt":"2017-10-08T15:32:00","guid":{"rendered":"http:\/\/www.lospoliticosveracruz.com.mx\/?p=36921"},"modified":"2017-10-08T10:32:00","modified_gmt":"2017-10-08T15:32:00","slug":"resortes-solidarios","status":"publish","type":"post","link":"https:\/\/lospoliticosveracruz.com\/?p=36921","title":{"rendered":"Resortes solidarios"},"content":{"rendered":"<div id=\"pageContainer1\" class=\"page\" data-page-number=\"1\">\n<div class=\"textLayer\">\n<div class=\"text-layer-inner\">\n<p class=\"textbox\" dir=\"ltr\"><strong>Elena C\u00f3rdova<\/strong><\/p>\n<p class=\"textbox\" dir=\"ltr\"><em>Luna Nueva<\/em><\/p>\n<\/div>\n<p class=\"textbox\" dir=\"ltr\">\n<div class=\"text-layer-inner\"><\/div>\n<\/div>\n<\/div>\n<p>Otro de los hechos m\u00e1s significativo en el pasado sismo del 19 de septiembre de este a\u00f1o, fue sin lugar a duda la participaci\u00f3n proactiva de los j\u00f3venes capitalinos que se dieron a la tarea de entregarse como nunca, pasados los minutos de confusi\u00f3n, miedo y desorden. As\u00ed, vimos a miles de muchachos organizados entre todo el caos para ayudar a quien lo necesitara. Su energ\u00eda y voluntad fueron motivo de \u00e1nimo y ejemplo para muchos voluntarios, pues ni el cansancio, el hambre pudieron vencer el \u00edmpetu propio de su edad de servir a sus conciudadanos en desgracia.<\/p>\n<p>Hasta el d\u00eda de hoy, podemos ver c\u00f3mo muchos medios de comunicaci\u00f3n han hablado de ellos, incluso algunos analistas van m\u00e1s all\u00e1 y aseguran que con ello el mal mito del Millennials se reval\u00faa, pues en el colectivo imaginario s\u00f3lo eran j\u00f3venes problem\u00e1ticos, anti-c\u00edvicos, hedonistas y arrogantes y casi imposible era verlos trabajar en equipo por una causa que los convocar\u00e1 por igual. Ellos mismos, fueron capaces desde donar sangre, llevar heridos a los hospitales hasta dirigir el tr\u00e1nsito vehicular y entregar despensa y prepara alimentos para los damnificados, incluyendo otras tareas muchos m\u00e1s complejas como relevar brigadistas especializados en desastres naturales, basados solo en su instinto m\u00e1s que en su conocimiento en la materia, lo cual nos lleva a reafirmar que, ante la adversidad, nada importa m\u00e1s que la desgracia y el dolor humano. Ah\u00ed todos somos iguales, solidarios.<\/p>\n<p>&nbsp;<\/p>\n<p><strong>La reacci\u00f3n de los j\u00f3venes: Woldenberg<\/strong><\/p>\n<p>El tema me pareci\u00f3 muy importante, pues a pesar de que en apariencia no hay ninguna relaci\u00f3n a simple vista, el exconsejero presidente del antiguo IFE, hoy Instituto Nacional Electoral (INE), Jos\u00e9 Woldenberg, en d\u00edas pasados (07\/10\/2017) entrevistado por el comunicador Pascal Beltr\u00e1n del R\u00edo para Imagen Radio, habl\u00f3 en su di\u00e1logo del papel relevante que pudiera tener esa participaci\u00f3n de los Millennials en la pr\u00f3xima elecci\u00f3n del pa\u00eds en el 2018. Woldenberg segura \u201cque la reacci\u00f3n de los j\u00f3venes luego del sismo del pasado 19 de septiembre, mismo que cobr\u00f3 la vida de 369 personas, 228 tan s\u00f3lo en la Ciudad de M\u00e9xico, son estampas luminosas que nos demuestran que hay resortes solidarios y de participaci\u00f3n que se pueden y se deben activar, para que la participaci\u00f3n pueda extenderse en el tiempo requiere organizaci\u00f3n\u201d, con relaci\u00f3n a este sector poblacional al que pertenecen los j\u00f3venes mexicanos.<\/p>\n<p>El exconsejero presidente del IFE, afirm\u00f3, que el enorme desencanto de la ciudadan\u00eda con la vida pol\u00edtica del pa\u00eds es mayor entre los j\u00f3venes, argumentando \u201cporque las personas de mi generaci\u00f3n podemos apreciar mucho de lo construido en los \u00faltimos a\u00f1os en materia pol\u00edtica, mientras que para muchos de los j\u00f3venes esas novedades no lo son, nacieron con ellas y no le otorgan el mismo valor que nosotros\u201d. Lo cual me parece una gran verdad, pues opino, que la falta de inter\u00e9s en la historia y aspectos pol\u00edticos es una gran caracter\u00edstica com\u00fan en los j\u00f3venes de ahora, en los llamados Millennials.<\/p>\n<p>&nbsp;<\/p>\n<p><strong>Los escombros partidistas<\/strong><\/p>\n<p>Al respecto, considero sumamente complicado que los j\u00f3venes tengan esta misma participaci\u00f3n en la pr\u00f3xima elecci\u00f3n federal por venir, pues como aseguran muchos especialistas este mismo sentimiento y resorte solidario solo funciona, en la mayor\u00eda en la desgracia propia y ajena pero nunca en el terreno pol\u00edtico mucho menos en el electoral. Estamos lejos de ver a una gran mayor\u00eda de j\u00f3venes abanderando causas de alg\u00fan partido pol\u00edtico que encauce sus inquietudes, no lo hay actualmente.\u00a0 Aclaro, en los estatutos de cualquier organismo pol\u00edtico seguramente encontramos un aportado con todas las buenas intenciones del instituto partidista hacia el sector, pero en la pr\u00e1ctica hay un mundo de diferencia, empezando por el famoso treinta por ciento y la cuota de g\u00e9nero que por ley no solo estatutariamente se deber\u00eda dar a los j\u00f3venes. Nada tan lejos de la realidad.<\/p>\n<p>Metaf\u00f3ricamente hablando y con solemne respeto a la desgracia sucedida, a los j\u00f3venes mexicanos en el presente, no les interesa todo el \u201cdesastre, las ruinas y remover los escombros\u201d en que se han convertido, por su culpa, casi todos los partidos pol\u00edticos nacionales, lo cuales claman porque los j\u00f3venes vayan en su rescate y lo ayuden a salir de la desolaci\u00f3n en indiferencia ciudadana. Como lo dije anteriormente, la mayor\u00eda son inexpertos, pero no ingenuos. El innato resorte solidario que poseen no funciona para estos terribles y maquiav\u00e9licos casos. Ni para estos fines ni para otros.<\/p>\n<div id=\"pageContainer2\" class=\"page\" data-page-number=\"2\"><\/div>\n","protected":false},"excerpt":{"rendered":"<p>Elena C\u00f3rdova Luna Nueva Otro de los hechos m\u00e1s significativo en el pasado sismo del 19 de septiembre de este a\u00f1o, fue sin lugar a duda la participaci\u00f3n proactiva de los j\u00f3venes capitalinos que se dieron a la tarea de entregarse como nunca, pasados los minutos de confusi\u00f3n, miedo y desorden. As\u00ed, vimos a miles [&hellip;]<\/p>\n","protected":false},"author":2,"featured_media":0,"comment_status":"open","ping_status":"open","sticky":false,"template":"","format":"standard","meta":{"tdm_status":"","tdm_grid_status":"","footnotes":""},"categories":[70],"tags":[9744,6288,9601],"class_list":{"0":"post-36921","1":"post","2":"type-post","3":"status-publish","4":"format-standard","6":"category-de-opinion","7":"tag-jose-woldenberg","8":"tag-millennials","9":"tag-sismo-19-s"},"yoast_head":"<!-- This site is optimized with the Yoast SEO plugin v27.4 - https:\/\/yoast.com\/product\/yoast-seo-wordpress\/ -->\n<title>Resortes solidarios - Los pol\u00edticos Veracruz<\/title>\n<meta name=\"robots\" content=\"index, follow, max-snippet:-1, max-image-preview:large, max-video-preview:-1\" \/>\n<link rel=\"canonical\" href=\"https:\/\/lospoliticosveracruz.com\/?p=36921\" \/>\n<meta property=\"og:locale\" content=\"es_ES\" \/>\n<meta property=\"og:type\" content=\"article\" \/>\n<meta property=\"og:title\" content=\"Resortes solidarios - Los pol\u00edticos Veracruz\" \/>\n<meta property=\"og:description\" content=\"Elena C\u00f3rdova Luna Nueva Otro de los hechos m\u00e1s significativo en el pasado sismo del 19 de septiembre de este a\u00f1o, fue sin lugar a duda la participaci\u00f3n proactiva de los j\u00f3venes capitalinos que se dieron a la tarea de entregarse como nunca, pasados los minutos de confusi\u00f3n, miedo y desorden. As\u00ed, vimos a miles [&hellip;]\" \/>\n<meta property=\"og:url\" content=\"https:\/\/lospoliticosveracruz.com\/?p=36921\" \/>\n<meta property=\"og:site_name\" content=\"Los pol\u00edticos Veracruz\" \/>\n<meta property=\"article:publisher\" content=\"https:\/\/www.facebook.com\/people\/Notimemes-de-los-Polticos\/61565672886568\/\" \/>\n<meta property=\"article:published_time\" content=\"2017-10-08T15:32:00+00:00\" \/>\n<meta property=\"og:image\" content=\"https:\/\/lospoliticosveracruz.com\/wp-content\/uploads\/2016\/07\/Logo-Dor.jpg\" \/>\n\t<meta property=\"og:image:width\" content=\"200\" \/>\n\t<meta property=\"og:image:height\" content=\"200\" \/>\n\t<meta property=\"og:image:type\" content=\"image\/jpeg\" \/>\n<meta name=\"author\" content=\"Lo viste en Los Pol\u00edticos\" \/>\n<meta name=\"twitter:card\" content=\"summary_large_image\" \/>\n<meta name=\"twitter:creator\" content=\"@LosPoliticosVer\" \/>\n<meta name=\"twitter:site\" content=\"@LosPoliticosVer\" \/>\n<meta name=\"twitter:label1\" content=\"Escrito por\" \/>\n\t<meta name=\"twitter:data1\" content=\"Lo viste en Los Pol\u00edticos\" \/>\n\t<meta name=\"twitter:label2\" content=\"Tiempo de lectura\" \/>\n\t<meta name=\"twitter:data2\" content=\"4 minutos\" \/>\n<script type=\"application\/ld+json\" class=\"yoast-schema-graph\">{\"@context\":\"https:\\\/\\\/schema.org\",\"@graph\":[{\"@type\":\"Article\",\"@id\":\"https:\\\/\\\/lospoliticosveracruz.com\\\/?p=36921#article\",\"isPartOf\":{\"@id\":\"https:\\\/\\\/lospoliticosveracruz.com\\\/?p=36921\"},\"author\":{\"name\":\"Lo viste en Los Pol\u00edticos\",\"@id\":\"https:\\\/\\\/lospoliticosveracruz.com\\\/#\\\/schema\\\/person\\\/b8702bb0e538456e6efd07080bf2a4a2\"},\"headline\":\"Resortes solidarios\",\"datePublished\":\"2017-10-08T15:32:00+00:00\",\"mainEntityOfPage\":{\"@id\":\"https:\\\/\\\/lospoliticosveracruz.com\\\/?p=36921\"},\"wordCount\":807,\"commentCount\":0,\"publisher\":{\"@id\":\"https:\\\/\\\/lospoliticosveracruz.com\\\/#organization\"},\"keywords\":[\"Jos\u00e9 Woldenberg\",\"Millennials\",\"Sismo 19-S\"],\"articleSection\":[\"De Opini\u00f3n\"],\"inLanguage\":\"es\",\"potentialAction\":[{\"@type\":\"CommentAction\",\"name\":\"Comment\",\"target\":[\"https:\\\/\\\/lospoliticosveracruz.com\\\/?p=36921#respond\"]}]},{\"@type\":\"WebPage\",\"@id\":\"https:\\\/\\\/lospoliticosveracruz.com\\\/?p=36921\",\"url\":\"https:\\\/\\\/lospoliticosveracruz.com\\\/?p=36921\",\"name\":\"Resortes solidarios - Los pol\u00edticos Veracruz\",\"isPartOf\":{\"@id\":\"https:\\\/\\\/lospoliticosveracruz.com\\\/#website\"},\"datePublished\":\"2017-10-08T15:32:00+00:00\",\"breadcrumb\":{\"@id\":\"https:\\\/\\\/lospoliticosveracruz.com\\\/?p=36921#breadcrumb\"},\"inLanguage\":\"es\",\"potentialAction\":[{\"@type\":\"ReadAction\",\"target\":[\"https:\\\/\\\/lospoliticosveracruz.com\\\/?p=36921\"]}]},{\"@type\":\"BreadcrumbList\",\"@id\":\"https:\\\/\\\/lospoliticosveracruz.com\\\/?p=36921#breadcrumb\",\"itemListElement\":[{\"@type\":\"ListItem\",\"position\":1,\"name\":\"Portada\",\"item\":\"https:\\\/\\\/lospoliticosveracruz.com\\\/\"},{\"@type\":\"ListItem\",\"position\":2,\"name\":\"Resortes solidarios\"}]},{\"@type\":\"WebSite\",\"@id\":\"https:\\\/\\\/lospoliticosveracruz.com\\\/#website\",\"url\":\"https:\\\/\\\/lospoliticosveracruz.com\\\/\",\"name\":\"Los pol\u00edticos Veracruz\",\"description\":\"\",\"publisher\":{\"@id\":\"https:\\\/\\\/lospoliticosveracruz.com\\\/#organization\"},\"potentialAction\":[{\"@type\":\"SearchAction\",\"target\":{\"@type\":\"EntryPoint\",\"urlTemplate\":\"https:\\\/\\\/lospoliticosveracruz.com\\\/?s={search_term_string}\"},\"query-input\":{\"@type\":\"PropertyValueSpecification\",\"valueRequired\":true,\"valueName\":\"search_term_string\"}}],\"inLanguage\":\"es\"},{\"@type\":\"Organization\",\"@id\":\"https:\\\/\\\/lospoliticosveracruz.com\\\/#organization\",\"name\":\"Los pol\u00edticos Veracruz\",\"url\":\"https:\\\/\\\/lospoliticosveracruz.com\\\/\",\"logo\":{\"@type\":\"ImageObject\",\"inLanguage\":\"es\",\"@id\":\"https:\\\/\\\/lospoliticosveracruz.com\\\/#\\\/schema\\\/logo\\\/image\\\/\",\"url\":\"https:\\\/\\\/lospoliticosveracruz.com\\\/wp-content\\\/uploads\\\/2025\\\/12\\\/Logo-Nuevo-LOS-POLITICOS-1.jpg\",\"contentUrl\":\"https:\\\/\\\/lospoliticosveracruz.com\\\/wp-content\\\/uploads\\\/2025\\\/12\\\/Logo-Nuevo-LOS-POLITICOS-1.jpg\",\"width\":260,\"height\":70,\"caption\":\"Los pol\u00edticos Veracruz\"},\"image\":{\"@id\":\"https:\\\/\\\/lospoliticosveracruz.com\\\/#\\\/schema\\\/logo\\\/image\\\/\"},\"sameAs\":[\"https:\\\/\\\/www.facebook.com\\\/people\\\/Notimemes-de-los-Polticos\\\/61565672886568\\\/\",\"https:\\\/\\\/x.com\\\/LosPoliticosVer\"]},{\"@type\":\"Person\",\"@id\":\"https:\\\/\\\/lospoliticosveracruz.com\\\/#\\\/schema\\\/person\\\/b8702bb0e538456e6efd07080bf2a4a2\",\"name\":\"Lo viste en Los Pol\u00edticos\",\"image\":{\"@type\":\"ImageObject\",\"inLanguage\":\"es\",\"@id\":\"https:\\\/\\\/secure.gravatar.com\\\/avatar\\\/3a8de04a2656d44082be478bd6c086daa447c4651605818287b9532d3d0bd435?s=96&d=mm&r=g\",\"url\":\"https:\\\/\\\/secure.gravatar.com\\\/avatar\\\/3a8de04a2656d44082be478bd6c086daa447c4651605818287b9532d3d0bd435?s=96&d=mm&r=g\",\"contentUrl\":\"https:\\\/\\\/secure.gravatar.com\\\/avatar\\\/3a8de04a2656d44082be478bd6c086daa447c4651605818287b9532d3d0bd435?s=96&d=mm&r=g\",\"caption\":\"Lo viste en Los Pol\u00edticos\"},\"url\":\"https:\\\/\\\/lospoliticosveracruz.com\\\/?author=2\"}]}<\/script>\n<!-- \/ Yoast SEO plugin. -->","yoast_head_json":{"title":"Resortes solidarios - Los pol\u00edticos Veracruz","robots":{"index":"index","follow":"follow","max-snippet":"max-snippet:-1","max-image-preview":"max-image-preview:large","max-video-preview":"max-video-preview:-1"},"canonical":"https:\/\/lospoliticosveracruz.com\/?p=36921","og_locale":"es_ES","og_type":"article","og_title":"Resortes solidarios - Los pol\u00edticos Veracruz","og_description":"Elena C\u00f3rdova Luna Nueva Otro de los hechos m\u00e1s significativo en el pasado sismo del 19 de septiembre de este a\u00f1o, fue sin lugar a duda la participaci\u00f3n proactiva de los j\u00f3venes capitalinos que se dieron a la tarea de entregarse como nunca, pasados los minutos de confusi\u00f3n, miedo y desorden. As\u00ed, vimos a miles [&hellip;]","og_url":"https:\/\/lospoliticosveracruz.com\/?p=36921","og_site_name":"Los pol\u00edticos Veracruz","article_publisher":"https:\/\/www.facebook.com\/people\/Notimemes-de-los-Polticos\/61565672886568\/","article_published_time":"2017-10-08T15:32:00+00:00","og_image":[{"width":200,"height":200,"url":"https:\/\/lospoliticosveracruz.com\/wp-content\/uploads\/2016\/07\/Logo-Dor.jpg","type":"image\/jpeg"}],"author":"Lo viste en Los Pol\u00edticos","twitter_card":"summary_large_image","twitter_creator":"@LosPoliticosVer","twitter_site":"@LosPoliticosVer","twitter_misc":{"Escrito por":"Lo viste en Los Pol\u00edticos","Tiempo de lectura":"4 minutos"},"schema":{"@context":"https:\/\/schema.org","@graph":[{"@type":"Article","@id":"https:\/\/lospoliticosveracruz.com\/?p=36921#article","isPartOf":{"@id":"https:\/\/lospoliticosveracruz.com\/?p=36921"},"author":{"name":"Lo viste en Los Pol\u00edticos","@id":"https:\/\/lospoliticosveracruz.com\/#\/schema\/person\/b8702bb0e538456e6efd07080bf2a4a2"},"headline":"Resortes solidarios","datePublished":"2017-10-08T15:32:00+00:00","mainEntityOfPage":{"@id":"https:\/\/lospoliticosveracruz.com\/?p=36921"},"wordCount":807,"commentCount":0,"publisher":{"@id":"https:\/\/lospoliticosveracruz.com\/#organization"},"keywords":["Jos\u00e9 Woldenberg","Millennials","Sismo 19-S"],"articleSection":["De Opini\u00f3n"],"inLanguage":"es","potentialAction":[{"@type":"CommentAction","name":"Comment","target":["https:\/\/lospoliticosveracruz.com\/?p=36921#respond"]}]},{"@type":"WebPage","@id":"https:\/\/lospoliticosveracruz.com\/?p=36921","url":"https:\/\/lospoliticosveracruz.com\/?p=36921","name":"Resortes solidarios - Los pol\u00edticos Veracruz","isPartOf":{"@id":"https:\/\/lospoliticosveracruz.com\/#website"},"datePublished":"2017-10-08T15:32:00+00:00","breadcrumb":{"@id":"https:\/\/lospoliticosveracruz.com\/?p=36921#breadcrumb"},"inLanguage":"es","potentialAction":[{"@type":"ReadAction","target":["https:\/\/lospoliticosveracruz.com\/?p=36921"]}]},{"@type":"BreadcrumbList","@id":"https:\/\/lospoliticosveracruz.com\/?p=36921#breadcrumb","itemListElement":[{"@type":"ListItem","position":1,"name":"Portada","item":"https:\/\/lospoliticosveracruz.com\/"},{"@type":"ListItem","position":2,"name":"Resortes solidarios"}]},{"@type":"WebSite","@id":"https:\/\/lospoliticosveracruz.com\/#website","url":"https:\/\/lospoliticosveracruz.com\/","name":"Los pol\u00edticos Veracruz","description":"","publisher":{"@id":"https:\/\/lospoliticosveracruz.com\/#organization"},"potentialAction":[{"@type":"SearchAction","target":{"@type":"EntryPoint","urlTemplate":"https:\/\/lospoliticosveracruz.com\/?s={search_term_string}"},"query-input":{"@type":"PropertyValueSpecification","valueRequired":true,"valueName":"search_term_string"}}],"inLanguage":"es"},{"@type":"Organization","@id":"https:\/\/lospoliticosveracruz.com\/#organization","name":"Los pol\u00edticos Veracruz","url":"https:\/\/lospoliticosveracruz.com\/","logo":{"@type":"ImageObject","inLanguage":"es","@id":"https:\/\/lospoliticosveracruz.com\/#\/schema\/logo\/image\/","url":"https:\/\/lospoliticosveracruz.com\/wp-content\/uploads\/2025\/12\/Logo-Nuevo-LOS-POLITICOS-1.jpg","contentUrl":"https:\/\/lospoliticosveracruz.com\/wp-content\/uploads\/2025\/12\/Logo-Nuevo-LOS-POLITICOS-1.jpg","width":260,"height":70,"caption":"Los pol\u00edticos Veracruz"},"image":{"@id":"https:\/\/lospoliticosveracruz.com\/#\/schema\/logo\/image\/"},"sameAs":["https:\/\/www.facebook.com\/people\/Notimemes-de-los-Polticos\/61565672886568\/","https:\/\/x.com\/LosPoliticosVer"]},{"@type":"Person","@id":"https:\/\/lospoliticosveracruz.com\/#\/schema\/person\/b8702bb0e538456e6efd07080bf2a4a2","name":"Lo viste en Los Pol\u00edticos","image":{"@type":"ImageObject","inLanguage":"es","@id":"https:\/\/secure.gravatar.com\/avatar\/3a8de04a2656d44082be478bd6c086daa447c4651605818287b9532d3d0bd435?s=96&d=mm&r=g","url":"https:\/\/secure.gravatar.com\/avatar\/3a8de04a2656d44082be478bd6c086daa447c4651605818287b9532d3d0bd435?s=96&d=mm&r=g","contentUrl":"https:\/\/secure.gravatar.com\/avatar\/3a8de04a2656d44082be478bd6c086daa447c4651605818287b9532d3d0bd435?s=96&d=mm&r=g","caption":"Lo viste en Los Pol\u00edticos"},"url":"https:\/\/lospoliticosveracruz.com\/?author=2"}]}},"_links":{"self":[{"href":"https:\/\/lospoliticosveracruz.com\/index.php?rest_route=\/wp\/v2\/posts\/36921","targetHints":{"allow":["GET"]}}],"collection":[{"href":"https:\/\/lospoliticosveracruz.com\/index.php?rest_route=\/wp\/v2\/posts"}],"about":[{"href":"https:\/\/lospoliticosveracruz.com\/index.php?rest_route=\/wp\/v2\/types\/post"}],"author":[{"embeddable":true,"href":"https:\/\/lospoliticosveracruz.com\/index.php?rest_route=\/wp\/v2\/users\/2"}],"replies":[{"embeddable":true,"href":"https:\/\/lospoliticosveracruz.com\/index.php?rest_route=%2Fwp%2Fv2%2Fcomments&post=36921"}],"version-history":[{"count":1,"href":"https:\/\/lospoliticosveracruz.com\/index.php?rest_route=\/wp\/v2\/posts\/36921\/revisions"}],"predecessor-version":[{"id":36923,"href":"https:\/\/lospoliticosveracruz.com\/index.php?rest_route=\/wp\/v2\/posts\/36921\/revisions\/36923"}],"wp:attachment":[{"href":"https:\/\/lospoliticosveracruz.com\/index.php?rest_route=%2Fwp%2Fv2%2Fmedia&parent=36921"}],"wp:term":[{"taxonomy":"category","embeddable":true,"href":"https:\/\/lospoliticosveracruz.com\/index.php?rest_route=%2Fwp%2Fv2%2Fcategories&post=36921"},{"taxonomy":"post_tag","embeddable":true,"href":"https:\/\/lospoliticosveracruz.com\/index.php?rest_route=%2Fwp%2Fv2%2Ftags&post=36921"}],"curies":[{"name":"wp","href":"https:\/\/api.w.org\/{rel}","templated":true}]}}