{"id":36931,"date":"2017-10-08T20:02:41","date_gmt":"2017-10-09T01:02:41","guid":{"rendered":"http:\/\/www.lospoliticosveracruz.com.mx\/?p=36931"},"modified":"2017-10-08T20:03:56","modified_gmt":"2017-10-09T01:03:56","slug":"amozoc-perote-un-asalto-en-despoblado","status":"publish","type":"post","link":"https:\/\/lospoliticosveracruz.com\/?p=36931","title":{"rendered":"Amozoc-Perote, un asalto en despoblado"},"content":{"rendered":"<p style=\"text-align: left;\" align=\"center\"><b><\/b><b>H\u00e9ctor Yunes Landa<\/b><\/p>\n<p style=\"text-align: left;\" align=\"center\"><em>Articulista Invitado<\/em><\/p>\n<p align=\"justify\"><span style=\"color: #555555; font-family: 'Helvetica Neue', Helvetica, Arial, sans-serif;\">Actualmente, viajar por la autopista Amozoc-Perote resulta \u2013literalmente- un asalto en despoblado. Las historias sobre robos con violencia a transportistas, agresiones a autobuses de pasajeros y automovilistas, homicidios y hasta abusos sexuales se han multiplicado de manera alarmante, lo que la convierte en una de las carreteras que el ciudadano paga por transitar por ella, m\u00e1s peligrosas del pa\u00eds.<\/span><\/p>\n<p align=\"justify\"><span style=\"color: #555555; font-family: 'Helvetica Neue', Helvetica, Arial, sans-serif;\">A pesar del riesgo que representa, se trata de una autopista estrat\u00e9gica por su alto dinamismo comercial y tur\u00edstico, ya que conforma una de las v\u00edas r\u00e1pidas que comunica al Golfo de M\u00e9xico con\u00a0 toda la zona central del pa\u00eds.<\/span><\/p>\n<p align=\"justify\"><span style=\"color: #555555; font-family: 'Helvetica Neue', Helvetica, Arial, sans-serif;\">Desde siempre ha sido un tramo semides\u00e9rtico y solitario. No es com\u00fan que haya mucho tr\u00e1fico, a pesar de que sin importar el destino \u2013ya sea M\u00e9xico, Quer\u00e9taro, Pachuca, Puebla o Tlaxcala-, es paso obligado para quienes viajamos desde o hacia el estado de Veracruz.<\/span><\/p>\n<p align=\"justify\"><span style=\"color: #555555; font-family: 'Helvetica Neue', Helvetica, Arial, sans-serif;\">Por eso, considerando el afluente vehicular, la serie de asaltos que se han venido denunciando es mucho m\u00e1s que un acto de mala suerte. Viajar en este tramo se ha convertido en cosa de d\u00edas en una verdadera ruleta rusa.<\/span><\/p>\n<p align=\"justify\"><span style=\"color: #555555; font-family: 'Helvetica Neue', Helvetica, Arial, sans-serif;\">Y no es casual. Seg\u00fan reportes del Sistema Nacional de Seguridad P\u00fablica, ning\u00fan otro delito en el pa\u00eds tuvo un incremento tan elevado en los primeros cinco meses del a\u00f1o como el robo en carreteras.<\/span><\/p>\n<p align=\"justify\"><span style=\"color: #555555; font-family: 'Helvetica Neue', Helvetica, Arial, sans-serif;\">Entre enero y mayo de este a\u00f1o, la cifra de averiguaciones previas por este delito creci\u00f3 en 62.5% respecto al mismo periodo del a\u00f1o pasado. Del total de robos en carretera denunciados en este periodo, 86% se cometieron en los estados de Tlaxcala, Puebla, Guerrero, Veracruz y Oaxaca.<\/span><\/p>\n<p align=\"justify\"><span style=\"color: #555555; font-family: 'Helvetica Neue', Helvetica, Arial, sans-serif;\">Sin embargo, este delito est\u00e1 a\u00fan m\u00e1s focalizado en Puebla y Tlaxcala donde se reportan seis de cada 10 robos. Entre los tramos carreteros con el mayor n\u00famero de asaltos destacan San Mart\u00edn-Tlaxcala; la Amozoc-Perote; M\u00e9xico-Puebla y la carretera federal Puebla-Tlaxcala.<\/span><\/p>\n<p align=\"justify\"><span style=\"color: #555555; font-family: 'Helvetica Neue', Helvetica, Arial, sans-serif;\">Los asaltos en carreteras con el \u00abmodus operandi\u00bb de arrojar objetos para reventar las llantas y obligar a los conductores a detenerse no son nuevos. As\u00ed hemos conocido historias incluso en las autopistas del estado de Veracruz. Lo que s\u00ed es verdaderamente alarmante es la violencia y la impunidad con que se est\u00e1n cometiendo estos atracos, en los que se han visto involucrados ya muchos veracruzanos.<\/span><\/p>\n<p align=\"justify\"><span style=\"color: #555555; font-family: 'Helvetica Neue', Helvetica, Arial, sans-serif;\">Por esta raz\u00f3n, el jueves pasado present\u00e9 un Punto de Acuerdo ante el Senado de la Rep\u00fablica para hacer un exhorto a la Comisi\u00f3n Nacional de Seguridad, a fin de que la Polic\u00eda Federal, en coordinaci\u00f3n con las autoridades de los estados de Puebla, Tlaxcala y Veracruz, refuercen la seguridad en el tramo carretero de \u201cAmozoc \u2013 Perote\u201d, con el prop\u00f3sito de combatir la delincuencia organizada y se garantice la protecci\u00f3n oportuna a los usuarios.<\/span><\/p>\n<p align=\"justify\"><span style=\"color: #555555; font-family: 'Helvetica Neue', Helvetica, Arial, sans-serif;\">Seg\u00fan los relatos, no se trata de delincuentes ordinarios que se conformen con el bot\u00edn m\u00e1s com\u00fan: carteras, relojes, celulares y dinero en efectivo. Muchas denuncias an\u00f3nimas \u2013hechas a trav\u00e9s de los medios de comunicaci\u00f3n y no siempre ante las autoridades de justicia- coinciden reiteradamente en la agresi\u00f3n sexual a mujeres y el uso de armas de fuego contra quienes intentan defenderse.<\/span><\/p>\n<p align=\"justify\"><span style=\"color: #555555; font-family: 'Helvetica Neue', Helvetica, Arial, sans-serif;\">A pesar de que hay varias teor\u00edas al respecto, no queremos especular sobre quienes pudieran ser los responsables de estas agresiones f\u00edsicas y robos con violencia. Es algo que deber\u00e1n investigar las autoridades estatales a partir de las denuncias que han sido presentadas por las v\u00edctimas. Nuestro prop\u00f3sito es que se refuerce la seguridad y se garantice el tr\u00e1nsito de cientos de automovilistas.<\/span><\/p>\n<p align=\"justify\"><span style=\"color: #555555; font-family: 'Helvetica Neue', Helvetica, Arial, sans-serif;\">Sin duda, este incremento en la actividad delictiva y violenta, conlleva un impacto negativo en las actividades econ\u00f3micas y tur\u00edsticas de la regi\u00f3n; cabe mencionar, que, los cr\u00edmenes que se han presentado en esta \u00e1rea no est\u00e1n generalizados y se muestran en una zona determinada, demostrando una clara falta de vigilancia que genera un ambiente de temor en la poblaci\u00f3n.<\/span><\/p>\n<p align=\"justify\"><span style=\"color: #555555; font-family: 'Helvetica Neue', Helvetica, Arial, sans-serif;\">No tendr\u00edamos espacio suficiente para relatar cada uno de los eventos que se han sucedido en los \u00faltimos meses. Las v\u00edctimas crecen cada d\u00eda. Debemos estar conscientes que no se trata de estad\u00edsticas sobre incidencia delictiva, sino de personas que han sido agredidas de manera reiterada. Por eso debemos tomar cartas en el asunto.\u00a0<\/span><\/p>\n<p align=\"justify\"><span style=\"color: #555555; font-family: 'Helvetica Neue', Helvetica, Arial, sans-serif;\">Con el prop\u00f3sito de dar seguimiento estrecho y personal a lo que ha sucedido en este y otros tramos carreteros de nuestro estado, les proporciono mi correo electr\u00f3nico <a href=\"mailto:hectoryuneslanda@hotmail.com\" target=\"_blank\" rel=\"noopener noreferrer\">hectoryuneslanda@hotmail.com<\/a>\u00a0 para que, me reporten experiencias pasadas o recientes de este tipo, y que, en base a esta informaci\u00f3n que Uds me proporciones, el \u00e1rea de seguridad nacional defina una estrategia muy espec\u00edfica para combatir este \u00abasalto en despoblado\u00bb.<\/span><\/p>\n<p align=\"justify\"><a href=\"http:\/\/facebook.com\/\" target=\"_blank\" rel=\"noopener noreferrer\">facebook.com\/<\/a><a href=\"https:\/\/sable.godaddy.com\/c\/137078?id=47047.171.1.47b002484d9a6b9e7f20fde9666039f4\" target=\"_blank\" rel=\"noopener noreferrer\">HectorYunes<\/a><\/p>\n<p align=\"justify\">Mail: <a href=\"mailto:hector.yunes@senado.gob.mx\" target=\"_blank\" rel=\"noopener noreferrer\">hector.yunes@senado.gob.mx<\/a><\/p>\n<p align=\"justify\">Instagram: <a href=\"https:\/\/sable.godaddy.com\/c\/137078?id=47047.172.1.b3687504ddbe4f7704a260101dd9d968\" target=\"_blank\" rel=\"noopener noreferrer\">hectoryuneslanda<\/a><\/p>\n<p align=\"justify\">Twt: <a href=\"https:\/\/sable.godaddy.com\/c\/137078?id=47047.173.1.adeb39f0291e0f6d5e5e644afd4fd165\" target=\"_blank\" rel=\"noopener noreferrer\">@HectorYunes<\/a><\/p>\n","protected":false},"excerpt":{"rendered":"<p>H\u00e9ctor Yunes Landa Articulista Invitado Actualmente, viajar por la autopista Amozoc-Perote resulta \u2013literalmente- un asalto en despoblado. Las historias sobre robos con violencia a transportistas, agresiones a autobuses de pasajeros y automovilistas, homicidios y hasta abusos sexuales se han multiplicado de manera alarmante, lo que la convierte en una de las carreteras que el ciudadano [&hellip;]<\/p>\n","protected":false},"author":2,"featured_media":0,"comment_status":"open","ping_status":"open","sticky":false,"template":"","format":"standard","meta":{"tdm_status":"","tdm_grid_status":"","footnotes":""},"categories":[70],"tags":[9747,6393,348,196,463],"class_list":{"0":"post-36931","1":"post","2":"type-post","3":"status-publish","4":"format-standard","6":"category-de-opinion","7":"tag-comision-nacional-de-seguridad","8":"tag-delincuencia-organizada","9":"tag-hector-yunes-landa","10":"tag-inseguridad","11":"tag-violencia"},"yoast_head":"<!-- This site is optimized with the Yoast SEO plugin v27.4 - https:\/\/yoast.com\/product\/yoast-seo-wordpress\/ -->\n<title>Amozoc-Perote, un asalto en despoblado - Los pol\u00edticos Veracruz<\/title>\n<meta name=\"robots\" content=\"index, follow, max-snippet:-1, max-image-preview:large, max-video-preview:-1\" \/>\n<link rel=\"canonical\" href=\"https:\/\/lospoliticosveracruz.com\/?p=36931\" \/>\n<meta property=\"og:locale\" content=\"es_ES\" \/>\n<meta property=\"og:type\" content=\"article\" \/>\n<meta property=\"og:title\" content=\"Amozoc-Perote, un asalto en despoblado - Los pol\u00edticos Veracruz\" \/>\n<meta property=\"og:description\" content=\"H\u00e9ctor Yunes Landa Articulista Invitado Actualmente, viajar por la autopista Amozoc-Perote resulta \u2013literalmente- un asalto en despoblado. Las historias sobre robos con violencia a transportistas, agresiones a autobuses de pasajeros y automovilistas, homicidios y hasta abusos sexuales se han multiplicado de manera alarmante, lo que la convierte en una de las carreteras que el ciudadano [&hellip;]\" \/>\n<meta property=\"og:url\" content=\"https:\/\/lospoliticosveracruz.com\/?p=36931\" \/>\n<meta property=\"og:site_name\" content=\"Los pol\u00edticos Veracruz\" \/>\n<meta property=\"article:publisher\" content=\"https:\/\/www.facebook.com\/people\/Notimemes-de-los-Polticos\/61565672886568\/\" \/>\n<meta property=\"article:published_time\" content=\"2017-10-09T01:02:41+00:00\" \/>\n<meta property=\"article:modified_time\" content=\"2017-10-09T01:03:56+00:00\" \/>\n<meta property=\"og:image\" content=\"https:\/\/lospoliticosveracruz.com\/wp-content\/uploads\/2016\/07\/Logo-Dor.jpg\" \/>\n\t<meta property=\"og:image:width\" content=\"200\" \/>\n\t<meta property=\"og:image:height\" content=\"200\" \/>\n\t<meta property=\"og:image:type\" content=\"image\/jpeg\" \/>\n<meta name=\"author\" content=\"Lo viste en Los Pol\u00edticos\" \/>\n<meta name=\"twitter:card\" content=\"summary_large_image\" \/>\n<meta name=\"twitter:creator\" content=\"@LosPoliticosVer\" \/>\n<meta name=\"twitter:site\" content=\"@LosPoliticosVer\" \/>\n<meta name=\"twitter:label1\" content=\"Escrito por\" \/>\n\t<meta name=\"twitter:data1\" content=\"Lo viste en Los Pol\u00edticos\" \/>\n\t<meta name=\"twitter:label2\" content=\"Tiempo de lectura\" \/>\n\t<meta name=\"twitter:data2\" content=\"4 minutos\" \/>\n<script type=\"application\/ld+json\" class=\"yoast-schema-graph\">{\"@context\":\"https:\\\/\\\/schema.org\",\"@graph\":[{\"@type\":\"Article\",\"@id\":\"https:\\\/\\\/lospoliticosveracruz.com\\\/?p=36931#article\",\"isPartOf\":{\"@id\":\"https:\\\/\\\/lospoliticosveracruz.com\\\/?p=36931\"},\"author\":{\"name\":\"Lo viste en Los Pol\u00edticos\",\"@id\":\"https:\\\/\\\/lospoliticosveracruz.com\\\/#\\\/schema\\\/person\\\/b8702bb0e538456e6efd07080bf2a4a2\"},\"headline\":\"Amozoc-Perote, un asalto en despoblado\",\"datePublished\":\"2017-10-09T01:02:41+00:00\",\"dateModified\":\"2017-10-09T01:03:56+00:00\",\"mainEntityOfPage\":{\"@id\":\"https:\\\/\\\/lospoliticosveracruz.com\\\/?p=36931\"},\"wordCount\":840,\"commentCount\":0,\"publisher\":{\"@id\":\"https:\\\/\\\/lospoliticosveracruz.com\\\/#organization\"},\"keywords\":[\"Comisi\u00f3n Nacional de Seguridad\",\"Delincuencia organizada\",\"H\u00e9ctor Yunes Landa\",\"inseguridad\",\"violencia\"],\"articleSection\":[\"De Opini\u00f3n\"],\"inLanguage\":\"es\",\"potentialAction\":[{\"@type\":\"CommentAction\",\"name\":\"Comment\",\"target\":[\"https:\\\/\\\/lospoliticosveracruz.com\\\/?p=36931#respond\"]}]},{\"@type\":\"WebPage\",\"@id\":\"https:\\\/\\\/lospoliticosveracruz.com\\\/?p=36931\",\"url\":\"https:\\\/\\\/lospoliticosveracruz.com\\\/?p=36931\",\"name\":\"Amozoc-Perote, un asalto en despoblado - Los pol\u00edticos Veracruz\",\"isPartOf\":{\"@id\":\"https:\\\/\\\/lospoliticosveracruz.com\\\/#website\"},\"datePublished\":\"2017-10-09T01:02:41+00:00\",\"dateModified\":\"2017-10-09T01:03:56+00:00\",\"breadcrumb\":{\"@id\":\"https:\\\/\\\/lospoliticosveracruz.com\\\/?p=36931#breadcrumb\"},\"inLanguage\":\"es\",\"potentialAction\":[{\"@type\":\"ReadAction\",\"target\":[\"https:\\\/\\\/lospoliticosveracruz.com\\\/?p=36931\"]}]},{\"@type\":\"BreadcrumbList\",\"@id\":\"https:\\\/\\\/lospoliticosveracruz.com\\\/?p=36931#breadcrumb\",\"itemListElement\":[{\"@type\":\"ListItem\",\"position\":1,\"name\":\"Portada\",\"item\":\"https:\\\/\\\/lospoliticosveracruz.com\\\/\"},{\"@type\":\"ListItem\",\"position\":2,\"name\":\"Amozoc-Perote, un asalto en despoblado\"}]},{\"@type\":\"WebSite\",\"@id\":\"https:\\\/\\\/lospoliticosveracruz.com\\\/#website\",\"url\":\"https:\\\/\\\/lospoliticosveracruz.com\\\/\",\"name\":\"Los pol\u00edticos Veracruz\",\"description\":\"\",\"publisher\":{\"@id\":\"https:\\\/\\\/lospoliticosveracruz.com\\\/#organization\"},\"potentialAction\":[{\"@type\":\"SearchAction\",\"target\":{\"@type\":\"EntryPoint\",\"urlTemplate\":\"https:\\\/\\\/lospoliticosveracruz.com\\\/?s={search_term_string}\"},\"query-input\":{\"@type\":\"PropertyValueSpecification\",\"valueRequired\":true,\"valueName\":\"search_term_string\"}}],\"inLanguage\":\"es\"},{\"@type\":\"Organization\",\"@id\":\"https:\\\/\\\/lospoliticosveracruz.com\\\/#organization\",\"name\":\"Los pol\u00edticos Veracruz\",\"url\":\"https:\\\/\\\/lospoliticosveracruz.com\\\/\",\"logo\":{\"@type\":\"ImageObject\",\"inLanguage\":\"es\",\"@id\":\"https:\\\/\\\/lospoliticosveracruz.com\\\/#\\\/schema\\\/logo\\\/image\\\/\",\"url\":\"https:\\\/\\\/lospoliticosveracruz.com\\\/wp-content\\\/uploads\\\/2025\\\/12\\\/Logo-Nuevo-LOS-POLITICOS-1.jpg\",\"contentUrl\":\"https:\\\/\\\/lospoliticosveracruz.com\\\/wp-content\\\/uploads\\\/2025\\\/12\\\/Logo-Nuevo-LOS-POLITICOS-1.jpg\",\"width\":260,\"height\":70,\"caption\":\"Los pol\u00edticos Veracruz\"},\"image\":{\"@id\":\"https:\\\/\\\/lospoliticosveracruz.com\\\/#\\\/schema\\\/logo\\\/image\\\/\"},\"sameAs\":[\"https:\\\/\\\/www.facebook.com\\\/people\\\/Notimemes-de-los-Polticos\\\/61565672886568\\\/\",\"https:\\\/\\\/x.com\\\/LosPoliticosVer\"]},{\"@type\":\"Person\",\"@id\":\"https:\\\/\\\/lospoliticosveracruz.com\\\/#\\\/schema\\\/person\\\/b8702bb0e538456e6efd07080bf2a4a2\",\"name\":\"Lo viste en Los Pol\u00edticos\",\"image\":{\"@type\":\"ImageObject\",\"inLanguage\":\"es\",\"@id\":\"https:\\\/\\\/secure.gravatar.com\\\/avatar\\\/3a8de04a2656d44082be478bd6c086daa447c4651605818287b9532d3d0bd435?s=96&d=mm&r=g\",\"url\":\"https:\\\/\\\/secure.gravatar.com\\\/avatar\\\/3a8de04a2656d44082be478bd6c086daa447c4651605818287b9532d3d0bd435?s=96&d=mm&r=g\",\"contentUrl\":\"https:\\\/\\\/secure.gravatar.com\\\/avatar\\\/3a8de04a2656d44082be478bd6c086daa447c4651605818287b9532d3d0bd435?s=96&d=mm&r=g\",\"caption\":\"Lo viste en Los Pol\u00edticos\"},\"url\":\"https:\\\/\\\/lospoliticosveracruz.com\\\/?author=2\"}]}<\/script>\n<!-- \/ Yoast SEO plugin. -->","yoast_head_json":{"title":"Amozoc-Perote, un asalto en despoblado - Los pol\u00edticos Veracruz","robots":{"index":"index","follow":"follow","max-snippet":"max-snippet:-1","max-image-preview":"max-image-preview:large","max-video-preview":"max-video-preview:-1"},"canonical":"https:\/\/lospoliticosveracruz.com\/?p=36931","og_locale":"es_ES","og_type":"article","og_title":"Amozoc-Perote, un asalto en despoblado - Los pol\u00edticos Veracruz","og_description":"H\u00e9ctor Yunes Landa Articulista Invitado Actualmente, viajar por la autopista Amozoc-Perote resulta \u2013literalmente- un asalto en despoblado. Las historias sobre robos con violencia a transportistas, agresiones a autobuses de pasajeros y automovilistas, homicidios y hasta abusos sexuales se han multiplicado de manera alarmante, lo que la convierte en una de las carreteras que el ciudadano [&hellip;]","og_url":"https:\/\/lospoliticosveracruz.com\/?p=36931","og_site_name":"Los pol\u00edticos Veracruz","article_publisher":"https:\/\/www.facebook.com\/people\/Notimemes-de-los-Polticos\/61565672886568\/","article_published_time":"2017-10-09T01:02:41+00:00","article_modified_time":"2017-10-09T01:03:56+00:00","og_image":[{"width":200,"height":200,"url":"https:\/\/lospoliticosveracruz.com\/wp-content\/uploads\/2016\/07\/Logo-Dor.jpg","type":"image\/jpeg"}],"author":"Lo viste en Los Pol\u00edticos","twitter_card":"summary_large_image","twitter_creator":"@LosPoliticosVer","twitter_site":"@LosPoliticosVer","twitter_misc":{"Escrito por":"Lo viste en Los Pol\u00edticos","Tiempo de lectura":"4 minutos"},"schema":{"@context":"https:\/\/schema.org","@graph":[{"@type":"Article","@id":"https:\/\/lospoliticosveracruz.com\/?p=36931#article","isPartOf":{"@id":"https:\/\/lospoliticosveracruz.com\/?p=36931"},"author":{"name":"Lo viste en Los Pol\u00edticos","@id":"https:\/\/lospoliticosveracruz.com\/#\/schema\/person\/b8702bb0e538456e6efd07080bf2a4a2"},"headline":"Amozoc-Perote, un asalto en despoblado","datePublished":"2017-10-09T01:02:41+00:00","dateModified":"2017-10-09T01:03:56+00:00","mainEntityOfPage":{"@id":"https:\/\/lospoliticosveracruz.com\/?p=36931"},"wordCount":840,"commentCount":0,"publisher":{"@id":"https:\/\/lospoliticosveracruz.com\/#organization"},"keywords":["Comisi\u00f3n Nacional de Seguridad","Delincuencia organizada","H\u00e9ctor Yunes Landa","inseguridad","violencia"],"articleSection":["De Opini\u00f3n"],"inLanguage":"es","potentialAction":[{"@type":"CommentAction","name":"Comment","target":["https:\/\/lospoliticosveracruz.com\/?p=36931#respond"]}]},{"@type":"WebPage","@id":"https:\/\/lospoliticosveracruz.com\/?p=36931","url":"https:\/\/lospoliticosveracruz.com\/?p=36931","name":"Amozoc-Perote, un asalto en despoblado - Los pol\u00edticos Veracruz","isPartOf":{"@id":"https:\/\/lospoliticosveracruz.com\/#website"},"datePublished":"2017-10-09T01:02:41+00:00","dateModified":"2017-10-09T01:03:56+00:00","breadcrumb":{"@id":"https:\/\/lospoliticosveracruz.com\/?p=36931#breadcrumb"},"inLanguage":"es","potentialAction":[{"@type":"ReadAction","target":["https:\/\/lospoliticosveracruz.com\/?p=36931"]}]},{"@type":"BreadcrumbList","@id":"https:\/\/lospoliticosveracruz.com\/?p=36931#breadcrumb","itemListElement":[{"@type":"ListItem","position":1,"name":"Portada","item":"https:\/\/lospoliticosveracruz.com\/"},{"@type":"ListItem","position":2,"name":"Amozoc-Perote, un asalto en despoblado"}]},{"@type":"WebSite","@id":"https:\/\/lospoliticosveracruz.com\/#website","url":"https:\/\/lospoliticosveracruz.com\/","name":"Los pol\u00edticos Veracruz","description":"","publisher":{"@id":"https:\/\/lospoliticosveracruz.com\/#organization"},"potentialAction":[{"@type":"SearchAction","target":{"@type":"EntryPoint","urlTemplate":"https:\/\/lospoliticosveracruz.com\/?s={search_term_string}"},"query-input":{"@type":"PropertyValueSpecification","valueRequired":true,"valueName":"search_term_string"}}],"inLanguage":"es"},{"@type":"Organization","@id":"https:\/\/lospoliticosveracruz.com\/#organization","name":"Los pol\u00edticos Veracruz","url":"https:\/\/lospoliticosveracruz.com\/","logo":{"@type":"ImageObject","inLanguage":"es","@id":"https:\/\/lospoliticosveracruz.com\/#\/schema\/logo\/image\/","url":"https:\/\/lospoliticosveracruz.com\/wp-content\/uploads\/2025\/12\/Logo-Nuevo-LOS-POLITICOS-1.jpg","contentUrl":"https:\/\/lospoliticosveracruz.com\/wp-content\/uploads\/2025\/12\/Logo-Nuevo-LOS-POLITICOS-1.jpg","width":260,"height":70,"caption":"Los pol\u00edticos Veracruz"},"image":{"@id":"https:\/\/lospoliticosveracruz.com\/#\/schema\/logo\/image\/"},"sameAs":["https:\/\/www.facebook.com\/people\/Notimemes-de-los-Polticos\/61565672886568\/","https:\/\/x.com\/LosPoliticosVer"]},{"@type":"Person","@id":"https:\/\/lospoliticosveracruz.com\/#\/schema\/person\/b8702bb0e538456e6efd07080bf2a4a2","name":"Lo viste en Los Pol\u00edticos","image":{"@type":"ImageObject","inLanguage":"es","@id":"https:\/\/secure.gravatar.com\/avatar\/3a8de04a2656d44082be478bd6c086daa447c4651605818287b9532d3d0bd435?s=96&d=mm&r=g","url":"https:\/\/secure.gravatar.com\/avatar\/3a8de04a2656d44082be478bd6c086daa447c4651605818287b9532d3d0bd435?s=96&d=mm&r=g","contentUrl":"https:\/\/secure.gravatar.com\/avatar\/3a8de04a2656d44082be478bd6c086daa447c4651605818287b9532d3d0bd435?s=96&d=mm&r=g","caption":"Lo viste en Los Pol\u00edticos"},"url":"https:\/\/lospoliticosveracruz.com\/?author=2"}]}},"_links":{"self":[{"href":"https:\/\/lospoliticosveracruz.com\/index.php?rest_route=\/wp\/v2\/posts\/36931","targetHints":{"allow":["GET"]}}],"collection":[{"href":"https:\/\/lospoliticosveracruz.com\/index.php?rest_route=\/wp\/v2\/posts"}],"about":[{"href":"https:\/\/lospoliticosveracruz.com\/index.php?rest_route=\/wp\/v2\/types\/post"}],"author":[{"embeddable":true,"href":"https:\/\/lospoliticosveracruz.com\/index.php?rest_route=\/wp\/v2\/users\/2"}],"replies":[{"embeddable":true,"href":"https:\/\/lospoliticosveracruz.com\/index.php?rest_route=%2Fwp%2Fv2%2Fcomments&post=36931"}],"version-history":[{"count":1,"href":"https:\/\/lospoliticosveracruz.com\/index.php?rest_route=\/wp\/v2\/posts\/36931\/revisions"}],"predecessor-version":[{"id":36934,"href":"https:\/\/lospoliticosveracruz.com\/index.php?rest_route=\/wp\/v2\/posts\/36931\/revisions\/36934"}],"wp:attachment":[{"href":"https:\/\/lospoliticosveracruz.com\/index.php?rest_route=%2Fwp%2Fv2%2Fmedia&parent=36931"}],"wp:term":[{"taxonomy":"category","embeddable":true,"href":"https:\/\/lospoliticosveracruz.com\/index.php?rest_route=%2Fwp%2Fv2%2Fcategories&post=36931"},{"taxonomy":"post_tag","embeddable":true,"href":"https:\/\/lospoliticosveracruz.com\/index.php?rest_route=%2Fwp%2Fv2%2Ftags&post=36931"}],"curies":[{"name":"wp","href":"https:\/\/api.w.org\/{rel}","templated":true}]}}