{"id":37102,"date":"2017-10-15T23:18:20","date_gmt":"2017-10-16T04:18:20","guid":{"rendered":"http:\/\/www.lospoliticosveracruz.com.mx\/?p=37102"},"modified":"2017-10-15T23:18:20","modified_gmt":"2017-10-16T04:18:20","slug":"cancer-reto-no-sentencia","status":"publish","type":"post","link":"https:\/\/lospoliticosveracruz.com\/?p=37102","title":{"rendered":"C\u00e1ncer: reto, no sentencia"},"content":{"rendered":"<p><strong>Brenda Caballero<\/strong><\/p>\n<p><em>N\u00fameros Rojos<\/em><\/p>\n<p>&nbsp;<\/p>\n<p>&nbsp;<\/p>\n<p>\u00bfTe haces la autoexploraci\u00f3n mamaria? Me pregunt\u00f3 la doctora Rogelia L\u00f3pez Ocampo, fundadora del grupo Juvecan Coatepec en febrero de 2016. Con toda sinceridad le contest\u00e9 de manera negativa, aunque apenada, pues s\u00e9 que tengo la responsabilidad conmigo misma de hacerlo para poder prevenir el c\u00e1ncer de mama.<\/p>\n<p>La doctora Roge me invit\u00f3 a una pl\u00e1tica que ofreci\u00f3 en las instalaciones del DIF Coatepec, donde constantemente capacita a mujeres para que aprendan a autoexplorarse pues a ella hacerlo, dos veces le ha salvado la vida.<\/p>\n<p>En esa ocasi\u00f3n hice un compromiso: autoexplorarme, aunque confieso que mi proceso no lo hago siempre al 100 por ciento. Tan solo, estando de pie, me toco alzando los brazos; me falta hacerlo recostada. Aunque s\u00ed trato de observar cualquier cambio en mis pechos como protuberancias, venas crecientes, hendiduras, bultos internos, erosiones en la piel, hundimiento en el pez\u00f3n, cambio de color, huecos, endurecimiento, asimetr\u00eda y fluidos de los pezones, para entonces acudir inmediatamente al m\u00e9dico.<\/p>\n<p>Por desgracia, el c\u00e1ncer de mama va en constante aumento y es la principal causa de muerte en la mujer, adem\u00e1s de que no distingue, pues se presenta en cada vez m\u00e1s j\u00f3venes y de cualquier nivel econ\u00f3mico. Seg\u00fan estad\u00edsticas de la Secretar\u00eda de Salud en M\u00e9xico, 60 mujeres de todas las edades reciben este diagn\u00f3stico diariamente. Sin duda, cambia su vida para siempre, aunque no se debe ver como una sentencia de muerte, sino como un reto de vida.<\/p>\n<p>Las estad\u00edsticas tambi\u00e9n indican que una de cada ocho mujeres tiene o va a desarrollar c\u00e1ncer de mama, por eso la importancia de crear conciencia sobre la enfermedad.<\/p>\n<p>Fue en octubre de 1983 cuando en Dallas, Texas, se realiz\u00f3 la primera carrera para recaudar fondos para la cura. Aquella vez se dice que participaron 800 personas; hoy asisten m\u00e1s de 1 mill\u00f3n. Esta es la raz\u00f3n por la que se ha designado al mes como Octubre Rosa.<\/p>\n<p>En M\u00e9xico, varias fundaciones recolectan dinero para la lucha contra el c\u00e1ncer de mama y para mastograf\u00edas, pues aunque la Norma Oficial Mexicana de Salud NOM 41 se\u00f1ala que deben practicarse a las mujeres al menos una mastograf\u00eda cada dos a\u00f1os, la realidad es que no se cuenta con los recursos t\u00e9cnicos y humanos para hacerlo.<\/p>\n<p><strong>Algunas acciones en la semana del D\u00eda Mundial del C\u00e1ncer de Mama<\/strong><\/p>\n<p>El pr\u00f3ximo 19 de octubre se celebrar\u00e1 el D\u00eda Mundial contra el C\u00e1ncer de Mama, por esta raz\u00f3n ya se est\u00e1n emprendiendo algunas acciones en el estado:<\/p>\n<p><em>\u00b7 Grupo Juvecan:<\/em><\/p>\n<p>Este martes 17 de octubre, en punto de las 8 horas, se celebrar\u00e1 una caminata de sensibilizaci\u00f3n contra el c\u00e1ncer de mama. El punto de reuni\u00f3n ser\u00e1 en el Campo Deportivo Adolfo L\u00f3pez Mateos finalizando en el Parque Miguel Hidalgo, de Coatepec. Posteriormente se hablar\u00e1 de la importancia de la Autoexploraci\u00f3n de Mama por la Coordinadora del Grupo Juvecan.<\/p>\n<p>Por cierto, Juvecan recibi\u00f3 un reconocimiento por el Laboratorio Rivas a trav\u00e9s del Bi\u00f3logo Jes\u00fas Rivas, por el trabajo que vienen realizando en su lucha diaria contra el c\u00e1ncer.<\/p>\n<p><a href=\"http:\/\/www.lospoliticosveracruz.com.mx\/wp-content\/uploads\/2017\/10\/Juvecan-pl\u00e1tica.jpeg\"><img loading=\"lazy\" decoding=\"async\" class=\"aligncenter size-full wp-image-37101\" src=\"http:\/\/www.lospoliticosveracruz.com.mx\/wp-content\/uploads\/2017\/10\/Juvecan-pl\u00e1tica.jpeg\" alt=\"Juvecan pl\u00e1tica\" width=\"600\" height=\"314\" \/><\/a><\/p>\n<p><em>\u00b7 Embelleci\u00e9ndome durante el c\u00e1ncer<\/em><\/p>\n<p>Para las guerreras que han superado esta enfermedad y que por el tratamiento de las quimioterapias han perdido su cabello y cejas, se tiene prevista una jornada especial el pr\u00f3ximo 20 de octubre en el Aula A de las instalaciones de Radio Televisi\u00f3n de Veracruz.<\/p>\n<p>El evento ser\u00e1 para 50 personas, totalmente gratuito y en \u00e9l tratar\u00e1n temas como \u201cCosm\u00e9tica Natural para el Cuidado de la Piel\u201d, a cargo de Lili Hern\u00e1ndez; \u201cFitness para Sentirme Bien\u201d, con Jorge Zetina; \u201cNutri\u00e9ndome durante el c\u00e1ncer\u201d, con Adriana Vidal; \u201cMicroblanding: el Renacer de tu Ceja\u201d, con Michelle Mart\u00ednez; \u201cReencontrando mi Belleza\u201d, con Vane Villanueva, adem\u00e1s de \u201cMi actitud frente al c\u00e1ncer\u201d, testimonios de mujeres sobrevivientes a la enfermedad.<\/p>\n<p>Para boletos e informes, en los tel\u00e9fonos: 2281024659 y 2281251772.<\/p>\n<p>caballero_brenda@hotmail.com<\/p>\n<p>@NumerosRojos_BC<\/p>\n","protected":false},"excerpt":{"rendered":"<p>Brenda Caballero N\u00fameros Rojos &nbsp; &nbsp; \u00bfTe haces la autoexploraci\u00f3n mamaria? Me pregunt\u00f3 la doctora Rogelia L\u00f3pez Ocampo, fundadora del grupo Juvecan Coatepec en febrero de 2016. Con toda sinceridad le contest\u00e9 de manera negativa, aunque apenada, pues s\u00e9 que tengo la responsabilidad conmigo misma de hacerlo para poder prevenir el c\u00e1ncer de mama. La [&hellip;]<\/p>\n","protected":false},"author":2,"featured_media":0,"comment_status":"open","ping_status":"open","sticky":false,"template":"","format":"standard","meta":{"tdm_status":"","tdm_grid_status":"","footnotes":""},"categories":[70],"tags":[4884,9030,4883],"class_list":{"0":"post-37102","1":"post","2":"type-post","3":"status-publish","4":"format-standard","6":"category-de-opinion","7":"tag-cancer-de-mama","8":"tag-juvecan-coatepec","9":"tag-rogelia-lopez-ocampo"},"yoast_head":"<!-- This site is optimized with the Yoast SEO plugin v27.4 - https:\/\/yoast.com\/product\/yoast-seo-wordpress\/ -->\n<title>C\u00e1ncer: reto, no sentencia - Los pol\u00edticos Veracruz<\/title>\n<meta name=\"robots\" content=\"index, follow, max-snippet:-1, max-image-preview:large, max-video-preview:-1\" \/>\n<link rel=\"canonical\" href=\"https:\/\/lospoliticosveracruz.com\/?p=37102\" \/>\n<meta property=\"og:locale\" content=\"es_ES\" \/>\n<meta property=\"og:type\" content=\"article\" \/>\n<meta property=\"og:title\" content=\"C\u00e1ncer: reto, no sentencia - Los pol\u00edticos Veracruz\" \/>\n<meta property=\"og:description\" content=\"Brenda Caballero N\u00fameros Rojos &nbsp; &nbsp; \u00bfTe haces la autoexploraci\u00f3n mamaria? Me pregunt\u00f3 la doctora Rogelia L\u00f3pez Ocampo, fundadora del grupo Juvecan Coatepec en febrero de 2016. Con toda sinceridad le contest\u00e9 de manera negativa, aunque apenada, pues s\u00e9 que tengo la responsabilidad conmigo misma de hacerlo para poder prevenir el c\u00e1ncer de mama. La [&hellip;]\" \/>\n<meta property=\"og:url\" content=\"https:\/\/lospoliticosveracruz.com\/?p=37102\" \/>\n<meta property=\"og:site_name\" content=\"Los pol\u00edticos Veracruz\" \/>\n<meta property=\"article:publisher\" content=\"https:\/\/www.facebook.com\/people\/Notimemes-de-los-Polticos\/61565672886568\/\" \/>\n<meta property=\"article:published_time\" content=\"2017-10-16T04:18:20+00:00\" \/>\n<meta property=\"og:image\" content=\"https:\/\/lospoliticosveracruz.com\/wp-content\/uploads\/2016\/07\/Logo-Dor.jpg\" \/>\n\t<meta property=\"og:image:width\" content=\"200\" \/>\n\t<meta property=\"og:image:height\" content=\"200\" \/>\n\t<meta property=\"og:image:type\" content=\"image\/jpeg\" \/>\n<meta name=\"author\" content=\"Lo viste en Los Pol\u00edticos\" \/>\n<meta name=\"twitter:card\" content=\"summary_large_image\" \/>\n<meta name=\"twitter:creator\" content=\"@LosPoliticosVer\" \/>\n<meta name=\"twitter:site\" content=\"@LosPoliticosVer\" \/>\n<meta name=\"twitter:label1\" content=\"Escrito por\" \/>\n\t<meta name=\"twitter:data1\" content=\"Lo viste en Los Pol\u00edticos\" \/>\n\t<meta name=\"twitter:label2\" content=\"Tiempo de lectura\" \/>\n\t<meta name=\"twitter:data2\" content=\"3 minutos\" \/>\n<script type=\"application\/ld+json\" class=\"yoast-schema-graph\">{\"@context\":\"https:\\\/\\\/schema.org\",\"@graph\":[{\"@type\":\"Article\",\"@id\":\"https:\\\/\\\/lospoliticosveracruz.com\\\/?p=37102#article\",\"isPartOf\":{\"@id\":\"https:\\\/\\\/lospoliticosveracruz.com\\\/?p=37102\"},\"author\":{\"name\":\"Lo viste en Los Pol\u00edticos\",\"@id\":\"https:\\\/\\\/lospoliticosveracruz.com\\\/#\\\/schema\\\/person\\\/b8702bb0e538456e6efd07080bf2a4a2\"},\"headline\":\"C\u00e1ncer: reto, no sentencia\",\"datePublished\":\"2017-10-16T04:18:20+00:00\",\"mainEntityOfPage\":{\"@id\":\"https:\\\/\\\/lospoliticosveracruz.com\\\/?p=37102\"},\"wordCount\":696,\"commentCount\":0,\"publisher\":{\"@id\":\"https:\\\/\\\/lospoliticosveracruz.com\\\/#organization\"},\"keywords\":[\"c\u00e1ncer de mama\",\"Juvecan Coatepec\",\"Rogelia L\u00f3pez Ocampo\"],\"articleSection\":[\"De Opini\u00f3n\"],\"inLanguage\":\"es\",\"potentialAction\":[{\"@type\":\"CommentAction\",\"name\":\"Comment\",\"target\":[\"https:\\\/\\\/lospoliticosveracruz.com\\\/?p=37102#respond\"]}]},{\"@type\":\"WebPage\",\"@id\":\"https:\\\/\\\/lospoliticosveracruz.com\\\/?p=37102\",\"url\":\"https:\\\/\\\/lospoliticosveracruz.com\\\/?p=37102\",\"name\":\"C\u00e1ncer: reto, no sentencia - Los pol\u00edticos Veracruz\",\"isPartOf\":{\"@id\":\"https:\\\/\\\/lospoliticosveracruz.com\\\/#website\"},\"datePublished\":\"2017-10-16T04:18:20+00:00\",\"breadcrumb\":{\"@id\":\"https:\\\/\\\/lospoliticosveracruz.com\\\/?p=37102#breadcrumb\"},\"inLanguage\":\"es\",\"potentialAction\":[{\"@type\":\"ReadAction\",\"target\":[\"https:\\\/\\\/lospoliticosveracruz.com\\\/?p=37102\"]}]},{\"@type\":\"BreadcrumbList\",\"@id\":\"https:\\\/\\\/lospoliticosveracruz.com\\\/?p=37102#breadcrumb\",\"itemListElement\":[{\"@type\":\"ListItem\",\"position\":1,\"name\":\"Portada\",\"item\":\"https:\\\/\\\/lospoliticosveracruz.com\\\/\"},{\"@type\":\"ListItem\",\"position\":2,\"name\":\"C\u00e1ncer: reto, no sentencia\"}]},{\"@type\":\"WebSite\",\"@id\":\"https:\\\/\\\/lospoliticosveracruz.com\\\/#website\",\"url\":\"https:\\\/\\\/lospoliticosveracruz.com\\\/\",\"name\":\"Los pol\u00edticos Veracruz\",\"description\":\"\",\"publisher\":{\"@id\":\"https:\\\/\\\/lospoliticosveracruz.com\\\/#organization\"},\"potentialAction\":[{\"@type\":\"SearchAction\",\"target\":{\"@type\":\"EntryPoint\",\"urlTemplate\":\"https:\\\/\\\/lospoliticosveracruz.com\\\/?s={search_term_string}\"},\"query-input\":{\"@type\":\"PropertyValueSpecification\",\"valueRequired\":true,\"valueName\":\"search_term_string\"}}],\"inLanguage\":\"es\"},{\"@type\":\"Organization\",\"@id\":\"https:\\\/\\\/lospoliticosveracruz.com\\\/#organization\",\"name\":\"Los pol\u00edticos Veracruz\",\"url\":\"https:\\\/\\\/lospoliticosveracruz.com\\\/\",\"logo\":{\"@type\":\"ImageObject\",\"inLanguage\":\"es\",\"@id\":\"https:\\\/\\\/lospoliticosveracruz.com\\\/#\\\/schema\\\/logo\\\/image\\\/\",\"url\":\"https:\\\/\\\/lospoliticosveracruz.com\\\/wp-content\\\/uploads\\\/2025\\\/12\\\/Logo-Nuevo-LOS-POLITICOS-1.jpg\",\"contentUrl\":\"https:\\\/\\\/lospoliticosveracruz.com\\\/wp-content\\\/uploads\\\/2025\\\/12\\\/Logo-Nuevo-LOS-POLITICOS-1.jpg\",\"width\":260,\"height\":70,\"caption\":\"Los pol\u00edticos Veracruz\"},\"image\":{\"@id\":\"https:\\\/\\\/lospoliticosveracruz.com\\\/#\\\/schema\\\/logo\\\/image\\\/\"},\"sameAs\":[\"https:\\\/\\\/www.facebook.com\\\/people\\\/Notimemes-de-los-Polticos\\\/61565672886568\\\/\",\"https:\\\/\\\/x.com\\\/LosPoliticosVer\"]},{\"@type\":\"Person\",\"@id\":\"https:\\\/\\\/lospoliticosveracruz.com\\\/#\\\/schema\\\/person\\\/b8702bb0e538456e6efd07080bf2a4a2\",\"name\":\"Lo viste en Los Pol\u00edticos\",\"image\":{\"@type\":\"ImageObject\",\"inLanguage\":\"es\",\"@id\":\"https:\\\/\\\/secure.gravatar.com\\\/avatar\\\/3a8de04a2656d44082be478bd6c086daa447c4651605818287b9532d3d0bd435?s=96&d=mm&r=g\",\"url\":\"https:\\\/\\\/secure.gravatar.com\\\/avatar\\\/3a8de04a2656d44082be478bd6c086daa447c4651605818287b9532d3d0bd435?s=96&d=mm&r=g\",\"contentUrl\":\"https:\\\/\\\/secure.gravatar.com\\\/avatar\\\/3a8de04a2656d44082be478bd6c086daa447c4651605818287b9532d3d0bd435?s=96&d=mm&r=g\",\"caption\":\"Lo viste en Los Pol\u00edticos\"},\"url\":\"https:\\\/\\\/lospoliticosveracruz.com\\\/?author=2\"}]}<\/script>\n<!-- \/ Yoast SEO plugin. -->","yoast_head_json":{"title":"C\u00e1ncer: reto, no sentencia - Los pol\u00edticos Veracruz","robots":{"index":"index","follow":"follow","max-snippet":"max-snippet:-1","max-image-preview":"max-image-preview:large","max-video-preview":"max-video-preview:-1"},"canonical":"https:\/\/lospoliticosveracruz.com\/?p=37102","og_locale":"es_ES","og_type":"article","og_title":"C\u00e1ncer: reto, no sentencia - Los pol\u00edticos Veracruz","og_description":"Brenda Caballero N\u00fameros Rojos &nbsp; &nbsp; \u00bfTe haces la autoexploraci\u00f3n mamaria? Me pregunt\u00f3 la doctora Rogelia L\u00f3pez Ocampo, fundadora del grupo Juvecan Coatepec en febrero de 2016. Con toda sinceridad le contest\u00e9 de manera negativa, aunque apenada, pues s\u00e9 que tengo la responsabilidad conmigo misma de hacerlo para poder prevenir el c\u00e1ncer de mama. La [&hellip;]","og_url":"https:\/\/lospoliticosveracruz.com\/?p=37102","og_site_name":"Los pol\u00edticos Veracruz","article_publisher":"https:\/\/www.facebook.com\/people\/Notimemes-de-los-Polticos\/61565672886568\/","article_published_time":"2017-10-16T04:18:20+00:00","og_image":[{"width":200,"height":200,"url":"https:\/\/lospoliticosveracruz.com\/wp-content\/uploads\/2016\/07\/Logo-Dor.jpg","type":"image\/jpeg"}],"author":"Lo viste en Los Pol\u00edticos","twitter_card":"summary_large_image","twitter_creator":"@LosPoliticosVer","twitter_site":"@LosPoliticosVer","twitter_misc":{"Escrito por":"Lo viste en Los Pol\u00edticos","Tiempo de lectura":"3 minutos"},"schema":{"@context":"https:\/\/schema.org","@graph":[{"@type":"Article","@id":"https:\/\/lospoliticosveracruz.com\/?p=37102#article","isPartOf":{"@id":"https:\/\/lospoliticosveracruz.com\/?p=37102"},"author":{"name":"Lo viste en Los Pol\u00edticos","@id":"https:\/\/lospoliticosveracruz.com\/#\/schema\/person\/b8702bb0e538456e6efd07080bf2a4a2"},"headline":"C\u00e1ncer: reto, no sentencia","datePublished":"2017-10-16T04:18:20+00:00","mainEntityOfPage":{"@id":"https:\/\/lospoliticosveracruz.com\/?p=37102"},"wordCount":696,"commentCount":0,"publisher":{"@id":"https:\/\/lospoliticosveracruz.com\/#organization"},"keywords":["c\u00e1ncer de mama","Juvecan Coatepec","Rogelia L\u00f3pez Ocampo"],"articleSection":["De Opini\u00f3n"],"inLanguage":"es","potentialAction":[{"@type":"CommentAction","name":"Comment","target":["https:\/\/lospoliticosveracruz.com\/?p=37102#respond"]}]},{"@type":"WebPage","@id":"https:\/\/lospoliticosveracruz.com\/?p=37102","url":"https:\/\/lospoliticosveracruz.com\/?p=37102","name":"C\u00e1ncer: reto, no sentencia - Los pol\u00edticos Veracruz","isPartOf":{"@id":"https:\/\/lospoliticosveracruz.com\/#website"},"datePublished":"2017-10-16T04:18:20+00:00","breadcrumb":{"@id":"https:\/\/lospoliticosveracruz.com\/?p=37102#breadcrumb"},"inLanguage":"es","potentialAction":[{"@type":"ReadAction","target":["https:\/\/lospoliticosveracruz.com\/?p=37102"]}]},{"@type":"BreadcrumbList","@id":"https:\/\/lospoliticosveracruz.com\/?p=37102#breadcrumb","itemListElement":[{"@type":"ListItem","position":1,"name":"Portada","item":"https:\/\/lospoliticosveracruz.com\/"},{"@type":"ListItem","position":2,"name":"C\u00e1ncer: reto, no sentencia"}]},{"@type":"WebSite","@id":"https:\/\/lospoliticosveracruz.com\/#website","url":"https:\/\/lospoliticosveracruz.com\/","name":"Los pol\u00edticos Veracruz","description":"","publisher":{"@id":"https:\/\/lospoliticosveracruz.com\/#organization"},"potentialAction":[{"@type":"SearchAction","target":{"@type":"EntryPoint","urlTemplate":"https:\/\/lospoliticosveracruz.com\/?s={search_term_string}"},"query-input":{"@type":"PropertyValueSpecification","valueRequired":true,"valueName":"search_term_string"}}],"inLanguage":"es"},{"@type":"Organization","@id":"https:\/\/lospoliticosveracruz.com\/#organization","name":"Los pol\u00edticos Veracruz","url":"https:\/\/lospoliticosveracruz.com\/","logo":{"@type":"ImageObject","inLanguage":"es","@id":"https:\/\/lospoliticosveracruz.com\/#\/schema\/logo\/image\/","url":"https:\/\/lospoliticosveracruz.com\/wp-content\/uploads\/2025\/12\/Logo-Nuevo-LOS-POLITICOS-1.jpg","contentUrl":"https:\/\/lospoliticosveracruz.com\/wp-content\/uploads\/2025\/12\/Logo-Nuevo-LOS-POLITICOS-1.jpg","width":260,"height":70,"caption":"Los pol\u00edticos Veracruz"},"image":{"@id":"https:\/\/lospoliticosveracruz.com\/#\/schema\/logo\/image\/"},"sameAs":["https:\/\/www.facebook.com\/people\/Notimemes-de-los-Polticos\/61565672886568\/","https:\/\/x.com\/LosPoliticosVer"]},{"@type":"Person","@id":"https:\/\/lospoliticosveracruz.com\/#\/schema\/person\/b8702bb0e538456e6efd07080bf2a4a2","name":"Lo viste en Los Pol\u00edticos","image":{"@type":"ImageObject","inLanguage":"es","@id":"https:\/\/secure.gravatar.com\/avatar\/3a8de04a2656d44082be478bd6c086daa447c4651605818287b9532d3d0bd435?s=96&d=mm&r=g","url":"https:\/\/secure.gravatar.com\/avatar\/3a8de04a2656d44082be478bd6c086daa447c4651605818287b9532d3d0bd435?s=96&d=mm&r=g","contentUrl":"https:\/\/secure.gravatar.com\/avatar\/3a8de04a2656d44082be478bd6c086daa447c4651605818287b9532d3d0bd435?s=96&d=mm&r=g","caption":"Lo viste en Los Pol\u00edticos"},"url":"https:\/\/lospoliticosveracruz.com\/?author=2"}]}},"_links":{"self":[{"href":"https:\/\/lospoliticosveracruz.com\/index.php?rest_route=\/wp\/v2\/posts\/37102","targetHints":{"allow":["GET"]}}],"collection":[{"href":"https:\/\/lospoliticosveracruz.com\/index.php?rest_route=\/wp\/v2\/posts"}],"about":[{"href":"https:\/\/lospoliticosveracruz.com\/index.php?rest_route=\/wp\/v2\/types\/post"}],"author":[{"embeddable":true,"href":"https:\/\/lospoliticosveracruz.com\/index.php?rest_route=\/wp\/v2\/users\/2"}],"replies":[{"embeddable":true,"href":"https:\/\/lospoliticosveracruz.com\/index.php?rest_route=%2Fwp%2Fv2%2Fcomments&post=37102"}],"version-history":[{"count":1,"href":"https:\/\/lospoliticosveracruz.com\/index.php?rest_route=\/wp\/v2\/posts\/37102\/revisions"}],"predecessor-version":[{"id":37103,"href":"https:\/\/lospoliticosveracruz.com\/index.php?rest_route=\/wp\/v2\/posts\/37102\/revisions\/37103"}],"wp:attachment":[{"href":"https:\/\/lospoliticosveracruz.com\/index.php?rest_route=%2Fwp%2Fv2%2Fmedia&parent=37102"}],"wp:term":[{"taxonomy":"category","embeddable":true,"href":"https:\/\/lospoliticosveracruz.com\/index.php?rest_route=%2Fwp%2Fv2%2Fcategories&post=37102"},{"taxonomy":"post_tag","embeddable":true,"href":"https:\/\/lospoliticosveracruz.com\/index.php?rest_route=%2Fwp%2Fv2%2Ftags&post=37102"}],"curies":[{"name":"wp","href":"https:\/\/api.w.org\/{rel}","templated":true}]}}