{"id":37167,"date":"2017-10-18T22:59:41","date_gmt":"2017-10-19T03:59:41","guid":{"rendered":"http:\/\/www.lospoliticosveracruz.com.mx\/?p=37167"},"modified":"2017-10-18T22:59:41","modified_gmt":"2017-10-19T03:59:41","slug":"los-otros-complices-del-desfalco","status":"publish","type":"post","link":"https:\/\/lospoliticosveracruz.com\/?p=37167","title":{"rendered":"Los otros c\u00f3mplices del desfalco"},"content":{"rendered":"<p><strong>Brenda Caballero<\/strong><\/p>\n<p><em>N\u00fameros Rojos<\/em><\/p>\n<p>El informe de resultados de la cuenta p\u00fablica 2016 dado a conocer por el Orfis ha sido todo un boom para los ciudadanos. En todos los medios encuentro notas del desv\u00edo de recursos entre los que destacan dep\u00f3sitos de fondos a cuentas distintas a las oficiales, contrataci\u00f3n y pago a empresas fantasma, las cuales no comprobaron ni detallaron los servicios o bienes otorgados al Gobierno del Estado, as\u00ed como omisi\u00f3n en las retenciones efectuadas a los trabajadores.<\/p>\n<p>Las dependencias de gobierno donde hay observaciones son muchas, y por desgracia algunas est\u00e1n vinculadas directamente a los ciudadanos m\u00e1s pobres como Sedesol y Protecci\u00f3n Civil, aunque nos afecta a todos los veracruzanos con el da\u00f1o patrimonial millonario a la SIOP, SEV, Seguridad P\u00fablica, IPE. Sin duda, \u00e9sta es una de las respuestas que nos hacemos a \u00e9l porque avanz\u00f3 la pobreza en Veracruz.<\/p>\n<p>Las cantidades millonarias observadas son insultantes que ya no s\u00e9 si llorar o estar feliz en espera de que ahora s\u00ed, pase algo.<\/p>\n<p>Pero hagamos un recuento de las observaciones determinadas por el Orfis.<\/p>\n<p>* Observaciones a la Cuenta P\u00fablica 2010 (11 meses de gobierno de Fidel Herrera Beltr\u00e1n)<\/p>\n<p>Se identificaron observaciones administrativas a 138 dependencias del Poder Ejecutivo del Estado., as\u00ed como en 80 de los 212 municipios un posible da\u00f1o patrimonial por 809 millones 953 mil 453 pesos y 2 millones 329 mil 182 pesos en tres organismos paramunicipales.<\/p>\n<p>Todas las observaciones se solventaron. Fidel Herrera sali\u00f3 limpio seg\u00fan el Orfis y el Congreso del Estado.<\/p>\n<p>* Observaciones a la Cuenta P\u00fablica 2011 (Primer a\u00f1o de gobierno de Javier Duarte de Ochoa)<\/p>\n<p>Iv\u00e1n L\u00f3pez Fern\u00e1ndez, contralor general en ese entonces declaraba: \u201cEn el gobierno del estado de Veracruz no existe ning\u00fan da\u00f1o patrimonial ni desv\u00edo de recursos en los fondos federales, todas las observaciones a la Cuenta P\u00fablica 2011 est\u00e1n solventadas en tiempo y forma. Todas las observaciones se solventaron, Javier Duarte sali\u00f3 limpio\u201d.<\/p>\n<p>* Observaciones a la Cuenta P\u00fablica 2012 (Segundo a\u00f1o de gobierno de Javier Duarte de Ochoa)<\/p>\n<p>El da\u00f1o patrimonial ascendi\u00f3 a 409 millones 346 mil 68 pesos a 7 entidades del poder ejecutivo, 38 Ayuntamientos y 2 fideicomisos: Fuente de Pago para la Operaci\u00f3n, Explotaci\u00f3n, Conservaci\u00f3n y Mantenimiento del Puente Coatzacoalcos I; y del T\u00fanel Sumergido de Coatzacoalcos. No se reinici\u00f3 la construcci\u00f3n de la obra. Se se\u00f1al\u00f3 que no hubo quebranto financiero en las dependencias, solamente observaciones administrativas. No fue sancionado ni detenido alg\u00fan funcionario; se aprob\u00f3 la cuenta por parte del Congreso Estatal.<\/p>\n<p>* Observaciones a la Cuenta P\u00fablica 2013 (Tercer a\u00f1o de gobierno de Javier Duarte de Ochoa)<\/p>\n<p>El quebranto patrimonial fue de 789 millones 395 mil 339 pesos cometido por 70 ayuntamientos y cuatro entes fiscalizables. El Congreso del Estado aprob\u00f3 el Informe de Resultados de la cuenta p\u00fablica 2013 que estableci\u00f3 un da\u00f1o patrimonial por 533 millones 392 mil 193.64 pesos en 70 municipios; da\u00f1o por 267 millones 919 mil 686 pesos por parte del Fideicomiso P\u00fablico Irrevocable y del Fideicomiso Fuente de Pago para la Operaci\u00f3n, Explotaci\u00f3n, Conservaci\u00f3n y Mantenimiento del Puente Coatzacoalcos I y del T\u00fanel Sumergido de Coatzacoalcos.<\/p>\n<p>* Observaciones a la Cuenta P\u00fablica 2014 (Cuarto a\u00f1o de gobierno de Javier Duarte de Ochoa)<\/p>\n<p>El da\u00f1o patrimonial del Estado entre municipios y dependencias de Gobierno es de 166 millones 406 mil 56. Sin embargo, al principio se inform\u00f3 que no se hab\u00edan detectado irregularidades que hagan presumir la existencia de da\u00f1o patrimonial. El Orfis, inform\u00f3 que se devolvieron 424 millones 92 mil pesos en 7 ayuntamientos as\u00ed como en la SIOP y CAEV para evitar ser denunciados por el ORFIS, para finalmente determinar que ya nadie ten\u00eda da\u00f1o patrimonial ni delito que perseguir, as\u00ed como que nadie ser\u00e1 denunciado.<\/p>\n<p>* Observaciones a la Cuenta P\u00fablica 2015 (5er. a\u00f1o gobierno de Javier Duarte de Ochoa)<\/p>\n<p>Se reconocieron 16 mil 347 millones de pesos y un acumulado de deudas que rebasa los 180 mil millones de pesos. Por primera vez, el \u00d3rgano de Fiscalizaci\u00f3n Superior (Orfis) reconoce que las deudas se arrastran desde a\u00f1os atr\u00e1s y Lorenzo Antonio Portilla, derivado de estas observaciones, presenta denuncia penal ante la Fiscal\u00eda General del Estado.<\/p>\n<p>Pero recordemos que Portilla tuvo que reconocer y hasta denunciar porque ya le hab\u00eda ganado el mandado el portal Animal Pol\u00edtico, a cargo del periodista Arturo \u00c1ngel y la investigaci\u00f3n de la red de empresas fantasma a las que el Gobierno del Estado de Veracruz les hab\u00eda pagado poco m\u00e1s de 645 millones de pesos. \u00bfY las auditor\u00edas del Orfis? \u00bfY diputados integrantes de la Comisi\u00f3n de Vigilancia del Congreso del Estado?<\/p>\n<p>Portilla se aplic\u00f3 y elabor\u00f3 el informe \u201cEstad\u00edsticas de denuncias penales. Cuentas P\u00fablicas 2007-2016\u201d y ampli\u00f3 la denuncia hasta 2016 con la creaci\u00f3n de empresas fantasma que obtuvieron contratos millonarios de la administraci\u00f3n de Javier Duarte de Ochoa. Con ello seg\u00fan informe, logr\u00f3 reintegros en las cuentas p\u00fablicas 2011, 2012, 2013 y 2014, por 919 millones 851 mil 530.86 pesos.<\/p>\n<p>Pero hubo otro factor: el an\u00e1lisis llevado a cabo por la Auditor\u00eda Superior de la Federaci\u00f3n donde se dio a conocer que el gobierno veracruzano realizaba pr\u00e1cticas indebidas como compras con sobreprecio, pagos a empresas fantasma y simulaci\u00f3n de reintegros; y derivado de \u00e9stas, el Auditor Superior Juan Manuel Portal present\u00f3 57 denuncias ante la PGR contra el Gobierno de Javier Duarte por un importe de 11 mil 664.4 millones de pesos, encabezando Veracruz el ranking de los estados con m\u00e1s irregularidades.<\/p>\n<p>Ahora que el Orfis dio a conocer las observaciones de la Cuenta P\u00fablica 2016, \u00bfde qu\u00e9 nos sorprendemos? Con todo el antecedente de las Cuentas P\u00fablicas desde el sexenio de Fidel Herrera \u00bfno era l\u00f3gico encontrarnos con este da\u00f1o patrimonial? \u00bfA poco nadie se dio cuenta?<\/p>\n<p>Las denuncias ya est\u00e1n tanto en la Fiscal\u00eda como en la PGR, pero \u00bfqu\u00e9 pasa con los diputados que eran integrantes de la Comisi\u00f3n de Vigilancia del Congreso del Estado, a poco ellos no son tambi\u00e9n responsables? \u00bfY los contralores internos de las dependencias y organismos observados? \u00bfY cada contralor General? \u00a1Ellos tambi\u00e9n deber\u00edan ser denunciados! Pues como dijera el dicho, tanto peca el que mata a la vaca, como el que le agarra la pata.<\/p>\n<p><a id=\"LPlnk167811\" href=\"mailto:caballero_brenda@hotmail.com\" target=\"_blank\" rel=\"noopener noreferrer\">caballero_brenda@hotmail.com<\/a><\/p>\n<p>@NumerosRojos_BC<\/p>\n","protected":false},"excerpt":{"rendered":"<p>Brenda Caballero N\u00fameros Rojos El informe de resultados de la cuenta p\u00fablica 2016 dado a conocer por el Orfis ha sido todo un boom para los ciudadanos. En todos los medios encuentro notas del desv\u00edo de recursos entre los que destacan dep\u00f3sitos de fondos a cuentas distintas a las oficiales, contrataci\u00f3n y pago a empresas [&hellip;]<\/p>\n","protected":false},"author":2,"featured_media":0,"comment_status":"open","ping_status":"open","sticky":false,"template":"","format":"standard","meta":{"tdm_status":"","tdm_grid_status":"","footnotes":""},"categories":[70],"tags":[9886,9885,6274,79,1838,162,6866],"class_list":{"0":"post-37167","1":"post","2":"type-post","3":"status-publish","4":"format-standard","6":"category-de-opinion","7":"tag-boom","8":"tag-cuenta-publica-2016","9":"tag-desvio-de-recursos","10":"tag-fidel-herrera","11":"tag-ivan-lopez-fernandez","12":"tag-javier-duarte","13":"tag-lorenzo-antonio-portilla-vasquez"},"yoast_head":"<!-- This site is optimized with the Yoast SEO plugin v27.4 - https:\/\/yoast.com\/product\/yoast-seo-wordpress\/ -->\n<title>Los otros c\u00f3mplices del desfalco - Los pol\u00edticos Veracruz<\/title>\n<meta name=\"robots\" content=\"index, follow, max-snippet:-1, max-image-preview:large, max-video-preview:-1\" \/>\n<link rel=\"canonical\" href=\"https:\/\/lospoliticosveracruz.com\/?p=37167\" \/>\n<meta property=\"og:locale\" content=\"es_ES\" \/>\n<meta property=\"og:type\" content=\"article\" \/>\n<meta property=\"og:title\" content=\"Los otros c\u00f3mplices del desfalco - Los pol\u00edticos Veracruz\" \/>\n<meta property=\"og:description\" content=\"Brenda Caballero N\u00fameros Rojos El informe de resultados de la cuenta p\u00fablica 2016 dado a conocer por el Orfis ha sido todo un boom para los ciudadanos. En todos los medios encuentro notas del desv\u00edo de recursos entre los que destacan dep\u00f3sitos de fondos a cuentas distintas a las oficiales, contrataci\u00f3n y pago a empresas [&hellip;]\" \/>\n<meta property=\"og:url\" content=\"https:\/\/lospoliticosveracruz.com\/?p=37167\" \/>\n<meta property=\"og:site_name\" content=\"Los pol\u00edticos Veracruz\" \/>\n<meta property=\"article:publisher\" content=\"https:\/\/www.facebook.com\/people\/Notimemes-de-los-Polticos\/61565672886568\/\" \/>\n<meta property=\"article:published_time\" content=\"2017-10-19T03:59:41+00:00\" \/>\n<meta property=\"og:image\" content=\"https:\/\/lospoliticosveracruz.com\/wp-content\/uploads\/2016\/07\/Logo-Dor.jpg\" \/>\n\t<meta property=\"og:image:width\" content=\"200\" \/>\n\t<meta property=\"og:image:height\" content=\"200\" \/>\n\t<meta property=\"og:image:type\" content=\"image\/jpeg\" \/>\n<meta name=\"author\" content=\"Lo viste en Los Pol\u00edticos\" \/>\n<meta name=\"twitter:card\" content=\"summary_large_image\" \/>\n<meta name=\"twitter:creator\" content=\"@LosPoliticosVer\" \/>\n<meta name=\"twitter:site\" content=\"@LosPoliticosVer\" \/>\n<meta name=\"twitter:label1\" content=\"Escrito por\" \/>\n\t<meta name=\"twitter:data1\" content=\"Lo viste en Los Pol\u00edticos\" \/>\n\t<meta name=\"twitter:label2\" content=\"Tiempo de lectura\" \/>\n\t<meta name=\"twitter:data2\" content=\"5 minutos\" \/>\n<script type=\"application\/ld+json\" class=\"yoast-schema-graph\">{\"@context\":\"https:\\\/\\\/schema.org\",\"@graph\":[{\"@type\":\"Article\",\"@id\":\"https:\\\/\\\/lospoliticosveracruz.com\\\/?p=37167#article\",\"isPartOf\":{\"@id\":\"https:\\\/\\\/lospoliticosveracruz.com\\\/?p=37167\"},\"author\":{\"name\":\"Lo viste en Los Pol\u00edticos\",\"@id\":\"https:\\\/\\\/lospoliticosveracruz.com\\\/#\\\/schema\\\/person\\\/b8702bb0e538456e6efd07080bf2a4a2\"},\"headline\":\"Los otros c\u00f3mplices del desfalco\",\"datePublished\":\"2017-10-19T03:59:41+00:00\",\"mainEntityOfPage\":{\"@id\":\"https:\\\/\\\/lospoliticosveracruz.com\\\/?p=37167\"},\"wordCount\":1060,\"commentCount\":0,\"publisher\":{\"@id\":\"https:\\\/\\\/lospoliticosveracruz.com\\\/#organization\"},\"keywords\":[\"boom\",\"Cuenta P\u00fablica 2016\",\"Desv\u00edo de recursos\",\"Fidel Herrera\",\"Iv\u00e1n L\u00f3pez Fern\u00e1ndez\",\"Javier Duarte\",\"Lorenzo Antonio Portilla V\u00e1squez\"],\"articleSection\":[\"De Opini\u00f3n\"],\"inLanguage\":\"es\",\"potentialAction\":[{\"@type\":\"CommentAction\",\"name\":\"Comment\",\"target\":[\"https:\\\/\\\/lospoliticosveracruz.com\\\/?p=37167#respond\"]}]},{\"@type\":\"WebPage\",\"@id\":\"https:\\\/\\\/lospoliticosveracruz.com\\\/?p=37167\",\"url\":\"https:\\\/\\\/lospoliticosveracruz.com\\\/?p=37167\",\"name\":\"Los otros c\u00f3mplices del desfalco - Los pol\u00edticos Veracruz\",\"isPartOf\":{\"@id\":\"https:\\\/\\\/lospoliticosveracruz.com\\\/#website\"},\"datePublished\":\"2017-10-19T03:59:41+00:00\",\"breadcrumb\":{\"@id\":\"https:\\\/\\\/lospoliticosveracruz.com\\\/?p=37167#breadcrumb\"},\"inLanguage\":\"es\",\"potentialAction\":[{\"@type\":\"ReadAction\",\"target\":[\"https:\\\/\\\/lospoliticosveracruz.com\\\/?p=37167\"]}]},{\"@type\":\"BreadcrumbList\",\"@id\":\"https:\\\/\\\/lospoliticosveracruz.com\\\/?p=37167#breadcrumb\",\"itemListElement\":[{\"@type\":\"ListItem\",\"position\":1,\"name\":\"Portada\",\"item\":\"https:\\\/\\\/lospoliticosveracruz.com\\\/\"},{\"@type\":\"ListItem\",\"position\":2,\"name\":\"Los otros c\u00f3mplices del desfalco\"}]},{\"@type\":\"WebSite\",\"@id\":\"https:\\\/\\\/lospoliticosveracruz.com\\\/#website\",\"url\":\"https:\\\/\\\/lospoliticosveracruz.com\\\/\",\"name\":\"Los pol\u00edticos Veracruz\",\"description\":\"\",\"publisher\":{\"@id\":\"https:\\\/\\\/lospoliticosveracruz.com\\\/#organization\"},\"potentialAction\":[{\"@type\":\"SearchAction\",\"target\":{\"@type\":\"EntryPoint\",\"urlTemplate\":\"https:\\\/\\\/lospoliticosveracruz.com\\\/?s={search_term_string}\"},\"query-input\":{\"@type\":\"PropertyValueSpecification\",\"valueRequired\":true,\"valueName\":\"search_term_string\"}}],\"inLanguage\":\"es\"},{\"@type\":\"Organization\",\"@id\":\"https:\\\/\\\/lospoliticosveracruz.com\\\/#organization\",\"name\":\"Los pol\u00edticos Veracruz\",\"url\":\"https:\\\/\\\/lospoliticosveracruz.com\\\/\",\"logo\":{\"@type\":\"ImageObject\",\"inLanguage\":\"es\",\"@id\":\"https:\\\/\\\/lospoliticosveracruz.com\\\/#\\\/schema\\\/logo\\\/image\\\/\",\"url\":\"https:\\\/\\\/lospoliticosveracruz.com\\\/wp-content\\\/uploads\\\/2025\\\/12\\\/Logo-Nuevo-LOS-POLITICOS-1.jpg\",\"contentUrl\":\"https:\\\/\\\/lospoliticosveracruz.com\\\/wp-content\\\/uploads\\\/2025\\\/12\\\/Logo-Nuevo-LOS-POLITICOS-1.jpg\",\"width\":260,\"height\":70,\"caption\":\"Los pol\u00edticos Veracruz\"},\"image\":{\"@id\":\"https:\\\/\\\/lospoliticosveracruz.com\\\/#\\\/schema\\\/logo\\\/image\\\/\"},\"sameAs\":[\"https:\\\/\\\/www.facebook.com\\\/people\\\/Notimemes-de-los-Polticos\\\/61565672886568\\\/\",\"https:\\\/\\\/x.com\\\/LosPoliticosVer\"]},{\"@type\":\"Person\",\"@id\":\"https:\\\/\\\/lospoliticosveracruz.com\\\/#\\\/schema\\\/person\\\/b8702bb0e538456e6efd07080bf2a4a2\",\"name\":\"Lo viste en Los Pol\u00edticos\",\"image\":{\"@type\":\"ImageObject\",\"inLanguage\":\"es\",\"@id\":\"https:\\\/\\\/secure.gravatar.com\\\/avatar\\\/3a8de04a2656d44082be478bd6c086daa447c4651605818287b9532d3d0bd435?s=96&d=mm&r=g\",\"url\":\"https:\\\/\\\/secure.gravatar.com\\\/avatar\\\/3a8de04a2656d44082be478bd6c086daa447c4651605818287b9532d3d0bd435?s=96&d=mm&r=g\",\"contentUrl\":\"https:\\\/\\\/secure.gravatar.com\\\/avatar\\\/3a8de04a2656d44082be478bd6c086daa447c4651605818287b9532d3d0bd435?s=96&d=mm&r=g\",\"caption\":\"Lo viste en Los Pol\u00edticos\"},\"url\":\"https:\\\/\\\/lospoliticosveracruz.com\\\/?author=2\"}]}<\/script>\n<!-- \/ Yoast SEO plugin. -->","yoast_head_json":{"title":"Los otros c\u00f3mplices del desfalco - Los pol\u00edticos Veracruz","robots":{"index":"index","follow":"follow","max-snippet":"max-snippet:-1","max-image-preview":"max-image-preview:large","max-video-preview":"max-video-preview:-1"},"canonical":"https:\/\/lospoliticosveracruz.com\/?p=37167","og_locale":"es_ES","og_type":"article","og_title":"Los otros c\u00f3mplices del desfalco - Los pol\u00edticos Veracruz","og_description":"Brenda Caballero N\u00fameros Rojos El informe de resultados de la cuenta p\u00fablica 2016 dado a conocer por el Orfis ha sido todo un boom para los ciudadanos. En todos los medios encuentro notas del desv\u00edo de recursos entre los que destacan dep\u00f3sitos de fondos a cuentas distintas a las oficiales, contrataci\u00f3n y pago a empresas [&hellip;]","og_url":"https:\/\/lospoliticosveracruz.com\/?p=37167","og_site_name":"Los pol\u00edticos Veracruz","article_publisher":"https:\/\/www.facebook.com\/people\/Notimemes-de-los-Polticos\/61565672886568\/","article_published_time":"2017-10-19T03:59:41+00:00","og_image":[{"width":200,"height":200,"url":"https:\/\/lospoliticosveracruz.com\/wp-content\/uploads\/2016\/07\/Logo-Dor.jpg","type":"image\/jpeg"}],"author":"Lo viste en Los Pol\u00edticos","twitter_card":"summary_large_image","twitter_creator":"@LosPoliticosVer","twitter_site":"@LosPoliticosVer","twitter_misc":{"Escrito por":"Lo viste en Los Pol\u00edticos","Tiempo de lectura":"5 minutos"},"schema":{"@context":"https:\/\/schema.org","@graph":[{"@type":"Article","@id":"https:\/\/lospoliticosveracruz.com\/?p=37167#article","isPartOf":{"@id":"https:\/\/lospoliticosveracruz.com\/?p=37167"},"author":{"name":"Lo viste en Los Pol\u00edticos","@id":"https:\/\/lospoliticosveracruz.com\/#\/schema\/person\/b8702bb0e538456e6efd07080bf2a4a2"},"headline":"Los otros c\u00f3mplices del desfalco","datePublished":"2017-10-19T03:59:41+00:00","mainEntityOfPage":{"@id":"https:\/\/lospoliticosveracruz.com\/?p=37167"},"wordCount":1060,"commentCount":0,"publisher":{"@id":"https:\/\/lospoliticosveracruz.com\/#organization"},"keywords":["boom","Cuenta P\u00fablica 2016","Desv\u00edo de recursos","Fidel Herrera","Iv\u00e1n L\u00f3pez Fern\u00e1ndez","Javier Duarte","Lorenzo Antonio Portilla V\u00e1squez"],"articleSection":["De Opini\u00f3n"],"inLanguage":"es","potentialAction":[{"@type":"CommentAction","name":"Comment","target":["https:\/\/lospoliticosveracruz.com\/?p=37167#respond"]}]},{"@type":"WebPage","@id":"https:\/\/lospoliticosveracruz.com\/?p=37167","url":"https:\/\/lospoliticosveracruz.com\/?p=37167","name":"Los otros c\u00f3mplices del desfalco - Los pol\u00edticos Veracruz","isPartOf":{"@id":"https:\/\/lospoliticosveracruz.com\/#website"},"datePublished":"2017-10-19T03:59:41+00:00","breadcrumb":{"@id":"https:\/\/lospoliticosveracruz.com\/?p=37167#breadcrumb"},"inLanguage":"es","potentialAction":[{"@type":"ReadAction","target":["https:\/\/lospoliticosveracruz.com\/?p=37167"]}]},{"@type":"BreadcrumbList","@id":"https:\/\/lospoliticosveracruz.com\/?p=37167#breadcrumb","itemListElement":[{"@type":"ListItem","position":1,"name":"Portada","item":"https:\/\/lospoliticosveracruz.com\/"},{"@type":"ListItem","position":2,"name":"Los otros c\u00f3mplices del desfalco"}]},{"@type":"WebSite","@id":"https:\/\/lospoliticosveracruz.com\/#website","url":"https:\/\/lospoliticosveracruz.com\/","name":"Los pol\u00edticos Veracruz","description":"","publisher":{"@id":"https:\/\/lospoliticosveracruz.com\/#organization"},"potentialAction":[{"@type":"SearchAction","target":{"@type":"EntryPoint","urlTemplate":"https:\/\/lospoliticosveracruz.com\/?s={search_term_string}"},"query-input":{"@type":"PropertyValueSpecification","valueRequired":true,"valueName":"search_term_string"}}],"inLanguage":"es"},{"@type":"Organization","@id":"https:\/\/lospoliticosveracruz.com\/#organization","name":"Los pol\u00edticos Veracruz","url":"https:\/\/lospoliticosveracruz.com\/","logo":{"@type":"ImageObject","inLanguage":"es","@id":"https:\/\/lospoliticosveracruz.com\/#\/schema\/logo\/image\/","url":"https:\/\/lospoliticosveracruz.com\/wp-content\/uploads\/2025\/12\/Logo-Nuevo-LOS-POLITICOS-1.jpg","contentUrl":"https:\/\/lospoliticosveracruz.com\/wp-content\/uploads\/2025\/12\/Logo-Nuevo-LOS-POLITICOS-1.jpg","width":260,"height":70,"caption":"Los pol\u00edticos Veracruz"},"image":{"@id":"https:\/\/lospoliticosveracruz.com\/#\/schema\/logo\/image\/"},"sameAs":["https:\/\/www.facebook.com\/people\/Notimemes-de-los-Polticos\/61565672886568\/","https:\/\/x.com\/LosPoliticosVer"]},{"@type":"Person","@id":"https:\/\/lospoliticosveracruz.com\/#\/schema\/person\/b8702bb0e538456e6efd07080bf2a4a2","name":"Lo viste en Los Pol\u00edticos","image":{"@type":"ImageObject","inLanguage":"es","@id":"https:\/\/secure.gravatar.com\/avatar\/3a8de04a2656d44082be478bd6c086daa447c4651605818287b9532d3d0bd435?s=96&d=mm&r=g","url":"https:\/\/secure.gravatar.com\/avatar\/3a8de04a2656d44082be478bd6c086daa447c4651605818287b9532d3d0bd435?s=96&d=mm&r=g","contentUrl":"https:\/\/secure.gravatar.com\/avatar\/3a8de04a2656d44082be478bd6c086daa447c4651605818287b9532d3d0bd435?s=96&d=mm&r=g","caption":"Lo viste en Los Pol\u00edticos"},"url":"https:\/\/lospoliticosveracruz.com\/?author=2"}]}},"_links":{"self":[{"href":"https:\/\/lospoliticosveracruz.com\/index.php?rest_route=\/wp\/v2\/posts\/37167","targetHints":{"allow":["GET"]}}],"collection":[{"href":"https:\/\/lospoliticosveracruz.com\/index.php?rest_route=\/wp\/v2\/posts"}],"about":[{"href":"https:\/\/lospoliticosveracruz.com\/index.php?rest_route=\/wp\/v2\/types\/post"}],"author":[{"embeddable":true,"href":"https:\/\/lospoliticosveracruz.com\/index.php?rest_route=\/wp\/v2\/users\/2"}],"replies":[{"embeddable":true,"href":"https:\/\/lospoliticosveracruz.com\/index.php?rest_route=%2Fwp%2Fv2%2Fcomments&post=37167"}],"version-history":[{"count":1,"href":"https:\/\/lospoliticosveracruz.com\/index.php?rest_route=\/wp\/v2\/posts\/37167\/revisions"}],"predecessor-version":[{"id":37168,"href":"https:\/\/lospoliticosveracruz.com\/index.php?rest_route=\/wp\/v2\/posts\/37167\/revisions\/37168"}],"wp:attachment":[{"href":"https:\/\/lospoliticosveracruz.com\/index.php?rest_route=%2Fwp%2Fv2%2Fmedia&parent=37167"}],"wp:term":[{"taxonomy":"category","embeddable":true,"href":"https:\/\/lospoliticosveracruz.com\/index.php?rest_route=%2Fwp%2Fv2%2Fcategories&post=37167"},{"taxonomy":"post_tag","embeddable":true,"href":"https:\/\/lospoliticosveracruz.com\/index.php?rest_route=%2Fwp%2Fv2%2Ftags&post=37167"}],"curies":[{"name":"wp","href":"https:\/\/api.w.org\/{rel}","templated":true}]}}