{"id":37184,"date":"2017-10-19T11:01:00","date_gmt":"2017-10-19T16:01:00","guid":{"rendered":"http:\/\/www.lospoliticosveracruz.com.mx\/?p=37184"},"modified":"2017-10-19T11:01:00","modified_gmt":"2017-10-19T16:01:00","slug":"2016-los-millonarios-desvios","status":"publish","type":"post","link":"https:\/\/lospoliticosveracruz.com\/?p=37184","title":{"rendered":"2016, los millonarios desv\u00edos"},"content":{"rendered":"<div><b>Luis Alberto Romero<\/b><\/div>\n<div><em>Hora Cero<\/em><\/div>\n<div><\/div>\n<div><\/div>\n<div><\/div>\n<div><\/div>\n<div>Si la revisi\u00f3n a la cuenta p\u00fablica de 2015 arroj\u00f3 graves irregularidades tanto en ayuntamientos como en dependencias del Poder Ejecutivo Estatal, la auditor\u00eda realizada por el \u00d3rgano de Fiscalizaci\u00f3n Superior de Veracruz al ejercicio 2016 podr\u00eda revelar todav\u00eda m\u00e1s esc\u00e1ndalos de corrupci\u00f3n, m\u00e1s historias de saqueo en el \u201ca\u00f1o de Hidalgo\u201d de la administraci\u00f3n de Javier\u00a0 Duarte de Ochoa.<\/div>\n<div>Recordemos que el Informe del Resultado de la Fiscalizaci\u00f3n Superior a la Cuenta P\u00fablica 2015 incluy\u00f3 observaciones por probables irregularidades en que habr\u00edan incurrido las secretar\u00edas de Finanzas, Educaci\u00f3n, Salud, Desarrollo Social, Infraestructura y Obras P\u00fablicas, Seguridad P\u00fablica y Turismo, adem\u00e1s de la Fiscal\u00eda General del Estado, y el Instituto Veracruzano para la Atenci\u00f3n de los Adultos, entre otras instancias.<\/div>\n<div>Millones y millones de pesos cuyo correcto ejercicio no fue comprobado.<\/div>\n<div>Si en 2015 la auditor\u00eda sac\u00f3 un olor f\u00e9tido en el tema del manejo de los recursos p\u00fablicos en el gobierno de Veracruz, la revisi\u00f3n a la cuenta p\u00fablica de 2016, nos comentan, terminar\u00e1 por destapar la inmundicia, la cloaca como dice el lugar com\u00fan.<\/div>\n<div>En la Secretar\u00eda de Desarrollo Social, por ejemplo, se habla de un probable da\u00f1o patrimonial superior a 184 millones de pesos, monto que en su mayor\u00eda estar\u00eda relacionado con los contratos asignados a empresas fantasma o fachada.<\/div>\n<div>Algo parecido, aunque con menor monto, ocurrir\u00eda en la Secretar\u00eda de Protecci\u00f3n Civil, donde el probable da\u00f1o patrimonial se ubica en casi 28 millones 500 mil pesos, casi nada, si se compara con lo que se maneja en dependencias como las secretar\u00edas de Educaci\u00f3n, Salud, Seguridad P\u00fablica o Desarrollo Social, pero desv\u00edo de recursos a fin de cuentas, que debe castigarse en caso de que se compruebe.<\/div>\n<div>Pero no son las \u00fanicas dependencias, ni las que tienen los montos m\u00e1s elevados en las observaciones de la auditor\u00eda.<\/div>\n<div>Hace cinco d\u00edas, la Comisi\u00f3n de Vigilancia de la Legislatura del Estado recibi\u00f3 del Orfis el Informe de Resultados de la Cuenta P\u00fablica 2016, que incluy\u00f3 mil 248 auditor\u00edas, entre las financieras presupuestales, las de obra p\u00fablica, las de legalidad y las de desempe\u00f1o. Todo fue revisado a los 346 entes fiscalizables.<\/div>\n<div>En total,\u00a0 se habla de un presunto desv\u00edo de 6 mil 883 millones de pesos por parte del gobierno de Javier Duarte durante 2016, en el que estar\u00edan involucradas 12 dependencias, 15 organismos p\u00fablicos descentralizados y 4 fideicomisos.<\/div>\n<div>Por si fuera poco, tambi\u00e9n se detectaron irregularidades en 122 de los 212 municipios veracruzanos, m\u00e1s de la mitad, donde el presunto da\u00f1o patrimonial ascender\u00eda a 718 millones 497 mil pesos. Una fortuna.<\/div>\n<div>Entre los ayuntamientos con mayor monto de observaciones se encuentran, de acuerdo con lo que consignan los medios, Cosamaloapan, con 133.9 millones de pesos; Coatzacoalcos, 50.9; Catemaco, 40.8; y San Andr\u00e9s Tuxtla, con 35 millones de pesos. S\u00f3lo entre esos cuatro gobiernos municipales suman m\u00e1s de 260 millones de pesos en irregularidades.<\/div>\n<div>En los pr\u00f3ximos meses, el tema de las auditor\u00edas, revisiones, y denuncias penales contra los ex funcionarios del gobierno duartista y ex alcaldes involucrados en esos presuntos desv\u00edos acaparar\u00e1n los reflectores y la atenci\u00f3n medi\u00e1tica.<\/div>\n<div>As\u00ed concluir\u00e1 la fase de revisi\u00f3n a las cuentas de un gobierno estatal caracterizado por los altos niveles de corrupci\u00f3n y saqueo; una administraci\u00f3n que casi llev\u00f3 a la quiebra al estado; y que ubic\u00f3 los desv\u00edos de recursos en un nivel superlativo. Fue una cleptocracia como nunca se hab\u00eda visto en Veracruz.<\/div>\n<div><\/div>\n<div>@luisromero85<\/div>\n","protected":false},"excerpt":{"rendered":"<p>Luis Alberto Romero Hora Cero Si la revisi\u00f3n a la cuenta p\u00fablica de 2015 arroj\u00f3 graves irregularidades tanto en ayuntamientos como en dependencias del Poder Ejecutivo Estatal, la auditor\u00eda realizada por el \u00d3rgano de Fiscalizaci\u00f3n Superior de Veracruz al ejercicio 2016 podr\u00eda revelar todav\u00eda m\u00e1s esc\u00e1ndalos de corrupci\u00f3n, m\u00e1s historias de saqueo en el \u201ca\u00f1o [&hellip;]<\/p>\n","protected":false},"author":2,"featured_media":0,"comment_status":"open","ping_status":"open","sticky":false,"template":"","format":"standard","meta":{"tdm_status":"","tdm_grid_status":"","footnotes":""},"categories":[70],"tags":[6693,9885,6274,260,135],"class_list":{"0":"post-37184","1":"post","2":"type-post","3":"status-publish","4":"format-standard","6":"category-de-opinion","7":"tag-cuenta-publica-2015","8":"tag-cuenta-publica-2016","9":"tag-desvio-de-recursos","10":"tag-javier-duarte-de-ochoa","11":"tag-orfis"},"yoast_head":"<!-- This site is optimized with the Yoast SEO plugin v27.4 - https:\/\/yoast.com\/product\/yoast-seo-wordpress\/ -->\n<title>2016, los millonarios desv\u00edos - Los pol\u00edticos Veracruz<\/title>\n<meta name=\"robots\" content=\"index, follow, max-snippet:-1, max-image-preview:large, max-video-preview:-1\" \/>\n<link rel=\"canonical\" href=\"https:\/\/lospoliticosveracruz.com\/?p=37184\" \/>\n<meta property=\"og:locale\" content=\"es_ES\" \/>\n<meta property=\"og:type\" content=\"article\" \/>\n<meta property=\"og:title\" content=\"2016, los millonarios desv\u00edos - Los pol\u00edticos Veracruz\" \/>\n<meta property=\"og:description\" content=\"Luis Alberto Romero Hora Cero Si la revisi\u00f3n a la cuenta p\u00fablica de 2015 arroj\u00f3 graves irregularidades tanto en ayuntamientos como en dependencias del Poder Ejecutivo Estatal, la auditor\u00eda realizada por el \u00d3rgano de Fiscalizaci\u00f3n Superior de Veracruz al ejercicio 2016 podr\u00eda revelar todav\u00eda m\u00e1s esc\u00e1ndalos de corrupci\u00f3n, m\u00e1s historias de saqueo en el \u201ca\u00f1o [&hellip;]\" \/>\n<meta property=\"og:url\" content=\"https:\/\/lospoliticosveracruz.com\/?p=37184\" \/>\n<meta property=\"og:site_name\" content=\"Los pol\u00edticos Veracruz\" \/>\n<meta property=\"article:publisher\" content=\"https:\/\/www.facebook.com\/people\/Notimemes-de-los-Polticos\/61565672886568\/\" \/>\n<meta property=\"article:published_time\" content=\"2017-10-19T16:01:00+00:00\" \/>\n<meta property=\"og:image\" content=\"https:\/\/lospoliticosveracruz.com\/wp-content\/uploads\/2016\/07\/Logo-Dor.jpg\" \/>\n\t<meta property=\"og:image:width\" content=\"200\" \/>\n\t<meta property=\"og:image:height\" content=\"200\" \/>\n\t<meta property=\"og:image:type\" content=\"image\/jpeg\" \/>\n<meta name=\"author\" content=\"Lo viste en Los Pol\u00edticos\" \/>\n<meta name=\"twitter:card\" content=\"summary_large_image\" \/>\n<meta name=\"twitter:creator\" content=\"@LosPoliticosVer\" \/>\n<meta name=\"twitter:site\" content=\"@LosPoliticosVer\" \/>\n<meta name=\"twitter:label1\" content=\"Escrito por\" \/>\n\t<meta name=\"twitter:data1\" content=\"Lo viste en Los Pol\u00edticos\" \/>\n\t<meta name=\"twitter:label2\" content=\"Tiempo de lectura\" \/>\n\t<meta name=\"twitter:data2\" content=\"3 minutos\" \/>\n<script type=\"application\/ld+json\" class=\"yoast-schema-graph\">{\"@context\":\"https:\\\/\\\/schema.org\",\"@graph\":[{\"@type\":\"Article\",\"@id\":\"https:\\\/\\\/lospoliticosveracruz.com\\\/?p=37184#article\",\"isPartOf\":{\"@id\":\"https:\\\/\\\/lospoliticosveracruz.com\\\/?p=37184\"},\"author\":{\"name\":\"Lo viste en Los Pol\u00edticos\",\"@id\":\"https:\\\/\\\/lospoliticosveracruz.com\\\/#\\\/schema\\\/person\\\/b8702bb0e538456e6efd07080bf2a4a2\"},\"headline\":\"2016, los millonarios desv\u00edos\",\"datePublished\":\"2017-10-19T16:01:00+00:00\",\"mainEntityOfPage\":{\"@id\":\"https:\\\/\\\/lospoliticosveracruz.com\\\/?p=37184\"},\"wordCount\":616,\"commentCount\":0,\"publisher\":{\"@id\":\"https:\\\/\\\/lospoliticosveracruz.com\\\/#organization\"},\"keywords\":[\"Cuenta P\u00fablica 2015\",\"Cuenta P\u00fablica 2016\",\"Desv\u00edo de recursos\",\"Javier Duarte de Ochoa\",\"Orfis\"],\"articleSection\":[\"De Opini\u00f3n\"],\"inLanguage\":\"es\",\"potentialAction\":[{\"@type\":\"CommentAction\",\"name\":\"Comment\",\"target\":[\"https:\\\/\\\/lospoliticosveracruz.com\\\/?p=37184#respond\"]}]},{\"@type\":\"WebPage\",\"@id\":\"https:\\\/\\\/lospoliticosveracruz.com\\\/?p=37184\",\"url\":\"https:\\\/\\\/lospoliticosveracruz.com\\\/?p=37184\",\"name\":\"2016, los millonarios desv\u00edos - Los pol\u00edticos Veracruz\",\"isPartOf\":{\"@id\":\"https:\\\/\\\/lospoliticosveracruz.com\\\/#website\"},\"datePublished\":\"2017-10-19T16:01:00+00:00\",\"breadcrumb\":{\"@id\":\"https:\\\/\\\/lospoliticosveracruz.com\\\/?p=37184#breadcrumb\"},\"inLanguage\":\"es\",\"potentialAction\":[{\"@type\":\"ReadAction\",\"target\":[\"https:\\\/\\\/lospoliticosveracruz.com\\\/?p=37184\"]}]},{\"@type\":\"BreadcrumbList\",\"@id\":\"https:\\\/\\\/lospoliticosveracruz.com\\\/?p=37184#breadcrumb\",\"itemListElement\":[{\"@type\":\"ListItem\",\"position\":1,\"name\":\"Portada\",\"item\":\"https:\\\/\\\/lospoliticosveracruz.com\\\/\"},{\"@type\":\"ListItem\",\"position\":2,\"name\":\"2016, los millonarios desv\u00edos\"}]},{\"@type\":\"WebSite\",\"@id\":\"https:\\\/\\\/lospoliticosveracruz.com\\\/#website\",\"url\":\"https:\\\/\\\/lospoliticosveracruz.com\\\/\",\"name\":\"Los pol\u00edticos Veracruz\",\"description\":\"\",\"publisher\":{\"@id\":\"https:\\\/\\\/lospoliticosveracruz.com\\\/#organization\"},\"potentialAction\":[{\"@type\":\"SearchAction\",\"target\":{\"@type\":\"EntryPoint\",\"urlTemplate\":\"https:\\\/\\\/lospoliticosveracruz.com\\\/?s={search_term_string}\"},\"query-input\":{\"@type\":\"PropertyValueSpecification\",\"valueRequired\":true,\"valueName\":\"search_term_string\"}}],\"inLanguage\":\"es\"},{\"@type\":\"Organization\",\"@id\":\"https:\\\/\\\/lospoliticosveracruz.com\\\/#organization\",\"name\":\"Los pol\u00edticos Veracruz\",\"url\":\"https:\\\/\\\/lospoliticosveracruz.com\\\/\",\"logo\":{\"@type\":\"ImageObject\",\"inLanguage\":\"es\",\"@id\":\"https:\\\/\\\/lospoliticosveracruz.com\\\/#\\\/schema\\\/logo\\\/image\\\/\",\"url\":\"https:\\\/\\\/lospoliticosveracruz.com\\\/wp-content\\\/uploads\\\/2025\\\/12\\\/Logo-Nuevo-LOS-POLITICOS-1.jpg\",\"contentUrl\":\"https:\\\/\\\/lospoliticosveracruz.com\\\/wp-content\\\/uploads\\\/2025\\\/12\\\/Logo-Nuevo-LOS-POLITICOS-1.jpg\",\"width\":260,\"height\":70,\"caption\":\"Los pol\u00edticos Veracruz\"},\"image\":{\"@id\":\"https:\\\/\\\/lospoliticosveracruz.com\\\/#\\\/schema\\\/logo\\\/image\\\/\"},\"sameAs\":[\"https:\\\/\\\/www.facebook.com\\\/people\\\/Notimemes-de-los-Polticos\\\/61565672886568\\\/\",\"https:\\\/\\\/x.com\\\/LosPoliticosVer\"]},{\"@type\":\"Person\",\"@id\":\"https:\\\/\\\/lospoliticosveracruz.com\\\/#\\\/schema\\\/person\\\/b8702bb0e538456e6efd07080bf2a4a2\",\"name\":\"Lo viste en Los Pol\u00edticos\",\"image\":{\"@type\":\"ImageObject\",\"inLanguage\":\"es\",\"@id\":\"https:\\\/\\\/secure.gravatar.com\\\/avatar\\\/3a8de04a2656d44082be478bd6c086daa447c4651605818287b9532d3d0bd435?s=96&d=mm&r=g\",\"url\":\"https:\\\/\\\/secure.gravatar.com\\\/avatar\\\/3a8de04a2656d44082be478bd6c086daa447c4651605818287b9532d3d0bd435?s=96&d=mm&r=g\",\"contentUrl\":\"https:\\\/\\\/secure.gravatar.com\\\/avatar\\\/3a8de04a2656d44082be478bd6c086daa447c4651605818287b9532d3d0bd435?s=96&d=mm&r=g\",\"caption\":\"Lo viste en Los Pol\u00edticos\"},\"url\":\"https:\\\/\\\/lospoliticosveracruz.com\\\/?author=2\"}]}<\/script>\n<!-- \/ Yoast SEO plugin. -->","yoast_head_json":{"title":"2016, los millonarios desv\u00edos - Los pol\u00edticos Veracruz","robots":{"index":"index","follow":"follow","max-snippet":"max-snippet:-1","max-image-preview":"max-image-preview:large","max-video-preview":"max-video-preview:-1"},"canonical":"https:\/\/lospoliticosveracruz.com\/?p=37184","og_locale":"es_ES","og_type":"article","og_title":"2016, los millonarios desv\u00edos - Los pol\u00edticos Veracruz","og_description":"Luis Alberto Romero Hora Cero Si la revisi\u00f3n a la cuenta p\u00fablica de 2015 arroj\u00f3 graves irregularidades tanto en ayuntamientos como en dependencias del Poder Ejecutivo Estatal, la auditor\u00eda realizada por el \u00d3rgano de Fiscalizaci\u00f3n Superior de Veracruz al ejercicio 2016 podr\u00eda revelar todav\u00eda m\u00e1s esc\u00e1ndalos de corrupci\u00f3n, m\u00e1s historias de saqueo en el \u201ca\u00f1o [&hellip;]","og_url":"https:\/\/lospoliticosveracruz.com\/?p=37184","og_site_name":"Los pol\u00edticos Veracruz","article_publisher":"https:\/\/www.facebook.com\/people\/Notimemes-de-los-Polticos\/61565672886568\/","article_published_time":"2017-10-19T16:01:00+00:00","og_image":[{"width":200,"height":200,"url":"https:\/\/lospoliticosveracruz.com\/wp-content\/uploads\/2016\/07\/Logo-Dor.jpg","type":"image\/jpeg"}],"author":"Lo viste en Los Pol\u00edticos","twitter_card":"summary_large_image","twitter_creator":"@LosPoliticosVer","twitter_site":"@LosPoliticosVer","twitter_misc":{"Escrito por":"Lo viste en Los Pol\u00edticos","Tiempo de lectura":"3 minutos"},"schema":{"@context":"https:\/\/schema.org","@graph":[{"@type":"Article","@id":"https:\/\/lospoliticosveracruz.com\/?p=37184#article","isPartOf":{"@id":"https:\/\/lospoliticosveracruz.com\/?p=37184"},"author":{"name":"Lo viste en Los Pol\u00edticos","@id":"https:\/\/lospoliticosveracruz.com\/#\/schema\/person\/b8702bb0e538456e6efd07080bf2a4a2"},"headline":"2016, los millonarios desv\u00edos","datePublished":"2017-10-19T16:01:00+00:00","mainEntityOfPage":{"@id":"https:\/\/lospoliticosveracruz.com\/?p=37184"},"wordCount":616,"commentCount":0,"publisher":{"@id":"https:\/\/lospoliticosveracruz.com\/#organization"},"keywords":["Cuenta P\u00fablica 2015","Cuenta P\u00fablica 2016","Desv\u00edo de recursos","Javier Duarte de Ochoa","Orfis"],"articleSection":["De Opini\u00f3n"],"inLanguage":"es","potentialAction":[{"@type":"CommentAction","name":"Comment","target":["https:\/\/lospoliticosveracruz.com\/?p=37184#respond"]}]},{"@type":"WebPage","@id":"https:\/\/lospoliticosveracruz.com\/?p=37184","url":"https:\/\/lospoliticosveracruz.com\/?p=37184","name":"2016, los millonarios desv\u00edos - Los pol\u00edticos Veracruz","isPartOf":{"@id":"https:\/\/lospoliticosveracruz.com\/#website"},"datePublished":"2017-10-19T16:01:00+00:00","breadcrumb":{"@id":"https:\/\/lospoliticosveracruz.com\/?p=37184#breadcrumb"},"inLanguage":"es","potentialAction":[{"@type":"ReadAction","target":["https:\/\/lospoliticosveracruz.com\/?p=37184"]}]},{"@type":"BreadcrumbList","@id":"https:\/\/lospoliticosveracruz.com\/?p=37184#breadcrumb","itemListElement":[{"@type":"ListItem","position":1,"name":"Portada","item":"https:\/\/lospoliticosveracruz.com\/"},{"@type":"ListItem","position":2,"name":"2016, los millonarios desv\u00edos"}]},{"@type":"WebSite","@id":"https:\/\/lospoliticosveracruz.com\/#website","url":"https:\/\/lospoliticosveracruz.com\/","name":"Los pol\u00edticos Veracruz","description":"","publisher":{"@id":"https:\/\/lospoliticosveracruz.com\/#organization"},"potentialAction":[{"@type":"SearchAction","target":{"@type":"EntryPoint","urlTemplate":"https:\/\/lospoliticosveracruz.com\/?s={search_term_string}"},"query-input":{"@type":"PropertyValueSpecification","valueRequired":true,"valueName":"search_term_string"}}],"inLanguage":"es"},{"@type":"Organization","@id":"https:\/\/lospoliticosveracruz.com\/#organization","name":"Los pol\u00edticos Veracruz","url":"https:\/\/lospoliticosveracruz.com\/","logo":{"@type":"ImageObject","inLanguage":"es","@id":"https:\/\/lospoliticosveracruz.com\/#\/schema\/logo\/image\/","url":"https:\/\/lospoliticosveracruz.com\/wp-content\/uploads\/2025\/12\/Logo-Nuevo-LOS-POLITICOS-1.jpg","contentUrl":"https:\/\/lospoliticosveracruz.com\/wp-content\/uploads\/2025\/12\/Logo-Nuevo-LOS-POLITICOS-1.jpg","width":260,"height":70,"caption":"Los pol\u00edticos Veracruz"},"image":{"@id":"https:\/\/lospoliticosveracruz.com\/#\/schema\/logo\/image\/"},"sameAs":["https:\/\/www.facebook.com\/people\/Notimemes-de-los-Polticos\/61565672886568\/","https:\/\/x.com\/LosPoliticosVer"]},{"@type":"Person","@id":"https:\/\/lospoliticosveracruz.com\/#\/schema\/person\/b8702bb0e538456e6efd07080bf2a4a2","name":"Lo viste en Los Pol\u00edticos","image":{"@type":"ImageObject","inLanguage":"es","@id":"https:\/\/secure.gravatar.com\/avatar\/3a8de04a2656d44082be478bd6c086daa447c4651605818287b9532d3d0bd435?s=96&d=mm&r=g","url":"https:\/\/secure.gravatar.com\/avatar\/3a8de04a2656d44082be478bd6c086daa447c4651605818287b9532d3d0bd435?s=96&d=mm&r=g","contentUrl":"https:\/\/secure.gravatar.com\/avatar\/3a8de04a2656d44082be478bd6c086daa447c4651605818287b9532d3d0bd435?s=96&d=mm&r=g","caption":"Lo viste en Los Pol\u00edticos"},"url":"https:\/\/lospoliticosveracruz.com\/?author=2"}]}},"_links":{"self":[{"href":"https:\/\/lospoliticosveracruz.com\/index.php?rest_route=\/wp\/v2\/posts\/37184","targetHints":{"allow":["GET"]}}],"collection":[{"href":"https:\/\/lospoliticosveracruz.com\/index.php?rest_route=\/wp\/v2\/posts"}],"about":[{"href":"https:\/\/lospoliticosveracruz.com\/index.php?rest_route=\/wp\/v2\/types\/post"}],"author":[{"embeddable":true,"href":"https:\/\/lospoliticosveracruz.com\/index.php?rest_route=\/wp\/v2\/users\/2"}],"replies":[{"embeddable":true,"href":"https:\/\/lospoliticosveracruz.com\/index.php?rest_route=%2Fwp%2Fv2%2Fcomments&post=37184"}],"version-history":[{"count":1,"href":"https:\/\/lospoliticosveracruz.com\/index.php?rest_route=\/wp\/v2\/posts\/37184\/revisions"}],"predecessor-version":[{"id":37185,"href":"https:\/\/lospoliticosveracruz.com\/index.php?rest_route=\/wp\/v2\/posts\/37184\/revisions\/37185"}],"wp:attachment":[{"href":"https:\/\/lospoliticosveracruz.com\/index.php?rest_route=%2Fwp%2Fv2%2Fmedia&parent=37184"}],"wp:term":[{"taxonomy":"category","embeddable":true,"href":"https:\/\/lospoliticosveracruz.com\/index.php?rest_route=%2Fwp%2Fv2%2Fcategories&post=37184"},{"taxonomy":"post_tag","embeddable":true,"href":"https:\/\/lospoliticosveracruz.com\/index.php?rest_route=%2Fwp%2Fv2%2Ftags&post=37184"}],"curies":[{"name":"wp","href":"https:\/\/api.w.org\/{rel}","templated":true}]}}