{"id":37225,"date":"2017-10-20T10:45:25","date_gmt":"2017-10-20T15:45:25","guid":{"rendered":"http:\/\/www.lospoliticosveracruz.com.mx\/?p=37225"},"modified":"2017-10-20T10:45:25","modified_gmt":"2017-10-20T15:45:25","slug":"se-les-van-pelar-van-a-conseguir-el-asilo","status":"publish","type":"post","link":"https:\/\/lospoliticosveracruz.com\/?p=37225","title":{"rendered":"Se les van \u201cpelar\u201d, van a conseguir el asilo"},"content":{"rendered":"<div class=\"x_gmail_quote\">\n<div dir=\"ltr\">\n<div id=\"x_m_3628261084966029147divtagdefaultwrapper\" dir=\"ltr\">\n<div id=\"x_m_3628261084966029147divtagdefaultwrapper\" dir=\"ltr\">\n<p class=\"x_m_3628261084966029147Standard\" style=\"text-align: left;\" align=\"center\"><strong><span lang=\"ES-MX\">Ricardo V\u00e1zquez Salazar<\/span><\/strong><\/p>\n<p class=\"x_m_3628261084966029147Standard\" style=\"text-align: left;\" align=\"center\"><em>Esfera Pol\u00edtica<\/em><\/p>\n<\/div>\n<p class=\"x_m_3628261084966029147Standard\" style=\"text-align: left;\" align=\"center\">\n<div id=\"x_m_3628261084966029147divtagdefaultwrapper\" dir=\"ltr\">\n<p class=\"x_m_3628261084966029147Textbody\" style=\"text-align: left;\" align=\"center\"><span lang=\"ES-MX\">Bueno pero es que en verdad el nefasto y fat\u00eddico gobierno que encabez\u00f3 Javier Duarte de Ochoa no dej\u00f3 t\u00edtere con cabeza. Provoca nauseas entre los veracruzanos cada semana que transcurre, conocer de nuevas fechor\u00edas descubiertas y documentadas en las revisiones. Los zarpazos fueron parejo, barrieron con todos los recursos que olfatearon, no tuvieron limitaciones de ninguna especie ni compasi\u00f3n alguna; lo mismo atracaron las secretar\u00edas de: Salud, Educaci\u00f3n, Desarrollo Social, Desarrollo Econ\u00f3mico, Desarrollo Agropecuario, Infraestructura y Obra P\u00fablica, Fideicomisos, entes descentralizados, que al dinero que estaba destinado a la Cruz Roja, al DIF estatal. Se acaba de dar a conocer que utilizaron hasta los carros aleg\u00f3ricos del Carnaval de Veracruz, como negocio il\u00edcito. Nada se les escap\u00f3. \u00a0\u00a0\u00a0\u00a0\u00a0<\/span><\/p>\n<p class=\"x_MsoNormal\"><span lang=\"ES-MX\">Mayores nauseas entre la poblaci\u00f3n causa saber que Karime Mac\u00edas Tubilla -esposa del reo Javier Duarte-, y Moises Manzur, principal prestanombres de Duarte \u2013a quien traicion\u00f3-, solicitaron asilo pol\u00edtico en el extranjero, por considerarse perseguidos pol\u00edticos, sin conocer a detalle a qu\u00e9 pa\u00edses se han atenido.<\/span><\/p>\n<p class=\"x_MsoNormal\"><span lang=\"ES-MX\">Es el colmo del cinismo la postura de los dos sujetos m\u00e1s allegados a Duarte, calificados como los principales operadores financieros que dispusieron e hicieron lo que quisieron con el dinero de los veracruzanos, sin restricci\u00f3n alguna, vigilancia, control ni fiscalizaci\u00f3n.<\/span><\/p>\n<p class=\"x_MsoNormal\"><span lang=\"ES-MX\">Es pat\u00e9tico hasta decir basta, que ambos delincuentes se declaren v\u00edctimas, cuando estos se podr\u00edan juzgar de homicidas, por los cr\u00edmenes cometidos en diferente forma en los hospitales; por apropiarse de los recursos destinados a combatir la pobreza, educaci\u00f3n, infraestructura carretera y urbana, en el campo y en muchas otras \u00e1reas en Veracruz. \u00a0\u00a0\u00a0\u00a0\u00a0<\/span><\/p>\n<p class=\"x_MsoNormal\"><span lang=\"ES-MX\">Karime y Manzur tienen todo a su favor para escabullirse y refugiarse oficialmente en otra naci\u00f3n, tal vez mayores posibilidades ahora que no hay titular de la Procuradur\u00eda General de la Rep\u00fablica, a ra\u00edz de la reciente renuncia que present\u00f3 Ra\u00fal Cervantes a la Junta de Coordinaci\u00f3n Pol\u00edtica del Senado de la Rep\u00fablica, para no ser motivo de objeci\u00f3n para los legisladores federales y que discutan a sus anchas las iniciativas relacionadas con la Fiscal\u00eda General de la Naci\u00f3n. A ver para cu\u00e1ndo, al fin y al cabo no urge, ni que hubiera delitos en este pa\u00eds. Llevan ya seis a\u00f1os con ese pendientito.<\/span><\/p>\n<p class=\"x_MsoNormal\"><span lang=\"ES-MX\">La PGR tiene bajo investigaci\u00f3n a Karime Mac\u00edas por enriquecimiento il\u00edcito y lavado de dinero; Manzur tiene orden de aprehensi\u00f3n de la \u201cProcu\u201d, por lavado de dinero y delincuencia organizada, es pr\u00f3fugo de la justicia. \u00a0\u00a0\u00a0\u00a0\u00a0\u00a0\u00a0\u00a0<\/span><\/p>\n<p class=\"x_MsoNormal\"><span lang=\"ES-MX\">Deben de ser varios los pa\u00edses a los que est\u00e9n aplicando Karime y Manzur, entre los que en alguno de esos puede haber autoridades inescrupulosas, a los que les importe un bledo que la fortuna que poseen sea mal habida, riqueza inmensa que pasar\u00e1 a radicar en una naci\u00f3n a la que pos supuesto no le van a hacer el feo.<\/span><\/p>\n<p class=\"x_MsoNormal\"><span lang=\"ES-MX\">Una vez que la ex primera dama veracruzana y el prestanombres inc\u00f3modo llegaran a conseguir el asilo, habr\u00e1n allanado el camino para que cuando menos medio centenar de los que se enriquecieron il\u00edcitamente del dinero de los veracruzanos sigan la misma ruta. Los \u201crepresentantes populares\u201d involucrados en el saqueo, previendo que en unos meses van a dejar de tener fuero, no van a pensar dos veces en tramitar asilo, argumentando que por su desempe\u00f1o como legisladores son perseguidos pol\u00edticos. \u00a0\u00a0<\/span><\/p>\n<p><a href=\"mailto:rvazquez002@yahoo.com.mx\" target=\"_blank\" rel=\"noopener noreferrer\"><span lang=\"ES-MX\">rvazquez002@yahoo.com.mx<\/span><\/a><\/div>\n<\/div>\n<\/div>\n<\/div>\n<p>&nbsp;<\/p>\n","protected":false},"excerpt":{"rendered":"<p>Ricardo V\u00e1zquez Salazar Esfera Pol\u00edtica Bueno pero es que en verdad el nefasto y fat\u00eddico gobierno que encabez\u00f3 Javier Duarte de Ochoa no dej\u00f3 t\u00edtere con cabeza. Provoca nauseas entre los veracruzanos cada semana que transcurre, conocer de nuevas fechor\u00edas descubiertas y documentadas en las revisiones. Los zarpazos fueron parejo, barrieron con todos los recursos [&hellip;]<\/p>\n","protected":false},"author":2,"featured_media":0,"comment_status":"open","ping_status":"open","sticky":false,"template":"","format":"standard","meta":{"tdm_status":"","tdm_grid_status":"","footnotes":""},"categories":[70],"tags":[789,9917],"class_list":{"0":"post-37225","1":"post","2":"type-post","3":"status-publish","4":"format-standard","6":"category-de-opinion","7":"tag-karime-macias","8":"tag-moises-manzur"},"yoast_head":"<!-- This site is optimized with the Yoast SEO plugin v27.4 - https:\/\/yoast.com\/product\/yoast-seo-wordpress\/ -->\n<title>Se les van \u201cpelar\u201d, van a conseguir el asilo - Los pol\u00edticos Veracruz<\/title>\n<meta name=\"robots\" content=\"index, follow, max-snippet:-1, max-image-preview:large, max-video-preview:-1\" \/>\n<link rel=\"canonical\" href=\"https:\/\/lospoliticosveracruz.com\/?p=37225\" \/>\n<meta property=\"og:locale\" content=\"es_ES\" \/>\n<meta property=\"og:type\" content=\"article\" \/>\n<meta property=\"og:title\" content=\"Se les van \u201cpelar\u201d, van a conseguir el asilo - Los pol\u00edticos Veracruz\" \/>\n<meta property=\"og:description\" content=\"Ricardo V\u00e1zquez Salazar Esfera Pol\u00edtica Bueno pero es que en verdad el nefasto y fat\u00eddico gobierno que encabez\u00f3 Javier Duarte de Ochoa no dej\u00f3 t\u00edtere con cabeza. Provoca nauseas entre los veracruzanos cada semana que transcurre, conocer de nuevas fechor\u00edas descubiertas y documentadas en las revisiones. Los zarpazos fueron parejo, barrieron con todos los recursos [&hellip;]\" \/>\n<meta property=\"og:url\" content=\"https:\/\/lospoliticosveracruz.com\/?p=37225\" \/>\n<meta property=\"og:site_name\" content=\"Los pol\u00edticos Veracruz\" \/>\n<meta property=\"article:publisher\" content=\"https:\/\/www.facebook.com\/people\/Notimemes-de-los-Polticos\/61565672886568\/\" \/>\n<meta property=\"article:published_time\" content=\"2017-10-20T15:45:25+00:00\" \/>\n<meta property=\"og:image\" content=\"https:\/\/lospoliticosveracruz.com\/wp-content\/uploads\/2016\/07\/Logo-Dor.jpg\" \/>\n\t<meta property=\"og:image:width\" content=\"200\" \/>\n\t<meta property=\"og:image:height\" content=\"200\" \/>\n\t<meta property=\"og:image:type\" content=\"image\/jpeg\" \/>\n<meta name=\"author\" content=\"Lo viste en Los Pol\u00edticos\" \/>\n<meta name=\"twitter:card\" content=\"summary_large_image\" \/>\n<meta name=\"twitter:creator\" content=\"@LosPoliticosVer\" \/>\n<meta name=\"twitter:site\" content=\"@LosPoliticosVer\" \/>\n<meta name=\"twitter:label1\" content=\"Escrito por\" \/>\n\t<meta name=\"twitter:data1\" content=\"Lo viste en Los Pol\u00edticos\" \/>\n\t<meta name=\"twitter:label2\" content=\"Tiempo de lectura\" \/>\n\t<meta name=\"twitter:data2\" content=\"3 minutos\" \/>\n<script type=\"application\/ld+json\" class=\"yoast-schema-graph\">{\"@context\":\"https:\\\/\\\/schema.org\",\"@graph\":[{\"@type\":\"Article\",\"@id\":\"https:\\\/\\\/lospoliticosveracruz.com\\\/?p=37225#article\",\"isPartOf\":{\"@id\":\"https:\\\/\\\/lospoliticosveracruz.com\\\/?p=37225\"},\"author\":{\"name\":\"Lo viste en Los Pol\u00edticos\",\"@id\":\"https:\\\/\\\/lospoliticosveracruz.com\\\/#\\\/schema\\\/person\\\/b8702bb0e538456e6efd07080bf2a4a2\"},\"headline\":\"Se les van \u201cpelar\u201d, van a conseguir el asilo\",\"datePublished\":\"2017-10-20T15:45:25+00:00\",\"mainEntityOfPage\":{\"@id\":\"https:\\\/\\\/lospoliticosveracruz.com\\\/?p=37225\"},\"wordCount\":609,\"commentCount\":0,\"publisher\":{\"@id\":\"https:\\\/\\\/lospoliticosveracruz.com\\\/#organization\"},\"keywords\":[\"Karime Mac\u00edas\",\"Mois\u00e9s Manzur\"],\"articleSection\":[\"De Opini\u00f3n\"],\"inLanguage\":\"es\",\"potentialAction\":[{\"@type\":\"CommentAction\",\"name\":\"Comment\",\"target\":[\"https:\\\/\\\/lospoliticosveracruz.com\\\/?p=37225#respond\"]}]},{\"@type\":\"WebPage\",\"@id\":\"https:\\\/\\\/lospoliticosveracruz.com\\\/?p=37225\",\"url\":\"https:\\\/\\\/lospoliticosveracruz.com\\\/?p=37225\",\"name\":\"Se les van \u201cpelar\u201d, van a conseguir el asilo - Los pol\u00edticos Veracruz\",\"isPartOf\":{\"@id\":\"https:\\\/\\\/lospoliticosveracruz.com\\\/#website\"},\"datePublished\":\"2017-10-20T15:45:25+00:00\",\"breadcrumb\":{\"@id\":\"https:\\\/\\\/lospoliticosveracruz.com\\\/?p=37225#breadcrumb\"},\"inLanguage\":\"es\",\"potentialAction\":[{\"@type\":\"ReadAction\",\"target\":[\"https:\\\/\\\/lospoliticosveracruz.com\\\/?p=37225\"]}]},{\"@type\":\"BreadcrumbList\",\"@id\":\"https:\\\/\\\/lospoliticosveracruz.com\\\/?p=37225#breadcrumb\",\"itemListElement\":[{\"@type\":\"ListItem\",\"position\":1,\"name\":\"Portada\",\"item\":\"https:\\\/\\\/lospoliticosveracruz.com\\\/\"},{\"@type\":\"ListItem\",\"position\":2,\"name\":\"Se les van \u201cpelar\u201d, van a conseguir el asilo\"}]},{\"@type\":\"WebSite\",\"@id\":\"https:\\\/\\\/lospoliticosveracruz.com\\\/#website\",\"url\":\"https:\\\/\\\/lospoliticosveracruz.com\\\/\",\"name\":\"Los pol\u00edticos Veracruz\",\"description\":\"\",\"publisher\":{\"@id\":\"https:\\\/\\\/lospoliticosveracruz.com\\\/#organization\"},\"potentialAction\":[{\"@type\":\"SearchAction\",\"target\":{\"@type\":\"EntryPoint\",\"urlTemplate\":\"https:\\\/\\\/lospoliticosveracruz.com\\\/?s={search_term_string}\"},\"query-input\":{\"@type\":\"PropertyValueSpecification\",\"valueRequired\":true,\"valueName\":\"search_term_string\"}}],\"inLanguage\":\"es\"},{\"@type\":\"Organization\",\"@id\":\"https:\\\/\\\/lospoliticosveracruz.com\\\/#organization\",\"name\":\"Los pol\u00edticos Veracruz\",\"url\":\"https:\\\/\\\/lospoliticosveracruz.com\\\/\",\"logo\":{\"@type\":\"ImageObject\",\"inLanguage\":\"es\",\"@id\":\"https:\\\/\\\/lospoliticosveracruz.com\\\/#\\\/schema\\\/logo\\\/image\\\/\",\"url\":\"https:\\\/\\\/lospoliticosveracruz.com\\\/wp-content\\\/uploads\\\/2025\\\/12\\\/Logo-Nuevo-LOS-POLITICOS-1.jpg\",\"contentUrl\":\"https:\\\/\\\/lospoliticosveracruz.com\\\/wp-content\\\/uploads\\\/2025\\\/12\\\/Logo-Nuevo-LOS-POLITICOS-1.jpg\",\"width\":260,\"height\":70,\"caption\":\"Los pol\u00edticos Veracruz\"},\"image\":{\"@id\":\"https:\\\/\\\/lospoliticosveracruz.com\\\/#\\\/schema\\\/logo\\\/image\\\/\"},\"sameAs\":[\"https:\\\/\\\/www.facebook.com\\\/people\\\/Notimemes-de-los-Polticos\\\/61565672886568\\\/\",\"https:\\\/\\\/x.com\\\/LosPoliticosVer\"]},{\"@type\":\"Person\",\"@id\":\"https:\\\/\\\/lospoliticosveracruz.com\\\/#\\\/schema\\\/person\\\/b8702bb0e538456e6efd07080bf2a4a2\",\"name\":\"Lo viste en Los Pol\u00edticos\",\"image\":{\"@type\":\"ImageObject\",\"inLanguage\":\"es\",\"@id\":\"https:\\\/\\\/secure.gravatar.com\\\/avatar\\\/3a8de04a2656d44082be478bd6c086daa447c4651605818287b9532d3d0bd435?s=96&d=mm&r=g\",\"url\":\"https:\\\/\\\/secure.gravatar.com\\\/avatar\\\/3a8de04a2656d44082be478bd6c086daa447c4651605818287b9532d3d0bd435?s=96&d=mm&r=g\",\"contentUrl\":\"https:\\\/\\\/secure.gravatar.com\\\/avatar\\\/3a8de04a2656d44082be478bd6c086daa447c4651605818287b9532d3d0bd435?s=96&d=mm&r=g\",\"caption\":\"Lo viste en Los Pol\u00edticos\"},\"url\":\"https:\\\/\\\/lospoliticosveracruz.com\\\/?author=2\"}]}<\/script>\n<!-- \/ Yoast SEO plugin. -->","yoast_head_json":{"title":"Se les van \u201cpelar\u201d, van a conseguir el asilo - Los pol\u00edticos Veracruz","robots":{"index":"index","follow":"follow","max-snippet":"max-snippet:-1","max-image-preview":"max-image-preview:large","max-video-preview":"max-video-preview:-1"},"canonical":"https:\/\/lospoliticosveracruz.com\/?p=37225","og_locale":"es_ES","og_type":"article","og_title":"Se les van \u201cpelar\u201d, van a conseguir el asilo - Los pol\u00edticos Veracruz","og_description":"Ricardo V\u00e1zquez Salazar Esfera Pol\u00edtica Bueno pero es que en verdad el nefasto y fat\u00eddico gobierno que encabez\u00f3 Javier Duarte de Ochoa no dej\u00f3 t\u00edtere con cabeza. Provoca nauseas entre los veracruzanos cada semana que transcurre, conocer de nuevas fechor\u00edas descubiertas y documentadas en las revisiones. Los zarpazos fueron parejo, barrieron con todos los recursos [&hellip;]","og_url":"https:\/\/lospoliticosveracruz.com\/?p=37225","og_site_name":"Los pol\u00edticos Veracruz","article_publisher":"https:\/\/www.facebook.com\/people\/Notimemes-de-los-Polticos\/61565672886568\/","article_published_time":"2017-10-20T15:45:25+00:00","og_image":[{"width":200,"height":200,"url":"https:\/\/lospoliticosveracruz.com\/wp-content\/uploads\/2016\/07\/Logo-Dor.jpg","type":"image\/jpeg"}],"author":"Lo viste en Los Pol\u00edticos","twitter_card":"summary_large_image","twitter_creator":"@LosPoliticosVer","twitter_site":"@LosPoliticosVer","twitter_misc":{"Escrito por":"Lo viste en Los Pol\u00edticos","Tiempo de lectura":"3 minutos"},"schema":{"@context":"https:\/\/schema.org","@graph":[{"@type":"Article","@id":"https:\/\/lospoliticosveracruz.com\/?p=37225#article","isPartOf":{"@id":"https:\/\/lospoliticosveracruz.com\/?p=37225"},"author":{"name":"Lo viste en Los Pol\u00edticos","@id":"https:\/\/lospoliticosveracruz.com\/#\/schema\/person\/b8702bb0e538456e6efd07080bf2a4a2"},"headline":"Se les van \u201cpelar\u201d, van a conseguir el asilo","datePublished":"2017-10-20T15:45:25+00:00","mainEntityOfPage":{"@id":"https:\/\/lospoliticosveracruz.com\/?p=37225"},"wordCount":609,"commentCount":0,"publisher":{"@id":"https:\/\/lospoliticosveracruz.com\/#organization"},"keywords":["Karime Mac\u00edas","Mois\u00e9s Manzur"],"articleSection":["De Opini\u00f3n"],"inLanguage":"es","potentialAction":[{"@type":"CommentAction","name":"Comment","target":["https:\/\/lospoliticosveracruz.com\/?p=37225#respond"]}]},{"@type":"WebPage","@id":"https:\/\/lospoliticosveracruz.com\/?p=37225","url":"https:\/\/lospoliticosveracruz.com\/?p=37225","name":"Se les van \u201cpelar\u201d, van a conseguir el asilo - Los pol\u00edticos Veracruz","isPartOf":{"@id":"https:\/\/lospoliticosveracruz.com\/#website"},"datePublished":"2017-10-20T15:45:25+00:00","breadcrumb":{"@id":"https:\/\/lospoliticosveracruz.com\/?p=37225#breadcrumb"},"inLanguage":"es","potentialAction":[{"@type":"ReadAction","target":["https:\/\/lospoliticosveracruz.com\/?p=37225"]}]},{"@type":"BreadcrumbList","@id":"https:\/\/lospoliticosveracruz.com\/?p=37225#breadcrumb","itemListElement":[{"@type":"ListItem","position":1,"name":"Portada","item":"https:\/\/lospoliticosveracruz.com\/"},{"@type":"ListItem","position":2,"name":"Se les van \u201cpelar\u201d, van a conseguir el asilo"}]},{"@type":"WebSite","@id":"https:\/\/lospoliticosveracruz.com\/#website","url":"https:\/\/lospoliticosveracruz.com\/","name":"Los pol\u00edticos Veracruz","description":"","publisher":{"@id":"https:\/\/lospoliticosveracruz.com\/#organization"},"potentialAction":[{"@type":"SearchAction","target":{"@type":"EntryPoint","urlTemplate":"https:\/\/lospoliticosveracruz.com\/?s={search_term_string}"},"query-input":{"@type":"PropertyValueSpecification","valueRequired":true,"valueName":"search_term_string"}}],"inLanguage":"es"},{"@type":"Organization","@id":"https:\/\/lospoliticosveracruz.com\/#organization","name":"Los pol\u00edticos Veracruz","url":"https:\/\/lospoliticosveracruz.com\/","logo":{"@type":"ImageObject","inLanguage":"es","@id":"https:\/\/lospoliticosveracruz.com\/#\/schema\/logo\/image\/","url":"https:\/\/lospoliticosveracruz.com\/wp-content\/uploads\/2025\/12\/Logo-Nuevo-LOS-POLITICOS-1.jpg","contentUrl":"https:\/\/lospoliticosveracruz.com\/wp-content\/uploads\/2025\/12\/Logo-Nuevo-LOS-POLITICOS-1.jpg","width":260,"height":70,"caption":"Los pol\u00edticos Veracruz"},"image":{"@id":"https:\/\/lospoliticosveracruz.com\/#\/schema\/logo\/image\/"},"sameAs":["https:\/\/www.facebook.com\/people\/Notimemes-de-los-Polticos\/61565672886568\/","https:\/\/x.com\/LosPoliticosVer"]},{"@type":"Person","@id":"https:\/\/lospoliticosveracruz.com\/#\/schema\/person\/b8702bb0e538456e6efd07080bf2a4a2","name":"Lo viste en Los Pol\u00edticos","image":{"@type":"ImageObject","inLanguage":"es","@id":"https:\/\/secure.gravatar.com\/avatar\/3a8de04a2656d44082be478bd6c086daa447c4651605818287b9532d3d0bd435?s=96&d=mm&r=g","url":"https:\/\/secure.gravatar.com\/avatar\/3a8de04a2656d44082be478bd6c086daa447c4651605818287b9532d3d0bd435?s=96&d=mm&r=g","contentUrl":"https:\/\/secure.gravatar.com\/avatar\/3a8de04a2656d44082be478bd6c086daa447c4651605818287b9532d3d0bd435?s=96&d=mm&r=g","caption":"Lo viste en Los Pol\u00edticos"},"url":"https:\/\/lospoliticosveracruz.com\/?author=2"}]}},"_links":{"self":[{"href":"https:\/\/lospoliticosveracruz.com\/index.php?rest_route=\/wp\/v2\/posts\/37225","targetHints":{"allow":["GET"]}}],"collection":[{"href":"https:\/\/lospoliticosveracruz.com\/index.php?rest_route=\/wp\/v2\/posts"}],"about":[{"href":"https:\/\/lospoliticosveracruz.com\/index.php?rest_route=\/wp\/v2\/types\/post"}],"author":[{"embeddable":true,"href":"https:\/\/lospoliticosveracruz.com\/index.php?rest_route=\/wp\/v2\/users\/2"}],"replies":[{"embeddable":true,"href":"https:\/\/lospoliticosveracruz.com\/index.php?rest_route=%2Fwp%2Fv2%2Fcomments&post=37225"}],"version-history":[{"count":1,"href":"https:\/\/lospoliticosveracruz.com\/index.php?rest_route=\/wp\/v2\/posts\/37225\/revisions"}],"predecessor-version":[{"id":37226,"href":"https:\/\/lospoliticosveracruz.com\/index.php?rest_route=\/wp\/v2\/posts\/37225\/revisions\/37226"}],"wp:attachment":[{"href":"https:\/\/lospoliticosveracruz.com\/index.php?rest_route=%2Fwp%2Fv2%2Fmedia&parent=37225"}],"wp:term":[{"taxonomy":"category","embeddable":true,"href":"https:\/\/lospoliticosveracruz.com\/index.php?rest_route=%2Fwp%2Fv2%2Fcategories&post=37225"},{"taxonomy":"post_tag","embeddable":true,"href":"https:\/\/lospoliticosveracruz.com\/index.php?rest_route=%2Fwp%2Fv2%2Ftags&post=37225"}],"curies":[{"name":"wp","href":"https:\/\/api.w.org\/{rel}","templated":true}]}}