{"id":37276,"date":"2017-10-23T22:55:37","date_gmt":"2017-10-24T03:55:37","guid":{"rendered":"http:\/\/www.lospoliticosveracruz.com.mx\/?p=37276"},"modified":"2017-10-23T21:38:27","modified_gmt":"2017-10-24T02:38:27","slug":"la-oportunidad-de-ixhuatlan-del-cafe","status":"publish","type":"post","link":"https:\/\/lospoliticosveracruz.com\/?p=37276","title":{"rendered":"La oportunidad de Ixhuatl\u00e1n del Caf\u00e9"},"content":{"rendered":"<p><strong>Salvador Mu\u00f1oz<\/strong><\/p>\n<p dir=\"ltr\"><em>Los Pol\u00edticos<\/em><\/p>\n<p><strong>\u00a0<\/strong><\/p>\n<p dir=\"ltr\">Licenciada en Pedagog\u00eda; maestra; tambi\u00e9n dio clases de aerobics; igual vendi\u00f3 productos que fue promotora de Mary Kay, al grado de que la tacharan de \u201cDestruye-hogares\u201d, pero no por mujeres, \u00a1sino por los mismos hombres!, porque con esa actividad, muchas se\u00f1oras vieron que no ten\u00edan que depender estrictamente de sus maridos\u2026 \u00a1igual fue conductora en el programa de TVOrizaba al lado de Celso Noval! y por si eso fuera poco, jefa de Informaci\u00f3n de El Buen Tono post-incendio y del Oye Chiapas\u2026 \u00bfa sus 39 a\u00f1os, qu\u00e9 m\u00e1s pod\u00eda ser Viridiana Bret\u00f3n Feito?: \u00a1alcaldesa de Ixhuatl\u00e1n del Caf\u00e9!<\/p>\n<p dir=\"ltr\">Prima de la actual diputada plurinominal, Teresita Zuccolotto Feito, y la nieta m\u00e1s chica de don Jes\u00fas Feito, quien fuera alcalde de Ixhuatl\u00e1n all\u00e1 por 1956, Viridiana se convierte en la primera mujer en ocupar un cargo de representaci\u00f3n popular dentro de una familia donde en las fiestas, por un lado se sientan los pri\u00edstas, y por el otro, los panistas\u2026 ella llega v\u00eda alianza azul-PRD.<\/p>\n<p dir=\"ltr\">II<\/p>\n<p dir=\"ltr\">En pl\u00e1tica con el Grupo de los 10, la presidenta municipal electa de Ixhuatl\u00e1n del Caf\u00e9 responde a una pregunta: \u00bfC\u00f3mo es que una Pedagoga incursiona al periodismo y despu\u00e9s a la pol\u00edtica? F\u00e1cil. Conoce a Jos\u00e9 Abell\u00e1 cuando el empresario estaba interesado en crear en la zona de C\u00f3rdoba una escuela de Cienciolog\u00eda, cuya doctrina busca la felicidad a trav\u00e9s de la compresi\u00f3n de uno mismo y de los dem\u00e1s como seres espirituales.<\/p>\n<p dir=\"ltr\">Sin embargo, despu\u00e9s de que un comando irrumpiera en las oficinas y les prendiera fuego, la contacta Jos\u00e9 Abell\u00e1 interesado en que se incorporara a trabajar con \u00e9l, pero no en el proyecto de Cienciolog\u00eda, \u00a1sino como Jefa de Informaci\u00f3n en El Buen Tono!, bajo la tutela de Julio Fentanes donde aprendi\u00f3 r\u00e1pido el oficio, tan as\u00ed, que cuenta que un d\u00eda estuvo a punto de ser \u201clevantada\u201d y pas\u00f3 largo rato \u201cviviendo\u201d en lo que era la estancia Garnica, bajo el resguardo de la Marina.<\/p>\n<p dir=\"ltr\">III<\/p>\n<p dir=\"ltr\">Violencia de g\u00e9nero la ha vivido en carne propia, tanto en el periodismo como en la pol\u00edtica. Por ejemplo, estando con un columnista, el segundo recibe una llamada donde un personaje le reclamaba las veces que lo hab\u00eda invitado a participar para que escribiera en el peri\u00f3dico, y es cuando escucha algo parecido a que ella lo hab\u00eda logrado convencer \u201cporque ten\u00eda tetas\u201d y \u00e9sa era la forma en que lograba todo.<\/p>\n<p dir=\"ltr\">En el caso de la pol\u00edtica, se ha tenido que enfrentar a respuestas como \u201ca m\u00ed ninguna vieja me va a venir a ordenar\u201d, cuando anduvo en campa\u00f1a, pero sacaba la casta para aclarar primero, que no era \u201cuna vieja\u201d, que era una mujer; y que ella no ve\u00eda la presidencia municipal como una opci\u00f3n para mandar, al contrario, para servir.<\/p>\n<p dir=\"ltr\">IV<\/p>\n<p dir=\"ltr\">Y es que en Ixhuatl\u00e1n del Caf\u00e9 donde m\u00e1s del 80 por ciento de su poblaci\u00f3n vive en la pobreza, donde un alto porcentaje prefiere recibir que pensar en generar para el futuro, se tiene que llegar a la alcald\u00eda bajo esa mentalidad: servir al ixhuateco. Curioso, pero en sus a\u00f1os mozos, recuerda haber sido Reina del Caf\u00e9 y con los apoyos que gestion\u00f3 como tal, gener\u00f3 que se construyeran las aulas del Conalep, que antes rentaba un espacio para dar clases\u2026 hoy, ya no hay Conalep, pero s\u00ed un Telebachillerato y una Telesecundaria.<\/p>\n<p dir=\"ltr\">Por eso y muchas cosas m\u00e1s, quiere impulsar el arom\u00e1tico a trav\u00e9s de estudios y tecnolog\u00eda en algo que pretende sea una Universidad del Caf\u00e9, v\u00eda extensi\u00f3n de \u00a0la Universidad Tecnol\u00f3gica del Centro de Veracruz, la cual se encuentra en Cuitl\u00e1huac, cerca de C\u00f3rdoba, que por varios a\u00f1os ha sido considerada por la SEP, como la mejor Unitec del pa\u00eds\u2026 all\u00ed Viridiana hizo una maestr\u00eda.<\/p>\n<p dir=\"ltr\">Y si bien tiene claro que el caf\u00e9 no debe ser la \u00fanica opci\u00f3n para sacar adelante a los ixhuatecos, sino que tambi\u00e9n se tiene que pensar en el autoempleo, no est\u00e1 dispuesta a esperar a que llegue el primero de enero para trabajar\u2026 as\u00ed, ya agenda su semana para viajar a Xalapa, a Veracruz, al Congreso de la Uni\u00f3n para conseguir apoyo e inversiones, y va con el pie derecho, tanto, que hasta legisladores de Chiapas \u00a1la van a ayudar! ah, y adem\u00e1s, recorre las 32 comunidades ante la sorpresa de sus ciudadanos que ven c\u00f3mo una autoridad, en este caso electa, vuelve sobre sus pasos, no para prometer, sino para ir d\u00e1ndole forma a proyectos y planes de lo que hay que hacer, y mucho, por este municipio que ven en una mujer, la oportunidad de salir del rezago en que se encuentra Ixhuatl\u00e1n del Caf\u00e9\u2026<\/p>\n<p><strong>\u00a0<\/strong><\/p>\n<p dir=\"ltr\"><a href=\"mailto:smcainito@gmail.com\" target=\"_blank\" rel=\"noopener noreferrer\">smcainito@gmail.com<\/a><\/p>\n","protected":false},"excerpt":{"rendered":"<p>Salvador Mu\u00f1oz Los Pol\u00edticos \u00a0 Licenciada en Pedagog\u00eda; maestra; tambi\u00e9n dio clases de aerobics; igual vendi\u00f3 productos que fue promotora de Mary Kay, al grado de que la tacharan de \u201cDestruye-hogares\u201d, pero no por mujeres, \u00a1sino por los mismos hombres!, porque con esa actividad, muchas se\u00f1oras vieron que no ten\u00edan que depender estrictamente de sus [&hellip;]<\/p>\n","protected":false},"author":2,"featured_media":0,"comment_status":"open","ping_status":"open","sticky":false,"template":"","format":"standard","meta":{"tdm_status":"","tdm_grid_status":"","footnotes":""},"categories":[70],"tags":[3164,7805,9956,9957,7573,9188],"class_list":{"0":"post-37276","1":"post","2":"type-post","3":"status-publish","4":"format-standard","6":"category-de-opinion","7":"tag-el-buen-tono","8":"tag-ixhuatlan-del-cafe","9":"tag-jesus-feito","10":"tag-oye-chiapas","11":"tag-teresita-zuccolotto-feito","12":"tag-viridiana-breton-feito"},"yoast_head":"<!-- This site is optimized with the Yoast SEO plugin v27.4 - https:\/\/yoast.com\/product\/yoast-seo-wordpress\/ -->\n<title>La oportunidad de Ixhuatl\u00e1n del Caf\u00e9 - Los pol\u00edticos Veracruz<\/title>\n<meta name=\"robots\" content=\"index, follow, max-snippet:-1, max-image-preview:large, max-video-preview:-1\" \/>\n<link rel=\"canonical\" href=\"https:\/\/lospoliticosveracruz.com\/?p=37276\" \/>\n<meta property=\"og:locale\" content=\"es_ES\" \/>\n<meta property=\"og:type\" content=\"article\" \/>\n<meta property=\"og:title\" content=\"La oportunidad de Ixhuatl\u00e1n del Caf\u00e9 - Los pol\u00edticos Veracruz\" \/>\n<meta property=\"og:description\" content=\"Salvador Mu\u00f1oz Los Pol\u00edticos \u00a0 Licenciada en Pedagog\u00eda; maestra; tambi\u00e9n dio clases de aerobics; igual vendi\u00f3 productos que fue promotora de Mary Kay, al grado de que la tacharan de \u201cDestruye-hogares\u201d, pero no por mujeres, \u00a1sino por los mismos hombres!, porque con esa actividad, muchas se\u00f1oras vieron que no ten\u00edan que depender estrictamente de sus [&hellip;]\" \/>\n<meta property=\"og:url\" content=\"https:\/\/lospoliticosveracruz.com\/?p=37276\" \/>\n<meta property=\"og:site_name\" content=\"Los pol\u00edticos Veracruz\" \/>\n<meta property=\"article:publisher\" content=\"https:\/\/www.facebook.com\/people\/Notimemes-de-los-Polticos\/61565672886568\/\" \/>\n<meta property=\"article:published_time\" content=\"2017-10-24T03:55:37+00:00\" \/>\n<meta property=\"og:image\" content=\"https:\/\/lospoliticosveracruz.com\/wp-content\/uploads\/2016\/07\/Logo-Dor.jpg\" \/>\n\t<meta property=\"og:image:width\" content=\"200\" \/>\n\t<meta property=\"og:image:height\" content=\"200\" \/>\n\t<meta property=\"og:image:type\" content=\"image\/jpeg\" \/>\n<meta name=\"author\" content=\"Lo viste en Los Pol\u00edticos\" \/>\n<meta name=\"twitter:card\" content=\"summary_large_image\" \/>\n<meta name=\"twitter:creator\" content=\"@LosPoliticosVer\" \/>\n<meta name=\"twitter:site\" content=\"@LosPoliticosVer\" \/>\n<meta name=\"twitter:label1\" content=\"Escrito por\" \/>\n\t<meta name=\"twitter:data1\" content=\"Lo viste en Los Pol\u00edticos\" \/>\n\t<meta name=\"twitter:label2\" content=\"Tiempo de lectura\" \/>\n\t<meta name=\"twitter:data2\" content=\"4 minutos\" \/>\n<script type=\"application\/ld+json\" class=\"yoast-schema-graph\">{\"@context\":\"https:\\\/\\\/schema.org\",\"@graph\":[{\"@type\":\"Article\",\"@id\":\"https:\\\/\\\/lospoliticosveracruz.com\\\/?p=37276#article\",\"isPartOf\":{\"@id\":\"https:\\\/\\\/lospoliticosveracruz.com\\\/?p=37276\"},\"author\":{\"name\":\"Lo viste en Los Pol\u00edticos\",\"@id\":\"https:\\\/\\\/lospoliticosveracruz.com\\\/#\\\/schema\\\/person\\\/b8702bb0e538456e6efd07080bf2a4a2\"},\"headline\":\"La oportunidad de Ixhuatl\u00e1n del Caf\u00e9\",\"datePublished\":\"2017-10-24T03:55:37+00:00\",\"mainEntityOfPage\":{\"@id\":\"https:\\\/\\\/lospoliticosveracruz.com\\\/?p=37276\"},\"wordCount\":844,\"commentCount\":0,\"publisher\":{\"@id\":\"https:\\\/\\\/lospoliticosveracruz.com\\\/#organization\"},\"keywords\":[\"El Buen Tono\",\"Ixhuatl\u00e1n del Caf\u00e9\",\"Jesus Feito\",\"Oye Chiapas\",\"Teresita Zuccolotto Feito\",\"Viridiana Bret\u00f3n Feito\"],\"articleSection\":[\"De Opini\u00f3n\"],\"inLanguage\":\"es\",\"potentialAction\":[{\"@type\":\"CommentAction\",\"name\":\"Comment\",\"target\":[\"https:\\\/\\\/lospoliticosveracruz.com\\\/?p=37276#respond\"]}]},{\"@type\":\"WebPage\",\"@id\":\"https:\\\/\\\/lospoliticosveracruz.com\\\/?p=37276\",\"url\":\"https:\\\/\\\/lospoliticosveracruz.com\\\/?p=37276\",\"name\":\"La oportunidad de Ixhuatl\u00e1n del Caf\u00e9 - Los pol\u00edticos Veracruz\",\"isPartOf\":{\"@id\":\"https:\\\/\\\/lospoliticosveracruz.com\\\/#website\"},\"datePublished\":\"2017-10-24T03:55:37+00:00\",\"breadcrumb\":{\"@id\":\"https:\\\/\\\/lospoliticosveracruz.com\\\/?p=37276#breadcrumb\"},\"inLanguage\":\"es\",\"potentialAction\":[{\"@type\":\"ReadAction\",\"target\":[\"https:\\\/\\\/lospoliticosveracruz.com\\\/?p=37276\"]}]},{\"@type\":\"BreadcrumbList\",\"@id\":\"https:\\\/\\\/lospoliticosveracruz.com\\\/?p=37276#breadcrumb\",\"itemListElement\":[{\"@type\":\"ListItem\",\"position\":1,\"name\":\"Portada\",\"item\":\"https:\\\/\\\/lospoliticosveracruz.com\\\/\"},{\"@type\":\"ListItem\",\"position\":2,\"name\":\"La oportunidad de Ixhuatl\u00e1n del Caf\u00e9\"}]},{\"@type\":\"WebSite\",\"@id\":\"https:\\\/\\\/lospoliticosveracruz.com\\\/#website\",\"url\":\"https:\\\/\\\/lospoliticosveracruz.com\\\/\",\"name\":\"Los pol\u00edticos Veracruz\",\"description\":\"\",\"publisher\":{\"@id\":\"https:\\\/\\\/lospoliticosveracruz.com\\\/#organization\"},\"potentialAction\":[{\"@type\":\"SearchAction\",\"target\":{\"@type\":\"EntryPoint\",\"urlTemplate\":\"https:\\\/\\\/lospoliticosveracruz.com\\\/?s={search_term_string}\"},\"query-input\":{\"@type\":\"PropertyValueSpecification\",\"valueRequired\":true,\"valueName\":\"search_term_string\"}}],\"inLanguage\":\"es\"},{\"@type\":\"Organization\",\"@id\":\"https:\\\/\\\/lospoliticosveracruz.com\\\/#organization\",\"name\":\"Los pol\u00edticos Veracruz\",\"url\":\"https:\\\/\\\/lospoliticosveracruz.com\\\/\",\"logo\":{\"@type\":\"ImageObject\",\"inLanguage\":\"es\",\"@id\":\"https:\\\/\\\/lospoliticosveracruz.com\\\/#\\\/schema\\\/logo\\\/image\\\/\",\"url\":\"https:\\\/\\\/lospoliticosveracruz.com\\\/wp-content\\\/uploads\\\/2025\\\/12\\\/Logo-Nuevo-LOS-POLITICOS-1.jpg\",\"contentUrl\":\"https:\\\/\\\/lospoliticosveracruz.com\\\/wp-content\\\/uploads\\\/2025\\\/12\\\/Logo-Nuevo-LOS-POLITICOS-1.jpg\",\"width\":260,\"height\":70,\"caption\":\"Los pol\u00edticos Veracruz\"},\"image\":{\"@id\":\"https:\\\/\\\/lospoliticosveracruz.com\\\/#\\\/schema\\\/logo\\\/image\\\/\"},\"sameAs\":[\"https:\\\/\\\/www.facebook.com\\\/people\\\/Notimemes-de-los-Polticos\\\/61565672886568\\\/\",\"https:\\\/\\\/x.com\\\/LosPoliticosVer\"]},{\"@type\":\"Person\",\"@id\":\"https:\\\/\\\/lospoliticosveracruz.com\\\/#\\\/schema\\\/person\\\/b8702bb0e538456e6efd07080bf2a4a2\",\"name\":\"Lo viste en Los Pol\u00edticos\",\"image\":{\"@type\":\"ImageObject\",\"inLanguage\":\"es\",\"@id\":\"https:\\\/\\\/secure.gravatar.com\\\/avatar\\\/3a8de04a2656d44082be478bd6c086daa447c4651605818287b9532d3d0bd435?s=96&d=mm&r=g\",\"url\":\"https:\\\/\\\/secure.gravatar.com\\\/avatar\\\/3a8de04a2656d44082be478bd6c086daa447c4651605818287b9532d3d0bd435?s=96&d=mm&r=g\",\"contentUrl\":\"https:\\\/\\\/secure.gravatar.com\\\/avatar\\\/3a8de04a2656d44082be478bd6c086daa447c4651605818287b9532d3d0bd435?s=96&d=mm&r=g\",\"caption\":\"Lo viste en Los Pol\u00edticos\"},\"url\":\"https:\\\/\\\/lospoliticosveracruz.com\\\/?author=2\"}]}<\/script>\n<!-- \/ Yoast SEO plugin. -->","yoast_head_json":{"title":"La oportunidad de Ixhuatl\u00e1n del Caf\u00e9 - Los pol\u00edticos Veracruz","robots":{"index":"index","follow":"follow","max-snippet":"max-snippet:-1","max-image-preview":"max-image-preview:large","max-video-preview":"max-video-preview:-1"},"canonical":"https:\/\/lospoliticosveracruz.com\/?p=37276","og_locale":"es_ES","og_type":"article","og_title":"La oportunidad de Ixhuatl\u00e1n del Caf\u00e9 - Los pol\u00edticos Veracruz","og_description":"Salvador Mu\u00f1oz Los Pol\u00edticos \u00a0 Licenciada en Pedagog\u00eda; maestra; tambi\u00e9n dio clases de aerobics; igual vendi\u00f3 productos que fue promotora de Mary Kay, al grado de que la tacharan de \u201cDestruye-hogares\u201d, pero no por mujeres, \u00a1sino por los mismos hombres!, porque con esa actividad, muchas se\u00f1oras vieron que no ten\u00edan que depender estrictamente de sus [&hellip;]","og_url":"https:\/\/lospoliticosveracruz.com\/?p=37276","og_site_name":"Los pol\u00edticos Veracruz","article_publisher":"https:\/\/www.facebook.com\/people\/Notimemes-de-los-Polticos\/61565672886568\/","article_published_time":"2017-10-24T03:55:37+00:00","og_image":[{"width":200,"height":200,"url":"https:\/\/lospoliticosveracruz.com\/wp-content\/uploads\/2016\/07\/Logo-Dor.jpg","type":"image\/jpeg"}],"author":"Lo viste en Los Pol\u00edticos","twitter_card":"summary_large_image","twitter_creator":"@LosPoliticosVer","twitter_site":"@LosPoliticosVer","twitter_misc":{"Escrito por":"Lo viste en Los Pol\u00edticos","Tiempo de lectura":"4 minutos"},"schema":{"@context":"https:\/\/schema.org","@graph":[{"@type":"Article","@id":"https:\/\/lospoliticosveracruz.com\/?p=37276#article","isPartOf":{"@id":"https:\/\/lospoliticosveracruz.com\/?p=37276"},"author":{"name":"Lo viste en Los Pol\u00edticos","@id":"https:\/\/lospoliticosveracruz.com\/#\/schema\/person\/b8702bb0e538456e6efd07080bf2a4a2"},"headline":"La oportunidad de Ixhuatl\u00e1n del Caf\u00e9","datePublished":"2017-10-24T03:55:37+00:00","mainEntityOfPage":{"@id":"https:\/\/lospoliticosveracruz.com\/?p=37276"},"wordCount":844,"commentCount":0,"publisher":{"@id":"https:\/\/lospoliticosveracruz.com\/#organization"},"keywords":["El Buen Tono","Ixhuatl\u00e1n del Caf\u00e9","Jesus Feito","Oye Chiapas","Teresita Zuccolotto Feito","Viridiana Bret\u00f3n Feito"],"articleSection":["De Opini\u00f3n"],"inLanguage":"es","potentialAction":[{"@type":"CommentAction","name":"Comment","target":["https:\/\/lospoliticosveracruz.com\/?p=37276#respond"]}]},{"@type":"WebPage","@id":"https:\/\/lospoliticosveracruz.com\/?p=37276","url":"https:\/\/lospoliticosveracruz.com\/?p=37276","name":"La oportunidad de Ixhuatl\u00e1n del Caf\u00e9 - Los pol\u00edticos Veracruz","isPartOf":{"@id":"https:\/\/lospoliticosveracruz.com\/#website"},"datePublished":"2017-10-24T03:55:37+00:00","breadcrumb":{"@id":"https:\/\/lospoliticosveracruz.com\/?p=37276#breadcrumb"},"inLanguage":"es","potentialAction":[{"@type":"ReadAction","target":["https:\/\/lospoliticosveracruz.com\/?p=37276"]}]},{"@type":"BreadcrumbList","@id":"https:\/\/lospoliticosveracruz.com\/?p=37276#breadcrumb","itemListElement":[{"@type":"ListItem","position":1,"name":"Portada","item":"https:\/\/lospoliticosveracruz.com\/"},{"@type":"ListItem","position":2,"name":"La oportunidad de Ixhuatl\u00e1n del Caf\u00e9"}]},{"@type":"WebSite","@id":"https:\/\/lospoliticosveracruz.com\/#website","url":"https:\/\/lospoliticosveracruz.com\/","name":"Los pol\u00edticos Veracruz","description":"","publisher":{"@id":"https:\/\/lospoliticosveracruz.com\/#organization"},"potentialAction":[{"@type":"SearchAction","target":{"@type":"EntryPoint","urlTemplate":"https:\/\/lospoliticosveracruz.com\/?s={search_term_string}"},"query-input":{"@type":"PropertyValueSpecification","valueRequired":true,"valueName":"search_term_string"}}],"inLanguage":"es"},{"@type":"Organization","@id":"https:\/\/lospoliticosveracruz.com\/#organization","name":"Los pol\u00edticos Veracruz","url":"https:\/\/lospoliticosveracruz.com\/","logo":{"@type":"ImageObject","inLanguage":"es","@id":"https:\/\/lospoliticosveracruz.com\/#\/schema\/logo\/image\/","url":"https:\/\/lospoliticosveracruz.com\/wp-content\/uploads\/2025\/12\/Logo-Nuevo-LOS-POLITICOS-1.jpg","contentUrl":"https:\/\/lospoliticosveracruz.com\/wp-content\/uploads\/2025\/12\/Logo-Nuevo-LOS-POLITICOS-1.jpg","width":260,"height":70,"caption":"Los pol\u00edticos Veracruz"},"image":{"@id":"https:\/\/lospoliticosveracruz.com\/#\/schema\/logo\/image\/"},"sameAs":["https:\/\/www.facebook.com\/people\/Notimemes-de-los-Polticos\/61565672886568\/","https:\/\/x.com\/LosPoliticosVer"]},{"@type":"Person","@id":"https:\/\/lospoliticosveracruz.com\/#\/schema\/person\/b8702bb0e538456e6efd07080bf2a4a2","name":"Lo viste en Los Pol\u00edticos","image":{"@type":"ImageObject","inLanguage":"es","@id":"https:\/\/secure.gravatar.com\/avatar\/3a8de04a2656d44082be478bd6c086daa447c4651605818287b9532d3d0bd435?s=96&d=mm&r=g","url":"https:\/\/secure.gravatar.com\/avatar\/3a8de04a2656d44082be478bd6c086daa447c4651605818287b9532d3d0bd435?s=96&d=mm&r=g","contentUrl":"https:\/\/secure.gravatar.com\/avatar\/3a8de04a2656d44082be478bd6c086daa447c4651605818287b9532d3d0bd435?s=96&d=mm&r=g","caption":"Lo viste en Los Pol\u00edticos"},"url":"https:\/\/lospoliticosveracruz.com\/?author=2"}]}},"_links":{"self":[{"href":"https:\/\/lospoliticosveracruz.com\/index.php?rest_route=\/wp\/v2\/posts\/37276","targetHints":{"allow":["GET"]}}],"collection":[{"href":"https:\/\/lospoliticosveracruz.com\/index.php?rest_route=\/wp\/v2\/posts"}],"about":[{"href":"https:\/\/lospoliticosveracruz.com\/index.php?rest_route=\/wp\/v2\/types\/post"}],"author":[{"embeddable":true,"href":"https:\/\/lospoliticosveracruz.com\/index.php?rest_route=\/wp\/v2\/users\/2"}],"replies":[{"embeddable":true,"href":"https:\/\/lospoliticosveracruz.com\/index.php?rest_route=%2Fwp%2Fv2%2Fcomments&post=37276"}],"version-history":[{"count":1,"href":"https:\/\/lospoliticosveracruz.com\/index.php?rest_route=\/wp\/v2\/posts\/37276\/revisions"}],"predecessor-version":[{"id":37281,"href":"https:\/\/lospoliticosveracruz.com\/index.php?rest_route=\/wp\/v2\/posts\/37276\/revisions\/37281"}],"wp:attachment":[{"href":"https:\/\/lospoliticosveracruz.com\/index.php?rest_route=%2Fwp%2Fv2%2Fmedia&parent=37276"}],"wp:term":[{"taxonomy":"category","embeddable":true,"href":"https:\/\/lospoliticosveracruz.com\/index.php?rest_route=%2Fwp%2Fv2%2Fcategories&post=37276"},{"taxonomy":"post_tag","embeddable":true,"href":"https:\/\/lospoliticosveracruz.com\/index.php?rest_route=%2Fwp%2Fv2%2Ftags&post=37276"}],"curies":[{"name":"wp","href":"https:\/\/api.w.org\/{rel}","templated":true}]}}