{"id":37323,"date":"2017-10-25T09:40:29","date_gmt":"2017-10-25T14:40:29","guid":{"rendered":"http:\/\/www.lospoliticosveracruz.com.mx\/?p=37323"},"modified":"2017-10-25T09:47:54","modified_gmt":"2017-10-25T14:47:54","slug":"mis-definiciones","status":"publish","type":"post","link":"https:\/\/lospoliticosveracruz.com\/?p=37323","title":{"rendered":"Mis definiciones"},"content":{"rendered":"<p><strong>Avryl Castel\u00e1n *<\/strong><\/p>\n<p>Una serie de definiciones me puede enredar, llevar al mismo punto o de plano deber\u00eda mejor reinventar las palabras o su significado, ya que pueden ser tomadas o entendidas diferente de acuerdo a la persona o perspectiva. Vean las definiciones de diccionario junto con las m\u00edas:<\/p>\n<p>Pol\u00edtico: que se dedica a la pol\u00edtica, interviniendo o aspirando a intervenir en el gobierno de un estado, comunidad o municipio\u2026 (se dice servidor p\u00fablico, y en la definici\u00f3n habla de quien aspira, yo dir\u00eda quien vive y se estaciona c\u00f3modamente para servirse del p\u00fablico, vivir a costa del pueblo).<\/p>\n<p>Pol\u00edtica: ciencia que trata del gobierno y la organizaci\u00f3n de las sociedades humanas, especialmente de los estados&#8230; (es una ciencia! \u00a1guauuuuu!, \u00a1qu\u00e9 ciencia! La de ganar a trav\u00e9s de las promesas un puesto y no hacer ni la octava parte de lo que prometi\u00f3; considerar\u00eda a la pol\u00edtica como una enfermedad que genera desaparici\u00f3n de escr\u00fapulos y la cual se alimenta de drogas adictivas f\u00edsicas y mentales como el poder y el creer que son lo m\u00e1ximo o que nos hacen un favor y no tienen tiempo de atendernos).<\/p>\n<p>Ciencia: rama del saber humano constituida por el conjunto de conocimientos objetivos y verificables sobre una materia determinada que son obtenidos mediante la observaci\u00f3n y la experimentaci\u00f3n, la explicaci\u00f3n de sus principios y causas y la formulaci\u00f3n y verificaci\u00f3n de hip\u00f3tesis y se caracteriza, adem\u00e1s, por la utilizaci\u00f3n de una metodolog\u00eda adecuada para el objeto de estudio y la sistematizaci\u00f3n de los conocimientos\u2026 (yo, si fuera la palabra Ciencia, sentir\u00eda pena de que la pol\u00edtica estuviera considerada una, ya que actualmente no s\u00f3lo en mi pa\u00eds corrupto y lleno de delincuentes ricos y pobres, sino en todo el mundo, ha crecido la corrupci\u00f3n en los pol\u00edticos, ya que platicando con amigos de Sudam\u00e9rica y Europa, es triste ver c\u00f3mo esta \u201cciencia\u201d crece y carcome a la humanidad\u2026).<\/p>\n<p>Democracia: sistema pol\u00edtico que defiende la soberan\u00eda del pueblo y el derecho del pueblo a elegir y controlar a sus gobernantes (origen y etimolog\u00eda. el t\u00e9rmino Democracia proviene del griego antiguo \u03b4\u03b7\u03bc\u03bf\u03ba\u03c1\u03b1\u03c4\u03af\u03b1 y fue acu\u00f1ado en Atenas en el siglo V AC a partir de los vocablos \u03b4\u1fc6\u03bc\u03bf\u03c2 (d\u1e17mos, que puede traducirse como \u201cpueblo\u201d) y \u03ba\u03c1\u03ac\u03c4\u03bf\u03c2 (kr\u00e1tos, que puede traducirse como \u201cpoder\u201d o \u201cgobierno\u201d)&#8230; (\u00a1uuuyyy! pues es lo que menos es: \u201cel poder del pueblo\u201d, no pues hasta da risa).<\/p>\n<p>Mentira: afirmaci\u00f3n que una persona hace consciente de que no es verdad\u2026 (esta palabra me remite a las acciones pol\u00edticas y definiciones humanas, es m\u00e1s, dir\u00eda yo que pol\u00edtica es la ciencia de las mentiras).<\/p>\n<p>&nbsp;<\/p>\n<p>Con tristeza pero con una fuerte convicci\u00f3n de contribuir con un cambio cada d\u00eda, caminar\u00e9 con m\u00e1s amor a todo lo que hago y crecer\u00e9 convencida que hacer lo correcto en lo individual arrastrar\u00e1 a los dem\u00e1s en lo colectivo y a todos los que lean, los invito tambi\u00e9n a amar lo que hacen y a tener armon\u00eda y empat\u00eda con todos los que nos rodean,<\/p>\n<p>\u201cEl camino del buen ser humano es aprender a crecer individual y colectivamente\u201d&#8230;<\/p>\n<p>&nbsp;<\/p>\n<p>* Avryl Castel\u00e1n Mart\u00ednez, con 11 a\u00f1os de edad, es la m\u00e1s joven de los colaboradores de \u201cLos Pol\u00edticos\u201d. A trav\u00e9s de sus cuentos y de su opini\u00f3n, nos permite ver y conocer otra perspectiva de nuestra realidad, a veces tan empa\u00f1ada por tantos sucesos funestos. Avryl particip\u00f3 en el libro \u201cHistorias de ni\u00f1as extraordinarias\u201d editado con el apoyo del Instituto<\/p>\n","protected":false},"excerpt":{"rendered":"<p>Avryl Castel\u00e1n * Una serie de definiciones me puede enredar, llevar al mismo punto o de plano deber\u00eda mejor reinventar las palabras o su significado, ya que pueden ser tomadas o entendidas diferente de acuerdo a la persona o perspectiva. Vean las definiciones de diccionario junto con las m\u00edas: Pol\u00edtico: que se dedica a la [&hellip;]<\/p>\n","protected":false},"author":2,"featured_media":0,"comment_status":"open","ping_status":"open","sticky":false,"template":"","format":"standard","meta":{"tdm_status":"","tdm_grid_status":"","footnotes":""},"categories":[70],"tags":[942,207,1289,1290],"class_list":{"0":"post-37323","1":"post","2":"type-post","3":"status-publish","4":"format-standard","6":"category-de-opinion","7":"tag-ciencia","8":"tag-democracia","9":"tag-mentira","10":"tag-politica"},"yoast_head":"<!-- This site is optimized with the Yoast SEO plugin v27.4 - https:\/\/yoast.com\/product\/yoast-seo-wordpress\/ -->\n<title>Mis definiciones - Los pol\u00edticos Veracruz<\/title>\n<meta name=\"robots\" content=\"index, follow, max-snippet:-1, max-image-preview:large, max-video-preview:-1\" \/>\n<link rel=\"canonical\" href=\"https:\/\/lospoliticosveracruz.com\/?p=37323\" \/>\n<meta property=\"og:locale\" content=\"es_ES\" \/>\n<meta property=\"og:type\" content=\"article\" \/>\n<meta property=\"og:title\" content=\"Mis definiciones - Los pol\u00edticos Veracruz\" \/>\n<meta property=\"og:description\" content=\"Avryl Castel\u00e1n * Una serie de definiciones me puede enredar, llevar al mismo punto o de plano deber\u00eda mejor reinventar las palabras o su significado, ya que pueden ser tomadas o entendidas diferente de acuerdo a la persona o perspectiva. Vean las definiciones de diccionario junto con las m\u00edas: Pol\u00edtico: que se dedica a la [&hellip;]\" \/>\n<meta property=\"og:url\" content=\"https:\/\/lospoliticosveracruz.com\/?p=37323\" \/>\n<meta property=\"og:site_name\" content=\"Los pol\u00edticos Veracruz\" \/>\n<meta property=\"article:publisher\" content=\"https:\/\/www.facebook.com\/people\/Notimemes-de-los-Polticos\/61565672886568\/\" \/>\n<meta property=\"article:published_time\" content=\"2017-10-25T14:40:29+00:00\" \/>\n<meta property=\"article:modified_time\" content=\"2017-10-25T14:47:54+00:00\" \/>\n<meta property=\"og:image\" content=\"https:\/\/lospoliticosveracruz.com\/wp-content\/uploads\/2016\/07\/Logo-Dor.jpg\" \/>\n\t<meta property=\"og:image:width\" content=\"200\" \/>\n\t<meta property=\"og:image:height\" content=\"200\" \/>\n\t<meta property=\"og:image:type\" content=\"image\/jpeg\" \/>\n<meta name=\"author\" content=\"Lo viste en Los Pol\u00edticos\" \/>\n<meta name=\"twitter:card\" content=\"summary_large_image\" \/>\n<meta name=\"twitter:creator\" content=\"@LosPoliticosVer\" \/>\n<meta name=\"twitter:site\" content=\"@LosPoliticosVer\" \/>\n<meta name=\"twitter:label1\" content=\"Escrito por\" \/>\n\t<meta name=\"twitter:data1\" content=\"Lo viste en Los Pol\u00edticos\" \/>\n\t<meta name=\"twitter:label2\" content=\"Tiempo de lectura\" \/>\n\t<meta name=\"twitter:data2\" content=\"3 minutos\" \/>\n<script type=\"application\/ld+json\" class=\"yoast-schema-graph\">{\"@context\":\"https:\\\/\\\/schema.org\",\"@graph\":[{\"@type\":\"Article\",\"@id\":\"https:\\\/\\\/lospoliticosveracruz.com\\\/?p=37323#article\",\"isPartOf\":{\"@id\":\"https:\\\/\\\/lospoliticosveracruz.com\\\/?p=37323\"},\"author\":{\"name\":\"Lo viste en Los Pol\u00edticos\",\"@id\":\"https:\\\/\\\/lospoliticosveracruz.com\\\/#\\\/schema\\\/person\\\/b8702bb0e538456e6efd07080bf2a4a2\"},\"headline\":\"Mis definiciones\",\"datePublished\":\"2017-10-25T14:40:29+00:00\",\"dateModified\":\"2017-10-25T14:47:54+00:00\",\"mainEntityOfPage\":{\"@id\":\"https:\\\/\\\/lospoliticosveracruz.com\\\/?p=37323\"},\"wordCount\":633,\"commentCount\":0,\"publisher\":{\"@id\":\"https:\\\/\\\/lospoliticosveracruz.com\\\/#organization\"},\"keywords\":[\"ciencia\",\"democracia\",\"mentira\",\"pol\u00edtica\"],\"articleSection\":[\"De Opini\u00f3n\"],\"inLanguage\":\"es\",\"potentialAction\":[{\"@type\":\"CommentAction\",\"name\":\"Comment\",\"target\":[\"https:\\\/\\\/lospoliticosveracruz.com\\\/?p=37323#respond\"]}]},{\"@type\":\"WebPage\",\"@id\":\"https:\\\/\\\/lospoliticosveracruz.com\\\/?p=37323\",\"url\":\"https:\\\/\\\/lospoliticosveracruz.com\\\/?p=37323\",\"name\":\"Mis definiciones - Los pol\u00edticos Veracruz\",\"isPartOf\":{\"@id\":\"https:\\\/\\\/lospoliticosveracruz.com\\\/#website\"},\"datePublished\":\"2017-10-25T14:40:29+00:00\",\"dateModified\":\"2017-10-25T14:47:54+00:00\",\"breadcrumb\":{\"@id\":\"https:\\\/\\\/lospoliticosveracruz.com\\\/?p=37323#breadcrumb\"},\"inLanguage\":\"es\",\"potentialAction\":[{\"@type\":\"ReadAction\",\"target\":[\"https:\\\/\\\/lospoliticosveracruz.com\\\/?p=37323\"]}]},{\"@type\":\"BreadcrumbList\",\"@id\":\"https:\\\/\\\/lospoliticosveracruz.com\\\/?p=37323#breadcrumb\",\"itemListElement\":[{\"@type\":\"ListItem\",\"position\":1,\"name\":\"Portada\",\"item\":\"https:\\\/\\\/lospoliticosveracruz.com\\\/\"},{\"@type\":\"ListItem\",\"position\":2,\"name\":\"Mis definiciones\"}]},{\"@type\":\"WebSite\",\"@id\":\"https:\\\/\\\/lospoliticosveracruz.com\\\/#website\",\"url\":\"https:\\\/\\\/lospoliticosveracruz.com\\\/\",\"name\":\"Los pol\u00edticos Veracruz\",\"description\":\"\",\"publisher\":{\"@id\":\"https:\\\/\\\/lospoliticosveracruz.com\\\/#organization\"},\"potentialAction\":[{\"@type\":\"SearchAction\",\"target\":{\"@type\":\"EntryPoint\",\"urlTemplate\":\"https:\\\/\\\/lospoliticosveracruz.com\\\/?s={search_term_string}\"},\"query-input\":{\"@type\":\"PropertyValueSpecification\",\"valueRequired\":true,\"valueName\":\"search_term_string\"}}],\"inLanguage\":\"es\"},{\"@type\":\"Organization\",\"@id\":\"https:\\\/\\\/lospoliticosveracruz.com\\\/#organization\",\"name\":\"Los pol\u00edticos Veracruz\",\"url\":\"https:\\\/\\\/lospoliticosveracruz.com\\\/\",\"logo\":{\"@type\":\"ImageObject\",\"inLanguage\":\"es\",\"@id\":\"https:\\\/\\\/lospoliticosveracruz.com\\\/#\\\/schema\\\/logo\\\/image\\\/\",\"url\":\"https:\\\/\\\/lospoliticosveracruz.com\\\/wp-content\\\/uploads\\\/2025\\\/12\\\/Logo-Nuevo-LOS-POLITICOS-1.jpg\",\"contentUrl\":\"https:\\\/\\\/lospoliticosveracruz.com\\\/wp-content\\\/uploads\\\/2025\\\/12\\\/Logo-Nuevo-LOS-POLITICOS-1.jpg\",\"width\":260,\"height\":70,\"caption\":\"Los pol\u00edticos Veracruz\"},\"image\":{\"@id\":\"https:\\\/\\\/lospoliticosveracruz.com\\\/#\\\/schema\\\/logo\\\/image\\\/\"},\"sameAs\":[\"https:\\\/\\\/www.facebook.com\\\/people\\\/Notimemes-de-los-Polticos\\\/61565672886568\\\/\",\"https:\\\/\\\/x.com\\\/LosPoliticosVer\"]},{\"@type\":\"Person\",\"@id\":\"https:\\\/\\\/lospoliticosveracruz.com\\\/#\\\/schema\\\/person\\\/b8702bb0e538456e6efd07080bf2a4a2\",\"name\":\"Lo viste en Los Pol\u00edticos\",\"image\":{\"@type\":\"ImageObject\",\"inLanguage\":\"es\",\"@id\":\"https:\\\/\\\/secure.gravatar.com\\\/avatar\\\/3a8de04a2656d44082be478bd6c086daa447c4651605818287b9532d3d0bd435?s=96&d=mm&r=g\",\"url\":\"https:\\\/\\\/secure.gravatar.com\\\/avatar\\\/3a8de04a2656d44082be478bd6c086daa447c4651605818287b9532d3d0bd435?s=96&d=mm&r=g\",\"contentUrl\":\"https:\\\/\\\/secure.gravatar.com\\\/avatar\\\/3a8de04a2656d44082be478bd6c086daa447c4651605818287b9532d3d0bd435?s=96&d=mm&r=g\",\"caption\":\"Lo viste en Los Pol\u00edticos\"},\"url\":\"https:\\\/\\\/lospoliticosveracruz.com\\\/?author=2\"}]}<\/script>\n<!-- \/ Yoast SEO plugin. -->","yoast_head_json":{"title":"Mis definiciones - Los pol\u00edticos Veracruz","robots":{"index":"index","follow":"follow","max-snippet":"max-snippet:-1","max-image-preview":"max-image-preview:large","max-video-preview":"max-video-preview:-1"},"canonical":"https:\/\/lospoliticosveracruz.com\/?p=37323","og_locale":"es_ES","og_type":"article","og_title":"Mis definiciones - Los pol\u00edticos Veracruz","og_description":"Avryl Castel\u00e1n * Una serie de definiciones me puede enredar, llevar al mismo punto o de plano deber\u00eda mejor reinventar las palabras o su significado, ya que pueden ser tomadas o entendidas diferente de acuerdo a la persona o perspectiva. Vean las definiciones de diccionario junto con las m\u00edas: Pol\u00edtico: que se dedica a la [&hellip;]","og_url":"https:\/\/lospoliticosveracruz.com\/?p=37323","og_site_name":"Los pol\u00edticos Veracruz","article_publisher":"https:\/\/www.facebook.com\/people\/Notimemes-de-los-Polticos\/61565672886568\/","article_published_time":"2017-10-25T14:40:29+00:00","article_modified_time":"2017-10-25T14:47:54+00:00","og_image":[{"width":200,"height":200,"url":"https:\/\/lospoliticosveracruz.com\/wp-content\/uploads\/2016\/07\/Logo-Dor.jpg","type":"image\/jpeg"}],"author":"Lo viste en Los Pol\u00edticos","twitter_card":"summary_large_image","twitter_creator":"@LosPoliticosVer","twitter_site":"@LosPoliticosVer","twitter_misc":{"Escrito por":"Lo viste en Los Pol\u00edticos","Tiempo de lectura":"3 minutos"},"schema":{"@context":"https:\/\/schema.org","@graph":[{"@type":"Article","@id":"https:\/\/lospoliticosveracruz.com\/?p=37323#article","isPartOf":{"@id":"https:\/\/lospoliticosveracruz.com\/?p=37323"},"author":{"name":"Lo viste en Los Pol\u00edticos","@id":"https:\/\/lospoliticosveracruz.com\/#\/schema\/person\/b8702bb0e538456e6efd07080bf2a4a2"},"headline":"Mis definiciones","datePublished":"2017-10-25T14:40:29+00:00","dateModified":"2017-10-25T14:47:54+00:00","mainEntityOfPage":{"@id":"https:\/\/lospoliticosveracruz.com\/?p=37323"},"wordCount":633,"commentCount":0,"publisher":{"@id":"https:\/\/lospoliticosveracruz.com\/#organization"},"keywords":["ciencia","democracia","mentira","pol\u00edtica"],"articleSection":["De Opini\u00f3n"],"inLanguage":"es","potentialAction":[{"@type":"CommentAction","name":"Comment","target":["https:\/\/lospoliticosveracruz.com\/?p=37323#respond"]}]},{"@type":"WebPage","@id":"https:\/\/lospoliticosveracruz.com\/?p=37323","url":"https:\/\/lospoliticosveracruz.com\/?p=37323","name":"Mis definiciones - Los pol\u00edticos Veracruz","isPartOf":{"@id":"https:\/\/lospoliticosveracruz.com\/#website"},"datePublished":"2017-10-25T14:40:29+00:00","dateModified":"2017-10-25T14:47:54+00:00","breadcrumb":{"@id":"https:\/\/lospoliticosveracruz.com\/?p=37323#breadcrumb"},"inLanguage":"es","potentialAction":[{"@type":"ReadAction","target":["https:\/\/lospoliticosveracruz.com\/?p=37323"]}]},{"@type":"BreadcrumbList","@id":"https:\/\/lospoliticosveracruz.com\/?p=37323#breadcrumb","itemListElement":[{"@type":"ListItem","position":1,"name":"Portada","item":"https:\/\/lospoliticosveracruz.com\/"},{"@type":"ListItem","position":2,"name":"Mis definiciones"}]},{"@type":"WebSite","@id":"https:\/\/lospoliticosveracruz.com\/#website","url":"https:\/\/lospoliticosveracruz.com\/","name":"Los pol\u00edticos Veracruz","description":"","publisher":{"@id":"https:\/\/lospoliticosveracruz.com\/#organization"},"potentialAction":[{"@type":"SearchAction","target":{"@type":"EntryPoint","urlTemplate":"https:\/\/lospoliticosveracruz.com\/?s={search_term_string}"},"query-input":{"@type":"PropertyValueSpecification","valueRequired":true,"valueName":"search_term_string"}}],"inLanguage":"es"},{"@type":"Organization","@id":"https:\/\/lospoliticosveracruz.com\/#organization","name":"Los pol\u00edticos Veracruz","url":"https:\/\/lospoliticosveracruz.com\/","logo":{"@type":"ImageObject","inLanguage":"es","@id":"https:\/\/lospoliticosveracruz.com\/#\/schema\/logo\/image\/","url":"https:\/\/lospoliticosveracruz.com\/wp-content\/uploads\/2025\/12\/Logo-Nuevo-LOS-POLITICOS-1.jpg","contentUrl":"https:\/\/lospoliticosveracruz.com\/wp-content\/uploads\/2025\/12\/Logo-Nuevo-LOS-POLITICOS-1.jpg","width":260,"height":70,"caption":"Los pol\u00edticos Veracruz"},"image":{"@id":"https:\/\/lospoliticosveracruz.com\/#\/schema\/logo\/image\/"},"sameAs":["https:\/\/www.facebook.com\/people\/Notimemes-de-los-Polticos\/61565672886568\/","https:\/\/x.com\/LosPoliticosVer"]},{"@type":"Person","@id":"https:\/\/lospoliticosveracruz.com\/#\/schema\/person\/b8702bb0e538456e6efd07080bf2a4a2","name":"Lo viste en Los Pol\u00edticos","image":{"@type":"ImageObject","inLanguage":"es","@id":"https:\/\/secure.gravatar.com\/avatar\/3a8de04a2656d44082be478bd6c086daa447c4651605818287b9532d3d0bd435?s=96&d=mm&r=g","url":"https:\/\/secure.gravatar.com\/avatar\/3a8de04a2656d44082be478bd6c086daa447c4651605818287b9532d3d0bd435?s=96&d=mm&r=g","contentUrl":"https:\/\/secure.gravatar.com\/avatar\/3a8de04a2656d44082be478bd6c086daa447c4651605818287b9532d3d0bd435?s=96&d=mm&r=g","caption":"Lo viste en Los Pol\u00edticos"},"url":"https:\/\/lospoliticosveracruz.com\/?author=2"}]}},"_links":{"self":[{"href":"https:\/\/lospoliticosveracruz.com\/index.php?rest_route=\/wp\/v2\/posts\/37323","targetHints":{"allow":["GET"]}}],"collection":[{"href":"https:\/\/lospoliticosveracruz.com\/index.php?rest_route=\/wp\/v2\/posts"}],"about":[{"href":"https:\/\/lospoliticosveracruz.com\/index.php?rest_route=\/wp\/v2\/types\/post"}],"author":[{"embeddable":true,"href":"https:\/\/lospoliticosveracruz.com\/index.php?rest_route=\/wp\/v2\/users\/2"}],"replies":[{"embeddable":true,"href":"https:\/\/lospoliticosveracruz.com\/index.php?rest_route=%2Fwp%2Fv2%2Fcomments&post=37323"}],"version-history":[{"count":3,"href":"https:\/\/lospoliticosveracruz.com\/index.php?rest_route=\/wp\/v2\/posts\/37323\/revisions"}],"predecessor-version":[{"id":37326,"href":"https:\/\/lospoliticosveracruz.com\/index.php?rest_route=\/wp\/v2\/posts\/37323\/revisions\/37326"}],"wp:attachment":[{"href":"https:\/\/lospoliticosveracruz.com\/index.php?rest_route=%2Fwp%2Fv2%2Fmedia&parent=37323"}],"wp:term":[{"taxonomy":"category","embeddable":true,"href":"https:\/\/lospoliticosveracruz.com\/index.php?rest_route=%2Fwp%2Fv2%2Fcategories&post=37323"},{"taxonomy":"post_tag","embeddable":true,"href":"https:\/\/lospoliticosveracruz.com\/index.php?rest_route=%2Fwp%2Fv2%2Ftags&post=37323"}],"curies":[{"name":"wp","href":"https:\/\/api.w.org\/{rel}","templated":true}]}}