{"id":37394,"date":"2017-10-29T09:25:24","date_gmt":"2017-10-29T15:25:24","guid":{"rendered":"http:\/\/www.lospoliticosveracruz.com.mx\/?p=37394"},"modified":"2017-10-29T09:25:24","modified_gmt":"2017-10-29T15:25:24","slug":"vicente-fox-ese-gran-cretino","status":"publish","type":"post","link":"https:\/\/lospoliticosveracruz.com\/?p=37394","title":{"rendered":"Vicente Fox, ese gran cretino"},"content":{"rendered":"<p class=\"NoSpacing\" style=\"text-align: left;\" align=\"center\"><strong><span style=\"font-family: 'Arial',sans-serif;\">Armando Ortiz<\/span><\/strong><\/p>\n<p class=\"NoSpacing\" style=\"text-align: justify;\"><em><span style=\"font-family: 'Arial',sans-serif;\">El Hijo Pr\u00f3digo<\/span><\/em><\/p>\n<p class=\"NoSpacing\" style=\"text-align: justify;\">\n<p class=\"NoSpacing\" style=\"text-align: justify;\">\n<p class=\"NoSpacing\" style=\"text-align: justify;\"><span style=\"font-family: 'Arial',sans-serif;\">Cuando les dec\u00edamos a los panistas que Vicente Fox era una lacra, los se\u00f1ores se ofend\u00edan y nos devolv\u00edan insultos en lugar de argumentos. Pero Fox, desde antes de ser presidente de M\u00e9xico ya era una lacra.<\/span><\/p>\n<p class=\"NoSpacing\" style=\"text-align: justify;\"><span style=\"font-family: 'Arial',sans-serif;\">Fox le rob\u00f3 a millones de mexicanos el sue\u00f1o de un cambio. \u00c9l fue quien vendi\u00f3 la idea de sacar a los pri\u00edstas de Los Pinos para imponer un r\u00e9gimen democr\u00e1tico, un r\u00e9gimen que permitiera la alternancia y pusiera al pa\u00eds en el primer mundo. Millones salieron en el 2000 a votar por \u00e9l; millones creyeron en los cantos de las sirenas y desde\u00f1aron a quien pod\u00eda hacer un cambio real en el pa\u00eds, el ingeniero Cuauht\u00e9moc C\u00e1rdenas.<\/span><\/p>\n<p class=\"NoSpacing\" style=\"text-align: justify;\"><span style=\"font-family: 'Arial',sans-serif;\">El caso es que Fox lleg\u00f3 a Los Pinos y de inmediato mostr\u00f3 la clase de cretino que era, al hacer de la ceremonia de entrega de la banda presidencial una fiesta de quince a\u00f1os, donde desde su indumentaria como primer mandatario, salud\u00f3 a sus hijos adoptivos; la presidencia de Vicente Fox fue como convertir Los Pinos en la vecindad del Chavo.<\/span><\/p>\n<p class=\"NoSpacing\" style=\"text-align: justify;\"><span style=\"font-family: 'Arial',sans-serif;\">Despu\u00e9s vinieron sus estupideces, \u201c\u00bfy yo por qu\u00e9?\u201d, cuando le pidieron resolviera la bronca entre Canal 40 y Televisi\u00f3n Azteca; \u201cComes y te vas\u201d, cuando quiso condicionar la visita de Fidel Castro a M\u00e9xico; \u201cEst\u00e1n haciendo trabajos que ni siquiera los negros quieren hacer all\u00e1\u201d, en referencia a la labor de los inmigrantes mexicanos en Estados Unidos; \u201cEl 75% de los hogares de M\u00e9xico tienen una lavadora, y no de dos patas o de dos piernas, una lavadora met\u00e1lica\u201d, insultando con esto a las amas de casa mexicanas.<\/span><\/p>\n<p class=\"NoSpacing\" style=\"text-align: justify;\"><span style=\"font-family: 'Arial',sans-serif;\">Ahora sale Vicente Fox, el expresidente panista, a quien le levantaron una estatua en Boca del R\u00edo, a<a name=\"_GoBack\"><\/a>\u00a0exhortar a los mexicanos a que voten por el PRI. \u00bfQu\u00e9 se siente se\u00f1ores panistas? \u00bfTodav\u00eda lo van a defender? \u00bfNos volver\u00e1n a insultar cuando les digamos que el tipo es un cretino?<\/span><\/p>\n<p class=\"NoSpacing\" style=\"text-align: justify;\"><b><span style=\"font-family: 'Arial',sans-serif;\">Los que la tiraron \u00bfhoy la levantar\u00e1n?<\/span><\/b><\/p>\n<p class=\"NoSpacing\" style=\"text-align: justify;\"><span style=\"font-family: 'Arial',sans-serif;\">Hace 10 a\u00f1os, justo en octubre de 2007, un grupo de priistas derrib\u00f3 la estatua de Fox en Boca del R\u00edo, lo que origin\u00f3 una gran indignaci\u00f3n entre los panistas.<\/span><\/p>\n<p class=\"NoSpacing\" style=\"text-align: justify;\"><span style=\"font-family: 'Arial',sans-serif;\">En este 2017 ser\u00e1n los panistas los que buscar\u00e1n derribar esa estatua infame, y esta vez ser\u00e1n los pri\u00edstas los que lo levanten. Mira lo que son las cosas, y todo provocado por un cretino que lo que busca es m\u00e1s impunidad para \u00e9l y para su familia.<\/span><\/p>\n<p class=\"NoSpacing\" style=\"text-align: justify;\"><span style=\"font-family: 'Arial',sans-serif;\">\u00bfPero a qui\u00e9n le extra\u00f1a el cretinismo de Fox? Ya en la elecci\u00f3n pasada, la de 2012, Vicente Fox se puso del lado de Pe\u00f1a Nieto, en contra de Josefina V\u00e1zquez Mota, una de sus seleccionadas del famoso \u201cteam dream\u201d que result\u00f3 ser un fiasco. Fox busca impunidad, busca que no le rasquen en su administraci\u00f3n, busca que no encuentren los grandes negocios que hicieron sus entenados, los hijos de Martha Sahag\u00fan, quien se asoci\u00f3 con Olegario V\u00e1zquez Ra\u00f1a para quedarse con el peri\u00f3dico Exc\u00e9lsior.<\/span><\/p>\n<p class=\"NoSpacing\" style=\"text-align: justify;\"><b><span style=\"font-family: 'Arial',sans-serif;\">El buf\u00f3n preferido<\/span><\/b><\/p>\n<p class=\"NoSpacing\" style=\"text-align: justify;\"><span style=\"font-family: 'Arial',sans-serif;\">Cap\u00edtulo aparte merece la menci\u00f3n de la empresa Oceanograf\u00eda, la cual obtuvo millonarios contratos con Pemex desde los tiempos de Fox. Oceanograf\u00eda es una empresa propiedad de los hijos de Martha Sahag\u00fan. Desde 2006 se concluy\u00f3 que \u201cexisten elementos suficientes contra los hermanos Bribiesca por delitos de tr\u00e1fico de influencias, informaci\u00f3n privilegiada, dudoso origen de los recursos econ\u00f3micos empleados y delitos fiscales\u201d. Por supuesto, el gobierno de Pe\u00f1a Nieto no ha hecho nada en contra de ellos, y c\u00f3mo hacerlo, si tienen en Fox a su buf\u00f3n preferido.<\/span><\/p>\n<p class=\"NoSpacing\" style=\"text-align: justify;\"><span style=\"font-family: 'Arial',sans-serif;\">Eso es lo que busca Fox, impunidad para que no encuentren el tumor canceroso de corrupci\u00f3n que lo est\u00e1 consumiendo. Y como en este momento ve que en el PAN ya lo repudian, pues ha decidido seguir apostando por los que desde 2012 lo han seguido cobijando.<\/span><\/p>\n<p class=\"NoSpacing\" style=\"text-align: justify;\"><span style=\"font-family: 'Arial',sans-serif;\">Por supuesto existe una gran posibilidad de que Andr\u00e9s Manuel L\u00f3pez Obrador sea el presidente de M\u00e9xico. En ese caso nada proteger\u00eda ya a Fox ni a sus entenados; en ese caso L\u00f3pez Obrador buscar\u00eda en lo m\u00e1s rec\u00f3ndito de la corrupci\u00f3n de Fox; en ese caso AMLO le cumplir\u00eda dos anhelos a millones de mexicanos, ver en la c\u00e1rcel a Vicente Fox y taparle la boca para que deje de decir imbecilidades.<\/span><\/p>\n<p class=\"NoSpacing\" style=\"text-align: justify;\"><span style=\"font-family: 'Arial',sans-serif;\">Por eso Fox busca ampararse en el PRI, porque es la \u00fanica salida que le queda; por eso Fox dar\u00e1 la batalla en contra de AMLO, porque es el \u00fanico que lo puede meter a la c\u00e1rcel.<\/span><\/p>\n<p class=\"NoSpacing\" style=\"text-align: justify;\"><span style=\"font-family: 'Arial',sans-serif;\">S\u00f3lo por hacer realidad esa posibilidad, muchos votar\u00edan por Andr\u00e9s Manuel.<\/span><\/p>\n","protected":false},"excerpt":{"rendered":"<p>Armando Ortiz El Hijo Pr\u00f3digo Cuando les dec\u00edamos a los panistas que Vicente Fox era una lacra, los se\u00f1ores se ofend\u00edan y nos devolv\u00edan insultos en lugar de argumentos. Pero Fox, desde antes de ser presidente de M\u00e9xico ya era una lacra. Fox le rob\u00f3 a millones de mexicanos el sue\u00f1o de un cambio. \u00c9l [&hellip;]<\/p>\n","protected":false},"author":2,"featured_media":0,"comment_status":"open","ping_status":"open","sticky":false,"template":"","format":"standard","meta":{"tdm_status":"","tdm_grid_status":"","footnotes":""},"categories":[70],"tags":[618,10002,10001,10005,10004,266,10003],"class_list":{"0":"post-37394","1":"post","2":"type-post","3":"status-publish","4":"format-standard","6":"category-de-opinion","7":"tag-andres-manuel-lopez-obrador","8":"tag-canal-40","9":"tag-cuauthtemoc-cardenas","10":"tag-martha-sahagun","11":"tag-olegario-vazquez-rana","12":"tag-pan","13":"tag-television-azteca"},"yoast_head":"<!-- This site is optimized with the Yoast SEO plugin v27.4 - https:\/\/yoast.com\/product\/yoast-seo-wordpress\/ -->\n<title>Vicente Fox, ese gran cretino - Los pol\u00edticos Veracruz<\/title>\n<meta name=\"robots\" content=\"index, follow, max-snippet:-1, max-image-preview:large, max-video-preview:-1\" \/>\n<link rel=\"canonical\" href=\"https:\/\/lospoliticosveracruz.com\/?p=37394\" \/>\n<meta property=\"og:locale\" content=\"es_ES\" \/>\n<meta property=\"og:type\" content=\"article\" \/>\n<meta property=\"og:title\" content=\"Vicente Fox, ese gran cretino - Los pol\u00edticos Veracruz\" \/>\n<meta property=\"og:description\" content=\"Armando Ortiz El Hijo Pr\u00f3digo Cuando les dec\u00edamos a los panistas que Vicente Fox era una lacra, los se\u00f1ores se ofend\u00edan y nos devolv\u00edan insultos en lugar de argumentos. Pero Fox, desde antes de ser presidente de M\u00e9xico ya era una lacra. Fox le rob\u00f3 a millones de mexicanos el sue\u00f1o de un cambio. \u00c9l [&hellip;]\" \/>\n<meta property=\"og:url\" content=\"https:\/\/lospoliticosveracruz.com\/?p=37394\" \/>\n<meta property=\"og:site_name\" content=\"Los pol\u00edticos Veracruz\" \/>\n<meta property=\"article:publisher\" content=\"https:\/\/www.facebook.com\/people\/Notimemes-de-los-Polticos\/61565672886568\/\" \/>\n<meta property=\"article:published_time\" content=\"2017-10-29T15:25:24+00:00\" \/>\n<meta property=\"og:image\" content=\"https:\/\/lospoliticosveracruz.com\/wp-content\/uploads\/2016\/07\/Logo-Dor.jpg\" \/>\n\t<meta property=\"og:image:width\" content=\"200\" \/>\n\t<meta property=\"og:image:height\" content=\"200\" \/>\n\t<meta property=\"og:image:type\" content=\"image\/jpeg\" \/>\n<meta name=\"author\" content=\"Lo viste en Los Pol\u00edticos\" \/>\n<meta name=\"twitter:card\" content=\"summary_large_image\" \/>\n<meta name=\"twitter:creator\" content=\"@LosPoliticosVer\" \/>\n<meta name=\"twitter:site\" content=\"@LosPoliticosVer\" \/>\n<meta name=\"twitter:label1\" content=\"Escrito por\" \/>\n\t<meta name=\"twitter:data1\" content=\"Lo viste en Los Pol\u00edticos\" \/>\n\t<meta name=\"twitter:label2\" content=\"Tiempo de lectura\" \/>\n\t<meta name=\"twitter:data2\" content=\"4 minutos\" \/>\n<script type=\"application\/ld+json\" class=\"yoast-schema-graph\">{\"@context\":\"https:\\\/\\\/schema.org\",\"@graph\":[{\"@type\":\"Article\",\"@id\":\"https:\\\/\\\/lospoliticosveracruz.com\\\/?p=37394#article\",\"isPartOf\":{\"@id\":\"https:\\\/\\\/lospoliticosveracruz.com\\\/?p=37394\"},\"author\":{\"name\":\"Lo viste en Los Pol\u00edticos\",\"@id\":\"https:\\\/\\\/lospoliticosveracruz.com\\\/#\\\/schema\\\/person\\\/b8702bb0e538456e6efd07080bf2a4a2\"},\"headline\":\"Vicente Fox, ese gran cretino\",\"datePublished\":\"2017-10-29T15:25:24+00:00\",\"mainEntityOfPage\":{\"@id\":\"https:\\\/\\\/lospoliticosveracruz.com\\\/?p=37394\"},\"wordCount\":822,\"commentCount\":0,\"publisher\":{\"@id\":\"https:\\\/\\\/lospoliticosveracruz.com\\\/#organization\"},\"keywords\":[\"Andr\u00e9s Manuel L\u00f3pez Obrador\",\"Canal 40\",\"Cuautht\u00e9moc C\u00e1rdenas\",\"Martha Sahag\u00fan\",\"Olegario V\u00e1zquez Ra\u00f1a\",\"PAN\",\"Televisi\u00f3n Azteca\"],\"articleSection\":[\"De Opini\u00f3n\"],\"inLanguage\":\"es\",\"potentialAction\":[{\"@type\":\"CommentAction\",\"name\":\"Comment\",\"target\":[\"https:\\\/\\\/lospoliticosveracruz.com\\\/?p=37394#respond\"]}]},{\"@type\":\"WebPage\",\"@id\":\"https:\\\/\\\/lospoliticosveracruz.com\\\/?p=37394\",\"url\":\"https:\\\/\\\/lospoliticosveracruz.com\\\/?p=37394\",\"name\":\"Vicente Fox, ese gran cretino - Los pol\u00edticos Veracruz\",\"isPartOf\":{\"@id\":\"https:\\\/\\\/lospoliticosveracruz.com\\\/#website\"},\"datePublished\":\"2017-10-29T15:25:24+00:00\",\"breadcrumb\":{\"@id\":\"https:\\\/\\\/lospoliticosveracruz.com\\\/?p=37394#breadcrumb\"},\"inLanguage\":\"es\",\"potentialAction\":[{\"@type\":\"ReadAction\",\"target\":[\"https:\\\/\\\/lospoliticosveracruz.com\\\/?p=37394\"]}]},{\"@type\":\"BreadcrumbList\",\"@id\":\"https:\\\/\\\/lospoliticosveracruz.com\\\/?p=37394#breadcrumb\",\"itemListElement\":[{\"@type\":\"ListItem\",\"position\":1,\"name\":\"Portada\",\"item\":\"https:\\\/\\\/lospoliticosveracruz.com\\\/\"},{\"@type\":\"ListItem\",\"position\":2,\"name\":\"Vicente Fox, ese gran cretino\"}]},{\"@type\":\"WebSite\",\"@id\":\"https:\\\/\\\/lospoliticosveracruz.com\\\/#website\",\"url\":\"https:\\\/\\\/lospoliticosveracruz.com\\\/\",\"name\":\"Los pol\u00edticos Veracruz\",\"description\":\"\",\"publisher\":{\"@id\":\"https:\\\/\\\/lospoliticosveracruz.com\\\/#organization\"},\"potentialAction\":[{\"@type\":\"SearchAction\",\"target\":{\"@type\":\"EntryPoint\",\"urlTemplate\":\"https:\\\/\\\/lospoliticosveracruz.com\\\/?s={search_term_string}\"},\"query-input\":{\"@type\":\"PropertyValueSpecification\",\"valueRequired\":true,\"valueName\":\"search_term_string\"}}],\"inLanguage\":\"es\"},{\"@type\":\"Organization\",\"@id\":\"https:\\\/\\\/lospoliticosveracruz.com\\\/#organization\",\"name\":\"Los pol\u00edticos Veracruz\",\"url\":\"https:\\\/\\\/lospoliticosveracruz.com\\\/\",\"logo\":{\"@type\":\"ImageObject\",\"inLanguage\":\"es\",\"@id\":\"https:\\\/\\\/lospoliticosveracruz.com\\\/#\\\/schema\\\/logo\\\/image\\\/\",\"url\":\"https:\\\/\\\/lospoliticosveracruz.com\\\/wp-content\\\/uploads\\\/2025\\\/12\\\/Logo-Nuevo-LOS-POLITICOS-1.jpg\",\"contentUrl\":\"https:\\\/\\\/lospoliticosveracruz.com\\\/wp-content\\\/uploads\\\/2025\\\/12\\\/Logo-Nuevo-LOS-POLITICOS-1.jpg\",\"width\":260,\"height\":70,\"caption\":\"Los pol\u00edticos Veracruz\"},\"image\":{\"@id\":\"https:\\\/\\\/lospoliticosveracruz.com\\\/#\\\/schema\\\/logo\\\/image\\\/\"},\"sameAs\":[\"https:\\\/\\\/www.facebook.com\\\/people\\\/Notimemes-de-los-Polticos\\\/61565672886568\\\/\",\"https:\\\/\\\/x.com\\\/LosPoliticosVer\"]},{\"@type\":\"Person\",\"@id\":\"https:\\\/\\\/lospoliticosveracruz.com\\\/#\\\/schema\\\/person\\\/b8702bb0e538456e6efd07080bf2a4a2\",\"name\":\"Lo viste en Los Pol\u00edticos\",\"image\":{\"@type\":\"ImageObject\",\"inLanguage\":\"es\",\"@id\":\"https:\\\/\\\/secure.gravatar.com\\\/avatar\\\/3a8de04a2656d44082be478bd6c086daa447c4651605818287b9532d3d0bd435?s=96&d=mm&r=g\",\"url\":\"https:\\\/\\\/secure.gravatar.com\\\/avatar\\\/3a8de04a2656d44082be478bd6c086daa447c4651605818287b9532d3d0bd435?s=96&d=mm&r=g\",\"contentUrl\":\"https:\\\/\\\/secure.gravatar.com\\\/avatar\\\/3a8de04a2656d44082be478bd6c086daa447c4651605818287b9532d3d0bd435?s=96&d=mm&r=g\",\"caption\":\"Lo viste en Los Pol\u00edticos\"},\"url\":\"https:\\\/\\\/lospoliticosveracruz.com\\\/?author=2\"}]}<\/script>\n<!-- \/ Yoast SEO plugin. -->","yoast_head_json":{"title":"Vicente Fox, ese gran cretino - Los pol\u00edticos Veracruz","robots":{"index":"index","follow":"follow","max-snippet":"max-snippet:-1","max-image-preview":"max-image-preview:large","max-video-preview":"max-video-preview:-1"},"canonical":"https:\/\/lospoliticosveracruz.com\/?p=37394","og_locale":"es_ES","og_type":"article","og_title":"Vicente Fox, ese gran cretino - Los pol\u00edticos Veracruz","og_description":"Armando Ortiz El Hijo Pr\u00f3digo Cuando les dec\u00edamos a los panistas que Vicente Fox era una lacra, los se\u00f1ores se ofend\u00edan y nos devolv\u00edan insultos en lugar de argumentos. Pero Fox, desde antes de ser presidente de M\u00e9xico ya era una lacra. Fox le rob\u00f3 a millones de mexicanos el sue\u00f1o de un cambio. \u00c9l [&hellip;]","og_url":"https:\/\/lospoliticosveracruz.com\/?p=37394","og_site_name":"Los pol\u00edticos Veracruz","article_publisher":"https:\/\/www.facebook.com\/people\/Notimemes-de-los-Polticos\/61565672886568\/","article_published_time":"2017-10-29T15:25:24+00:00","og_image":[{"width":200,"height":200,"url":"https:\/\/lospoliticosveracruz.com\/wp-content\/uploads\/2016\/07\/Logo-Dor.jpg","type":"image\/jpeg"}],"author":"Lo viste en Los Pol\u00edticos","twitter_card":"summary_large_image","twitter_creator":"@LosPoliticosVer","twitter_site":"@LosPoliticosVer","twitter_misc":{"Escrito por":"Lo viste en Los Pol\u00edticos","Tiempo de lectura":"4 minutos"},"schema":{"@context":"https:\/\/schema.org","@graph":[{"@type":"Article","@id":"https:\/\/lospoliticosveracruz.com\/?p=37394#article","isPartOf":{"@id":"https:\/\/lospoliticosveracruz.com\/?p=37394"},"author":{"name":"Lo viste en Los Pol\u00edticos","@id":"https:\/\/lospoliticosveracruz.com\/#\/schema\/person\/b8702bb0e538456e6efd07080bf2a4a2"},"headline":"Vicente Fox, ese gran cretino","datePublished":"2017-10-29T15:25:24+00:00","mainEntityOfPage":{"@id":"https:\/\/lospoliticosveracruz.com\/?p=37394"},"wordCount":822,"commentCount":0,"publisher":{"@id":"https:\/\/lospoliticosveracruz.com\/#organization"},"keywords":["Andr\u00e9s Manuel L\u00f3pez Obrador","Canal 40","Cuautht\u00e9moc C\u00e1rdenas","Martha Sahag\u00fan","Olegario V\u00e1zquez Ra\u00f1a","PAN","Televisi\u00f3n Azteca"],"articleSection":["De Opini\u00f3n"],"inLanguage":"es","potentialAction":[{"@type":"CommentAction","name":"Comment","target":["https:\/\/lospoliticosveracruz.com\/?p=37394#respond"]}]},{"@type":"WebPage","@id":"https:\/\/lospoliticosveracruz.com\/?p=37394","url":"https:\/\/lospoliticosveracruz.com\/?p=37394","name":"Vicente Fox, ese gran cretino - Los pol\u00edticos Veracruz","isPartOf":{"@id":"https:\/\/lospoliticosveracruz.com\/#website"},"datePublished":"2017-10-29T15:25:24+00:00","breadcrumb":{"@id":"https:\/\/lospoliticosveracruz.com\/?p=37394#breadcrumb"},"inLanguage":"es","potentialAction":[{"@type":"ReadAction","target":["https:\/\/lospoliticosveracruz.com\/?p=37394"]}]},{"@type":"BreadcrumbList","@id":"https:\/\/lospoliticosveracruz.com\/?p=37394#breadcrumb","itemListElement":[{"@type":"ListItem","position":1,"name":"Portada","item":"https:\/\/lospoliticosveracruz.com\/"},{"@type":"ListItem","position":2,"name":"Vicente Fox, ese gran cretino"}]},{"@type":"WebSite","@id":"https:\/\/lospoliticosveracruz.com\/#website","url":"https:\/\/lospoliticosveracruz.com\/","name":"Los pol\u00edticos Veracruz","description":"","publisher":{"@id":"https:\/\/lospoliticosveracruz.com\/#organization"},"potentialAction":[{"@type":"SearchAction","target":{"@type":"EntryPoint","urlTemplate":"https:\/\/lospoliticosveracruz.com\/?s={search_term_string}"},"query-input":{"@type":"PropertyValueSpecification","valueRequired":true,"valueName":"search_term_string"}}],"inLanguage":"es"},{"@type":"Organization","@id":"https:\/\/lospoliticosveracruz.com\/#organization","name":"Los pol\u00edticos Veracruz","url":"https:\/\/lospoliticosveracruz.com\/","logo":{"@type":"ImageObject","inLanguage":"es","@id":"https:\/\/lospoliticosveracruz.com\/#\/schema\/logo\/image\/","url":"https:\/\/lospoliticosveracruz.com\/wp-content\/uploads\/2025\/12\/Logo-Nuevo-LOS-POLITICOS-1.jpg","contentUrl":"https:\/\/lospoliticosveracruz.com\/wp-content\/uploads\/2025\/12\/Logo-Nuevo-LOS-POLITICOS-1.jpg","width":260,"height":70,"caption":"Los pol\u00edticos Veracruz"},"image":{"@id":"https:\/\/lospoliticosveracruz.com\/#\/schema\/logo\/image\/"},"sameAs":["https:\/\/www.facebook.com\/people\/Notimemes-de-los-Polticos\/61565672886568\/","https:\/\/x.com\/LosPoliticosVer"]},{"@type":"Person","@id":"https:\/\/lospoliticosveracruz.com\/#\/schema\/person\/b8702bb0e538456e6efd07080bf2a4a2","name":"Lo viste en Los Pol\u00edticos","image":{"@type":"ImageObject","inLanguage":"es","@id":"https:\/\/secure.gravatar.com\/avatar\/3a8de04a2656d44082be478bd6c086daa447c4651605818287b9532d3d0bd435?s=96&d=mm&r=g","url":"https:\/\/secure.gravatar.com\/avatar\/3a8de04a2656d44082be478bd6c086daa447c4651605818287b9532d3d0bd435?s=96&d=mm&r=g","contentUrl":"https:\/\/secure.gravatar.com\/avatar\/3a8de04a2656d44082be478bd6c086daa447c4651605818287b9532d3d0bd435?s=96&d=mm&r=g","caption":"Lo viste en Los Pol\u00edticos"},"url":"https:\/\/lospoliticosveracruz.com\/?author=2"}]}},"_links":{"self":[{"href":"https:\/\/lospoliticosveracruz.com\/index.php?rest_route=\/wp\/v2\/posts\/37394","targetHints":{"allow":["GET"]}}],"collection":[{"href":"https:\/\/lospoliticosveracruz.com\/index.php?rest_route=\/wp\/v2\/posts"}],"about":[{"href":"https:\/\/lospoliticosveracruz.com\/index.php?rest_route=\/wp\/v2\/types\/post"}],"author":[{"embeddable":true,"href":"https:\/\/lospoliticosveracruz.com\/index.php?rest_route=\/wp\/v2\/users\/2"}],"replies":[{"embeddable":true,"href":"https:\/\/lospoliticosveracruz.com\/index.php?rest_route=%2Fwp%2Fv2%2Fcomments&post=37394"}],"version-history":[{"count":1,"href":"https:\/\/lospoliticosveracruz.com\/index.php?rest_route=\/wp\/v2\/posts\/37394\/revisions"}],"predecessor-version":[{"id":37395,"href":"https:\/\/lospoliticosveracruz.com\/index.php?rest_route=\/wp\/v2\/posts\/37394\/revisions\/37395"}],"wp:attachment":[{"href":"https:\/\/lospoliticosveracruz.com\/index.php?rest_route=%2Fwp%2Fv2%2Fmedia&parent=37394"}],"wp:term":[{"taxonomy":"category","embeddable":true,"href":"https:\/\/lospoliticosveracruz.com\/index.php?rest_route=%2Fwp%2Fv2%2Fcategories&post=37394"},{"taxonomy":"post_tag","embeddable":true,"href":"https:\/\/lospoliticosveracruz.com\/index.php?rest_route=%2Fwp%2Fv2%2Ftags&post=37394"}],"curies":[{"name":"wp","href":"https:\/\/api.w.org\/{rel}","templated":true}]}}