{"id":37396,"date":"2017-10-29T09:39:25","date_gmt":"2017-10-29T15:39:25","guid":{"rendered":"http:\/\/www.lospoliticosveracruz.com.mx\/?p=37396"},"modified":"2017-10-29T09:39:25","modified_gmt":"2017-10-29T15:39:25","slug":"los-ojos-del-mundo","status":"publish","type":"post","link":"https:\/\/lospoliticosveracruz.com\/?p=37396","title":{"rendered":"Los ojos del mundo"},"content":{"rendered":"<p>&nbsp;<\/p>\n<p><strong>Elena C\u00f3rdova<\/strong><\/p>\n<p><em>Luna Nueva<\/em><\/p>\n<p>&nbsp;<\/p>\n<p>&nbsp;<\/p>\n<p>La nota period\u00edstica de algunos pocos medios de comunicaci\u00f3n veracruzanos dice m\u00e1s o menos as\u00ed: \u201c\u00a1Estudiante del tecnol\u00f3gico de Misantla gana concurso a nivel nacional! Azael Mendoza Palomino, alumno de la carrera de ingenier\u00eda Civil del Tecnol\u00f3gico de Misantla, se encuentra entre los cinco ganadores del prestigiado concurso nacional de matem\u00e1ticas &#8216;Pierre Fermat&#8217; del Instituto Polit\u00e9cnico Nacional (IPN)\u201d, el cual tiene la intenci\u00f3n de elevar el nivel de las ciencias de la sociedad mexicana, en general, promover las relaciones de amistad, solidaridad y desarrollo mutuo entre estudiantes y profesores de distintas instituciones y escuelas del pa\u00eds, fomentar el estudio y la divulgaci\u00f3n de las matem\u00e1ticas como una herramienta \u00fatil en el ejercicio profesional y en la formaci\u00f3n intelectual del individuo, estimular la creatividad en matem\u00e1ticas de alumnos del nivel secundaria, medio y superior, fomentar la competitividad y la cooperaci\u00f3n entre los estudiantes, como medios para la superaci\u00f3n acad\u00e9mica y personal, encontrar alumnos talentosos con gran potencial para las ciencias y de alguna manera orientarlos y, si es posible, apoyarlos en su desarrollo\u2026 entre otros objetivos educativos.<\/p>\n<p>El nombre del concurso es en honor a Pierre de Fermat, nacido en el a\u00f1o de 1601, adem\u00e1s de ser un extraordinario matem\u00e1tico franc\u00e9s fue un jurista, inquieto creador de avanzadas aplicaciones matem\u00e1ticas, entre ellas, la geometr\u00eda anal\u00edtica.<\/p>\n<p><strong>Talentos an\u00f3nimos<\/strong><\/p>\n<p>En un estado como el nuestro, donde destacan los encabezados y las noticias de desaparecidos, muertos, violencia sin parar, eso sin dejar a un lado el tema pol\u00edtico que tanto da\u00f1o nos ha causado como sociedad veracruzana, bien valdr\u00eda la pena voltear hacia estos logros que si bien son individuales nos reval\u00faa y nos da esperanza como un estado con muchos talentos an\u00f3nimos, los cuales s\u00f3lo destacan cuando alguien se ocupa de destacarlo en medios de comunicaci\u00f3n. Como es este caso.<\/p>\n<p>Para muchos que no lo saben, el estado de Veracruz ocupa el primer lugar nacional en educaci\u00f3n tecnol\u00f3gica. Actualmente en Veracruz hay 21 Institutos Tecnol\u00f3gicos Superiores, tres Universidades Tecnol\u00f3gicas y Una universidad Polit\u00e9cnica. A lo cual hay que agregar 40 extensiones a lo largo y ancho de la entidad y seis Institutos Tecnol\u00f3gicos federales. Durante este sexenio el Sistema de Educaci\u00f3n Tecnol\u00f3gica Descentralizada de Veracruz se consolid\u00f3 como el m\u00e1s grande del pa\u00eds, al sumar todos ellos una matr\u00edcula de 87 mil 642 alumnos.<\/p>\n<p>Para sustentar mi texto, apelo lo que en su momento escribi\u00f3 Mar\u00eda Ruth Vargas Leyva que nos habla de que \u201cel origen y evoluci\u00f3n de la educaci\u00f3n superior tecnol\u00f3gica en M\u00e9xico, a partir del inter\u00e9s del Estado nacional por promover el desarrollo econ\u00f3mico industrial y mejorar las expectativas sociales de la poblaci\u00f3n urbana emergente. Esta condici\u00f3n hist\u00f3rica provoc\u00f3 la distinci\u00f3n de la educaci\u00f3n superior universitaria con la educaci\u00f3n superior t\u00e9cnica. Tres etapas resumen esta evoluci\u00f3n, correspondiendo a otras tantas pol\u00edticas de desarrollo nacional. En la actualidad el concepto educativo de la educaci\u00f3n t\u00e9cnica debe ser reconsiderado, tanto por su aporte en la formaci\u00f3n profesional, como en su relaci\u00f3n con el Estado que impuls\u00f3 su crecimiento, as\u00ed como su papel en el conjunto del sistema de la educaci\u00f3n superior mexicana\u201d.<\/p>\n<p><strong>Turismo Tecnol\u00f3gico<\/strong><\/p>\n<p>De esta forma, a mi juicio el estado de Veracruz ha desaprovechado enormemente su posici\u00f3n privilegiada de ser el n\u00famero uno en cuanto a matr\u00edcula, planteles y dem\u00e1s talentos creativos de grupo e individuales que existen en cada plantel de educaci\u00f3n tecnol\u00f3gica en la entidad. Mi tesis se funda en la posibilidad real de no solo acudir a concursos y ganar, sino que Veracruz sea sede y cuna de varios proyectos educativos en el tema de tecnolog\u00edas e innovaci\u00f3n. Tenemos todo, y no se necesita nada m\u00e1s que voluntad y visi\u00f3n a futuro. No hay que invertir mucho sino crear, promover, destacar los logros que ya hemos tenido no solo a nivel nacional sino internacional.<\/p>\n<p>As\u00ed como se habla de promover el turismo ecol\u00f3gico, religioso bueno, hasta electoral, por qu\u00e9 a nadie se le ha ocurrido que \u00e9sta puede ser una veta importante para promovernos mundialmente. Imaginen que de otros pa\u00edses y no solo de estados hermanos acudan estudiantes a competir contra otros estados siendo sede Veracruz, sin duda estar\u00edamos en la mira de la comunidad cient\u00edfica y ello nos revaluar\u00eda ante los ojos del mundo. As\u00ed de simple.<\/p>\n","protected":false},"excerpt":{"rendered":"<p>&nbsp; Elena C\u00f3rdova Luna Nueva &nbsp; &nbsp; La nota period\u00edstica de algunos pocos medios de comunicaci\u00f3n veracruzanos dice m\u00e1s o menos as\u00ed: \u201c\u00a1Estudiante del tecnol\u00f3gico de Misantla gana concurso a nivel nacional! Azael Mendoza Palomino, alumno de la carrera de ingenier\u00eda Civil del Tecnol\u00f3gico de Misantla, se encuentra entre los cinco ganadores del prestigiado concurso [&hellip;]<\/p>\n","protected":false},"author":2,"featured_media":0,"comment_status":"open","ping_status":"open","sticky":false,"template":"","format":"standard","meta":{"tdm_status":"","tdm_grid_status":"","footnotes":""},"categories":[70],"tags":[10007,10008],"class_list":{"0":"post-37396","1":"post","2":"type-post","3":"status-publish","4":"format-standard","6":"category-de-opinion","7":"tag-concurso-nacional-de-matematicas-pierre-fermat","8":"tag-educacion-tecnologica"},"yoast_head":"<!-- This site is optimized with the Yoast SEO plugin v27.4 - https:\/\/yoast.com\/product\/yoast-seo-wordpress\/ -->\n<title>Los ojos del mundo - Los pol\u00edticos Veracruz<\/title>\n<meta name=\"robots\" content=\"index, follow, max-snippet:-1, max-image-preview:large, max-video-preview:-1\" \/>\n<link rel=\"canonical\" href=\"https:\/\/lospoliticosveracruz.com\/?p=37396\" \/>\n<meta property=\"og:locale\" content=\"es_ES\" \/>\n<meta property=\"og:type\" content=\"article\" \/>\n<meta property=\"og:title\" content=\"Los ojos del mundo - Los pol\u00edticos Veracruz\" \/>\n<meta property=\"og:description\" content=\"&nbsp; Elena C\u00f3rdova Luna Nueva &nbsp; &nbsp; La nota period\u00edstica de algunos pocos medios de comunicaci\u00f3n veracruzanos dice m\u00e1s o menos as\u00ed: \u201c\u00a1Estudiante del tecnol\u00f3gico de Misantla gana concurso a nivel nacional! Azael Mendoza Palomino, alumno de la carrera de ingenier\u00eda Civil del Tecnol\u00f3gico de Misantla, se encuentra entre los cinco ganadores del prestigiado concurso [&hellip;]\" \/>\n<meta property=\"og:url\" content=\"https:\/\/lospoliticosveracruz.com\/?p=37396\" \/>\n<meta property=\"og:site_name\" content=\"Los pol\u00edticos Veracruz\" \/>\n<meta property=\"article:publisher\" content=\"https:\/\/www.facebook.com\/people\/Notimemes-de-los-Polticos\/61565672886568\/\" \/>\n<meta property=\"article:published_time\" content=\"2017-10-29T15:39:25+00:00\" \/>\n<meta property=\"og:image\" content=\"https:\/\/lospoliticosveracruz.com\/wp-content\/uploads\/2016\/07\/Logo-Dor.jpg\" \/>\n\t<meta property=\"og:image:width\" content=\"200\" \/>\n\t<meta property=\"og:image:height\" content=\"200\" \/>\n\t<meta property=\"og:image:type\" content=\"image\/jpeg\" \/>\n<meta name=\"author\" content=\"Lo viste en Los Pol\u00edticos\" \/>\n<meta name=\"twitter:card\" content=\"summary_large_image\" \/>\n<meta name=\"twitter:creator\" content=\"@LosPoliticosVer\" \/>\n<meta name=\"twitter:site\" content=\"@LosPoliticosVer\" \/>\n<meta name=\"twitter:label1\" content=\"Escrito por\" \/>\n\t<meta name=\"twitter:data1\" content=\"Lo viste en Los Pol\u00edticos\" \/>\n\t<meta name=\"twitter:label2\" content=\"Tiempo de lectura\" \/>\n\t<meta name=\"twitter:data2\" content=\"4 minutos\" \/>\n<script type=\"application\/ld+json\" class=\"yoast-schema-graph\">{\"@context\":\"https:\\\/\\\/schema.org\",\"@graph\":[{\"@type\":\"Article\",\"@id\":\"https:\\\/\\\/lospoliticosveracruz.com\\\/?p=37396#article\",\"isPartOf\":{\"@id\":\"https:\\\/\\\/lospoliticosveracruz.com\\\/?p=37396\"},\"author\":{\"name\":\"Lo viste en Los Pol\u00edticos\",\"@id\":\"https:\\\/\\\/lospoliticosveracruz.com\\\/#\\\/schema\\\/person\\\/b8702bb0e538456e6efd07080bf2a4a2\"},\"headline\":\"Los ojos del mundo\",\"datePublished\":\"2017-10-29T15:39:25+00:00\",\"mainEntityOfPage\":{\"@id\":\"https:\\\/\\\/lospoliticosveracruz.com\\\/?p=37396\"},\"wordCount\":788,\"commentCount\":0,\"publisher\":{\"@id\":\"https:\\\/\\\/lospoliticosveracruz.com\\\/#organization\"},\"keywords\":[\"Concurso Nacional de Matem\u00e1ticas Pierre Fermat\",\"Educaci\u00f3n tecnol\u00f3gica\"],\"articleSection\":[\"De Opini\u00f3n\"],\"inLanguage\":\"es\",\"potentialAction\":[{\"@type\":\"CommentAction\",\"name\":\"Comment\",\"target\":[\"https:\\\/\\\/lospoliticosveracruz.com\\\/?p=37396#respond\"]}]},{\"@type\":\"WebPage\",\"@id\":\"https:\\\/\\\/lospoliticosveracruz.com\\\/?p=37396\",\"url\":\"https:\\\/\\\/lospoliticosveracruz.com\\\/?p=37396\",\"name\":\"Los ojos del mundo - Los pol\u00edticos Veracruz\",\"isPartOf\":{\"@id\":\"https:\\\/\\\/lospoliticosveracruz.com\\\/#website\"},\"datePublished\":\"2017-10-29T15:39:25+00:00\",\"breadcrumb\":{\"@id\":\"https:\\\/\\\/lospoliticosveracruz.com\\\/?p=37396#breadcrumb\"},\"inLanguage\":\"es\",\"potentialAction\":[{\"@type\":\"ReadAction\",\"target\":[\"https:\\\/\\\/lospoliticosveracruz.com\\\/?p=37396\"]}]},{\"@type\":\"BreadcrumbList\",\"@id\":\"https:\\\/\\\/lospoliticosveracruz.com\\\/?p=37396#breadcrumb\",\"itemListElement\":[{\"@type\":\"ListItem\",\"position\":1,\"name\":\"Portada\",\"item\":\"https:\\\/\\\/lospoliticosveracruz.com\\\/\"},{\"@type\":\"ListItem\",\"position\":2,\"name\":\"Los ojos del mundo\"}]},{\"@type\":\"WebSite\",\"@id\":\"https:\\\/\\\/lospoliticosveracruz.com\\\/#website\",\"url\":\"https:\\\/\\\/lospoliticosveracruz.com\\\/\",\"name\":\"Los pol\u00edticos Veracruz\",\"description\":\"\",\"publisher\":{\"@id\":\"https:\\\/\\\/lospoliticosveracruz.com\\\/#organization\"},\"potentialAction\":[{\"@type\":\"SearchAction\",\"target\":{\"@type\":\"EntryPoint\",\"urlTemplate\":\"https:\\\/\\\/lospoliticosveracruz.com\\\/?s={search_term_string}\"},\"query-input\":{\"@type\":\"PropertyValueSpecification\",\"valueRequired\":true,\"valueName\":\"search_term_string\"}}],\"inLanguage\":\"es\"},{\"@type\":\"Organization\",\"@id\":\"https:\\\/\\\/lospoliticosveracruz.com\\\/#organization\",\"name\":\"Los pol\u00edticos Veracruz\",\"url\":\"https:\\\/\\\/lospoliticosveracruz.com\\\/\",\"logo\":{\"@type\":\"ImageObject\",\"inLanguage\":\"es\",\"@id\":\"https:\\\/\\\/lospoliticosveracruz.com\\\/#\\\/schema\\\/logo\\\/image\\\/\",\"url\":\"https:\\\/\\\/lospoliticosveracruz.com\\\/wp-content\\\/uploads\\\/2025\\\/12\\\/Logo-Nuevo-LOS-POLITICOS-1.jpg\",\"contentUrl\":\"https:\\\/\\\/lospoliticosveracruz.com\\\/wp-content\\\/uploads\\\/2025\\\/12\\\/Logo-Nuevo-LOS-POLITICOS-1.jpg\",\"width\":260,\"height\":70,\"caption\":\"Los pol\u00edticos Veracruz\"},\"image\":{\"@id\":\"https:\\\/\\\/lospoliticosveracruz.com\\\/#\\\/schema\\\/logo\\\/image\\\/\"},\"sameAs\":[\"https:\\\/\\\/www.facebook.com\\\/people\\\/Notimemes-de-los-Polticos\\\/61565672886568\\\/\",\"https:\\\/\\\/x.com\\\/LosPoliticosVer\"]},{\"@type\":\"Person\",\"@id\":\"https:\\\/\\\/lospoliticosveracruz.com\\\/#\\\/schema\\\/person\\\/b8702bb0e538456e6efd07080bf2a4a2\",\"name\":\"Lo viste en Los Pol\u00edticos\",\"image\":{\"@type\":\"ImageObject\",\"inLanguage\":\"es\",\"@id\":\"https:\\\/\\\/secure.gravatar.com\\\/avatar\\\/3a8de04a2656d44082be478bd6c086daa447c4651605818287b9532d3d0bd435?s=96&d=mm&r=g\",\"url\":\"https:\\\/\\\/secure.gravatar.com\\\/avatar\\\/3a8de04a2656d44082be478bd6c086daa447c4651605818287b9532d3d0bd435?s=96&d=mm&r=g\",\"contentUrl\":\"https:\\\/\\\/secure.gravatar.com\\\/avatar\\\/3a8de04a2656d44082be478bd6c086daa447c4651605818287b9532d3d0bd435?s=96&d=mm&r=g\",\"caption\":\"Lo viste en Los Pol\u00edticos\"},\"url\":\"https:\\\/\\\/lospoliticosveracruz.com\\\/?author=2\"}]}<\/script>\n<!-- \/ Yoast SEO plugin. -->","yoast_head_json":{"title":"Los ojos del mundo - Los pol\u00edticos Veracruz","robots":{"index":"index","follow":"follow","max-snippet":"max-snippet:-1","max-image-preview":"max-image-preview:large","max-video-preview":"max-video-preview:-1"},"canonical":"https:\/\/lospoliticosveracruz.com\/?p=37396","og_locale":"es_ES","og_type":"article","og_title":"Los ojos del mundo - Los pol\u00edticos Veracruz","og_description":"&nbsp; Elena C\u00f3rdova Luna Nueva &nbsp; &nbsp; La nota period\u00edstica de algunos pocos medios de comunicaci\u00f3n veracruzanos dice m\u00e1s o menos as\u00ed: \u201c\u00a1Estudiante del tecnol\u00f3gico de Misantla gana concurso a nivel nacional! Azael Mendoza Palomino, alumno de la carrera de ingenier\u00eda Civil del Tecnol\u00f3gico de Misantla, se encuentra entre los cinco ganadores del prestigiado concurso [&hellip;]","og_url":"https:\/\/lospoliticosveracruz.com\/?p=37396","og_site_name":"Los pol\u00edticos Veracruz","article_publisher":"https:\/\/www.facebook.com\/people\/Notimemes-de-los-Polticos\/61565672886568\/","article_published_time":"2017-10-29T15:39:25+00:00","og_image":[{"width":200,"height":200,"url":"https:\/\/lospoliticosveracruz.com\/wp-content\/uploads\/2016\/07\/Logo-Dor.jpg","type":"image\/jpeg"}],"author":"Lo viste en Los Pol\u00edticos","twitter_card":"summary_large_image","twitter_creator":"@LosPoliticosVer","twitter_site":"@LosPoliticosVer","twitter_misc":{"Escrito por":"Lo viste en Los Pol\u00edticos","Tiempo de lectura":"4 minutos"},"schema":{"@context":"https:\/\/schema.org","@graph":[{"@type":"Article","@id":"https:\/\/lospoliticosveracruz.com\/?p=37396#article","isPartOf":{"@id":"https:\/\/lospoliticosveracruz.com\/?p=37396"},"author":{"name":"Lo viste en Los Pol\u00edticos","@id":"https:\/\/lospoliticosveracruz.com\/#\/schema\/person\/b8702bb0e538456e6efd07080bf2a4a2"},"headline":"Los ojos del mundo","datePublished":"2017-10-29T15:39:25+00:00","mainEntityOfPage":{"@id":"https:\/\/lospoliticosveracruz.com\/?p=37396"},"wordCount":788,"commentCount":0,"publisher":{"@id":"https:\/\/lospoliticosveracruz.com\/#organization"},"keywords":["Concurso Nacional de Matem\u00e1ticas Pierre Fermat","Educaci\u00f3n tecnol\u00f3gica"],"articleSection":["De Opini\u00f3n"],"inLanguage":"es","potentialAction":[{"@type":"CommentAction","name":"Comment","target":["https:\/\/lospoliticosveracruz.com\/?p=37396#respond"]}]},{"@type":"WebPage","@id":"https:\/\/lospoliticosveracruz.com\/?p=37396","url":"https:\/\/lospoliticosveracruz.com\/?p=37396","name":"Los ojos del mundo - Los pol\u00edticos Veracruz","isPartOf":{"@id":"https:\/\/lospoliticosveracruz.com\/#website"},"datePublished":"2017-10-29T15:39:25+00:00","breadcrumb":{"@id":"https:\/\/lospoliticosveracruz.com\/?p=37396#breadcrumb"},"inLanguage":"es","potentialAction":[{"@type":"ReadAction","target":["https:\/\/lospoliticosveracruz.com\/?p=37396"]}]},{"@type":"BreadcrumbList","@id":"https:\/\/lospoliticosveracruz.com\/?p=37396#breadcrumb","itemListElement":[{"@type":"ListItem","position":1,"name":"Portada","item":"https:\/\/lospoliticosveracruz.com\/"},{"@type":"ListItem","position":2,"name":"Los ojos del mundo"}]},{"@type":"WebSite","@id":"https:\/\/lospoliticosveracruz.com\/#website","url":"https:\/\/lospoliticosveracruz.com\/","name":"Los pol\u00edticos Veracruz","description":"","publisher":{"@id":"https:\/\/lospoliticosveracruz.com\/#organization"},"potentialAction":[{"@type":"SearchAction","target":{"@type":"EntryPoint","urlTemplate":"https:\/\/lospoliticosveracruz.com\/?s={search_term_string}"},"query-input":{"@type":"PropertyValueSpecification","valueRequired":true,"valueName":"search_term_string"}}],"inLanguage":"es"},{"@type":"Organization","@id":"https:\/\/lospoliticosveracruz.com\/#organization","name":"Los pol\u00edticos Veracruz","url":"https:\/\/lospoliticosveracruz.com\/","logo":{"@type":"ImageObject","inLanguage":"es","@id":"https:\/\/lospoliticosveracruz.com\/#\/schema\/logo\/image\/","url":"https:\/\/lospoliticosveracruz.com\/wp-content\/uploads\/2025\/12\/Logo-Nuevo-LOS-POLITICOS-1.jpg","contentUrl":"https:\/\/lospoliticosveracruz.com\/wp-content\/uploads\/2025\/12\/Logo-Nuevo-LOS-POLITICOS-1.jpg","width":260,"height":70,"caption":"Los pol\u00edticos Veracruz"},"image":{"@id":"https:\/\/lospoliticosveracruz.com\/#\/schema\/logo\/image\/"},"sameAs":["https:\/\/www.facebook.com\/people\/Notimemes-de-los-Polticos\/61565672886568\/","https:\/\/x.com\/LosPoliticosVer"]},{"@type":"Person","@id":"https:\/\/lospoliticosveracruz.com\/#\/schema\/person\/b8702bb0e538456e6efd07080bf2a4a2","name":"Lo viste en Los Pol\u00edticos","image":{"@type":"ImageObject","inLanguage":"es","@id":"https:\/\/secure.gravatar.com\/avatar\/3a8de04a2656d44082be478bd6c086daa447c4651605818287b9532d3d0bd435?s=96&d=mm&r=g","url":"https:\/\/secure.gravatar.com\/avatar\/3a8de04a2656d44082be478bd6c086daa447c4651605818287b9532d3d0bd435?s=96&d=mm&r=g","contentUrl":"https:\/\/secure.gravatar.com\/avatar\/3a8de04a2656d44082be478bd6c086daa447c4651605818287b9532d3d0bd435?s=96&d=mm&r=g","caption":"Lo viste en Los Pol\u00edticos"},"url":"https:\/\/lospoliticosveracruz.com\/?author=2"}]}},"_links":{"self":[{"href":"https:\/\/lospoliticosveracruz.com\/index.php?rest_route=\/wp\/v2\/posts\/37396","targetHints":{"allow":["GET"]}}],"collection":[{"href":"https:\/\/lospoliticosveracruz.com\/index.php?rest_route=\/wp\/v2\/posts"}],"about":[{"href":"https:\/\/lospoliticosveracruz.com\/index.php?rest_route=\/wp\/v2\/types\/post"}],"author":[{"embeddable":true,"href":"https:\/\/lospoliticosveracruz.com\/index.php?rest_route=\/wp\/v2\/users\/2"}],"replies":[{"embeddable":true,"href":"https:\/\/lospoliticosveracruz.com\/index.php?rest_route=%2Fwp%2Fv2%2Fcomments&post=37396"}],"version-history":[{"count":1,"href":"https:\/\/lospoliticosveracruz.com\/index.php?rest_route=\/wp\/v2\/posts\/37396\/revisions"}],"predecessor-version":[{"id":37397,"href":"https:\/\/lospoliticosveracruz.com\/index.php?rest_route=\/wp\/v2\/posts\/37396\/revisions\/37397"}],"wp:attachment":[{"href":"https:\/\/lospoliticosveracruz.com\/index.php?rest_route=%2Fwp%2Fv2%2Fmedia&parent=37396"}],"wp:term":[{"taxonomy":"category","embeddable":true,"href":"https:\/\/lospoliticosveracruz.com\/index.php?rest_route=%2Fwp%2Fv2%2Fcategories&post=37396"},{"taxonomy":"post_tag","embeddable":true,"href":"https:\/\/lospoliticosveracruz.com\/index.php?rest_route=%2Fwp%2Fv2%2Ftags&post=37396"}],"curies":[{"name":"wp","href":"https:\/\/api.w.org\/{rel}","templated":true}]}}