{"id":37400,"date":"2017-10-29T23:02:06","date_gmt":"2017-10-30T05:02:06","guid":{"rendered":"http:\/\/www.lospoliticosveracruz.com.mx\/?p=37400"},"modified":"2017-10-29T23:02:06","modified_gmt":"2017-10-30T05:02:06","slug":"la-secretaria-general-del-pri","status":"publish","type":"post","link":"https:\/\/lospoliticosveracruz.com\/?p=37400","title":{"rendered":"La Secretaria General del PRI"},"content":{"rendered":"<p class=\"x_MsoNormal\"><b><\/b><b><\/b><b>Brenda Caballero<\/b><\/p>\n<p class=\"x_MsoNormal\"><em>N\u00fameros Rojos<\/em><\/p>\n<p class=\"x_MsoNormal\">Tantos nombres de mujeres sonaron para la Secretar\u00eda General del Partido Revolucionario Institucional, que cuando se design\u00f3 a la que cubrir\u00eda provisionalmente el cargo como que se trat\u00f3 de minimizar el hecho. \u00bfSer\u00e1 porque el cargo es provisional? Desde mi punto de vista la trascendencia de las mujeres en la pol\u00edtica debe ser difundida y cacareada, dijeran por all\u00ed, no importa el partido pol\u00edtico, pues desde hace a\u00f1os venimos luchando por tener espacios dentro de la pol\u00edtica; sin embargo, solamente una foto hay del evento en los medios de comunicaci\u00f3n donde se aprecia a la diputada federal Lillian Zepahua Garc\u00eda recibiendo su nombramiento por parte de Enrique Ochoa Reza, presidente del Comit\u00e9 Ejecutivo Nacional del PRI, y a su lado, Renato Alarc\u00f3n Guevara, presidente del Comit\u00e9 Directivo Estatal del Tricolor.<\/p>\n<p class=\"x_MsoNormal\">De inmediato las cr\u00edticas se vertieron contra Lillian, pues hasta se se\u00f1al\u00f3 que hab\u00eda sido imposici\u00f3n del diputado federal Jorge Alejandro Carvallo Delf\u00edn, muy bien relacionado por all\u00e1 en el altiplano.<\/p>\n<p class=\"x_MsoNormal\">Ante tal rumor, Alarc\u00f3n Guevara de inmediato sali\u00f3 a la palestra a defender a Lillian, diciendo que no era una imposici\u00f3n ni capricho de Carvallo, sino que fue una decisi\u00f3n consensuada entre varios actores y grupos pol\u00edticos de la entidad, as\u00ed como una designaci\u00f3n directa de Ochoa Reza.<\/p>\n<p class=\"x_MsoNormal\">Pero \u00bfqu\u00e9 provoc\u00f3 la decisi\u00f3n? \u00bfExperiencia pol\u00edtica? \u00bfTrabajo Legislativo? \u00bfHubo padrino o fueron m\u00e9ritos propios?<\/p>\n<p class=\"x_MsoNormal\">Entiendo que ser Secretaria General implica una gran responsabilidad partidista, adem\u00e1s de que se debe tener mucho colmillo pol\u00edtico, pero vayamos por partes.<\/p>\n<p class=\"x_MsoNormal\">La designaci\u00f3n de una diputada federal suena bastante buena, pues la visi\u00f3n que se trae no solamente es local, sino nacional y hasta un poco internacional.<\/p>\n<p class=\"x_MsoNormal\">Siendo as\u00ed, tenemos otras cuatro diputadas federales \u00bfPor qu\u00e9 designar a Lillian?<\/p>\n<p class=\"x_MsoNormal\">Aclaro que no me enfocar\u00e9 a la profesi\u00f3n, a las relaciones pol\u00edticas anteriores (ll\u00e1mese Duartismo o Fidelismo), a que si son hijas de caciques, etc\u00e9tera, sino a su trabajo que han venido desempe\u00f1ando en la LXIII Legislatura que corresponde al periodo 2015-2018; es por ello que los datos que a continuaci\u00f3n sintetizo, est\u00e1n tomados de la p\u00e1gina oficial del H. Congreso de la Uni\u00f3n.<\/p>\n<p class=\"x_gmail-MsoListParagraph\">\u00b7\u00a0\u00a0\u00a0\u00a0\u00a0\u00a0\u00a0 <b><i>Lillian Zepahua Garc\u00eda <\/i><\/b>(Distrito de Zongolica)<b><i><\/i><\/b><\/p>\n<p class=\"x_MsoNormal\">Dentro de su trayectoria destaca haber sido Secretaria General de la Asociaci\u00f3n Nacional de la Unidad Revolucionaria en el Estado de Veracruz PRI; Secretaria de Equidad y G\u00e9nero del Comit\u00e9 Directivo Estatal del PRI; fue tambi\u00e9n diputada Local Suplente.<\/p>\n<p class=\"x_MsoNormal\">Destaca en su trabajo legislativo federal dos iniciativas propuestas en 2016 relacionadas al autotransporte federal y a la utilizaci\u00f3n de las obras literarias, art\u00edsticas, de arte popular o artesanal\u2026 ambas fueron retiradas.<\/p>\n<p class=\"x_MsoNormal\">Promovi\u00f3 otras dos iniciativas que se encuentran pendientes para reconocer los derechos de las comunidades afromexicanas. Asimismo, en el segundo periodo del segundo a\u00f1o, propuso que se pueda capacitar de forma extracurricular a los estudiantes de los niveles b\u00e1sico y medio superior, en el otorgamiento de primeros auxilios, tema que se encuentra pendiente.<\/p>\n<p class=\"x_MsoNormal\">En el segundo receso, Lillian se aplic\u00f3 y promovi\u00f3 tres iniciativas: Establecer la obligaci\u00f3n de protocolos de actuaci\u00f3n en los casos de accidentes automovil\u00edsticos a cargo de las autoridades; garantizar la equidad de g\u00e9nero en la conformaci\u00f3n de las autoridades municipales de los pueblos y comunidades ind\u00edgenas; as\u00ed como la obligaci\u00f3n de las diputadas y diputados de prescindir de la contrataci\u00f3n de familiares hasta el cuarto grado por consanguinidad y segundo grado por afinidad.<\/p>\n<p class=\"x_MsoNormal\">Nunca vot\u00f3 en contra, sino a favor, pero se abstuvo de votar por el decreto que declara el \u00faltimo d\u00eda de febrero como el d\u00eda nacional de enfermedades raras.<\/p>\n<p class=\"x_MsoNormal\">Estuvo de acuerdo con la iniciativa del financiamiento privado y no recursos p\u00fablicos a los partidos pol\u00edticos. \u00bfSeguir\u00e1 con la misma l\u00ednea ahora que es Secretaria General del PRI?<\/p>\n<p class=\"x_gmail-MsoListParagraph\">\u00b7\u00a0\u00a0\u00a0\u00a0\u00a0\u00a0\u00a0 <b><i>Sof\u00eda del Sagrario de Le\u00f3n Maza <\/i><\/b>(Distrito P\u00e1nuco)<b><i><\/i><\/b><\/p>\n<p class=\"x_MsoNormal\">Fue miembro activo del Oempri, secretaria de Finanzas del Comit\u00e9 Directivo Estatal PRI, regidora y s\u00edndica de P\u00e1nuco. Aunque participa en varias propuestas a nombre de las Comisiones que integra y suscribe otras en conjunto; solamente propuso una iniciativa para atender a los ni\u00f1os por maltrato f\u00edsico y sancionar a los responsables.<\/p>\n<p class=\"x_gmail-MsoListParagraph\">\u00b7\u00a0\u00a0\u00a0\u00a0\u00a0\u00a0\u00a0 <b><i>Mar\u00eda del Carmen Pinete Vargas <\/i><\/b>\u00a0(Distrito Tantoyuca)<b><i><\/i><\/b><\/p>\n<p class=\"x_MsoNormal\">Militante del PRI desde 1975 a la fecha; ha tenido varios cargos dentro del Partido, entre los que destacan Coordinadora de Gesti\u00f3n Social del Comit\u00e9 Directivo Estatal, Consejera Pol\u00edtica Estatal y Nacional, Secretaria Adjunta a la Presidencia, Coordinadora Distrital de Mujeres, de Acci\u00f3n Femenil de la Confederaci\u00f3n Nacional de Organizaciones Populares en Veracruz, Integrante del Consejo Pol\u00edtico Nacional, Comisi\u00f3n Nacional de Procesos Internos, Secretaria de Organizaci\u00f3n de la CNOP, Coordinadora Estatal del Comit\u00e9 Ejecutivo Estatal del Movimiento Territorial PRI. Fue presidenta municipal de Tantoyuca, diputada federal, adem\u00e1s de ocupar varios cargos en la administraci\u00f3n p\u00fablica local. Aunque se ha adherido a varias iniciativas partidistas, solamente present\u00f3 la iniciativa de propuesta para que los municipios cobren por servicios derivados de la prestaci\u00f3n de servicio de alumbrado p\u00fablico.<\/p>\n<p class=\"x_gmail-MsoListParagraph\">\u00b7\u00a0\u00a0\u00a0\u00a0\u00a0\u00a0\u00a0 <b><i>Noem\u00ed Zoila Guzm\u00e1n Lagunes <\/i><\/b>(Distrito Coatepec)<b><i><\/i><\/b><\/p>\n<p class=\"x_MsoNormal\">Fue dirigente del Consejo para la Integraci\u00f3n de la Mujer-PRI, presidenta municipal de Teocelo, diputada federal dos veces, Senadora de la Rep\u00fablica, consejera pol\u00edtica estatal y nacional del PRI y pertenece a la asociaci\u00f3n civil Alianza de Mujeres Veracruzanas. Dentro de sus publicaciones destacan cuatro libros. Do\u00f1a Noem\u00ed es la que m\u00e1s iniciativas propias ha realizado (12) \u00a1hasta en los recesos!<\/p>\n<p class=\"x_gmail-MsoListParagraph\">\u00b7\u00a0\u00a0\u00a0\u00a0\u00a0\u00a0\u00a0 <b><i>Heidi Salazar Espinosa<\/i><\/b> (Distrito Papantla)<\/p>\n<p class=\"x_MsoNormal\">Ha sido solamente diputada local suplente por el PRI. Ninguna Iniciativa propia, pero se ha adherido a las de sus partidos.<\/p>\n<p class=\"x_MsoNormal\">Luego entonces, \u00bfdesignaci\u00f3n por m\u00e9ritos propios? Yo solamente le dejo los datos, la conclusi\u00f3n ya es de usted.<\/p>\n<p class=\"x_MsoNormal\"><a href=\"mailto:caballero_brenda@hotmail.com\" target=\"_blank\" rel=\"noopener noreferrer\">caballero_brenda@hotmail.com<\/a><\/p>\n<p class=\"x_MsoNormal\"><span class=\"x_gmail-MsoHyperlink\">@NumerosRojos_BC<\/span><\/p>\n","protected":false},"excerpt":{"rendered":"<p>Brenda Caballero N\u00fameros Rojos Tantos nombres de mujeres sonaron para la Secretar\u00eda General del Partido Revolucionario Institucional, que cuando se design\u00f3 a la que cubrir\u00eda provisionalmente el cargo como que se trat\u00f3 de minimizar el hecho. \u00bfSer\u00e1 porque el cargo es provisional? Desde mi punto de vista la trascendencia de las mujeres en la pol\u00edtica [&hellip;]<\/p>\n","protected":false},"author":2,"featured_media":0,"comment_status":"open","ping_status":"open","sticky":false,"template":"","format":"standard","meta":{"tdm_status":"","tdm_grid_status":"","footnotes":""},"categories":[70],"tags":[10010,9996,2757,10009,251],"class_list":{"0":"post-37400","1":"post","2":"type-post","3":"status-publish","4":"format-standard","6":"category-de-opinion","7":"tag-heidi-salazar-espinosa","8":"tag-lillian-zepahua","9":"tag-maria-del-carmen-pinete-vargas","10":"tag-noemi-zoila-guzman-lagunes","11":"tag-pri"},"yoast_head":"<!-- This site is optimized with the Yoast SEO plugin v27.4 - https:\/\/yoast.com\/product\/yoast-seo-wordpress\/ -->\n<title>La Secretaria General del PRI - Los pol\u00edticos Veracruz<\/title>\n<meta name=\"robots\" content=\"index, follow, max-snippet:-1, max-image-preview:large, max-video-preview:-1\" \/>\n<link rel=\"canonical\" href=\"https:\/\/lospoliticosveracruz.com\/?p=37400\" \/>\n<meta property=\"og:locale\" content=\"es_ES\" \/>\n<meta property=\"og:type\" content=\"article\" \/>\n<meta property=\"og:title\" content=\"La Secretaria General del PRI - Los pol\u00edticos Veracruz\" \/>\n<meta property=\"og:description\" content=\"Brenda Caballero N\u00fameros Rojos Tantos nombres de mujeres sonaron para la Secretar\u00eda General del Partido Revolucionario Institucional, que cuando se design\u00f3 a la que cubrir\u00eda provisionalmente el cargo como que se trat\u00f3 de minimizar el hecho. \u00bfSer\u00e1 porque el cargo es provisional? Desde mi punto de vista la trascendencia de las mujeres en la pol\u00edtica [&hellip;]\" \/>\n<meta property=\"og:url\" content=\"https:\/\/lospoliticosveracruz.com\/?p=37400\" \/>\n<meta property=\"og:site_name\" content=\"Los pol\u00edticos Veracruz\" \/>\n<meta property=\"article:publisher\" content=\"https:\/\/www.facebook.com\/people\/Notimemes-de-los-Polticos\/61565672886568\/\" \/>\n<meta property=\"article:published_time\" content=\"2017-10-30T05:02:06+00:00\" \/>\n<meta property=\"og:image\" content=\"https:\/\/lospoliticosveracruz.com\/wp-content\/uploads\/2016\/07\/Logo-Dor.jpg\" \/>\n\t<meta property=\"og:image:width\" content=\"200\" \/>\n\t<meta property=\"og:image:height\" content=\"200\" \/>\n\t<meta property=\"og:image:type\" content=\"image\/jpeg\" \/>\n<meta name=\"author\" content=\"Lo viste en Los Pol\u00edticos\" \/>\n<meta name=\"twitter:card\" content=\"summary_large_image\" \/>\n<meta name=\"twitter:creator\" content=\"@LosPoliticosVer\" \/>\n<meta name=\"twitter:site\" content=\"@LosPoliticosVer\" \/>\n<meta name=\"twitter:label1\" content=\"Escrito por\" \/>\n\t<meta name=\"twitter:data1\" content=\"Lo viste en Los Pol\u00edticos\" \/>\n\t<meta name=\"twitter:label2\" content=\"Tiempo de lectura\" \/>\n\t<meta name=\"twitter:data2\" content=\"5 minutos\" \/>\n<script type=\"application\/ld+json\" class=\"yoast-schema-graph\">{\"@context\":\"https:\\\/\\\/schema.org\",\"@graph\":[{\"@type\":\"Article\",\"@id\":\"https:\\\/\\\/lospoliticosveracruz.com\\\/?p=37400#article\",\"isPartOf\":{\"@id\":\"https:\\\/\\\/lospoliticosveracruz.com\\\/?p=37400\"},\"author\":{\"name\":\"Lo viste en Los Pol\u00edticos\",\"@id\":\"https:\\\/\\\/lospoliticosveracruz.com\\\/#\\\/schema\\\/person\\\/b8702bb0e538456e6efd07080bf2a4a2\"},\"headline\":\"La Secretaria General del PRI\",\"datePublished\":\"2017-10-30T05:02:06+00:00\",\"mainEntityOfPage\":{\"@id\":\"https:\\\/\\\/lospoliticosveracruz.com\\\/?p=37400\"},\"wordCount\":1014,\"commentCount\":0,\"publisher\":{\"@id\":\"https:\\\/\\\/lospoliticosveracruz.com\\\/#organization\"},\"keywords\":[\"Heidi Salazar Espinosa\",\"Lillian Zepahua\",\"Mar\u00eda del Carmen Pinete Vargas\",\"Noem\u00ed Zoila Guzm\u00e1n Lagunes\",\"PRI\"],\"articleSection\":[\"De Opini\u00f3n\"],\"inLanguage\":\"es\",\"potentialAction\":[{\"@type\":\"CommentAction\",\"name\":\"Comment\",\"target\":[\"https:\\\/\\\/lospoliticosveracruz.com\\\/?p=37400#respond\"]}]},{\"@type\":\"WebPage\",\"@id\":\"https:\\\/\\\/lospoliticosveracruz.com\\\/?p=37400\",\"url\":\"https:\\\/\\\/lospoliticosveracruz.com\\\/?p=37400\",\"name\":\"La Secretaria General del PRI - Los pol\u00edticos Veracruz\",\"isPartOf\":{\"@id\":\"https:\\\/\\\/lospoliticosveracruz.com\\\/#website\"},\"datePublished\":\"2017-10-30T05:02:06+00:00\",\"breadcrumb\":{\"@id\":\"https:\\\/\\\/lospoliticosveracruz.com\\\/?p=37400#breadcrumb\"},\"inLanguage\":\"es\",\"potentialAction\":[{\"@type\":\"ReadAction\",\"target\":[\"https:\\\/\\\/lospoliticosveracruz.com\\\/?p=37400\"]}]},{\"@type\":\"BreadcrumbList\",\"@id\":\"https:\\\/\\\/lospoliticosveracruz.com\\\/?p=37400#breadcrumb\",\"itemListElement\":[{\"@type\":\"ListItem\",\"position\":1,\"name\":\"Portada\",\"item\":\"https:\\\/\\\/lospoliticosveracruz.com\\\/\"},{\"@type\":\"ListItem\",\"position\":2,\"name\":\"La Secretaria General del PRI\"}]},{\"@type\":\"WebSite\",\"@id\":\"https:\\\/\\\/lospoliticosveracruz.com\\\/#website\",\"url\":\"https:\\\/\\\/lospoliticosveracruz.com\\\/\",\"name\":\"Los pol\u00edticos Veracruz\",\"description\":\"\",\"publisher\":{\"@id\":\"https:\\\/\\\/lospoliticosveracruz.com\\\/#organization\"},\"potentialAction\":[{\"@type\":\"SearchAction\",\"target\":{\"@type\":\"EntryPoint\",\"urlTemplate\":\"https:\\\/\\\/lospoliticosveracruz.com\\\/?s={search_term_string}\"},\"query-input\":{\"@type\":\"PropertyValueSpecification\",\"valueRequired\":true,\"valueName\":\"search_term_string\"}}],\"inLanguage\":\"es\"},{\"@type\":\"Organization\",\"@id\":\"https:\\\/\\\/lospoliticosveracruz.com\\\/#organization\",\"name\":\"Los pol\u00edticos Veracruz\",\"url\":\"https:\\\/\\\/lospoliticosveracruz.com\\\/\",\"logo\":{\"@type\":\"ImageObject\",\"inLanguage\":\"es\",\"@id\":\"https:\\\/\\\/lospoliticosveracruz.com\\\/#\\\/schema\\\/logo\\\/image\\\/\",\"url\":\"https:\\\/\\\/lospoliticosveracruz.com\\\/wp-content\\\/uploads\\\/2025\\\/12\\\/Logo-Nuevo-LOS-POLITICOS-1.jpg\",\"contentUrl\":\"https:\\\/\\\/lospoliticosveracruz.com\\\/wp-content\\\/uploads\\\/2025\\\/12\\\/Logo-Nuevo-LOS-POLITICOS-1.jpg\",\"width\":260,\"height\":70,\"caption\":\"Los pol\u00edticos Veracruz\"},\"image\":{\"@id\":\"https:\\\/\\\/lospoliticosveracruz.com\\\/#\\\/schema\\\/logo\\\/image\\\/\"},\"sameAs\":[\"https:\\\/\\\/www.facebook.com\\\/people\\\/Notimemes-de-los-Polticos\\\/61565672886568\\\/\",\"https:\\\/\\\/x.com\\\/LosPoliticosVer\"]},{\"@type\":\"Person\",\"@id\":\"https:\\\/\\\/lospoliticosveracruz.com\\\/#\\\/schema\\\/person\\\/b8702bb0e538456e6efd07080bf2a4a2\",\"name\":\"Lo viste en Los Pol\u00edticos\",\"image\":{\"@type\":\"ImageObject\",\"inLanguage\":\"es\",\"@id\":\"https:\\\/\\\/secure.gravatar.com\\\/avatar\\\/3a8de04a2656d44082be478bd6c086daa447c4651605818287b9532d3d0bd435?s=96&d=mm&r=g\",\"url\":\"https:\\\/\\\/secure.gravatar.com\\\/avatar\\\/3a8de04a2656d44082be478bd6c086daa447c4651605818287b9532d3d0bd435?s=96&d=mm&r=g\",\"contentUrl\":\"https:\\\/\\\/secure.gravatar.com\\\/avatar\\\/3a8de04a2656d44082be478bd6c086daa447c4651605818287b9532d3d0bd435?s=96&d=mm&r=g\",\"caption\":\"Lo viste en Los Pol\u00edticos\"},\"url\":\"https:\\\/\\\/lospoliticosveracruz.com\\\/?author=2\"}]}<\/script>\n<!-- \/ Yoast SEO plugin. -->","yoast_head_json":{"title":"La Secretaria General del PRI - Los pol\u00edticos Veracruz","robots":{"index":"index","follow":"follow","max-snippet":"max-snippet:-1","max-image-preview":"max-image-preview:large","max-video-preview":"max-video-preview:-1"},"canonical":"https:\/\/lospoliticosveracruz.com\/?p=37400","og_locale":"es_ES","og_type":"article","og_title":"La Secretaria General del PRI - Los pol\u00edticos Veracruz","og_description":"Brenda Caballero N\u00fameros Rojos Tantos nombres de mujeres sonaron para la Secretar\u00eda General del Partido Revolucionario Institucional, que cuando se design\u00f3 a la que cubrir\u00eda provisionalmente el cargo como que se trat\u00f3 de minimizar el hecho. \u00bfSer\u00e1 porque el cargo es provisional? Desde mi punto de vista la trascendencia de las mujeres en la pol\u00edtica [&hellip;]","og_url":"https:\/\/lospoliticosveracruz.com\/?p=37400","og_site_name":"Los pol\u00edticos Veracruz","article_publisher":"https:\/\/www.facebook.com\/people\/Notimemes-de-los-Polticos\/61565672886568\/","article_published_time":"2017-10-30T05:02:06+00:00","og_image":[{"width":200,"height":200,"url":"https:\/\/lospoliticosveracruz.com\/wp-content\/uploads\/2016\/07\/Logo-Dor.jpg","type":"image\/jpeg"}],"author":"Lo viste en Los Pol\u00edticos","twitter_card":"summary_large_image","twitter_creator":"@LosPoliticosVer","twitter_site":"@LosPoliticosVer","twitter_misc":{"Escrito por":"Lo viste en Los Pol\u00edticos","Tiempo de lectura":"5 minutos"},"schema":{"@context":"https:\/\/schema.org","@graph":[{"@type":"Article","@id":"https:\/\/lospoliticosveracruz.com\/?p=37400#article","isPartOf":{"@id":"https:\/\/lospoliticosveracruz.com\/?p=37400"},"author":{"name":"Lo viste en Los Pol\u00edticos","@id":"https:\/\/lospoliticosveracruz.com\/#\/schema\/person\/b8702bb0e538456e6efd07080bf2a4a2"},"headline":"La Secretaria General del PRI","datePublished":"2017-10-30T05:02:06+00:00","mainEntityOfPage":{"@id":"https:\/\/lospoliticosveracruz.com\/?p=37400"},"wordCount":1014,"commentCount":0,"publisher":{"@id":"https:\/\/lospoliticosveracruz.com\/#organization"},"keywords":["Heidi Salazar Espinosa","Lillian Zepahua","Mar\u00eda del Carmen Pinete Vargas","Noem\u00ed Zoila Guzm\u00e1n Lagunes","PRI"],"articleSection":["De Opini\u00f3n"],"inLanguage":"es","potentialAction":[{"@type":"CommentAction","name":"Comment","target":["https:\/\/lospoliticosveracruz.com\/?p=37400#respond"]}]},{"@type":"WebPage","@id":"https:\/\/lospoliticosveracruz.com\/?p=37400","url":"https:\/\/lospoliticosveracruz.com\/?p=37400","name":"La Secretaria General del PRI - Los pol\u00edticos Veracruz","isPartOf":{"@id":"https:\/\/lospoliticosveracruz.com\/#website"},"datePublished":"2017-10-30T05:02:06+00:00","breadcrumb":{"@id":"https:\/\/lospoliticosveracruz.com\/?p=37400#breadcrumb"},"inLanguage":"es","potentialAction":[{"@type":"ReadAction","target":["https:\/\/lospoliticosveracruz.com\/?p=37400"]}]},{"@type":"BreadcrumbList","@id":"https:\/\/lospoliticosveracruz.com\/?p=37400#breadcrumb","itemListElement":[{"@type":"ListItem","position":1,"name":"Portada","item":"https:\/\/lospoliticosveracruz.com\/"},{"@type":"ListItem","position":2,"name":"La Secretaria General del PRI"}]},{"@type":"WebSite","@id":"https:\/\/lospoliticosveracruz.com\/#website","url":"https:\/\/lospoliticosveracruz.com\/","name":"Los pol\u00edticos Veracruz","description":"","publisher":{"@id":"https:\/\/lospoliticosveracruz.com\/#organization"},"potentialAction":[{"@type":"SearchAction","target":{"@type":"EntryPoint","urlTemplate":"https:\/\/lospoliticosveracruz.com\/?s={search_term_string}"},"query-input":{"@type":"PropertyValueSpecification","valueRequired":true,"valueName":"search_term_string"}}],"inLanguage":"es"},{"@type":"Organization","@id":"https:\/\/lospoliticosveracruz.com\/#organization","name":"Los pol\u00edticos Veracruz","url":"https:\/\/lospoliticosveracruz.com\/","logo":{"@type":"ImageObject","inLanguage":"es","@id":"https:\/\/lospoliticosveracruz.com\/#\/schema\/logo\/image\/","url":"https:\/\/lospoliticosveracruz.com\/wp-content\/uploads\/2025\/12\/Logo-Nuevo-LOS-POLITICOS-1.jpg","contentUrl":"https:\/\/lospoliticosveracruz.com\/wp-content\/uploads\/2025\/12\/Logo-Nuevo-LOS-POLITICOS-1.jpg","width":260,"height":70,"caption":"Los pol\u00edticos Veracruz"},"image":{"@id":"https:\/\/lospoliticosveracruz.com\/#\/schema\/logo\/image\/"},"sameAs":["https:\/\/www.facebook.com\/people\/Notimemes-de-los-Polticos\/61565672886568\/","https:\/\/x.com\/LosPoliticosVer"]},{"@type":"Person","@id":"https:\/\/lospoliticosveracruz.com\/#\/schema\/person\/b8702bb0e538456e6efd07080bf2a4a2","name":"Lo viste en Los Pol\u00edticos","image":{"@type":"ImageObject","inLanguage":"es","@id":"https:\/\/secure.gravatar.com\/avatar\/3a8de04a2656d44082be478bd6c086daa447c4651605818287b9532d3d0bd435?s=96&d=mm&r=g","url":"https:\/\/secure.gravatar.com\/avatar\/3a8de04a2656d44082be478bd6c086daa447c4651605818287b9532d3d0bd435?s=96&d=mm&r=g","contentUrl":"https:\/\/secure.gravatar.com\/avatar\/3a8de04a2656d44082be478bd6c086daa447c4651605818287b9532d3d0bd435?s=96&d=mm&r=g","caption":"Lo viste en Los Pol\u00edticos"},"url":"https:\/\/lospoliticosveracruz.com\/?author=2"}]}},"_links":{"self":[{"href":"https:\/\/lospoliticosveracruz.com\/index.php?rest_route=\/wp\/v2\/posts\/37400","targetHints":{"allow":["GET"]}}],"collection":[{"href":"https:\/\/lospoliticosveracruz.com\/index.php?rest_route=\/wp\/v2\/posts"}],"about":[{"href":"https:\/\/lospoliticosveracruz.com\/index.php?rest_route=\/wp\/v2\/types\/post"}],"author":[{"embeddable":true,"href":"https:\/\/lospoliticosveracruz.com\/index.php?rest_route=\/wp\/v2\/users\/2"}],"replies":[{"embeddable":true,"href":"https:\/\/lospoliticosveracruz.com\/index.php?rest_route=%2Fwp%2Fv2%2Fcomments&post=37400"}],"version-history":[{"count":2,"href":"https:\/\/lospoliticosveracruz.com\/index.php?rest_route=\/wp\/v2\/posts\/37400\/revisions"}],"predecessor-version":[{"id":37402,"href":"https:\/\/lospoliticosveracruz.com\/index.php?rest_route=\/wp\/v2\/posts\/37400\/revisions\/37402"}],"wp:attachment":[{"href":"https:\/\/lospoliticosveracruz.com\/index.php?rest_route=%2Fwp%2Fv2%2Fmedia&parent=37400"}],"wp:term":[{"taxonomy":"category","embeddable":true,"href":"https:\/\/lospoliticosveracruz.com\/index.php?rest_route=%2Fwp%2Fv2%2Fcategories&post=37400"},{"taxonomy":"post_tag","embeddable":true,"href":"https:\/\/lospoliticosveracruz.com\/index.php?rest_route=%2Fwp%2Fv2%2Ftags&post=37400"}],"curies":[{"name":"wp","href":"https:\/\/api.w.org\/{rel}","templated":true}]}}