{"id":37411,"date":"2017-10-30T10:33:41","date_gmt":"2017-10-30T16:33:41","guid":{"rendered":"http:\/\/www.lospoliticosveracruz.com.mx\/?p=37411"},"modified":"2017-10-30T10:33:41","modified_gmt":"2017-10-30T16:33:41","slug":"uv-y-la-autonomia-financiera","status":"publish","type":"post","link":"https:\/\/lospoliticosveracruz.com\/?p=37411","title":{"rendered":"UV y la autonom\u00eda financiera"},"content":{"rendered":"<div><b><\/b><strong>Luis Alberto Romero<\/strong><\/div>\n<div>\n<div><em>Hora Cero<\/em><\/div>\n<div><\/div>\n<div><\/div>\n<\/div>\n<div><\/div>\n<div>Despu\u00e9s de a\u00f1os de lucha por los temas del presupuesto y de la entrega puntual de recursos por parte del gobierno estatal, la Universidad Veracruzana est\u00e1 a punto de lograr la autonom\u00eda financiera.<\/div>\n<div>En el marco del vig\u00e9simo congreso del sindicato de acad\u00e9micos de la UV, el gobernador Miguel \u00c1ngel Yunes se refiri\u00f3 al asunto de los recursos para la instituci\u00f3n y confirm\u00f3 que en los pr\u00f3ximos d\u00edas promulgar\u00e1 el decreto que asigna un porcentaje fijo del presupuesto estatal, que aumentar\u00e1 gradualmente hasta llegar al cuatro por ciento, para asegurar la solidez financiera de la Universidad.<\/div>\n<div>Habr\u00eda que recordar que la UV ha enfrentado una historia reciente de falta de recursos, problema derivado del incumplimiento del gobierno estatal en el env\u00edo de los recursos que le pertenecen a la instituci\u00f3n.<\/div>\n<div>Durante el sexenio de Javier Duarte, esa deuda lleg\u00f3 a niveles alt\u00edsimos. En febrero del a\u00f1o pasado, la rectora Sara Ladr\u00f3n de Guevara dio a conocer que la UV denunci\u00f3 al gobierno de Duarte de Ochoa por no cubrir el pago de subsidios; en esas fechas se hablaba de m\u00e1s de 2 mil 76 millones, pero la cuenta continu\u00f3 creciendo durante todo 2016.<\/div>\n<div>Esa situaci\u00f3n provoc\u00f3 que la comunidad universitaria saliera a las calles para exigir los recursos que adeudaba el gobierno estatal.<\/div>\n<div>En marzo del a\u00f1o pasado miles de universitarios, acad\u00e9micos, investigadores, trabajadores, y familias de estudiantes salieron a las calles para exigir los recursos que escamoteaba el gobierno de Duarte.<\/div>\n<div>En un intento por frenar ese conflicto, el tema fue abordado por la pasada Legislatura, que aprob\u00f3 la autonom\u00eda financiera de la UV, asignando un presupuesto equivalente al 4 por ciento de los recursos del gobierno estatal.<\/div>\n<div>El julio del presente a\u00f1o, el Congreso local confirm\u00f3 el tema de la autonom\u00eda y aprob\u00f3 en segunda vuelta el presupuesto: en 2018 ser\u00e1 equivalente al 3 por ciento y se incrementar\u00e1 a\u00f1o con a\u00f1o hasta llegar, en 2023, al 4 por ciento.<\/div>\n<div>Ese incremento ser\u00e1 determinante para que la Universidad deje de pasar tantas penurias y problemas econ\u00f3micos, mismos que han impedido, por ejemplo, el desarrollo de su infraestructura.<\/div>\n<div>Hoy resultan lamentables los problemas que enfrentan las universidades aut\u00f3nomas del Estado de M\u00e9xico, de Morelos, Nayarit y Zacatecas, que se encuentran pr\u00e1cticamente en quiebra, por eso es tan importante que los recursos para la UV, que es semillero de profesionistas veracruzanos, no s\u00f3lo se entreguen a tiempo, sino que aumenten hasta alcanzar los niveles deseables.<\/div>\n<div><\/div>\n<div><\/div>\n<div><b>Ayuntamiento de Xalapa, sin deuda nueva ni laudos<\/b><\/div>\n<div>\u00a0Si algo puede presumir el alcalde de Xalapa, Am\u00e9rico Z\u00fa\u00f1iga Mart\u00ednez, es que concluye su gobierno sin endeudar con un solo peso la administraci\u00f3n p\u00fablica que presidi\u00f3.<\/div>\n<div>As\u00ed lo dijo hace algunos d\u00edas en el simulacro de entrega-recepci\u00f3n que le coordin\u00f3 el Contralor Carlos Eduardo L\u00f3pez Garc\u00eda.<\/div>\n<div>En la Sala de Cabildo, con la presencia de casi todo el cuerpo edilicio, directores, subdirectores y coordinadores y empleados en general, Z\u00fa\u00f1iga Mart\u00ednez destac\u00f3 que a pesar de las condiciones adversas por las que se han vivido \u2013incluyendo el desfalco que Javier Duarte de Ochoa hizo a los municipios\u2013, su gobierno ha hecho la inversi\u00f3n m\u00e1s grande en obra p\u00fablica, de la que tenga memoria la ciudad.<\/div>\n<div>\u201cNo hemos pedido un solo cr\u00e9dito en cuatro a\u00f1os de gobierno, a pesar de contar con las mejores calificaciones crediticias\u201d, dijo. Mi administraci\u00f3n, es la primera que lejos de pedir cr\u00e9ditos, cumplimos y resolvimos la deuda p\u00fablica bancaria directa, al hacer un esfuerzo para pagar de manera adelantada desde el a\u00f1o 2014 el cr\u00e9dito que heredamos y que se hab\u00eda contratado con Banca Mifel, apunt\u00f3.<\/div>\n<div>Por otro lado, destac\u00f3 que es la primera vez que se va a entregar el Ayuntamiento sin laudos laborales en ejecuci\u00f3n, porque se ha realizado una inversi\u00f3n hist\u00f3rica en la materia y empleado la herramienta de la conciliaci\u00f3n, para eliminar aquellos que se ten\u00edan pendientes, no de esta, sino de muchas administraciones atr\u00e1s.<\/div>\n<div>\u00bfCu\u00e1ntos municipios pueden presumir esto? En ambos temas muy pocos, quiz\u00e1 ninguno y si hay alguno que pueda decir que no pidi\u00f3 un solo cr\u00e9dito, habr\u00eda que preguntarle de su paquete de obra p\u00fablica. @luisromero85<\/div>\n","protected":false},"excerpt":{"rendered":"<p>Luis Alberto Romero Hora Cero Despu\u00e9s de a\u00f1os de lucha por los temas del presupuesto y de la entrega puntual de recursos por parte del gobierno estatal, la Universidad Veracruzana est\u00e1 a punto de lograr la autonom\u00eda financiera. En el marco del vig\u00e9simo congreso del sindicato de acad\u00e9micos de la UV, el gobernador Miguel \u00c1ngel [&hellip;]<\/p>\n","protected":false},"author":2,"featured_media":0,"comment_status":"open","ping_status":"open","sticky":false,"template":"","format":"standard","meta":{"tdm_status":"","tdm_grid_status":"","footnotes":""},"categories":[70],"tags":[162,428,755,219],"class_list":{"0":"post-37411","1":"post","2":"type-post","3":"status-publish","4":"format-standard","6":"category-de-opinion","7":"tag-javier-duarte","8":"tag-miguel-angel-yunes-linares","9":"tag-sara-ladron-de-guevara","10":"tag-universidad-veracruzana"},"yoast_head":"<!-- This site is optimized with the Yoast SEO plugin v27.4 - https:\/\/yoast.com\/product\/yoast-seo-wordpress\/ -->\n<title>UV y la autonom\u00eda financiera - Los pol\u00edticos Veracruz<\/title>\n<meta name=\"robots\" content=\"index, follow, max-snippet:-1, max-image-preview:large, max-video-preview:-1\" \/>\n<link rel=\"canonical\" href=\"https:\/\/lospoliticosveracruz.com\/?p=37411\" \/>\n<meta property=\"og:locale\" content=\"es_ES\" \/>\n<meta property=\"og:type\" content=\"article\" \/>\n<meta property=\"og:title\" content=\"UV y la autonom\u00eda financiera - Los pol\u00edticos Veracruz\" \/>\n<meta property=\"og:description\" content=\"Luis Alberto Romero Hora Cero Despu\u00e9s de a\u00f1os de lucha por los temas del presupuesto y de la entrega puntual de recursos por parte del gobierno estatal, la Universidad Veracruzana est\u00e1 a punto de lograr la autonom\u00eda financiera. En el marco del vig\u00e9simo congreso del sindicato de acad\u00e9micos de la UV, el gobernador Miguel \u00c1ngel [&hellip;]\" \/>\n<meta property=\"og:url\" content=\"https:\/\/lospoliticosveracruz.com\/?p=37411\" \/>\n<meta property=\"og:site_name\" content=\"Los pol\u00edticos Veracruz\" \/>\n<meta property=\"article:publisher\" content=\"https:\/\/www.facebook.com\/people\/Notimemes-de-los-Polticos\/61565672886568\/\" \/>\n<meta property=\"article:published_time\" content=\"2017-10-30T16:33:41+00:00\" \/>\n<meta property=\"og:image\" content=\"https:\/\/lospoliticosveracruz.com\/wp-content\/uploads\/2016\/07\/Logo-Dor.jpg\" \/>\n\t<meta property=\"og:image:width\" content=\"200\" \/>\n\t<meta property=\"og:image:height\" content=\"200\" \/>\n\t<meta property=\"og:image:type\" content=\"image\/jpeg\" \/>\n<meta name=\"author\" content=\"Lo viste en Los Pol\u00edticos\" \/>\n<meta name=\"twitter:card\" content=\"summary_large_image\" \/>\n<meta name=\"twitter:creator\" content=\"@LosPoliticosVer\" \/>\n<meta name=\"twitter:site\" content=\"@LosPoliticosVer\" \/>\n<meta name=\"twitter:label1\" content=\"Escrito por\" \/>\n\t<meta name=\"twitter:data1\" content=\"Lo viste en Los Pol\u00edticos\" \/>\n\t<meta name=\"twitter:label2\" content=\"Tiempo de lectura\" \/>\n\t<meta name=\"twitter:data2\" content=\"4 minutos\" \/>\n<script type=\"application\/ld+json\" class=\"yoast-schema-graph\">{\"@context\":\"https:\\\/\\\/schema.org\",\"@graph\":[{\"@type\":\"Article\",\"@id\":\"https:\\\/\\\/lospoliticosveracruz.com\\\/?p=37411#article\",\"isPartOf\":{\"@id\":\"https:\\\/\\\/lospoliticosveracruz.com\\\/?p=37411\"},\"author\":{\"name\":\"Lo viste en Los Pol\u00edticos\",\"@id\":\"https:\\\/\\\/lospoliticosveracruz.com\\\/#\\\/schema\\\/person\\\/b8702bb0e538456e6efd07080bf2a4a2\"},\"headline\":\"UV y la autonom\u00eda financiera\",\"datePublished\":\"2017-10-30T16:33:41+00:00\",\"mainEntityOfPage\":{\"@id\":\"https:\\\/\\\/lospoliticosveracruz.com\\\/?p=37411\"},\"wordCount\":743,\"commentCount\":0,\"publisher\":{\"@id\":\"https:\\\/\\\/lospoliticosveracruz.com\\\/#organization\"},\"keywords\":[\"Javier Duarte\",\"Miguel Angel Yunes Linares\",\"Sara Ladr\u00f3n de Guevara\",\"Universidad Veracruzana\"],\"articleSection\":[\"De Opini\u00f3n\"],\"inLanguage\":\"es\",\"potentialAction\":[{\"@type\":\"CommentAction\",\"name\":\"Comment\",\"target\":[\"https:\\\/\\\/lospoliticosveracruz.com\\\/?p=37411#respond\"]}]},{\"@type\":\"WebPage\",\"@id\":\"https:\\\/\\\/lospoliticosveracruz.com\\\/?p=37411\",\"url\":\"https:\\\/\\\/lospoliticosveracruz.com\\\/?p=37411\",\"name\":\"UV y la autonom\u00eda financiera - Los pol\u00edticos Veracruz\",\"isPartOf\":{\"@id\":\"https:\\\/\\\/lospoliticosveracruz.com\\\/#website\"},\"datePublished\":\"2017-10-30T16:33:41+00:00\",\"breadcrumb\":{\"@id\":\"https:\\\/\\\/lospoliticosveracruz.com\\\/?p=37411#breadcrumb\"},\"inLanguage\":\"es\",\"potentialAction\":[{\"@type\":\"ReadAction\",\"target\":[\"https:\\\/\\\/lospoliticosveracruz.com\\\/?p=37411\"]}]},{\"@type\":\"BreadcrumbList\",\"@id\":\"https:\\\/\\\/lospoliticosveracruz.com\\\/?p=37411#breadcrumb\",\"itemListElement\":[{\"@type\":\"ListItem\",\"position\":1,\"name\":\"Portada\",\"item\":\"https:\\\/\\\/lospoliticosveracruz.com\\\/\"},{\"@type\":\"ListItem\",\"position\":2,\"name\":\"UV y la autonom\u00eda financiera\"}]},{\"@type\":\"WebSite\",\"@id\":\"https:\\\/\\\/lospoliticosveracruz.com\\\/#website\",\"url\":\"https:\\\/\\\/lospoliticosveracruz.com\\\/\",\"name\":\"Los pol\u00edticos Veracruz\",\"description\":\"\",\"publisher\":{\"@id\":\"https:\\\/\\\/lospoliticosveracruz.com\\\/#organization\"},\"potentialAction\":[{\"@type\":\"SearchAction\",\"target\":{\"@type\":\"EntryPoint\",\"urlTemplate\":\"https:\\\/\\\/lospoliticosveracruz.com\\\/?s={search_term_string}\"},\"query-input\":{\"@type\":\"PropertyValueSpecification\",\"valueRequired\":true,\"valueName\":\"search_term_string\"}}],\"inLanguage\":\"es\"},{\"@type\":\"Organization\",\"@id\":\"https:\\\/\\\/lospoliticosveracruz.com\\\/#organization\",\"name\":\"Los pol\u00edticos Veracruz\",\"url\":\"https:\\\/\\\/lospoliticosveracruz.com\\\/\",\"logo\":{\"@type\":\"ImageObject\",\"inLanguage\":\"es\",\"@id\":\"https:\\\/\\\/lospoliticosveracruz.com\\\/#\\\/schema\\\/logo\\\/image\\\/\",\"url\":\"https:\\\/\\\/lospoliticosveracruz.com\\\/wp-content\\\/uploads\\\/2025\\\/12\\\/Logo-Nuevo-LOS-POLITICOS-1.jpg\",\"contentUrl\":\"https:\\\/\\\/lospoliticosveracruz.com\\\/wp-content\\\/uploads\\\/2025\\\/12\\\/Logo-Nuevo-LOS-POLITICOS-1.jpg\",\"width\":260,\"height\":70,\"caption\":\"Los pol\u00edticos Veracruz\"},\"image\":{\"@id\":\"https:\\\/\\\/lospoliticosveracruz.com\\\/#\\\/schema\\\/logo\\\/image\\\/\"},\"sameAs\":[\"https:\\\/\\\/www.facebook.com\\\/people\\\/Notimemes-de-los-Polticos\\\/61565672886568\\\/\",\"https:\\\/\\\/x.com\\\/LosPoliticosVer\"]},{\"@type\":\"Person\",\"@id\":\"https:\\\/\\\/lospoliticosveracruz.com\\\/#\\\/schema\\\/person\\\/b8702bb0e538456e6efd07080bf2a4a2\",\"name\":\"Lo viste en Los Pol\u00edticos\",\"image\":{\"@type\":\"ImageObject\",\"inLanguage\":\"es\",\"@id\":\"https:\\\/\\\/secure.gravatar.com\\\/avatar\\\/3a8de04a2656d44082be478bd6c086daa447c4651605818287b9532d3d0bd435?s=96&d=mm&r=g\",\"url\":\"https:\\\/\\\/secure.gravatar.com\\\/avatar\\\/3a8de04a2656d44082be478bd6c086daa447c4651605818287b9532d3d0bd435?s=96&d=mm&r=g\",\"contentUrl\":\"https:\\\/\\\/secure.gravatar.com\\\/avatar\\\/3a8de04a2656d44082be478bd6c086daa447c4651605818287b9532d3d0bd435?s=96&d=mm&r=g\",\"caption\":\"Lo viste en Los Pol\u00edticos\"},\"url\":\"https:\\\/\\\/lospoliticosveracruz.com\\\/?author=2\"}]}<\/script>\n<!-- \/ Yoast SEO plugin. -->","yoast_head_json":{"title":"UV y la autonom\u00eda financiera - Los pol\u00edticos Veracruz","robots":{"index":"index","follow":"follow","max-snippet":"max-snippet:-1","max-image-preview":"max-image-preview:large","max-video-preview":"max-video-preview:-1"},"canonical":"https:\/\/lospoliticosveracruz.com\/?p=37411","og_locale":"es_ES","og_type":"article","og_title":"UV y la autonom\u00eda financiera - Los pol\u00edticos Veracruz","og_description":"Luis Alberto Romero Hora Cero Despu\u00e9s de a\u00f1os de lucha por los temas del presupuesto y de la entrega puntual de recursos por parte del gobierno estatal, la Universidad Veracruzana est\u00e1 a punto de lograr la autonom\u00eda financiera. En el marco del vig\u00e9simo congreso del sindicato de acad\u00e9micos de la UV, el gobernador Miguel \u00c1ngel [&hellip;]","og_url":"https:\/\/lospoliticosveracruz.com\/?p=37411","og_site_name":"Los pol\u00edticos Veracruz","article_publisher":"https:\/\/www.facebook.com\/people\/Notimemes-de-los-Polticos\/61565672886568\/","article_published_time":"2017-10-30T16:33:41+00:00","og_image":[{"width":200,"height":200,"url":"https:\/\/lospoliticosveracruz.com\/wp-content\/uploads\/2016\/07\/Logo-Dor.jpg","type":"image\/jpeg"}],"author":"Lo viste en Los Pol\u00edticos","twitter_card":"summary_large_image","twitter_creator":"@LosPoliticosVer","twitter_site":"@LosPoliticosVer","twitter_misc":{"Escrito por":"Lo viste en Los Pol\u00edticos","Tiempo de lectura":"4 minutos"},"schema":{"@context":"https:\/\/schema.org","@graph":[{"@type":"Article","@id":"https:\/\/lospoliticosveracruz.com\/?p=37411#article","isPartOf":{"@id":"https:\/\/lospoliticosveracruz.com\/?p=37411"},"author":{"name":"Lo viste en Los Pol\u00edticos","@id":"https:\/\/lospoliticosveracruz.com\/#\/schema\/person\/b8702bb0e538456e6efd07080bf2a4a2"},"headline":"UV y la autonom\u00eda financiera","datePublished":"2017-10-30T16:33:41+00:00","mainEntityOfPage":{"@id":"https:\/\/lospoliticosveracruz.com\/?p=37411"},"wordCount":743,"commentCount":0,"publisher":{"@id":"https:\/\/lospoliticosveracruz.com\/#organization"},"keywords":["Javier Duarte","Miguel Angel Yunes Linares","Sara Ladr\u00f3n de Guevara","Universidad Veracruzana"],"articleSection":["De Opini\u00f3n"],"inLanguage":"es","potentialAction":[{"@type":"CommentAction","name":"Comment","target":["https:\/\/lospoliticosveracruz.com\/?p=37411#respond"]}]},{"@type":"WebPage","@id":"https:\/\/lospoliticosveracruz.com\/?p=37411","url":"https:\/\/lospoliticosveracruz.com\/?p=37411","name":"UV y la autonom\u00eda financiera - Los pol\u00edticos Veracruz","isPartOf":{"@id":"https:\/\/lospoliticosveracruz.com\/#website"},"datePublished":"2017-10-30T16:33:41+00:00","breadcrumb":{"@id":"https:\/\/lospoliticosveracruz.com\/?p=37411#breadcrumb"},"inLanguage":"es","potentialAction":[{"@type":"ReadAction","target":["https:\/\/lospoliticosveracruz.com\/?p=37411"]}]},{"@type":"BreadcrumbList","@id":"https:\/\/lospoliticosveracruz.com\/?p=37411#breadcrumb","itemListElement":[{"@type":"ListItem","position":1,"name":"Portada","item":"https:\/\/lospoliticosveracruz.com\/"},{"@type":"ListItem","position":2,"name":"UV y la autonom\u00eda financiera"}]},{"@type":"WebSite","@id":"https:\/\/lospoliticosveracruz.com\/#website","url":"https:\/\/lospoliticosveracruz.com\/","name":"Los pol\u00edticos Veracruz","description":"","publisher":{"@id":"https:\/\/lospoliticosveracruz.com\/#organization"},"potentialAction":[{"@type":"SearchAction","target":{"@type":"EntryPoint","urlTemplate":"https:\/\/lospoliticosveracruz.com\/?s={search_term_string}"},"query-input":{"@type":"PropertyValueSpecification","valueRequired":true,"valueName":"search_term_string"}}],"inLanguage":"es"},{"@type":"Organization","@id":"https:\/\/lospoliticosveracruz.com\/#organization","name":"Los pol\u00edticos Veracruz","url":"https:\/\/lospoliticosveracruz.com\/","logo":{"@type":"ImageObject","inLanguage":"es","@id":"https:\/\/lospoliticosveracruz.com\/#\/schema\/logo\/image\/","url":"https:\/\/lospoliticosveracruz.com\/wp-content\/uploads\/2025\/12\/Logo-Nuevo-LOS-POLITICOS-1.jpg","contentUrl":"https:\/\/lospoliticosveracruz.com\/wp-content\/uploads\/2025\/12\/Logo-Nuevo-LOS-POLITICOS-1.jpg","width":260,"height":70,"caption":"Los pol\u00edticos Veracruz"},"image":{"@id":"https:\/\/lospoliticosveracruz.com\/#\/schema\/logo\/image\/"},"sameAs":["https:\/\/www.facebook.com\/people\/Notimemes-de-los-Polticos\/61565672886568\/","https:\/\/x.com\/LosPoliticosVer"]},{"@type":"Person","@id":"https:\/\/lospoliticosveracruz.com\/#\/schema\/person\/b8702bb0e538456e6efd07080bf2a4a2","name":"Lo viste en Los Pol\u00edticos","image":{"@type":"ImageObject","inLanguage":"es","@id":"https:\/\/secure.gravatar.com\/avatar\/3a8de04a2656d44082be478bd6c086daa447c4651605818287b9532d3d0bd435?s=96&d=mm&r=g","url":"https:\/\/secure.gravatar.com\/avatar\/3a8de04a2656d44082be478bd6c086daa447c4651605818287b9532d3d0bd435?s=96&d=mm&r=g","contentUrl":"https:\/\/secure.gravatar.com\/avatar\/3a8de04a2656d44082be478bd6c086daa447c4651605818287b9532d3d0bd435?s=96&d=mm&r=g","caption":"Lo viste en Los Pol\u00edticos"},"url":"https:\/\/lospoliticosveracruz.com\/?author=2"}]}},"_links":{"self":[{"href":"https:\/\/lospoliticosveracruz.com\/index.php?rest_route=\/wp\/v2\/posts\/37411","targetHints":{"allow":["GET"]}}],"collection":[{"href":"https:\/\/lospoliticosveracruz.com\/index.php?rest_route=\/wp\/v2\/posts"}],"about":[{"href":"https:\/\/lospoliticosveracruz.com\/index.php?rest_route=\/wp\/v2\/types\/post"}],"author":[{"embeddable":true,"href":"https:\/\/lospoliticosveracruz.com\/index.php?rest_route=\/wp\/v2\/users\/2"}],"replies":[{"embeddable":true,"href":"https:\/\/lospoliticosveracruz.com\/index.php?rest_route=%2Fwp%2Fv2%2Fcomments&post=37411"}],"version-history":[{"count":1,"href":"https:\/\/lospoliticosveracruz.com\/index.php?rest_route=\/wp\/v2\/posts\/37411\/revisions"}],"predecessor-version":[{"id":37412,"href":"https:\/\/lospoliticosveracruz.com\/index.php?rest_route=\/wp\/v2\/posts\/37411\/revisions\/37412"}],"wp:attachment":[{"href":"https:\/\/lospoliticosveracruz.com\/index.php?rest_route=%2Fwp%2Fv2%2Fmedia&parent=37411"}],"wp:term":[{"taxonomy":"category","embeddable":true,"href":"https:\/\/lospoliticosveracruz.com\/index.php?rest_route=%2Fwp%2Fv2%2Fcategories&post=37411"},{"taxonomy":"post_tag","embeddable":true,"href":"https:\/\/lospoliticosveracruz.com\/index.php?rest_route=%2Fwp%2Fv2%2Ftags&post=37411"}],"curies":[{"name":"wp","href":"https:\/\/api.w.org\/{rel}","templated":true}]}}