{"id":37413,"date":"2017-10-30T10:47:04","date_gmt":"2017-10-30T16:47:04","guid":{"rendered":"http:\/\/www.lospoliticosveracruz.com.mx\/?p=37413"},"modified":"2017-10-30T10:54:27","modified_gmt":"2017-10-30T16:54:27","slug":"la-catrina-las-calaveras-y-los-muertos-en-vida","status":"publish","type":"post","link":"https:\/\/lospoliticosveracruz.com\/?p=37413","title":{"rendered":"La Catrina, las calaveras, y los muertos en vida"},"content":{"rendered":"<div style=\"text-align: left;\" align=\"center\"><strong><span style=\"font-family: Arial, sans-serif;\"><span lang=\"es-MX\">Ricardo V\u00e1zquez Salazar\u00a0\/ Imagen: FotoJarocha<\/span><\/span><\/strong><\/div>\n<div style=\"text-align: left;\" align=\"center\"><em><span style=\"font-family: Arial, sans-serif;\">Esfera Pol\u00edtica<\/span><\/em><\/div>\n<div style=\"text-align: left;\" align=\"center\"><\/div>\n<div style=\"text-align: left;\" align=\"center\"><\/div>\n<div style=\"text-align: left;\" align=\"center\"><\/div>\n<div style=\"text-align: left;\" align=\"center\"><b><\/b><span style=\"font-family: Arial, sans-serif;\"><span lang=\"es-MX\">Las celebraciones de Todos Santos y Fieles Difuntos ya est\u00e1n en curso. La Catrina, la Calavera Garbancera, longeva, cumple 117 a\u00f1os de haber sido creada por Jos\u00e9 Guadalupe Posada. La imagen mexicana por excelencia sobre la muerte vuelve a aparecer por doquier, estar\u00e1 acompa\u00f1ada por las calaveras literarias, dedicadas a actores pol\u00edticos de distinto calibre, hoy m\u00e1s que nunca material hay de sobra, m\u00e1s en la entidad veracruzana por todo lo acontecido en los \u00faltimos 12 a\u00f1os.\u00a0 \u00a0<\/span><\/span><\/div>\n<div align=\"justify\"><span style=\"font-family: Arial, sans-serif;\"><span lang=\"es-MX\">Hay de muertos a muertos. El tema que mantiene por segunda semana acaparada la atenci\u00f3n de los mexicanos es la falta de titulares: en la Procuradur\u00eda General de la Rep\u00fablica, PGR, para convertirse en Fiscal\u00eda General de la Naci\u00f3n, y la Fiscal\u00eda Anticorrupci\u00f3n, ambos pendientes postergados a\u00f1o tras a\u00f1o en el Senado de la Rep\u00fablica, y para completar el cuadro el esc\u00e1ndalo reciente en la Fiscal\u00eda Electoral, tres instancias fundamentales para vivir en Estado de Derecho en todo pa\u00eds democr\u00e1tico. \u201cSi el tiempo es lo m\u00e1s caro, la p\u00e9rdida de tiempo es el mayor de los derroches\u201d, apunt\u00f3 Benjam\u00edn Franklin.<\/span><\/span><\/div>\n<div align=\"justify\"><span style=\"font-family: Arial, sans-serif;\"><span lang=\"es-MX\">Las planas escritas valieron la pena, vaya que si le funcion\u00f3 el mantra a Karime, obtuvo abundancia econ\u00f3mica en palabras mayores, aunque se qued\u00f3 sin n\u00facleo familiar y pobre en amigos, \u00a1qu\u00e9 importa eso! Su mayor inter\u00e9s se centra en el billete grande, el que arrebat\u00f3 a los veracruzanos; dinero intocable, irrecuperable. En la actualidad su caligraf\u00eda debe estar \u00a0enfocada en conseguir otro objetivo: el asilo, por declararse perseguida pol\u00edtica.<\/span><\/span><\/div>\n<div align=\"justify\"><span style=\"font-family: Arial, sans-serif;\"><span lang=\"es-MX\">A Karime no la persiguen los vivos. No sabemos si la persiguen los muertos. Entorno que nos conduce a pensar, \u00a1qu\u00e9 m\u00e1s nos queda a los veracruzanos! Si los responsables del desastre que dej\u00f3 una estela de muerte en Veracruz se declaran v\u00edctimas, dicen tener la conciencia tranquila, recibieron herencia o se sacaron la loter\u00eda. Lo \u00fanico que resta es hacer composiciones en rima, sat\u00edricas, cr\u00edticas en tono burlesco, en las que se podr\u00e1 hace referencia a las atrocidades cometidas en las dos anteriores administraciones estatales, custodiadas por la impunidad preconcebida. \u00a0\u00a0<\/span><\/span><\/div>\n<div align=\"justify\"><span style=\"font-family: Arial, sans-serif;\"><span lang=\"es-MX\">\u201cEst\u00e1 libre con el dinero de los veracruzanos\u201d, es la expresi\u00f3n adjunta a la fotograf\u00eda de karime Mac\u00edas de Duarte, en el portal Change.org. Alrededor de 9 mil personas han firmado la petici\u00f3n dirigida al Parlamento brit\u00e1nico para que le sea negado el asilo pol\u00edtico a Karime, exigencia con el t\u00edtulo: \u201cUK Home Office: Deny asylum to corrupt Duarte\u2019s wife\u201d -Ministerio del Interior del Reino Unido: Nieguen el asilo a la esposa corrupta de Duarte-.<\/span><\/span><\/div>\n<div align=\"justify\"><span style=\"font-family: Arial, sans-serif;\"><span lang=\"es-MX\">Insistimos en que las solicitudes de asilo no han de estar limitadas a una sola naci\u00f3n como se est\u00e1 tratando el asunto. Adem\u00e1s de Gran Breta\u00f1a, la ex primera dama veracruzana, con sus colaboradores y asesores, que los debe tener, faltaba m\u00e1s, si lo que le sobra es dinero, deben estar contemplando otros pa\u00edses, porque saben que no pueden estar sujetos solamente a uno, lo que hace extenso el abanico de posibilidades de lograr el asilo. \u00a0\u00a0\u00a0\u00a0\u00a0\u00a0\u00a0\u00a0<\/span><\/span><\/div>\n<div align=\"justify\"><span style=\"font-family: Arial, sans-serif;\"><span lang=\"es-MX\">La lucha anticorrupci\u00f3n est\u00e1 en marcha, s\u00ed, en Brasil, Per\u00fa, Espa\u00f1a, Estados Unidos. Investigaciones sobre la mezcla de recursos il\u00edcitos con acuerdos en lo oscurito y asuntos electorales han conducido a las autoridades a proceder de inmediato. En nuestro pa\u00eds la PGR hace lo que puede, con las limitaciones que marca la Constituci\u00f3n al encargado de despacho de esa instituci\u00f3n; faltar\u00edan adem\u00e1s las acciones de las otras dos terceras partes: la Anticorrupci\u00f3n y la Electoral. \u00a0\u00a0\u00a0\u00a0<\/span><\/span><\/div>\n<div align=\"justify\"><span style=\"font-family: Arial, sans-serif;\"><span lang=\"es-MX\">\u201cEs viernes y adem\u00e1s hay futbol\u201d parecen decir todos los d\u00edas los senadores.<\/span><\/span><\/div>\n<p><a href=\"mailto:rvazquez002@yahoo.com.mx\" target=\"_blank\" rel=\"noopener noreferrer\"><span style=\"font-family: 'Times New Roman', serif; font-size: medium;\"><span style=\"font-family: Arial, sans-serif;\"><span lang=\"es-MX\">rvazquez002@yahoo.com.mx<\/span><\/span><\/span><\/a><\/p>\n","protected":false},"excerpt":{"rendered":"<p>Ricardo V\u00e1zquez Salazar\u00a0\/ Imagen: FotoJarocha Esfera Pol\u00edtica Las celebraciones de Todos Santos y Fieles Difuntos ya est\u00e1n en curso. La Catrina, la Calavera Garbancera, longeva, cumple 117 a\u00f1os de haber sido creada por Jos\u00e9 Guadalupe Posada. La imagen mexicana por excelencia sobre la muerte vuelve a aparecer por doquier, estar\u00e1 acompa\u00f1ada por las calaveras literarias, [&hellip;]<\/p>\n","protected":false},"author":2,"featured_media":0,"comment_status":"open","ping_status":"open","sticky":false,"template":"","format":"standard","meta":{"tdm_status":"","tdm_grid_status":"","footnotes":""},"categories":[70],"tags":[10014,789,10013,10015],"class_list":{"0":"post-37413","1":"post","2":"type-post","3":"status-publish","4":"format-standard","6":"category-de-opinion","7":"tag-jose-guadalupe-posada","8":"tag-karime-macias","9":"tag-la-catrina","10":"tag-procuraduria-general-del-republica"},"yoast_head":"<!-- This site is optimized with the Yoast SEO plugin v27.4 - https:\/\/yoast.com\/product\/yoast-seo-wordpress\/ -->\n<title>La Catrina, las calaveras, y los muertos en vida - Los pol\u00edticos Veracruz<\/title>\n<meta name=\"robots\" content=\"index, follow, max-snippet:-1, max-image-preview:large, max-video-preview:-1\" \/>\n<link rel=\"canonical\" href=\"https:\/\/lospoliticosveracruz.com\/?p=37413\" \/>\n<meta property=\"og:locale\" content=\"es_ES\" \/>\n<meta property=\"og:type\" content=\"article\" \/>\n<meta property=\"og:title\" content=\"La Catrina, las calaveras, y los muertos en vida - Los pol\u00edticos Veracruz\" \/>\n<meta property=\"og:description\" content=\"Ricardo V\u00e1zquez Salazar\u00a0\/ Imagen: FotoJarocha Esfera Pol\u00edtica Las celebraciones de Todos Santos y Fieles Difuntos ya est\u00e1n en curso. La Catrina, la Calavera Garbancera, longeva, cumple 117 a\u00f1os de haber sido creada por Jos\u00e9 Guadalupe Posada. La imagen mexicana por excelencia sobre la muerte vuelve a aparecer por doquier, estar\u00e1 acompa\u00f1ada por las calaveras literarias, [&hellip;]\" \/>\n<meta property=\"og:url\" content=\"https:\/\/lospoliticosveracruz.com\/?p=37413\" \/>\n<meta property=\"og:site_name\" content=\"Los pol\u00edticos Veracruz\" \/>\n<meta property=\"article:publisher\" content=\"https:\/\/www.facebook.com\/people\/Notimemes-de-los-Polticos\/61565672886568\/\" \/>\n<meta property=\"article:published_time\" content=\"2017-10-30T16:47:04+00:00\" \/>\n<meta property=\"article:modified_time\" content=\"2017-10-30T16:54:27+00:00\" \/>\n<meta property=\"og:image\" content=\"https:\/\/lospoliticosveracruz.com\/wp-content\/uploads\/2016\/07\/Logo-Dor.jpg\" \/>\n\t<meta property=\"og:image:width\" content=\"200\" \/>\n\t<meta property=\"og:image:height\" content=\"200\" \/>\n\t<meta property=\"og:image:type\" content=\"image\/jpeg\" \/>\n<meta name=\"author\" content=\"Lo viste en Los Pol\u00edticos\" \/>\n<meta name=\"twitter:card\" content=\"summary_large_image\" \/>\n<meta name=\"twitter:creator\" content=\"@LosPoliticosVer\" \/>\n<meta name=\"twitter:site\" content=\"@LosPoliticosVer\" \/>\n<meta name=\"twitter:label1\" content=\"Escrito por\" \/>\n\t<meta name=\"twitter:data1\" content=\"Lo viste en Los Pol\u00edticos\" \/>\n\t<meta name=\"twitter:label2\" content=\"Tiempo de lectura\" \/>\n\t<meta name=\"twitter:data2\" content=\"3 minutos\" \/>\n<script type=\"application\/ld+json\" class=\"yoast-schema-graph\">{\"@context\":\"https:\\\/\\\/schema.org\",\"@graph\":[{\"@type\":\"Article\",\"@id\":\"https:\\\/\\\/lospoliticosveracruz.com\\\/?p=37413#article\",\"isPartOf\":{\"@id\":\"https:\\\/\\\/lospoliticosveracruz.com\\\/?p=37413\"},\"author\":{\"name\":\"Lo viste en Los Pol\u00edticos\",\"@id\":\"https:\\\/\\\/lospoliticosveracruz.com\\\/#\\\/schema\\\/person\\\/b8702bb0e538456e6efd07080bf2a4a2\"},\"headline\":\"La Catrina, las calaveras, y los muertos en vida\",\"datePublished\":\"2017-10-30T16:47:04+00:00\",\"dateModified\":\"2017-10-30T16:54:27+00:00\",\"mainEntityOfPage\":{\"@id\":\"https:\\\/\\\/lospoliticosveracruz.com\\\/?p=37413\"},\"wordCount\":655,\"commentCount\":0,\"publisher\":{\"@id\":\"https:\\\/\\\/lospoliticosveracruz.com\\\/#organization\"},\"keywords\":[\"Jos\u00e9 Guadalupe Posada\",\"Karime Mac\u00edas\",\"La Catrina\",\"Procuradur\u00eda General del Rep\u00fablica\"],\"articleSection\":[\"De Opini\u00f3n\"],\"inLanguage\":\"es\",\"potentialAction\":[{\"@type\":\"CommentAction\",\"name\":\"Comment\",\"target\":[\"https:\\\/\\\/lospoliticosveracruz.com\\\/?p=37413#respond\"]}]},{\"@type\":\"WebPage\",\"@id\":\"https:\\\/\\\/lospoliticosveracruz.com\\\/?p=37413\",\"url\":\"https:\\\/\\\/lospoliticosveracruz.com\\\/?p=37413\",\"name\":\"La Catrina, las calaveras, y los muertos en vida - Los pol\u00edticos Veracruz\",\"isPartOf\":{\"@id\":\"https:\\\/\\\/lospoliticosveracruz.com\\\/#website\"},\"datePublished\":\"2017-10-30T16:47:04+00:00\",\"dateModified\":\"2017-10-30T16:54:27+00:00\",\"breadcrumb\":{\"@id\":\"https:\\\/\\\/lospoliticosveracruz.com\\\/?p=37413#breadcrumb\"},\"inLanguage\":\"es\",\"potentialAction\":[{\"@type\":\"ReadAction\",\"target\":[\"https:\\\/\\\/lospoliticosveracruz.com\\\/?p=37413\"]}]},{\"@type\":\"BreadcrumbList\",\"@id\":\"https:\\\/\\\/lospoliticosveracruz.com\\\/?p=37413#breadcrumb\",\"itemListElement\":[{\"@type\":\"ListItem\",\"position\":1,\"name\":\"Portada\",\"item\":\"https:\\\/\\\/lospoliticosveracruz.com\\\/\"},{\"@type\":\"ListItem\",\"position\":2,\"name\":\"La Catrina, las calaveras, y los muertos en vida\"}]},{\"@type\":\"WebSite\",\"@id\":\"https:\\\/\\\/lospoliticosveracruz.com\\\/#website\",\"url\":\"https:\\\/\\\/lospoliticosveracruz.com\\\/\",\"name\":\"Los pol\u00edticos Veracruz\",\"description\":\"\",\"publisher\":{\"@id\":\"https:\\\/\\\/lospoliticosveracruz.com\\\/#organization\"},\"potentialAction\":[{\"@type\":\"SearchAction\",\"target\":{\"@type\":\"EntryPoint\",\"urlTemplate\":\"https:\\\/\\\/lospoliticosveracruz.com\\\/?s={search_term_string}\"},\"query-input\":{\"@type\":\"PropertyValueSpecification\",\"valueRequired\":true,\"valueName\":\"search_term_string\"}}],\"inLanguage\":\"es\"},{\"@type\":\"Organization\",\"@id\":\"https:\\\/\\\/lospoliticosveracruz.com\\\/#organization\",\"name\":\"Los pol\u00edticos Veracruz\",\"url\":\"https:\\\/\\\/lospoliticosveracruz.com\\\/\",\"logo\":{\"@type\":\"ImageObject\",\"inLanguage\":\"es\",\"@id\":\"https:\\\/\\\/lospoliticosveracruz.com\\\/#\\\/schema\\\/logo\\\/image\\\/\",\"url\":\"https:\\\/\\\/lospoliticosveracruz.com\\\/wp-content\\\/uploads\\\/2025\\\/12\\\/Logo-Nuevo-LOS-POLITICOS-1.jpg\",\"contentUrl\":\"https:\\\/\\\/lospoliticosveracruz.com\\\/wp-content\\\/uploads\\\/2025\\\/12\\\/Logo-Nuevo-LOS-POLITICOS-1.jpg\",\"width\":260,\"height\":70,\"caption\":\"Los pol\u00edticos Veracruz\"},\"image\":{\"@id\":\"https:\\\/\\\/lospoliticosveracruz.com\\\/#\\\/schema\\\/logo\\\/image\\\/\"},\"sameAs\":[\"https:\\\/\\\/www.facebook.com\\\/people\\\/Notimemes-de-los-Polticos\\\/61565672886568\\\/\",\"https:\\\/\\\/x.com\\\/LosPoliticosVer\"]},{\"@type\":\"Person\",\"@id\":\"https:\\\/\\\/lospoliticosveracruz.com\\\/#\\\/schema\\\/person\\\/b8702bb0e538456e6efd07080bf2a4a2\",\"name\":\"Lo viste en Los Pol\u00edticos\",\"image\":{\"@type\":\"ImageObject\",\"inLanguage\":\"es\",\"@id\":\"https:\\\/\\\/secure.gravatar.com\\\/avatar\\\/3a8de04a2656d44082be478bd6c086daa447c4651605818287b9532d3d0bd435?s=96&d=mm&r=g\",\"url\":\"https:\\\/\\\/secure.gravatar.com\\\/avatar\\\/3a8de04a2656d44082be478bd6c086daa447c4651605818287b9532d3d0bd435?s=96&d=mm&r=g\",\"contentUrl\":\"https:\\\/\\\/secure.gravatar.com\\\/avatar\\\/3a8de04a2656d44082be478bd6c086daa447c4651605818287b9532d3d0bd435?s=96&d=mm&r=g\",\"caption\":\"Lo viste en Los Pol\u00edticos\"},\"url\":\"https:\\\/\\\/lospoliticosveracruz.com\\\/?author=2\"}]}<\/script>\n<!-- \/ Yoast SEO plugin. -->","yoast_head_json":{"title":"La Catrina, las calaveras, y los muertos en vida - Los pol\u00edticos Veracruz","robots":{"index":"index","follow":"follow","max-snippet":"max-snippet:-1","max-image-preview":"max-image-preview:large","max-video-preview":"max-video-preview:-1"},"canonical":"https:\/\/lospoliticosveracruz.com\/?p=37413","og_locale":"es_ES","og_type":"article","og_title":"La Catrina, las calaveras, y los muertos en vida - Los pol\u00edticos Veracruz","og_description":"Ricardo V\u00e1zquez Salazar\u00a0\/ Imagen: FotoJarocha Esfera Pol\u00edtica Las celebraciones de Todos Santos y Fieles Difuntos ya est\u00e1n en curso. La Catrina, la Calavera Garbancera, longeva, cumple 117 a\u00f1os de haber sido creada por Jos\u00e9 Guadalupe Posada. La imagen mexicana por excelencia sobre la muerte vuelve a aparecer por doquier, estar\u00e1 acompa\u00f1ada por las calaveras literarias, [&hellip;]","og_url":"https:\/\/lospoliticosveracruz.com\/?p=37413","og_site_name":"Los pol\u00edticos Veracruz","article_publisher":"https:\/\/www.facebook.com\/people\/Notimemes-de-los-Polticos\/61565672886568\/","article_published_time":"2017-10-30T16:47:04+00:00","article_modified_time":"2017-10-30T16:54:27+00:00","og_image":[{"width":200,"height":200,"url":"https:\/\/lospoliticosveracruz.com\/wp-content\/uploads\/2016\/07\/Logo-Dor.jpg","type":"image\/jpeg"}],"author":"Lo viste en Los Pol\u00edticos","twitter_card":"summary_large_image","twitter_creator":"@LosPoliticosVer","twitter_site":"@LosPoliticosVer","twitter_misc":{"Escrito por":"Lo viste en Los Pol\u00edticos","Tiempo de lectura":"3 minutos"},"schema":{"@context":"https:\/\/schema.org","@graph":[{"@type":"Article","@id":"https:\/\/lospoliticosveracruz.com\/?p=37413#article","isPartOf":{"@id":"https:\/\/lospoliticosveracruz.com\/?p=37413"},"author":{"name":"Lo viste en Los Pol\u00edticos","@id":"https:\/\/lospoliticosveracruz.com\/#\/schema\/person\/b8702bb0e538456e6efd07080bf2a4a2"},"headline":"La Catrina, las calaveras, y los muertos en vida","datePublished":"2017-10-30T16:47:04+00:00","dateModified":"2017-10-30T16:54:27+00:00","mainEntityOfPage":{"@id":"https:\/\/lospoliticosveracruz.com\/?p=37413"},"wordCount":655,"commentCount":0,"publisher":{"@id":"https:\/\/lospoliticosveracruz.com\/#organization"},"keywords":["Jos\u00e9 Guadalupe Posada","Karime Mac\u00edas","La Catrina","Procuradur\u00eda General del Rep\u00fablica"],"articleSection":["De Opini\u00f3n"],"inLanguage":"es","potentialAction":[{"@type":"CommentAction","name":"Comment","target":["https:\/\/lospoliticosveracruz.com\/?p=37413#respond"]}]},{"@type":"WebPage","@id":"https:\/\/lospoliticosveracruz.com\/?p=37413","url":"https:\/\/lospoliticosveracruz.com\/?p=37413","name":"La Catrina, las calaveras, y los muertos en vida - Los pol\u00edticos Veracruz","isPartOf":{"@id":"https:\/\/lospoliticosveracruz.com\/#website"},"datePublished":"2017-10-30T16:47:04+00:00","dateModified":"2017-10-30T16:54:27+00:00","breadcrumb":{"@id":"https:\/\/lospoliticosveracruz.com\/?p=37413#breadcrumb"},"inLanguage":"es","potentialAction":[{"@type":"ReadAction","target":["https:\/\/lospoliticosveracruz.com\/?p=37413"]}]},{"@type":"BreadcrumbList","@id":"https:\/\/lospoliticosveracruz.com\/?p=37413#breadcrumb","itemListElement":[{"@type":"ListItem","position":1,"name":"Portada","item":"https:\/\/lospoliticosveracruz.com\/"},{"@type":"ListItem","position":2,"name":"La Catrina, las calaveras, y los muertos en vida"}]},{"@type":"WebSite","@id":"https:\/\/lospoliticosveracruz.com\/#website","url":"https:\/\/lospoliticosveracruz.com\/","name":"Los pol\u00edticos Veracruz","description":"","publisher":{"@id":"https:\/\/lospoliticosveracruz.com\/#organization"},"potentialAction":[{"@type":"SearchAction","target":{"@type":"EntryPoint","urlTemplate":"https:\/\/lospoliticosveracruz.com\/?s={search_term_string}"},"query-input":{"@type":"PropertyValueSpecification","valueRequired":true,"valueName":"search_term_string"}}],"inLanguage":"es"},{"@type":"Organization","@id":"https:\/\/lospoliticosveracruz.com\/#organization","name":"Los pol\u00edticos Veracruz","url":"https:\/\/lospoliticosveracruz.com\/","logo":{"@type":"ImageObject","inLanguage":"es","@id":"https:\/\/lospoliticosveracruz.com\/#\/schema\/logo\/image\/","url":"https:\/\/lospoliticosveracruz.com\/wp-content\/uploads\/2025\/12\/Logo-Nuevo-LOS-POLITICOS-1.jpg","contentUrl":"https:\/\/lospoliticosveracruz.com\/wp-content\/uploads\/2025\/12\/Logo-Nuevo-LOS-POLITICOS-1.jpg","width":260,"height":70,"caption":"Los pol\u00edticos Veracruz"},"image":{"@id":"https:\/\/lospoliticosveracruz.com\/#\/schema\/logo\/image\/"},"sameAs":["https:\/\/www.facebook.com\/people\/Notimemes-de-los-Polticos\/61565672886568\/","https:\/\/x.com\/LosPoliticosVer"]},{"@type":"Person","@id":"https:\/\/lospoliticosveracruz.com\/#\/schema\/person\/b8702bb0e538456e6efd07080bf2a4a2","name":"Lo viste en Los Pol\u00edticos","image":{"@type":"ImageObject","inLanguage":"es","@id":"https:\/\/secure.gravatar.com\/avatar\/3a8de04a2656d44082be478bd6c086daa447c4651605818287b9532d3d0bd435?s=96&d=mm&r=g","url":"https:\/\/secure.gravatar.com\/avatar\/3a8de04a2656d44082be478bd6c086daa447c4651605818287b9532d3d0bd435?s=96&d=mm&r=g","contentUrl":"https:\/\/secure.gravatar.com\/avatar\/3a8de04a2656d44082be478bd6c086daa447c4651605818287b9532d3d0bd435?s=96&d=mm&r=g","caption":"Lo viste en Los Pol\u00edticos"},"url":"https:\/\/lospoliticosveracruz.com\/?author=2"}]}},"_links":{"self":[{"href":"https:\/\/lospoliticosveracruz.com\/index.php?rest_route=\/wp\/v2\/posts\/37413","targetHints":{"allow":["GET"]}}],"collection":[{"href":"https:\/\/lospoliticosveracruz.com\/index.php?rest_route=\/wp\/v2\/posts"}],"about":[{"href":"https:\/\/lospoliticosveracruz.com\/index.php?rest_route=\/wp\/v2\/types\/post"}],"author":[{"embeddable":true,"href":"https:\/\/lospoliticosveracruz.com\/index.php?rest_route=\/wp\/v2\/users\/2"}],"replies":[{"embeddable":true,"href":"https:\/\/lospoliticosveracruz.com\/index.php?rest_route=%2Fwp%2Fv2%2Fcomments&post=37413"}],"version-history":[{"count":2,"href":"https:\/\/lospoliticosveracruz.com\/index.php?rest_route=\/wp\/v2\/posts\/37413\/revisions"}],"predecessor-version":[{"id":37416,"href":"https:\/\/lospoliticosveracruz.com\/index.php?rest_route=\/wp\/v2\/posts\/37413\/revisions\/37416"}],"wp:attachment":[{"href":"https:\/\/lospoliticosveracruz.com\/index.php?rest_route=%2Fwp%2Fv2%2Fmedia&parent=37413"}],"wp:term":[{"taxonomy":"category","embeddable":true,"href":"https:\/\/lospoliticosveracruz.com\/index.php?rest_route=%2Fwp%2Fv2%2Fcategories&post=37413"},{"taxonomy":"post_tag","embeddable":true,"href":"https:\/\/lospoliticosveracruz.com\/index.php?rest_route=%2Fwp%2Fv2%2Ftags&post=37413"}],"curies":[{"name":"wp","href":"https:\/\/api.w.org\/{rel}","templated":true}]}}