{"id":37464,"date":"2017-10-31T22:55:07","date_gmt":"2017-11-01T04:55:07","guid":{"rendered":"http:\/\/www.lospoliticosveracruz.com.mx\/?p=37464"},"modified":"2017-10-31T21:12:02","modified_gmt":"2017-11-01T03:12:02","slug":"dia-de-muertos-3","status":"publish","type":"post","link":"https:\/\/lospoliticosveracruz.com\/?p=37464","title":{"rendered":"D\u00eda de muertos"},"content":{"rendered":"<p><strong>Salvador Mu\u00f1oz<\/strong><\/p>\n<p><em>Los Pol\u00edticos<\/em><\/p>\n<p>&nbsp;<\/p>\n<p>&nbsp;<\/p>\n<p>Hoy, por estas fechas, se rompe la l\u00f3gica del escritor Arthur Brisbane, quien sosten\u00eda que las puertas de un cementerio son una insensatez: \u201clos que est\u00e1n adentro, no pueden salir; los que est\u00e1n afuera, no quieren entrar\u201d.<\/p>\n<p>Y se rompe, porque gracias a nuestras tradiciones, damos a nuestros seres queridos que ya partieron, esa gracia para que vuelvan a nosotros, a convivir por un momento y por eso ponemos altares\u2026 o el sentido contrario; si ellos no vienen a nosotros, nosotros vamos a ellos y visitamos el camposanto donde reposan sus restos mortales, que para llevarles flores, comida, \u00a1hasta m\u00fasica! \u00a1vamos! hacemos una especie de picnic necrof\u00edlico, por esa extra\u00f1a fascinaci\u00f3n que tenemos a la muerte.<\/p>\n<p>Estos d\u00edas, en la infancia, eran propicios para que alrededor de una mesa, nos concentr\u00e1ramos escuchando las leyendas que nuestros abuelos, t\u00edas o mi madre nos platicaban\u2026<\/p>\n<p>Ya nos contaban que historia de aparecidos\u2026 \u00a1malhaya sea la cosa! hoy, los colectivos nos cuentan historias sus de desaparecidos del sexenio pasado, y a\u00fan los siguen buscando\u2026<\/p>\n<p>No pod\u00eda faltar la cl\u00e1sica leyenda de la Llorona\u2026 y hoy, en serio que duele ver a tantas madres como las de ayer, en la academia de Polic\u00eda de El Lencero, buscando a sus hijos. S\u00ed, no hay gritos, no hay necesidad de ellos para entender su dolor. Es incre\u00edble c\u00f3mo una leyenda puede ser rebasada por la realidad\u2026<\/p>\n<p>O bien, ya la t\u00eda contaba su encuentro con un fantasma, \u00a1pero hoy todav\u00eda nos espanta m\u00e1s c\u00f3mo hubo tanto robo con empresas fantasmas!<\/p>\n<p>\u00bfAlguna vez le contaron algo sobre un nagual? A m\u00ed me temblaban las corvas cuando ten\u00eda que cruzar alguna noche por la estaci\u00f3n del ferrocarril y el temor de encontrarme con un perro, un guajolote o un burro en medio de mi camino\u2026 explico: el nagual es una especie de brujo que puede cambiar su morfolog\u00eda en cualquier animal\u2026 no confundirlo con algunos de nuestros diputados que con una facilidad, cambian de Morena al PAN, del Verde al PRI, o del PRD al Juntos por Veracruz\u2026<\/p>\n<p>\u00a1Claro! No todo en D\u00eda de Muertos eran cuentos de espantos, aunque siendo sinceros, hoy nos espantan m\u00e1s nuestros pol\u00edticos con sus cuentos\u2026<\/p>\n<p>Lo m\u00e1s sabroso de estas festividades sin lugar a dudas, eran los altares llenos de suculentos platillos y por supuesto, no pod\u00eda faltar la rega\u00f1iza de la madre, de la t\u00eda, de la abuela si alguien osaba meter mano a las ofrendas\u2026 \u00a1c\u00f3mo les falt\u00f3 un pellizco de la abuela a los duartistas que se dieron gusto metiendo mano a las arcas!<\/p>\n<p>Y si hablamos de platillos, no podemos dejar de citar nuestros tamales que por cierto, \u00bfsab\u00edan que eran los favoritos del gobierno de Duarte? \u00a1Todo est\u00e1-mal! \u00a1todo est\u00e1-mal! \u00a1todo est\u00e1-mal!<\/p>\n<p>Hay quienes se quejan de que hoy en d\u00eda, en escuelas, en las casas, en los centros comerciales, \u00a1hasta en nuestros pol\u00edticos! se pondera m\u00e1s al Halloween que al D\u00eda de Muertos\u2026 ojal\u00e1 no, porque es mil veces m\u00e1s rico un tamal que un \u201cdulce o truco\u201d&#8230;<\/p>\n<p>Creo que nuestro D\u00eda de Muertos no tienen competencia con el Halloween, aunque si hablamos de pol\u00edtica, ah\u00ed s\u00ed pudiera decir que la tradici\u00f3n de los \u201cFideles Difuntos\u201d sucumbi\u00f3 en el 2016 con un PAN\u2026 de muerto.<\/p>\n<p>El de Hermanos V\u00e1zquez, gandalla<\/p>\n<p>Don Jaime Tirado Cabal, vecino de la calle Jaime Nun\u00f3, esquina Rafael Hern\u00e1ndez Ochoa, del fraccionamiento Loma Esmeralda, nos cuenta v\u00eda correo, que envi\u00f3 sendos archivos tanto a Am\u00e9rico Z\u00fa\u00f1iga Mart\u00ednez como a Hip\u00f3lito Rodr\u00edguez Herrero, donde plantea dos cosas: 1) la ampliaci\u00f3n de la casa de su vecino, Arturo V\u00e1zquez, propietario de la tienda de materiales Hermanos V\u00e1zquez, donde hizo una ventana y un balc\u00f3n que da hacia su terreno, lo que asegura don Jaime est\u00e1 prohibido en el reglamento de construcci\u00f3n, aunque quiz\u00e1s lo m\u00e1s grave sea el punto 2) el se\u00f1or Arturo V\u00e1zquez mostr\u00f3 agresividad cuando le reclam\u00f3 su proceder.<\/p>\n<p>Es por ello que don Jaime responsabiliza al se\u00f1or Arturo V\u00e1zquez y al alcalde Am\u00e9rico Z\u00fa\u00f1iga Mart\u00ednez por no atender las quejas presentadas por escrito los d\u00edas 19 , 23 y 27 de octubre de este a\u00f1o; a su vez, demanda aplicar el reglamento de construcci\u00f3n a Ram\u00f3n Hern\u00e1ndez Salas, director de Desarrollo Urbano y Medio Ambiente Municipal y a Juan Carlos Flores Andrade, subdirector de Desarrollo Urbano y Medio Ambiente municipal, \u201cpor no hacer que se aplique el reglamento de construcci\u00f3n y solapar esas violaciones que ya generaron que sea yo amenazado por el se\u00f1or Arturo V\u00e1zquez\u201d.<\/p>\n<p>Ojal\u00e1 haya pronta soluci\u00f3n para don Jaime.<\/p>\n<p>smcainito@gmail.com<\/p>\n","protected":false},"excerpt":{"rendered":"<p>Salvador Mu\u00f1oz Los Pol\u00edticos &nbsp; &nbsp; Hoy, por estas fechas, se rompe la l\u00f3gica del escritor Arthur Brisbane, quien sosten\u00eda que las puertas de un cementerio son una insensatez: \u201clos que est\u00e1n adentro, no pueden salir; los que est\u00e1n afuera, no quieren entrar\u201d. Y se rompe, porque gracias a nuestras tradiciones, damos a nuestros seres [&hellip;]<\/p>\n","protected":false},"author":2,"featured_media":0,"comment_status":"open","ping_status":"open","sticky":false,"template":"","format":"standard","meta":{"tdm_status":"","tdm_grid_status":"","footnotes":""},"categories":[70],"tags":[560,5686,3848,3890],"class_list":{"0":"post-37464","1":"post","2":"type-post","3":"status-publish","4":"format-standard","6":"category-de-opinion","7":"tag-dia-de-muertos","8":"tag-empresas-fantasma","9":"tag-fantasmas","10":"tag-la-llorona"},"yoast_head":"<!-- This site is optimized with the Yoast SEO plugin v27.4 - https:\/\/yoast.com\/product\/yoast-seo-wordpress\/ -->\n<title>D\u00eda de muertos - Los pol\u00edticos Veracruz<\/title>\n<meta name=\"robots\" content=\"index, follow, max-snippet:-1, max-image-preview:large, max-video-preview:-1\" \/>\n<link rel=\"canonical\" href=\"https:\/\/lospoliticosveracruz.com\/?p=37464\" \/>\n<meta property=\"og:locale\" content=\"es_ES\" \/>\n<meta property=\"og:type\" content=\"article\" \/>\n<meta property=\"og:title\" content=\"D\u00eda de muertos - Los pol\u00edticos Veracruz\" \/>\n<meta property=\"og:description\" content=\"Salvador Mu\u00f1oz Los Pol\u00edticos &nbsp; &nbsp; Hoy, por estas fechas, se rompe la l\u00f3gica del escritor Arthur Brisbane, quien sosten\u00eda que las puertas de un cementerio son una insensatez: \u201clos que est\u00e1n adentro, no pueden salir; los que est\u00e1n afuera, no quieren entrar\u201d. Y se rompe, porque gracias a nuestras tradiciones, damos a nuestros seres [&hellip;]\" \/>\n<meta property=\"og:url\" content=\"https:\/\/lospoliticosveracruz.com\/?p=37464\" \/>\n<meta property=\"og:site_name\" content=\"Los pol\u00edticos Veracruz\" \/>\n<meta property=\"article:publisher\" content=\"https:\/\/www.facebook.com\/people\/Notimemes-de-los-Polticos\/61565672886568\/\" \/>\n<meta property=\"article:published_time\" content=\"2017-11-01T04:55:07+00:00\" \/>\n<meta property=\"og:image\" content=\"https:\/\/lospoliticosveracruz.com\/wp-content\/uploads\/2016\/07\/Logo-Dor.jpg\" \/>\n\t<meta property=\"og:image:width\" content=\"200\" \/>\n\t<meta property=\"og:image:height\" content=\"200\" \/>\n\t<meta property=\"og:image:type\" content=\"image\/jpeg\" \/>\n<meta name=\"author\" content=\"Lo viste en Los Pol\u00edticos\" \/>\n<meta name=\"twitter:card\" content=\"summary_large_image\" \/>\n<meta name=\"twitter:creator\" content=\"@LosPoliticosVer\" \/>\n<meta name=\"twitter:site\" content=\"@LosPoliticosVer\" \/>\n<meta name=\"twitter:label1\" content=\"Escrito por\" \/>\n\t<meta name=\"twitter:data1\" content=\"Lo viste en Los Pol\u00edticos\" \/>\n\t<meta name=\"twitter:label2\" content=\"Tiempo de lectura\" \/>\n\t<meta name=\"twitter:data2\" content=\"4 minutos\" \/>\n<script type=\"application\/ld+json\" class=\"yoast-schema-graph\">{\"@context\":\"https:\\\/\\\/schema.org\",\"@graph\":[{\"@type\":\"Article\",\"@id\":\"https:\\\/\\\/lospoliticosveracruz.com\\\/?p=37464#article\",\"isPartOf\":{\"@id\":\"https:\\\/\\\/lospoliticosveracruz.com\\\/?p=37464\"},\"author\":{\"name\":\"Lo viste en Los Pol\u00edticos\",\"@id\":\"https:\\\/\\\/lospoliticosveracruz.com\\\/#\\\/schema\\\/person\\\/b8702bb0e538456e6efd07080bf2a4a2\"},\"headline\":\"D\u00eda de muertos\",\"datePublished\":\"2017-11-01T04:55:07+00:00\",\"mainEntityOfPage\":{\"@id\":\"https:\\\/\\\/lospoliticosveracruz.com\\\/?p=37464\"},\"wordCount\":835,\"commentCount\":0,\"publisher\":{\"@id\":\"https:\\\/\\\/lospoliticosveracruz.com\\\/#organization\"},\"keywords\":[\"D\u00eda de Muertos\",\"empresas fantasma\",\"fantasmas\",\"La Llorona\"],\"articleSection\":[\"De Opini\u00f3n\"],\"inLanguage\":\"es\",\"potentialAction\":[{\"@type\":\"CommentAction\",\"name\":\"Comment\",\"target\":[\"https:\\\/\\\/lospoliticosveracruz.com\\\/?p=37464#respond\"]}]},{\"@type\":\"WebPage\",\"@id\":\"https:\\\/\\\/lospoliticosveracruz.com\\\/?p=37464\",\"url\":\"https:\\\/\\\/lospoliticosveracruz.com\\\/?p=37464\",\"name\":\"D\u00eda de muertos - Los pol\u00edticos Veracruz\",\"isPartOf\":{\"@id\":\"https:\\\/\\\/lospoliticosveracruz.com\\\/#website\"},\"datePublished\":\"2017-11-01T04:55:07+00:00\",\"breadcrumb\":{\"@id\":\"https:\\\/\\\/lospoliticosveracruz.com\\\/?p=37464#breadcrumb\"},\"inLanguage\":\"es\",\"potentialAction\":[{\"@type\":\"ReadAction\",\"target\":[\"https:\\\/\\\/lospoliticosveracruz.com\\\/?p=37464\"]}]},{\"@type\":\"BreadcrumbList\",\"@id\":\"https:\\\/\\\/lospoliticosveracruz.com\\\/?p=37464#breadcrumb\",\"itemListElement\":[{\"@type\":\"ListItem\",\"position\":1,\"name\":\"Portada\",\"item\":\"https:\\\/\\\/lospoliticosveracruz.com\\\/\"},{\"@type\":\"ListItem\",\"position\":2,\"name\":\"D\u00eda de muertos\"}]},{\"@type\":\"WebSite\",\"@id\":\"https:\\\/\\\/lospoliticosveracruz.com\\\/#website\",\"url\":\"https:\\\/\\\/lospoliticosveracruz.com\\\/\",\"name\":\"Los pol\u00edticos Veracruz\",\"description\":\"\",\"publisher\":{\"@id\":\"https:\\\/\\\/lospoliticosveracruz.com\\\/#organization\"},\"potentialAction\":[{\"@type\":\"SearchAction\",\"target\":{\"@type\":\"EntryPoint\",\"urlTemplate\":\"https:\\\/\\\/lospoliticosveracruz.com\\\/?s={search_term_string}\"},\"query-input\":{\"@type\":\"PropertyValueSpecification\",\"valueRequired\":true,\"valueName\":\"search_term_string\"}}],\"inLanguage\":\"es\"},{\"@type\":\"Organization\",\"@id\":\"https:\\\/\\\/lospoliticosveracruz.com\\\/#organization\",\"name\":\"Los pol\u00edticos Veracruz\",\"url\":\"https:\\\/\\\/lospoliticosveracruz.com\\\/\",\"logo\":{\"@type\":\"ImageObject\",\"inLanguage\":\"es\",\"@id\":\"https:\\\/\\\/lospoliticosveracruz.com\\\/#\\\/schema\\\/logo\\\/image\\\/\",\"url\":\"https:\\\/\\\/lospoliticosveracruz.com\\\/wp-content\\\/uploads\\\/2025\\\/12\\\/Logo-Nuevo-LOS-POLITICOS-1.jpg\",\"contentUrl\":\"https:\\\/\\\/lospoliticosveracruz.com\\\/wp-content\\\/uploads\\\/2025\\\/12\\\/Logo-Nuevo-LOS-POLITICOS-1.jpg\",\"width\":260,\"height\":70,\"caption\":\"Los pol\u00edticos Veracruz\"},\"image\":{\"@id\":\"https:\\\/\\\/lospoliticosveracruz.com\\\/#\\\/schema\\\/logo\\\/image\\\/\"},\"sameAs\":[\"https:\\\/\\\/www.facebook.com\\\/people\\\/Notimemes-de-los-Polticos\\\/61565672886568\\\/\",\"https:\\\/\\\/x.com\\\/LosPoliticosVer\"]},{\"@type\":\"Person\",\"@id\":\"https:\\\/\\\/lospoliticosveracruz.com\\\/#\\\/schema\\\/person\\\/b8702bb0e538456e6efd07080bf2a4a2\",\"name\":\"Lo viste en Los Pol\u00edticos\",\"image\":{\"@type\":\"ImageObject\",\"inLanguage\":\"es\",\"@id\":\"https:\\\/\\\/secure.gravatar.com\\\/avatar\\\/3a8de04a2656d44082be478bd6c086daa447c4651605818287b9532d3d0bd435?s=96&d=mm&r=g\",\"url\":\"https:\\\/\\\/secure.gravatar.com\\\/avatar\\\/3a8de04a2656d44082be478bd6c086daa447c4651605818287b9532d3d0bd435?s=96&d=mm&r=g\",\"contentUrl\":\"https:\\\/\\\/secure.gravatar.com\\\/avatar\\\/3a8de04a2656d44082be478bd6c086daa447c4651605818287b9532d3d0bd435?s=96&d=mm&r=g\",\"caption\":\"Lo viste en Los Pol\u00edticos\"},\"url\":\"https:\\\/\\\/lospoliticosveracruz.com\\\/?author=2\"}]}<\/script>\n<!-- \/ Yoast SEO plugin. -->","yoast_head_json":{"title":"D\u00eda de muertos - Los pol\u00edticos Veracruz","robots":{"index":"index","follow":"follow","max-snippet":"max-snippet:-1","max-image-preview":"max-image-preview:large","max-video-preview":"max-video-preview:-1"},"canonical":"https:\/\/lospoliticosveracruz.com\/?p=37464","og_locale":"es_ES","og_type":"article","og_title":"D\u00eda de muertos - Los pol\u00edticos Veracruz","og_description":"Salvador Mu\u00f1oz Los Pol\u00edticos &nbsp; &nbsp; Hoy, por estas fechas, se rompe la l\u00f3gica del escritor Arthur Brisbane, quien sosten\u00eda que las puertas de un cementerio son una insensatez: \u201clos que est\u00e1n adentro, no pueden salir; los que est\u00e1n afuera, no quieren entrar\u201d. Y se rompe, porque gracias a nuestras tradiciones, damos a nuestros seres [&hellip;]","og_url":"https:\/\/lospoliticosveracruz.com\/?p=37464","og_site_name":"Los pol\u00edticos Veracruz","article_publisher":"https:\/\/www.facebook.com\/people\/Notimemes-de-los-Polticos\/61565672886568\/","article_published_time":"2017-11-01T04:55:07+00:00","og_image":[{"width":200,"height":200,"url":"https:\/\/lospoliticosveracruz.com\/wp-content\/uploads\/2016\/07\/Logo-Dor.jpg","type":"image\/jpeg"}],"author":"Lo viste en Los Pol\u00edticos","twitter_card":"summary_large_image","twitter_creator":"@LosPoliticosVer","twitter_site":"@LosPoliticosVer","twitter_misc":{"Escrito por":"Lo viste en Los Pol\u00edticos","Tiempo de lectura":"4 minutos"},"schema":{"@context":"https:\/\/schema.org","@graph":[{"@type":"Article","@id":"https:\/\/lospoliticosveracruz.com\/?p=37464#article","isPartOf":{"@id":"https:\/\/lospoliticosveracruz.com\/?p=37464"},"author":{"name":"Lo viste en Los Pol\u00edticos","@id":"https:\/\/lospoliticosveracruz.com\/#\/schema\/person\/b8702bb0e538456e6efd07080bf2a4a2"},"headline":"D\u00eda de muertos","datePublished":"2017-11-01T04:55:07+00:00","mainEntityOfPage":{"@id":"https:\/\/lospoliticosveracruz.com\/?p=37464"},"wordCount":835,"commentCount":0,"publisher":{"@id":"https:\/\/lospoliticosveracruz.com\/#organization"},"keywords":["D\u00eda de Muertos","empresas fantasma","fantasmas","La Llorona"],"articleSection":["De Opini\u00f3n"],"inLanguage":"es","potentialAction":[{"@type":"CommentAction","name":"Comment","target":["https:\/\/lospoliticosveracruz.com\/?p=37464#respond"]}]},{"@type":"WebPage","@id":"https:\/\/lospoliticosveracruz.com\/?p=37464","url":"https:\/\/lospoliticosveracruz.com\/?p=37464","name":"D\u00eda de muertos - Los pol\u00edticos Veracruz","isPartOf":{"@id":"https:\/\/lospoliticosveracruz.com\/#website"},"datePublished":"2017-11-01T04:55:07+00:00","breadcrumb":{"@id":"https:\/\/lospoliticosveracruz.com\/?p=37464#breadcrumb"},"inLanguage":"es","potentialAction":[{"@type":"ReadAction","target":["https:\/\/lospoliticosveracruz.com\/?p=37464"]}]},{"@type":"BreadcrumbList","@id":"https:\/\/lospoliticosveracruz.com\/?p=37464#breadcrumb","itemListElement":[{"@type":"ListItem","position":1,"name":"Portada","item":"https:\/\/lospoliticosveracruz.com\/"},{"@type":"ListItem","position":2,"name":"D\u00eda de muertos"}]},{"@type":"WebSite","@id":"https:\/\/lospoliticosveracruz.com\/#website","url":"https:\/\/lospoliticosveracruz.com\/","name":"Los pol\u00edticos Veracruz","description":"","publisher":{"@id":"https:\/\/lospoliticosveracruz.com\/#organization"},"potentialAction":[{"@type":"SearchAction","target":{"@type":"EntryPoint","urlTemplate":"https:\/\/lospoliticosveracruz.com\/?s={search_term_string}"},"query-input":{"@type":"PropertyValueSpecification","valueRequired":true,"valueName":"search_term_string"}}],"inLanguage":"es"},{"@type":"Organization","@id":"https:\/\/lospoliticosveracruz.com\/#organization","name":"Los pol\u00edticos Veracruz","url":"https:\/\/lospoliticosveracruz.com\/","logo":{"@type":"ImageObject","inLanguage":"es","@id":"https:\/\/lospoliticosveracruz.com\/#\/schema\/logo\/image\/","url":"https:\/\/lospoliticosveracruz.com\/wp-content\/uploads\/2025\/12\/Logo-Nuevo-LOS-POLITICOS-1.jpg","contentUrl":"https:\/\/lospoliticosveracruz.com\/wp-content\/uploads\/2025\/12\/Logo-Nuevo-LOS-POLITICOS-1.jpg","width":260,"height":70,"caption":"Los pol\u00edticos Veracruz"},"image":{"@id":"https:\/\/lospoliticosveracruz.com\/#\/schema\/logo\/image\/"},"sameAs":["https:\/\/www.facebook.com\/people\/Notimemes-de-los-Polticos\/61565672886568\/","https:\/\/x.com\/LosPoliticosVer"]},{"@type":"Person","@id":"https:\/\/lospoliticosveracruz.com\/#\/schema\/person\/b8702bb0e538456e6efd07080bf2a4a2","name":"Lo viste en Los Pol\u00edticos","image":{"@type":"ImageObject","inLanguage":"es","@id":"https:\/\/secure.gravatar.com\/avatar\/3a8de04a2656d44082be478bd6c086daa447c4651605818287b9532d3d0bd435?s=96&d=mm&r=g","url":"https:\/\/secure.gravatar.com\/avatar\/3a8de04a2656d44082be478bd6c086daa447c4651605818287b9532d3d0bd435?s=96&d=mm&r=g","contentUrl":"https:\/\/secure.gravatar.com\/avatar\/3a8de04a2656d44082be478bd6c086daa447c4651605818287b9532d3d0bd435?s=96&d=mm&r=g","caption":"Lo viste en Los Pol\u00edticos"},"url":"https:\/\/lospoliticosveracruz.com\/?author=2"}]}},"_links":{"self":[{"href":"https:\/\/lospoliticosveracruz.com\/index.php?rest_route=\/wp\/v2\/posts\/37464","targetHints":{"allow":["GET"]}}],"collection":[{"href":"https:\/\/lospoliticosveracruz.com\/index.php?rest_route=\/wp\/v2\/posts"}],"about":[{"href":"https:\/\/lospoliticosveracruz.com\/index.php?rest_route=\/wp\/v2\/types\/post"}],"author":[{"embeddable":true,"href":"https:\/\/lospoliticosveracruz.com\/index.php?rest_route=\/wp\/v2\/users\/2"}],"replies":[{"embeddable":true,"href":"https:\/\/lospoliticosveracruz.com\/index.php?rest_route=%2Fwp%2Fv2%2Fcomments&post=37464"}],"version-history":[{"count":1,"href":"https:\/\/lospoliticosveracruz.com\/index.php?rest_route=\/wp\/v2\/posts\/37464\/revisions"}],"predecessor-version":[{"id":37465,"href":"https:\/\/lospoliticosveracruz.com\/index.php?rest_route=\/wp\/v2\/posts\/37464\/revisions\/37465"}],"wp:attachment":[{"href":"https:\/\/lospoliticosveracruz.com\/index.php?rest_route=%2Fwp%2Fv2%2Fmedia&parent=37464"}],"wp:term":[{"taxonomy":"category","embeddable":true,"href":"https:\/\/lospoliticosveracruz.com\/index.php?rest_route=%2Fwp%2Fv2%2Fcategories&post=37464"},{"taxonomy":"post_tag","embeddable":true,"href":"https:\/\/lospoliticosveracruz.com\/index.php?rest_route=%2Fwp%2Fv2%2Ftags&post=37464"}],"curies":[{"name":"wp","href":"https:\/\/api.w.org\/{rel}","templated":true}]}}