{"id":37466,"date":"2017-11-01T09:24:26","date_gmt":"2017-11-01T15:24:26","guid":{"rendered":"http:\/\/www.lospoliticosveracruz.com.mx\/?p=37466"},"modified":"2017-11-01T09:24:26","modified_gmt":"2017-11-01T15:24:26","slug":"delincuencia-pobreza-corrupcion-y-desempleo-el-coctel-veracruzano","status":"publish","type":"post","link":"https:\/\/lospoliticosveracruz.com\/?p=37466","title":{"rendered":"Delincuencia, pobreza, corrupci\u00f3n y desempleo, el coctel veracruzano"},"content":{"rendered":"<div><b><\/b><strong>Luis Alberto Romero<\/strong><\/div>\n<div>\n<div><em>Hora Cero<\/em><\/div>\n<div><\/div>\n<div><\/div>\n<\/div>\n<div><\/div>\n<div>Todos los d\u00edas, desde hace a\u00f1os, los medios informativos veracruzanos han consignado la informaci\u00f3n derivada de hechos de car\u00e1cter delincuencial; la violencia que se registra en la entidad acapara los reflectores medi\u00e1ticos, debido a que se trata de noticias de alto impacto.<\/div>\n<div>Los temas de la inseguridad y la violencia tienen mucho eco, incluso m\u00e1s que los relacionados con el contexto pol\u00edtico y electoral, y que los problemas sociales que enfrenta Veracruz, como la pobreza y la alt\u00edsima corrupci\u00f3n gubernamental, por ejemplo.<\/div>\n<div>La actividad delincuencial, por su propia naturaleza, llama mucho la atenci\u00f3n; sin embargo, no es el \u00fanico problema de la entidad veracruzana: seis de cada diez habitantes de la entidad enfrentan rezago, marginaci\u00f3n y falta de recursos. Por si fuera poco, es Veracruz uno de los estados que m\u00e1s ha perdido empleos en los \u00faltimos a\u00f1os.<\/div>\n<div>El diario El Financiero da conocer este martes un trabajo sobre la creaci\u00f3n de plazas laborales en todo el pa\u00eds; establece que entre noviembre de 2012 y septiembre de 2017 en M\u00e9xico se afiliaron al Instituto Mexicano del Seguro Social 3 millones 980 mil trabajadores, la cifra m\u00e1s alta en la historia del IMSS.<\/div>\n<div>Casi la mitad de esos nuevos empleos, 1.6 millones, se generaron en la Ciudad de M\u00e9xico, Jalisco, Nuevo Le\u00f3n, Guanajuato y Estado de M\u00e9xico, aunque en ese rengl\u00f3n tambi\u00e9n sobresalen las entidades de Quer\u00e9taro y Quintana Roo.<\/div>\n<div>Lo lamentable es que entre las tres entidades que m\u00e1s han perdido espacios laborales se encuentra Veracruz.<\/div>\n<div>La entidad veracruzana es la segunda en el pa\u00eds donde m\u00e1s se perdieron empleos en los \u00faltimos cinco a\u00f1os. 25 mil afiliados veracruzanos al IMSS dejaron de cotizar. S\u00f3lo Campeche, que perdi\u00f3 31 mil plazas, tiene peores n\u00fameros que Veracruz. Tabasco ocupa el tercer lugar entre los estados con mayor p\u00e9rdida de empleos, con 18 mil puestos. Son tres entidades que resienten, como ninguna, la crisis de la industria petrolera.<\/div>\n<div>De igual manera, este martes, el Instituto Nacional de Estad\u00edstica, Geograf\u00eda e Inform\u00e1tica, Inegi, da a conocer el Indicador Trimestral de la Actividad Econ\u00f3mica Estatal durante el segundo trimestre del presente a\u00f1o, un instrumento a sirve para entender la evoluci\u00f3n de la econom\u00eda en las entidades.<\/div>\n<div>En el caso de Veracruz, ese indicador se ubica con una variaci\u00f3n de -1.2 por ciento con relaci\u00f3n al trimestre anterior, el primero de 2017, y de -1.0 por ciento con relaci\u00f3n al mistro trimestre de 2016.<\/div>\n<div>En ese ejercicio estad\u00edstico, la entidad veracruzana fue la sexta con los peores n\u00fameros en la actividad econ\u00f3mica, superando s\u00f3lo a Chiapas, Hidalgo, Oaxaca, Campeche y Tabasco.<\/div>\n<div>Por otro lado, en cuanto a la contribuci\u00f3n al crecimiento total real del Indicador Trimestral de la Actividad Econ\u00f3mica Estatal, Veracruz fue el cuarto con los peores n\u00fameros.<\/div>\n<div>Sin embargo, no todas las actividades econ\u00f3micas registran malos n\u00fameros: en el sector primario (agricultura, ganader\u00eda, pesca y desarrollo forestal), por ejemplo, Veracruz fue el d\u00e9cimo estado que m\u00e1s creci\u00f3 con relaci\u00f3n al mismo trimestre del a\u00f1o anterior, con un decoroso 4.5 por ciento.<\/div>\n<div>El problema viene con el sector secundario de la econom\u00eda (la industria), en el que Veracruz tuvo una reducci\u00f3n de 8.2 por ciento con relaci\u00f3n al primer trimestre del a\u00f1o, siendo el tercer estado que menos contribuy\u00f3 al desarrollo de esas actividades.<\/div>\n<div>Sin considerar la miner\u00eda petrolera, las actividades secundarias de Veracruz tuvieron una p\u00e9rdida de 7.9 por ciento.<\/div>\n<div>En el sector terciario (turismo y servicios) no hubo retroceso a comparaci\u00f3n con el trimestre anterior, pero Veracruz se ubic\u00f3 muy por debajo de la media nacional.<\/div>\n<div>Son estad\u00edsticas, la del empleo y la relacionada con la actividad econ\u00f3mica estatal, que nos dibujan la realidad de una entidad empobrecida, donde si bien existen inversiones, \u00e9stas no son suficientes para absorber a la mano de obra que no encuentra un espacio en el mercado laboral. @luisromero85<\/div>\n","protected":false},"excerpt":{"rendered":"<p>Luis Alberto Romero Hora Cero Todos los d\u00edas, desde hace a\u00f1os, los medios informativos veracruzanos han consignado la informaci\u00f3n derivada de hechos de car\u00e1cter delincuencial; la violencia que se registra en la entidad acapara los reflectores medi\u00e1ticos, debido a que se trata de noticias de alto impacto. Los temas de la inseguridad y la violencia [&hellip;]<\/p>\n","protected":false},"author":2,"featured_media":0,"comment_status":"open","ping_status":"open","sticky":false,"template":"","format":"standard","meta":{"tdm_status":"","tdm_grid_status":"","footnotes":""},"categories":[70],"tags":[7037,196,97,463],"class_list":{"0":"post-37466","1":"post","2":"type-post","3":"status-publish","4":"format-standard","6":"category-de-opinion","7":"tag-desempleo","8":"tag-inseguridad","9":"tag-pobreza","10":"tag-violencia"},"yoast_head":"<!-- This site is optimized with the Yoast SEO plugin v27.4 - https:\/\/yoast.com\/product\/yoast-seo-wordpress\/ -->\n<title>Delincuencia, pobreza, corrupci\u00f3n y desempleo, el coctel veracruzano - Los pol\u00edticos Veracruz<\/title>\n<meta name=\"robots\" content=\"index, follow, max-snippet:-1, max-image-preview:large, max-video-preview:-1\" \/>\n<link rel=\"canonical\" href=\"https:\/\/lospoliticosveracruz.com\/?p=37466\" \/>\n<meta property=\"og:locale\" content=\"es_ES\" \/>\n<meta property=\"og:type\" content=\"article\" \/>\n<meta property=\"og:title\" content=\"Delincuencia, pobreza, corrupci\u00f3n y desempleo, el coctel veracruzano - Los pol\u00edticos Veracruz\" \/>\n<meta property=\"og:description\" content=\"Luis Alberto Romero Hora Cero Todos los d\u00edas, desde hace a\u00f1os, los medios informativos veracruzanos han consignado la informaci\u00f3n derivada de hechos de car\u00e1cter delincuencial; la violencia que se registra en la entidad acapara los reflectores medi\u00e1ticos, debido a que se trata de noticias de alto impacto. Los temas de la inseguridad y la violencia [&hellip;]\" \/>\n<meta property=\"og:url\" content=\"https:\/\/lospoliticosveracruz.com\/?p=37466\" \/>\n<meta property=\"og:site_name\" content=\"Los pol\u00edticos Veracruz\" \/>\n<meta property=\"article:publisher\" content=\"https:\/\/www.facebook.com\/people\/Notimemes-de-los-Polticos\/61565672886568\/\" \/>\n<meta property=\"article:published_time\" content=\"2017-11-01T15:24:26+00:00\" \/>\n<meta property=\"og:image\" content=\"https:\/\/lospoliticosveracruz.com\/wp-content\/uploads\/2016\/07\/Logo-Dor.jpg\" \/>\n\t<meta property=\"og:image:width\" content=\"200\" \/>\n\t<meta property=\"og:image:height\" content=\"200\" \/>\n\t<meta property=\"og:image:type\" content=\"image\/jpeg\" \/>\n<meta name=\"author\" content=\"Lo viste en Los Pol\u00edticos\" \/>\n<meta name=\"twitter:card\" content=\"summary_large_image\" \/>\n<meta name=\"twitter:creator\" content=\"@LosPoliticosVer\" \/>\n<meta name=\"twitter:site\" content=\"@LosPoliticosVer\" \/>\n<meta name=\"twitter:label1\" content=\"Escrito por\" \/>\n\t<meta name=\"twitter:data1\" content=\"Lo viste en Los Pol\u00edticos\" \/>\n\t<meta name=\"twitter:label2\" content=\"Tiempo de lectura\" \/>\n\t<meta name=\"twitter:data2\" content=\"3 minutos\" \/>\n<script type=\"application\/ld+json\" class=\"yoast-schema-graph\">{\"@context\":\"https:\\\/\\\/schema.org\",\"@graph\":[{\"@type\":\"Article\",\"@id\":\"https:\\\/\\\/lospoliticosveracruz.com\\\/?p=37466#article\",\"isPartOf\":{\"@id\":\"https:\\\/\\\/lospoliticosveracruz.com\\\/?p=37466\"},\"author\":{\"name\":\"Lo viste en Los Pol\u00edticos\",\"@id\":\"https:\\\/\\\/lospoliticosveracruz.com\\\/#\\\/schema\\\/person\\\/b8702bb0e538456e6efd07080bf2a4a2\"},\"headline\":\"Delincuencia, pobreza, corrupci\u00f3n y desempleo, el coctel veracruzano\",\"datePublished\":\"2017-11-01T15:24:26+00:00\",\"mainEntityOfPage\":{\"@id\":\"https:\\\/\\\/lospoliticosveracruz.com\\\/?p=37466\"},\"wordCount\":696,\"commentCount\":0,\"publisher\":{\"@id\":\"https:\\\/\\\/lospoliticosveracruz.com\\\/#organization\"},\"keywords\":[\"Desempleo\",\"inseguridad\",\"pobreza\",\"violencia\"],\"articleSection\":[\"De Opini\u00f3n\"],\"inLanguage\":\"es\",\"potentialAction\":[{\"@type\":\"CommentAction\",\"name\":\"Comment\",\"target\":[\"https:\\\/\\\/lospoliticosveracruz.com\\\/?p=37466#respond\"]}]},{\"@type\":\"WebPage\",\"@id\":\"https:\\\/\\\/lospoliticosveracruz.com\\\/?p=37466\",\"url\":\"https:\\\/\\\/lospoliticosveracruz.com\\\/?p=37466\",\"name\":\"Delincuencia, pobreza, corrupci\u00f3n y desempleo, el coctel veracruzano - Los pol\u00edticos Veracruz\",\"isPartOf\":{\"@id\":\"https:\\\/\\\/lospoliticosveracruz.com\\\/#website\"},\"datePublished\":\"2017-11-01T15:24:26+00:00\",\"breadcrumb\":{\"@id\":\"https:\\\/\\\/lospoliticosveracruz.com\\\/?p=37466#breadcrumb\"},\"inLanguage\":\"es\",\"potentialAction\":[{\"@type\":\"ReadAction\",\"target\":[\"https:\\\/\\\/lospoliticosveracruz.com\\\/?p=37466\"]}]},{\"@type\":\"BreadcrumbList\",\"@id\":\"https:\\\/\\\/lospoliticosveracruz.com\\\/?p=37466#breadcrumb\",\"itemListElement\":[{\"@type\":\"ListItem\",\"position\":1,\"name\":\"Portada\",\"item\":\"https:\\\/\\\/lospoliticosveracruz.com\\\/\"},{\"@type\":\"ListItem\",\"position\":2,\"name\":\"Delincuencia, pobreza, corrupci\u00f3n y desempleo, el coctel veracruzano\"}]},{\"@type\":\"WebSite\",\"@id\":\"https:\\\/\\\/lospoliticosveracruz.com\\\/#website\",\"url\":\"https:\\\/\\\/lospoliticosveracruz.com\\\/\",\"name\":\"Los pol\u00edticos Veracruz\",\"description\":\"\",\"publisher\":{\"@id\":\"https:\\\/\\\/lospoliticosveracruz.com\\\/#organization\"},\"potentialAction\":[{\"@type\":\"SearchAction\",\"target\":{\"@type\":\"EntryPoint\",\"urlTemplate\":\"https:\\\/\\\/lospoliticosveracruz.com\\\/?s={search_term_string}\"},\"query-input\":{\"@type\":\"PropertyValueSpecification\",\"valueRequired\":true,\"valueName\":\"search_term_string\"}}],\"inLanguage\":\"es\"},{\"@type\":\"Organization\",\"@id\":\"https:\\\/\\\/lospoliticosveracruz.com\\\/#organization\",\"name\":\"Los pol\u00edticos Veracruz\",\"url\":\"https:\\\/\\\/lospoliticosveracruz.com\\\/\",\"logo\":{\"@type\":\"ImageObject\",\"inLanguage\":\"es\",\"@id\":\"https:\\\/\\\/lospoliticosveracruz.com\\\/#\\\/schema\\\/logo\\\/image\\\/\",\"url\":\"https:\\\/\\\/lospoliticosveracruz.com\\\/wp-content\\\/uploads\\\/2025\\\/12\\\/Logo-Nuevo-LOS-POLITICOS-1.jpg\",\"contentUrl\":\"https:\\\/\\\/lospoliticosveracruz.com\\\/wp-content\\\/uploads\\\/2025\\\/12\\\/Logo-Nuevo-LOS-POLITICOS-1.jpg\",\"width\":260,\"height\":70,\"caption\":\"Los pol\u00edticos Veracruz\"},\"image\":{\"@id\":\"https:\\\/\\\/lospoliticosveracruz.com\\\/#\\\/schema\\\/logo\\\/image\\\/\"},\"sameAs\":[\"https:\\\/\\\/www.facebook.com\\\/people\\\/Notimemes-de-los-Polticos\\\/61565672886568\\\/\",\"https:\\\/\\\/x.com\\\/LosPoliticosVer\"]},{\"@type\":\"Person\",\"@id\":\"https:\\\/\\\/lospoliticosveracruz.com\\\/#\\\/schema\\\/person\\\/b8702bb0e538456e6efd07080bf2a4a2\",\"name\":\"Lo viste en Los Pol\u00edticos\",\"image\":{\"@type\":\"ImageObject\",\"inLanguage\":\"es\",\"@id\":\"https:\\\/\\\/secure.gravatar.com\\\/avatar\\\/3a8de04a2656d44082be478bd6c086daa447c4651605818287b9532d3d0bd435?s=96&d=mm&r=g\",\"url\":\"https:\\\/\\\/secure.gravatar.com\\\/avatar\\\/3a8de04a2656d44082be478bd6c086daa447c4651605818287b9532d3d0bd435?s=96&d=mm&r=g\",\"contentUrl\":\"https:\\\/\\\/secure.gravatar.com\\\/avatar\\\/3a8de04a2656d44082be478bd6c086daa447c4651605818287b9532d3d0bd435?s=96&d=mm&r=g\",\"caption\":\"Lo viste en Los Pol\u00edticos\"},\"url\":\"https:\\\/\\\/lospoliticosveracruz.com\\\/?author=2\"}]}<\/script>\n<!-- \/ Yoast SEO plugin. -->","yoast_head_json":{"title":"Delincuencia, pobreza, corrupci\u00f3n y desempleo, el coctel veracruzano - Los pol\u00edticos Veracruz","robots":{"index":"index","follow":"follow","max-snippet":"max-snippet:-1","max-image-preview":"max-image-preview:large","max-video-preview":"max-video-preview:-1"},"canonical":"https:\/\/lospoliticosveracruz.com\/?p=37466","og_locale":"es_ES","og_type":"article","og_title":"Delincuencia, pobreza, corrupci\u00f3n y desempleo, el coctel veracruzano - Los pol\u00edticos Veracruz","og_description":"Luis Alberto Romero Hora Cero Todos los d\u00edas, desde hace a\u00f1os, los medios informativos veracruzanos han consignado la informaci\u00f3n derivada de hechos de car\u00e1cter delincuencial; la violencia que se registra en la entidad acapara los reflectores medi\u00e1ticos, debido a que se trata de noticias de alto impacto. Los temas de la inseguridad y la violencia [&hellip;]","og_url":"https:\/\/lospoliticosveracruz.com\/?p=37466","og_site_name":"Los pol\u00edticos Veracruz","article_publisher":"https:\/\/www.facebook.com\/people\/Notimemes-de-los-Polticos\/61565672886568\/","article_published_time":"2017-11-01T15:24:26+00:00","og_image":[{"width":200,"height":200,"url":"https:\/\/lospoliticosveracruz.com\/wp-content\/uploads\/2016\/07\/Logo-Dor.jpg","type":"image\/jpeg"}],"author":"Lo viste en Los Pol\u00edticos","twitter_card":"summary_large_image","twitter_creator":"@LosPoliticosVer","twitter_site":"@LosPoliticosVer","twitter_misc":{"Escrito por":"Lo viste en Los Pol\u00edticos","Tiempo de lectura":"3 minutos"},"schema":{"@context":"https:\/\/schema.org","@graph":[{"@type":"Article","@id":"https:\/\/lospoliticosveracruz.com\/?p=37466#article","isPartOf":{"@id":"https:\/\/lospoliticosveracruz.com\/?p=37466"},"author":{"name":"Lo viste en Los Pol\u00edticos","@id":"https:\/\/lospoliticosveracruz.com\/#\/schema\/person\/b8702bb0e538456e6efd07080bf2a4a2"},"headline":"Delincuencia, pobreza, corrupci\u00f3n y desempleo, el coctel veracruzano","datePublished":"2017-11-01T15:24:26+00:00","mainEntityOfPage":{"@id":"https:\/\/lospoliticosveracruz.com\/?p=37466"},"wordCount":696,"commentCount":0,"publisher":{"@id":"https:\/\/lospoliticosveracruz.com\/#organization"},"keywords":["Desempleo","inseguridad","pobreza","violencia"],"articleSection":["De Opini\u00f3n"],"inLanguage":"es","potentialAction":[{"@type":"CommentAction","name":"Comment","target":["https:\/\/lospoliticosveracruz.com\/?p=37466#respond"]}]},{"@type":"WebPage","@id":"https:\/\/lospoliticosveracruz.com\/?p=37466","url":"https:\/\/lospoliticosveracruz.com\/?p=37466","name":"Delincuencia, pobreza, corrupci\u00f3n y desempleo, el coctel veracruzano - Los pol\u00edticos Veracruz","isPartOf":{"@id":"https:\/\/lospoliticosveracruz.com\/#website"},"datePublished":"2017-11-01T15:24:26+00:00","breadcrumb":{"@id":"https:\/\/lospoliticosveracruz.com\/?p=37466#breadcrumb"},"inLanguage":"es","potentialAction":[{"@type":"ReadAction","target":["https:\/\/lospoliticosveracruz.com\/?p=37466"]}]},{"@type":"BreadcrumbList","@id":"https:\/\/lospoliticosveracruz.com\/?p=37466#breadcrumb","itemListElement":[{"@type":"ListItem","position":1,"name":"Portada","item":"https:\/\/lospoliticosveracruz.com\/"},{"@type":"ListItem","position":2,"name":"Delincuencia, pobreza, corrupci\u00f3n y desempleo, el coctel veracruzano"}]},{"@type":"WebSite","@id":"https:\/\/lospoliticosveracruz.com\/#website","url":"https:\/\/lospoliticosveracruz.com\/","name":"Los pol\u00edticos Veracruz","description":"","publisher":{"@id":"https:\/\/lospoliticosveracruz.com\/#organization"},"potentialAction":[{"@type":"SearchAction","target":{"@type":"EntryPoint","urlTemplate":"https:\/\/lospoliticosveracruz.com\/?s={search_term_string}"},"query-input":{"@type":"PropertyValueSpecification","valueRequired":true,"valueName":"search_term_string"}}],"inLanguage":"es"},{"@type":"Organization","@id":"https:\/\/lospoliticosveracruz.com\/#organization","name":"Los pol\u00edticos Veracruz","url":"https:\/\/lospoliticosveracruz.com\/","logo":{"@type":"ImageObject","inLanguage":"es","@id":"https:\/\/lospoliticosveracruz.com\/#\/schema\/logo\/image\/","url":"https:\/\/lospoliticosveracruz.com\/wp-content\/uploads\/2025\/12\/Logo-Nuevo-LOS-POLITICOS-1.jpg","contentUrl":"https:\/\/lospoliticosveracruz.com\/wp-content\/uploads\/2025\/12\/Logo-Nuevo-LOS-POLITICOS-1.jpg","width":260,"height":70,"caption":"Los pol\u00edticos Veracruz"},"image":{"@id":"https:\/\/lospoliticosveracruz.com\/#\/schema\/logo\/image\/"},"sameAs":["https:\/\/www.facebook.com\/people\/Notimemes-de-los-Polticos\/61565672886568\/","https:\/\/x.com\/LosPoliticosVer"]},{"@type":"Person","@id":"https:\/\/lospoliticosveracruz.com\/#\/schema\/person\/b8702bb0e538456e6efd07080bf2a4a2","name":"Lo viste en Los Pol\u00edticos","image":{"@type":"ImageObject","inLanguage":"es","@id":"https:\/\/secure.gravatar.com\/avatar\/3a8de04a2656d44082be478bd6c086daa447c4651605818287b9532d3d0bd435?s=96&d=mm&r=g","url":"https:\/\/secure.gravatar.com\/avatar\/3a8de04a2656d44082be478bd6c086daa447c4651605818287b9532d3d0bd435?s=96&d=mm&r=g","contentUrl":"https:\/\/secure.gravatar.com\/avatar\/3a8de04a2656d44082be478bd6c086daa447c4651605818287b9532d3d0bd435?s=96&d=mm&r=g","caption":"Lo viste en Los Pol\u00edticos"},"url":"https:\/\/lospoliticosveracruz.com\/?author=2"}]}},"_links":{"self":[{"href":"https:\/\/lospoliticosveracruz.com\/index.php?rest_route=\/wp\/v2\/posts\/37466","targetHints":{"allow":["GET"]}}],"collection":[{"href":"https:\/\/lospoliticosveracruz.com\/index.php?rest_route=\/wp\/v2\/posts"}],"about":[{"href":"https:\/\/lospoliticosveracruz.com\/index.php?rest_route=\/wp\/v2\/types\/post"}],"author":[{"embeddable":true,"href":"https:\/\/lospoliticosveracruz.com\/index.php?rest_route=\/wp\/v2\/users\/2"}],"replies":[{"embeddable":true,"href":"https:\/\/lospoliticosveracruz.com\/index.php?rest_route=%2Fwp%2Fv2%2Fcomments&post=37466"}],"version-history":[{"count":1,"href":"https:\/\/lospoliticosveracruz.com\/index.php?rest_route=\/wp\/v2\/posts\/37466\/revisions"}],"predecessor-version":[{"id":37467,"href":"https:\/\/lospoliticosveracruz.com\/index.php?rest_route=\/wp\/v2\/posts\/37466\/revisions\/37467"}],"wp:attachment":[{"href":"https:\/\/lospoliticosveracruz.com\/index.php?rest_route=%2Fwp%2Fv2%2Fmedia&parent=37466"}],"wp:term":[{"taxonomy":"category","embeddable":true,"href":"https:\/\/lospoliticosveracruz.com\/index.php?rest_route=%2Fwp%2Fv2%2Fcategories&post=37466"},{"taxonomy":"post_tag","embeddable":true,"href":"https:\/\/lospoliticosveracruz.com\/index.php?rest_route=%2Fwp%2Fv2%2Ftags&post=37466"}],"curies":[{"name":"wp","href":"https:\/\/api.w.org\/{rel}","templated":true}]}}