{"id":37541,"date":"2017-11-05T22:52:53","date_gmt":"2017-11-06T04:52:53","guid":{"rendered":"http:\/\/www.lospoliticosveracruz.com.mx\/?p=37541"},"modified":"2017-11-05T22:52:53","modified_gmt":"2017-11-06T04:52:53","slug":"congreso-manchester","status":"publish","type":"post","link":"https:\/\/lospoliticosveracruz.com\/?p=37541","title":{"rendered":"Congreso Manchester"},"content":{"rendered":"<p><strong>Salvador Mu\u00f1oz \/\u00a0Imagen: Foto Jarocha<\/strong><\/p>\n<p><em>Los Pol\u00edticos<\/em><\/p>\n<p>&nbsp;<\/p>\n<p>&nbsp;<\/p>\n<p>Ahora que en la LXIV Legislatura se dio la \u201creelecci\u00f3n\u201d como presidenta de la Mesa Directiva del Congreso local de Mariely Manterola S\u00e1inz, todo puede suceder\u2026 \u00a1Hasta que Sergio regrese! No, Sergio Hern\u00e1ndez no ha de regresar la titularidad de la Junta de Coordinaci\u00f3n Pol\u00edtica; nos referimos al otro Sergio, Rodr\u00edguez Cort\u00e9s, quien podr\u00eda regresar a las curules del PRD y eso porque en reuni\u00f3n que dicen tuvo con la plana mayor del Sol Azteca nacional, hablaron con \u00e9l y dijo: \u00absi tengo que regresar a la bancada, \u00a1me regreso!\u00bb<\/p>\n<p>El asunto es que eso ser\u00eda un fuerte golpe a las zonas blandas de los amigos de \u00abJuntos por el Varo\u00bb que dejar\u00edan de ser bancada al quedar en n\u00famero de dos: Fer Kuri Kuri y El Gallo Bolo\u2026 \u201c\u00a1mas que no panda el c\u00fanico!\u00bb; en el PRI est\u00e1n dispuestos a prestarles un diputado para que no pierdan sus canonj\u00edas ni su poder&#8230; bueno, dej\u00e9mosle en canonj\u00edas&#8230; Al final, todo indica que Callejas Rold\u00e1n ha de prestarles al diputado por Alamo-Temapache, Jos\u00e9 Roberto Arenas Mart\u00ednez\u2026 \u00bfque \u00e9l se fue por su propio pie? \u00a1Ay, aj\u00e1! Si tenemos un Congreso Manchester donde los diputados se prestan a conveniencia\u2026 unos se pasan al PAN, otros al Juntos por el Varo, otros se vuelven independientes&#8230; Han de recordar los oto\u00f1ales lectores aquel comercial de Luc\u00eda M\u00e9ndez que tra\u00eda una camisa Manchester y en actitud coqueta dec\u00eda: \u201cSi quieres, \u00a1te la presto!\u201d&#8230; pues ac\u00e1, \u00a1se los prestan!<\/p>\n<p><strong>Para el anecdotario legislativo<\/strong><\/p>\n<p>En la sesi\u00f3n privada donde se ech\u00f3 la suerte del alcalde de Coxquihui, Reveriano P\u00e9rez, como que el esp\u00edritu del famoso Mago Herrera se hizo presente porque como que son raras las cuentas en la l\u00f3gica del desafuero. Miren por qu\u00e9:<\/p>\n<p>Hab\u00eda 47 diputados presentes, pero hubo 34 votos a favor y 7 en contra, es decir, 41 votos activos y suponemos que hubo seis abstenciones, que, curiosamente, no se especifica en las notas respectivas y mucho menos en el bolet\u00edn del Congreso, pues no lo hubo o no lo encontr\u00e9.<\/p>\n<p>Los que faltaron fueron los diputados Cinthya Lobato, Tito Delf\u00edn y Manolo Francisco Mart\u00ednez Mart\u00ednez. De las seis abstenciones, reste tres de los del Junto por el Varo (Kuri, Gallo Bolo y Sergio Rodr\u00edguez), que se salieron de la sesi\u00f3n.<\/p>\n<p>Dicen que la fracci\u00f3n del PRI vot\u00f3 en contra del desafuero, en aras de defender al alcalde pri\u00edsta. El grupo legislativo del PRI se conforma por 8, pero hubo siete votos en contra&#8230; \u00bfes decir que uno vot\u00f3 a favor del desafuero? Es posible que Juan Manuel del Castillo, en aras de no tentar al Karma, \u00bfmejor se abstuvo? \u00bfO Emiliano L\u00f3pez Cruz, con eso de que son vecinos (Coxquihui-Espinal), se abstuvo? \u00bfO Basilio Picazo, de cacique a cacique, de amigo a amigo, c\u00f3mo habr\u00e1 votado? Lo cierto es que es seguro que entre la bancada del PRI, uno de ellos vot\u00f3 por el desafuero de Reveriano&#8230; \u00bfqui\u00e9n fue el Judas?<\/p>\n<p><strong>El chiste y el robo<\/strong><\/p>\n<p>Un comediante platica que cierta ocasi\u00f3n, el due\u00f1o de un centro nocturno se enter\u00f3 que entre su repertorio ten\u00eda un chiste sobre una persona con S\u00edndrome de Down, por lo que le pidi\u00f3 que no lo contara, porque entre el p\u00fablico hab\u00eda una menor de edad \u00a1con S\u00edndrome de Down! El comediante puso en la balanza su profesionalismo y \u00e9tica y \u00a1zaz! que cuenta el chiste. De inmediato, se le fue encima el due\u00f1o del local, el padre de la menor y por ende, la concurrencia\u2026 es seguro que a Kevin Spacey le hubieran perdonado el acoso del que hoy es acusado, pero el chiste al comediante \u00a1jam\u00e1s!<\/p>\n<p>Viene a colaci\u00f3n esta an\u00e9cdota que Carlos Ballarta platica porque me record\u00f3 la foto que subo en Facebook de una calle de Justino Sarmiento, esquina con Volc\u00e1n de Colima, donde en medio de la calle, en donde deb\u00eda haber una atarjea, hay una rama de palmera y listones amarillos de precauci\u00f3n. Los comentarios en torno a esta foto, en algunos, es para externar el mal estado en que se encuentran las calles de Xalapa; incluso hubo alguien que con fotos, cit\u00f3 que la obra del camino a la Central de Abasto tiene algunos defectos\u2026<\/p>\n<p>\u00bfY qu\u00e9 tiene que ver la an\u00e9cdota de Ballarta con la foto de la rama en lugar de la atarjea?<\/p>\n<p>Bueno, en el caso del chiste que cuenta Ballarta, es que todo mundo se indigna de \u00e9ste pero nadie reclama al due\u00f1o del centro nocturno por tener entre sus parroquianos a una menor de edad y mucho menos al padre, que lleva a este lugar a su hija. Y en el caso de la foto, \u00a1nadie reclama que haya ladrones de atarjeas pero s\u00ed por las p\u00e9simas condiciones de otras calles! \u00bfAcostumbrados a la inseguridad?<\/p>\n<p>smcainito@gmail.com<\/p>\n","protected":false},"excerpt":{"rendered":"<p>Salvador Mu\u00f1oz \/\u00a0Imagen: Foto Jarocha Los Pol\u00edticos &nbsp; &nbsp; Ahora que en la LXIV Legislatura se dio la \u201creelecci\u00f3n\u201d como presidenta de la Mesa Directiva del Congreso local de Mariely Manterola S\u00e1inz, todo puede suceder\u2026 \u00a1Hasta que Sergio regrese! No, Sergio Hern\u00e1ndez no ha de regresar la titularidad de la Junta de Coordinaci\u00f3n Pol\u00edtica; nos [&hellip;]<\/p>\n","protected":false},"author":2,"featured_media":0,"comment_status":"open","ping_status":"open","sticky":false,"template":"","format":"standard","meta":{"tdm_status":"","tdm_grid_status":"","footnotes":""},"categories":[70],"tags":[6677,5020,10063,6142],"class_list":{"0":"post-37541","1":"post","2":"type-post","3":"status-publish","4":"format-standard","6":"category-de-opinion","7":"tag-juntos-por-veracruz","8":"tag-mariely-manterola-sainz","9":"tag-rodrigo-cortes","10":"tag-sergio-hernandez"},"yoast_head":"<!-- This site is optimized with the Yoast SEO plugin v27.4 - https:\/\/yoast.com\/product\/yoast-seo-wordpress\/ -->\n<title>Congreso Manchester - Los pol\u00edticos Veracruz<\/title>\n<meta name=\"robots\" content=\"index, follow, max-snippet:-1, max-image-preview:large, max-video-preview:-1\" \/>\n<link rel=\"canonical\" href=\"https:\/\/lospoliticosveracruz.com\/?p=37541\" \/>\n<meta property=\"og:locale\" content=\"es_ES\" \/>\n<meta property=\"og:type\" content=\"article\" \/>\n<meta property=\"og:title\" content=\"Congreso Manchester - Los pol\u00edticos Veracruz\" \/>\n<meta property=\"og:description\" content=\"Salvador Mu\u00f1oz \/\u00a0Imagen: Foto Jarocha Los Pol\u00edticos &nbsp; &nbsp; Ahora que en la LXIV Legislatura se dio la \u201creelecci\u00f3n\u201d como presidenta de la Mesa Directiva del Congreso local de Mariely Manterola S\u00e1inz, todo puede suceder\u2026 \u00a1Hasta que Sergio regrese! No, Sergio Hern\u00e1ndez no ha de regresar la titularidad de la Junta de Coordinaci\u00f3n Pol\u00edtica; nos [&hellip;]\" \/>\n<meta property=\"og:url\" content=\"https:\/\/lospoliticosveracruz.com\/?p=37541\" \/>\n<meta property=\"og:site_name\" content=\"Los pol\u00edticos Veracruz\" \/>\n<meta property=\"article:publisher\" content=\"https:\/\/www.facebook.com\/people\/Notimemes-de-los-Polticos\/61565672886568\/\" \/>\n<meta property=\"article:published_time\" content=\"2017-11-06T04:52:53+00:00\" \/>\n<meta property=\"og:image\" content=\"https:\/\/lospoliticosveracruz.com\/wp-content\/uploads\/2016\/07\/Logo-Dor.jpg\" \/>\n\t<meta property=\"og:image:width\" content=\"200\" \/>\n\t<meta property=\"og:image:height\" content=\"200\" \/>\n\t<meta property=\"og:image:type\" content=\"image\/jpeg\" \/>\n<meta name=\"author\" content=\"Lo viste en Los Pol\u00edticos\" \/>\n<meta name=\"twitter:card\" content=\"summary_large_image\" \/>\n<meta name=\"twitter:creator\" content=\"@LosPoliticosVer\" \/>\n<meta name=\"twitter:site\" content=\"@LosPoliticosVer\" \/>\n<meta name=\"twitter:label1\" content=\"Escrito por\" \/>\n\t<meta name=\"twitter:data1\" content=\"Lo viste en Los Pol\u00edticos\" \/>\n\t<meta name=\"twitter:label2\" content=\"Tiempo de lectura\" \/>\n\t<meta name=\"twitter:data2\" content=\"4 minutos\" \/>\n<script type=\"application\/ld+json\" class=\"yoast-schema-graph\">{\"@context\":\"https:\\\/\\\/schema.org\",\"@graph\":[{\"@type\":\"Article\",\"@id\":\"https:\\\/\\\/lospoliticosveracruz.com\\\/?p=37541#article\",\"isPartOf\":{\"@id\":\"https:\\\/\\\/lospoliticosveracruz.com\\\/?p=37541\"},\"author\":{\"name\":\"Lo viste en Los Pol\u00edticos\",\"@id\":\"https:\\\/\\\/lospoliticosveracruz.com\\\/#\\\/schema\\\/person\\\/b8702bb0e538456e6efd07080bf2a4a2\"},\"headline\":\"Congreso Manchester\",\"datePublished\":\"2017-11-06T04:52:53+00:00\",\"mainEntityOfPage\":{\"@id\":\"https:\\\/\\\/lospoliticosveracruz.com\\\/?p=37541\"},\"wordCount\":859,\"commentCount\":0,\"publisher\":{\"@id\":\"https:\\\/\\\/lospoliticosveracruz.com\\\/#organization\"},\"keywords\":[\"Juntos por Veracruz\",\"Mariely Manterola Sainz\",\"Rodrigo Cort\u00e9s\",\"Sergio Hern\u00e1ndez\"],\"articleSection\":[\"De Opini\u00f3n\"],\"inLanguage\":\"es\",\"potentialAction\":[{\"@type\":\"CommentAction\",\"name\":\"Comment\",\"target\":[\"https:\\\/\\\/lospoliticosveracruz.com\\\/?p=37541#respond\"]}]},{\"@type\":\"WebPage\",\"@id\":\"https:\\\/\\\/lospoliticosveracruz.com\\\/?p=37541\",\"url\":\"https:\\\/\\\/lospoliticosveracruz.com\\\/?p=37541\",\"name\":\"Congreso Manchester - Los pol\u00edticos Veracruz\",\"isPartOf\":{\"@id\":\"https:\\\/\\\/lospoliticosveracruz.com\\\/#website\"},\"datePublished\":\"2017-11-06T04:52:53+00:00\",\"breadcrumb\":{\"@id\":\"https:\\\/\\\/lospoliticosveracruz.com\\\/?p=37541#breadcrumb\"},\"inLanguage\":\"es\",\"potentialAction\":[{\"@type\":\"ReadAction\",\"target\":[\"https:\\\/\\\/lospoliticosveracruz.com\\\/?p=37541\"]}]},{\"@type\":\"BreadcrumbList\",\"@id\":\"https:\\\/\\\/lospoliticosveracruz.com\\\/?p=37541#breadcrumb\",\"itemListElement\":[{\"@type\":\"ListItem\",\"position\":1,\"name\":\"Portada\",\"item\":\"https:\\\/\\\/lospoliticosveracruz.com\\\/\"},{\"@type\":\"ListItem\",\"position\":2,\"name\":\"Congreso Manchester\"}]},{\"@type\":\"WebSite\",\"@id\":\"https:\\\/\\\/lospoliticosveracruz.com\\\/#website\",\"url\":\"https:\\\/\\\/lospoliticosveracruz.com\\\/\",\"name\":\"Los pol\u00edticos Veracruz\",\"description\":\"\",\"publisher\":{\"@id\":\"https:\\\/\\\/lospoliticosveracruz.com\\\/#organization\"},\"potentialAction\":[{\"@type\":\"SearchAction\",\"target\":{\"@type\":\"EntryPoint\",\"urlTemplate\":\"https:\\\/\\\/lospoliticosveracruz.com\\\/?s={search_term_string}\"},\"query-input\":{\"@type\":\"PropertyValueSpecification\",\"valueRequired\":true,\"valueName\":\"search_term_string\"}}],\"inLanguage\":\"es\"},{\"@type\":\"Organization\",\"@id\":\"https:\\\/\\\/lospoliticosveracruz.com\\\/#organization\",\"name\":\"Los pol\u00edticos Veracruz\",\"url\":\"https:\\\/\\\/lospoliticosveracruz.com\\\/\",\"logo\":{\"@type\":\"ImageObject\",\"inLanguage\":\"es\",\"@id\":\"https:\\\/\\\/lospoliticosveracruz.com\\\/#\\\/schema\\\/logo\\\/image\\\/\",\"url\":\"https:\\\/\\\/lospoliticosveracruz.com\\\/wp-content\\\/uploads\\\/2025\\\/12\\\/Logo-Nuevo-LOS-POLITICOS-1.jpg\",\"contentUrl\":\"https:\\\/\\\/lospoliticosveracruz.com\\\/wp-content\\\/uploads\\\/2025\\\/12\\\/Logo-Nuevo-LOS-POLITICOS-1.jpg\",\"width\":260,\"height\":70,\"caption\":\"Los pol\u00edticos Veracruz\"},\"image\":{\"@id\":\"https:\\\/\\\/lospoliticosveracruz.com\\\/#\\\/schema\\\/logo\\\/image\\\/\"},\"sameAs\":[\"https:\\\/\\\/www.facebook.com\\\/people\\\/Notimemes-de-los-Polticos\\\/61565672886568\\\/\",\"https:\\\/\\\/x.com\\\/LosPoliticosVer\"]},{\"@type\":\"Person\",\"@id\":\"https:\\\/\\\/lospoliticosveracruz.com\\\/#\\\/schema\\\/person\\\/b8702bb0e538456e6efd07080bf2a4a2\",\"name\":\"Lo viste en Los Pol\u00edticos\",\"image\":{\"@type\":\"ImageObject\",\"inLanguage\":\"es\",\"@id\":\"https:\\\/\\\/secure.gravatar.com\\\/avatar\\\/3a8de04a2656d44082be478bd6c086daa447c4651605818287b9532d3d0bd435?s=96&d=mm&r=g\",\"url\":\"https:\\\/\\\/secure.gravatar.com\\\/avatar\\\/3a8de04a2656d44082be478bd6c086daa447c4651605818287b9532d3d0bd435?s=96&d=mm&r=g\",\"contentUrl\":\"https:\\\/\\\/secure.gravatar.com\\\/avatar\\\/3a8de04a2656d44082be478bd6c086daa447c4651605818287b9532d3d0bd435?s=96&d=mm&r=g\",\"caption\":\"Lo viste en Los Pol\u00edticos\"},\"url\":\"https:\\\/\\\/lospoliticosveracruz.com\\\/?author=2\"}]}<\/script>\n<!-- \/ Yoast SEO plugin. -->","yoast_head_json":{"title":"Congreso Manchester - Los pol\u00edticos Veracruz","robots":{"index":"index","follow":"follow","max-snippet":"max-snippet:-1","max-image-preview":"max-image-preview:large","max-video-preview":"max-video-preview:-1"},"canonical":"https:\/\/lospoliticosveracruz.com\/?p=37541","og_locale":"es_ES","og_type":"article","og_title":"Congreso Manchester - Los pol\u00edticos Veracruz","og_description":"Salvador Mu\u00f1oz \/\u00a0Imagen: Foto Jarocha Los Pol\u00edticos &nbsp; &nbsp; Ahora que en la LXIV Legislatura se dio la \u201creelecci\u00f3n\u201d como presidenta de la Mesa Directiva del Congreso local de Mariely Manterola S\u00e1inz, todo puede suceder\u2026 \u00a1Hasta que Sergio regrese! No, Sergio Hern\u00e1ndez no ha de regresar la titularidad de la Junta de Coordinaci\u00f3n Pol\u00edtica; nos [&hellip;]","og_url":"https:\/\/lospoliticosveracruz.com\/?p=37541","og_site_name":"Los pol\u00edticos Veracruz","article_publisher":"https:\/\/www.facebook.com\/people\/Notimemes-de-los-Polticos\/61565672886568\/","article_published_time":"2017-11-06T04:52:53+00:00","og_image":[{"width":200,"height":200,"url":"https:\/\/lospoliticosveracruz.com\/wp-content\/uploads\/2016\/07\/Logo-Dor.jpg","type":"image\/jpeg"}],"author":"Lo viste en Los Pol\u00edticos","twitter_card":"summary_large_image","twitter_creator":"@LosPoliticosVer","twitter_site":"@LosPoliticosVer","twitter_misc":{"Escrito por":"Lo viste en Los Pol\u00edticos","Tiempo de lectura":"4 minutos"},"schema":{"@context":"https:\/\/schema.org","@graph":[{"@type":"Article","@id":"https:\/\/lospoliticosveracruz.com\/?p=37541#article","isPartOf":{"@id":"https:\/\/lospoliticosveracruz.com\/?p=37541"},"author":{"name":"Lo viste en Los Pol\u00edticos","@id":"https:\/\/lospoliticosveracruz.com\/#\/schema\/person\/b8702bb0e538456e6efd07080bf2a4a2"},"headline":"Congreso Manchester","datePublished":"2017-11-06T04:52:53+00:00","mainEntityOfPage":{"@id":"https:\/\/lospoliticosveracruz.com\/?p=37541"},"wordCount":859,"commentCount":0,"publisher":{"@id":"https:\/\/lospoliticosveracruz.com\/#organization"},"keywords":["Juntos por Veracruz","Mariely Manterola Sainz","Rodrigo Cort\u00e9s","Sergio Hern\u00e1ndez"],"articleSection":["De Opini\u00f3n"],"inLanguage":"es","potentialAction":[{"@type":"CommentAction","name":"Comment","target":["https:\/\/lospoliticosveracruz.com\/?p=37541#respond"]}]},{"@type":"WebPage","@id":"https:\/\/lospoliticosveracruz.com\/?p=37541","url":"https:\/\/lospoliticosveracruz.com\/?p=37541","name":"Congreso Manchester - Los pol\u00edticos Veracruz","isPartOf":{"@id":"https:\/\/lospoliticosveracruz.com\/#website"},"datePublished":"2017-11-06T04:52:53+00:00","breadcrumb":{"@id":"https:\/\/lospoliticosveracruz.com\/?p=37541#breadcrumb"},"inLanguage":"es","potentialAction":[{"@type":"ReadAction","target":["https:\/\/lospoliticosveracruz.com\/?p=37541"]}]},{"@type":"BreadcrumbList","@id":"https:\/\/lospoliticosveracruz.com\/?p=37541#breadcrumb","itemListElement":[{"@type":"ListItem","position":1,"name":"Portada","item":"https:\/\/lospoliticosveracruz.com\/"},{"@type":"ListItem","position":2,"name":"Congreso Manchester"}]},{"@type":"WebSite","@id":"https:\/\/lospoliticosveracruz.com\/#website","url":"https:\/\/lospoliticosveracruz.com\/","name":"Los pol\u00edticos Veracruz","description":"","publisher":{"@id":"https:\/\/lospoliticosveracruz.com\/#organization"},"potentialAction":[{"@type":"SearchAction","target":{"@type":"EntryPoint","urlTemplate":"https:\/\/lospoliticosveracruz.com\/?s={search_term_string}"},"query-input":{"@type":"PropertyValueSpecification","valueRequired":true,"valueName":"search_term_string"}}],"inLanguage":"es"},{"@type":"Organization","@id":"https:\/\/lospoliticosveracruz.com\/#organization","name":"Los pol\u00edticos Veracruz","url":"https:\/\/lospoliticosveracruz.com\/","logo":{"@type":"ImageObject","inLanguage":"es","@id":"https:\/\/lospoliticosveracruz.com\/#\/schema\/logo\/image\/","url":"https:\/\/lospoliticosveracruz.com\/wp-content\/uploads\/2025\/12\/Logo-Nuevo-LOS-POLITICOS-1.jpg","contentUrl":"https:\/\/lospoliticosveracruz.com\/wp-content\/uploads\/2025\/12\/Logo-Nuevo-LOS-POLITICOS-1.jpg","width":260,"height":70,"caption":"Los pol\u00edticos Veracruz"},"image":{"@id":"https:\/\/lospoliticosveracruz.com\/#\/schema\/logo\/image\/"},"sameAs":["https:\/\/www.facebook.com\/people\/Notimemes-de-los-Polticos\/61565672886568\/","https:\/\/x.com\/LosPoliticosVer"]},{"@type":"Person","@id":"https:\/\/lospoliticosveracruz.com\/#\/schema\/person\/b8702bb0e538456e6efd07080bf2a4a2","name":"Lo viste en Los Pol\u00edticos","image":{"@type":"ImageObject","inLanguage":"es","@id":"https:\/\/secure.gravatar.com\/avatar\/3a8de04a2656d44082be478bd6c086daa447c4651605818287b9532d3d0bd435?s=96&d=mm&r=g","url":"https:\/\/secure.gravatar.com\/avatar\/3a8de04a2656d44082be478bd6c086daa447c4651605818287b9532d3d0bd435?s=96&d=mm&r=g","contentUrl":"https:\/\/secure.gravatar.com\/avatar\/3a8de04a2656d44082be478bd6c086daa447c4651605818287b9532d3d0bd435?s=96&d=mm&r=g","caption":"Lo viste en Los Pol\u00edticos"},"url":"https:\/\/lospoliticosveracruz.com\/?author=2"}]}},"_links":{"self":[{"href":"https:\/\/lospoliticosveracruz.com\/index.php?rest_route=\/wp\/v2\/posts\/37541","targetHints":{"allow":["GET"]}}],"collection":[{"href":"https:\/\/lospoliticosveracruz.com\/index.php?rest_route=\/wp\/v2\/posts"}],"about":[{"href":"https:\/\/lospoliticosveracruz.com\/index.php?rest_route=\/wp\/v2\/types\/post"}],"author":[{"embeddable":true,"href":"https:\/\/lospoliticosveracruz.com\/index.php?rest_route=\/wp\/v2\/users\/2"}],"replies":[{"embeddable":true,"href":"https:\/\/lospoliticosveracruz.com\/index.php?rest_route=%2Fwp%2Fv2%2Fcomments&post=37541"}],"version-history":[{"count":2,"href":"https:\/\/lospoliticosveracruz.com\/index.php?rest_route=\/wp\/v2\/posts\/37541\/revisions"}],"predecessor-version":[{"id":37543,"href":"https:\/\/lospoliticosveracruz.com\/index.php?rest_route=\/wp\/v2\/posts\/37541\/revisions\/37543"}],"wp:attachment":[{"href":"https:\/\/lospoliticosveracruz.com\/index.php?rest_route=%2Fwp%2Fv2%2Fmedia&parent=37541"}],"wp:term":[{"taxonomy":"category","embeddable":true,"href":"https:\/\/lospoliticosveracruz.com\/index.php?rest_route=%2Fwp%2Fv2%2Fcategories&post=37541"},{"taxonomy":"post_tag","embeddable":true,"href":"https:\/\/lospoliticosveracruz.com\/index.php?rest_route=%2Fwp%2Fv2%2Ftags&post=37541"}],"curies":[{"name":"wp","href":"https:\/\/api.w.org\/{rel}","templated":true}]}}