{"id":37563,"date":"2017-11-06T22:37:39","date_gmt":"2017-11-07T04:37:39","guid":{"rendered":"http:\/\/www.lospoliticosveracruz.com.mx\/?p=37563"},"modified":"2017-11-06T22:37:39","modified_gmt":"2017-11-07T04:37:39","slug":"elena-y-sus-panzonas-y-mensas","status":"publish","type":"post","link":"https:\/\/lospoliticosveracruz.com\/?p=37563","title":{"rendered":"Elena y sus panzonas y mensas"},"content":{"rendered":"<p><strong>Salvador Mu\u00f1oz<\/strong><\/p>\n<p><em>Los Pol\u00edticos<\/em><\/p>\n<p>&nbsp;<\/p>\n<p>Busqu\u00e9 el video y lo encontr\u00e9. Era cierto, Elena Poniatowska dec\u00eda que las juchitecas, en sus tiempos mozos, cuando Tina Modotti las fotografi\u00f3, eran esbeltas, pero que las de ahora, las que Elena hab\u00eda visto, estaban gordas por la cerveza\u2026 \u00a1y mensas!<\/p>\n<p>Me llama la atenci\u00f3n el comentario de la se\u00f1ora, m\u00e1s cuando el bolet\u00edn epidemiol\u00f3gico de la Secretar\u00eda de Salud reporta a Veracruz, Estado de M\u00e9xico, Ciudad de M\u00e9xico, Jalisco y Tamaulipas, como los estados con mayores problemas de obesidad o sobrepeso\u2026 pero al menos en la nota que le\u00ed, no aparece Oaxaca.<\/p>\n<p>Luego entonces, si me atengo al dicho de la se\u00f1ora, \u201clas que yo he visto\u201d, su argumento se basa en una simple percepci\u00f3n particular.<\/p>\n<p>Aunque siendo francos, no s\u00f3lo juchitecas, yo creo que mucha gente de diferentes latitudes del pa\u00eds, han pasado del recuerdo de \u201cla gente delgada\u201d a \u201cpanzones\u201d, como dijera la escritora.<\/p>\n<p>Para los que ya ara\u00f1amos \u201cel quinto piso\u201d, baste recordar el aula de la primaria de cualquier escuela p\u00fablica, donde un alto porcentaje de los estudiantes era flaco, rayando en los huesos, y por all\u00ed aparec\u00eda el blanco de nuestras bromas: \u00a1el Gordito! pero no se crea que era un \u201cbullying\u201d reservado para \u00e9l nada m\u00e1s, al contrario, se le trataba con cari\u00f1o, con mimo, muy al contrario si hab\u00eda alguien de ojo verde, porque era \u201cel ojos de gargajo\u201d; o el g\u00fcerito, que acababa por ser \u201cel hijo del lechero\u201d; el que su mami usaba lentes tipo \u201cB\u00e1rbara Gordon\u201d, pues era \u201cel hijo de la Batichica\u201d, y as\u00ed. El asunto es que en el sal\u00f3n tener a un gordito era un tesoro\u2026 hoy, al contrario, un flaco en el sal\u00f3n es un hecho extraordinario\u2026 o que lo diga mejor el Congreso, donde hasta se da la paradoja: hay un Flaco que est\u00e1 \u201cpanz\u00f3n\u201d (dixit Poniatowska) y otro que s\u00ed est\u00e1 en los huesos: Juan Manuel del Castillo y Jos\u00e9 Kirsch.<\/p>\n<p>Tengo la creencia que la situaci\u00f3n econ\u00f3mica en muchas familias as\u00ed como el consumismo, obligan a varios a comprar productos que llenan, pero no nutren. Ya sea en la ma\u00f1ana, tarde o noche, qui\u00e9n no ha visto a alguien echarse su respectiva cocacola.<\/p>\n<p>Nuestra mala alimentaci\u00f3n nos mantiene \u201cbonitos y gorditos\u201d&#8230; \u00bfpero mensos?<\/p>\n<p>El juicio de que las juchitecas est\u00e9n \u201cmensas\u201d por la cerveza, podr\u00eda dar lugar a cantidad de comentarios en contra de la escritora y \u00bfa favor?&#8230; pues por m\u00e1s que pienso, no le encuentro uno a favor.<\/p>\n<p>Los \u201cPoniatowslievers\u201d de seguro han de argumentar que la se\u00f1ora tiene la edad, cultura, experiencia, para decir lo que se le venga en gana, tanto que es capaz de pedirle a L\u00f3pez Obrador que mejor vote este 2018 por Marichuy (Mar\u00eda de Jes\u00fas Patricio Mart\u00ednez), la tuxpe\u00f1a que aspira a ser candidata independiente por la Presidencia de la Rep\u00fablica\u2026<\/p>\n<p>(\u00bfMe ver\u00e9 mal si digo \u201cla ind\u00edgena\u201d? Bueno, nada m\u00e1s para aclarar, es tuxpe\u00f1a, pero de Tuxpan, Jalisco. Y en los medios de comunicaci\u00f3n han encasillado a Marichuy m\u00e1s como \u201cind\u00edgena\u201d que como \u201cdefensora de los derechos humanos\u201d.)<\/p>\n<p>\u00bfQu\u00e9 obliga a Elena Poniatowska a dar un \u201cjuicio intelectual\u201d tajante para las juchitecas? Quiz\u00e1s el valor que le damos a las personas cuya \u201cfuerza moral\u201d obliga a venerarlas, respetarlas y hasta perdonarles \u201csus pecados\u201d, como el caso de Kevin Spacey, acusado por acoso ocurrido hace tiempo a un joven de 18 a\u00f1os, y la indignaci\u00f3n que se cierne en el tema es: \u201c\u00bfPor qu\u00e9 hasta apenas denuncia?\u201d; o el caso de Roman Polanski, aclamado director de cine pero acusado por violaci\u00f3n creo que m\u00e1s de tres veces; o Woody Allen, se\u00f1alado por abuso sexual por su hija adoptiva&#8230; pero su arte les crea un halo protector donde la sociedad gime por no ver m\u00e1s \u201cHouse of Cards\u201d, aclama \u201cLa danza de los vampiros\u201d, venera \u201cPoderosa Afrodita\u201d y admira el bello vestido de tehuana, regalo que las \u201cpanzonas\u201d y \u201cmensas\u201d juchitecas le hicieran a Elena Poniatowska, con el que recibi\u00f3 el premio Cervantes.<\/p>\n<p>smcainito@gmail.com<\/p>\n","protected":false},"excerpt":{"rendered":"<p>Salvador Mu\u00f1oz Los Pol\u00edticos &nbsp; Busqu\u00e9 el video y lo encontr\u00e9. Era cierto, Elena Poniatowska dec\u00eda que las juchitecas, en sus tiempos mozos, cuando Tina Modotti las fotografi\u00f3, eran esbeltas, pero que las de ahora, las que Elena hab\u00eda visto, estaban gordas por la cerveza\u2026 \u00a1y mensas! Me llama la atenci\u00f3n el comentario de la [&hellip;]<\/p>\n","protected":false},"author":2,"featured_media":0,"comment_status":"open","ping_status":"open","sticky":false,"template":"","format":"standard","meta":{"tdm_status":"","tdm_grid_status":"","footnotes":""},"categories":[70],"tags":[10068,10069,3426,10066,6140,10067],"class_list":{"0":"post-37563","1":"post","2":"type-post","3":"status-publish","4":"format-standard","6":"category-de-opinion","7":"tag-elena-poniatowska","8":"tag-jose-kirsch","9":"tag-juan-manuel-del-castillo","10":"tag-juchitecas","11":"tag-obesidad","12":"tag-tina-modotti"},"yoast_head":"<!-- This site is optimized with the Yoast SEO plugin v27.4 - https:\/\/yoast.com\/product\/yoast-seo-wordpress\/ -->\n<title>Elena y sus panzonas y mensas - Los pol\u00edticos Veracruz<\/title>\n<meta name=\"robots\" content=\"index, follow, max-snippet:-1, max-image-preview:large, max-video-preview:-1\" \/>\n<link rel=\"canonical\" href=\"https:\/\/lospoliticosveracruz.com\/?p=37563\" \/>\n<meta property=\"og:locale\" content=\"es_ES\" \/>\n<meta property=\"og:type\" content=\"article\" \/>\n<meta property=\"og:title\" content=\"Elena y sus panzonas y mensas - Los pol\u00edticos Veracruz\" \/>\n<meta property=\"og:description\" content=\"Salvador Mu\u00f1oz Los Pol\u00edticos &nbsp; Busqu\u00e9 el video y lo encontr\u00e9. Era cierto, Elena Poniatowska dec\u00eda que las juchitecas, en sus tiempos mozos, cuando Tina Modotti las fotografi\u00f3, eran esbeltas, pero que las de ahora, las que Elena hab\u00eda visto, estaban gordas por la cerveza\u2026 \u00a1y mensas! Me llama la atenci\u00f3n el comentario de la [&hellip;]\" \/>\n<meta property=\"og:url\" content=\"https:\/\/lospoliticosveracruz.com\/?p=37563\" \/>\n<meta property=\"og:site_name\" content=\"Los pol\u00edticos Veracruz\" \/>\n<meta property=\"article:publisher\" content=\"https:\/\/www.facebook.com\/people\/Notimemes-de-los-Polticos\/61565672886568\/\" \/>\n<meta property=\"article:published_time\" content=\"2017-11-07T04:37:39+00:00\" \/>\n<meta property=\"og:image\" content=\"https:\/\/lospoliticosveracruz.com\/wp-content\/uploads\/2016\/07\/Logo-Dor.jpg\" \/>\n\t<meta property=\"og:image:width\" content=\"200\" \/>\n\t<meta property=\"og:image:height\" content=\"200\" \/>\n\t<meta property=\"og:image:type\" content=\"image\/jpeg\" \/>\n<meta name=\"author\" content=\"Lo viste en Los Pol\u00edticos\" \/>\n<meta name=\"twitter:card\" content=\"summary_large_image\" \/>\n<meta name=\"twitter:creator\" content=\"@LosPoliticosVer\" \/>\n<meta name=\"twitter:site\" content=\"@LosPoliticosVer\" \/>\n<meta name=\"twitter:label1\" content=\"Escrito por\" \/>\n\t<meta name=\"twitter:data1\" content=\"Lo viste en Los Pol\u00edticos\" \/>\n\t<meta name=\"twitter:label2\" content=\"Tiempo de lectura\" \/>\n\t<meta name=\"twitter:data2\" content=\"4 minutos\" \/>\n<script type=\"application\/ld+json\" class=\"yoast-schema-graph\">{\"@context\":\"https:\\\/\\\/schema.org\",\"@graph\":[{\"@type\":\"Article\",\"@id\":\"https:\\\/\\\/lospoliticosveracruz.com\\\/?p=37563#article\",\"isPartOf\":{\"@id\":\"https:\\\/\\\/lospoliticosveracruz.com\\\/?p=37563\"},\"author\":{\"name\":\"Lo viste en Los Pol\u00edticos\",\"@id\":\"https:\\\/\\\/lospoliticosveracruz.com\\\/#\\\/schema\\\/person\\\/b8702bb0e538456e6efd07080bf2a4a2\"},\"headline\":\"Elena y sus panzonas y mensas\",\"datePublished\":\"2017-11-07T04:37:39+00:00\",\"mainEntityOfPage\":{\"@id\":\"https:\\\/\\\/lospoliticosveracruz.com\\\/?p=37563\"},\"wordCount\":726,\"commentCount\":0,\"publisher\":{\"@id\":\"https:\\\/\\\/lospoliticosveracruz.com\\\/#organization\"},\"keywords\":[\"Elena Poniatowska\",\"Jos\u00e9 Kirsch\",\"Juan Manuel del Castillo\",\"Juchitecas\",\"Obesidad\",\"Tina Modotti\"],\"articleSection\":[\"De Opini\u00f3n\"],\"inLanguage\":\"es\",\"potentialAction\":[{\"@type\":\"CommentAction\",\"name\":\"Comment\",\"target\":[\"https:\\\/\\\/lospoliticosveracruz.com\\\/?p=37563#respond\"]}]},{\"@type\":\"WebPage\",\"@id\":\"https:\\\/\\\/lospoliticosveracruz.com\\\/?p=37563\",\"url\":\"https:\\\/\\\/lospoliticosveracruz.com\\\/?p=37563\",\"name\":\"Elena y sus panzonas y mensas - Los pol\u00edticos Veracruz\",\"isPartOf\":{\"@id\":\"https:\\\/\\\/lospoliticosveracruz.com\\\/#website\"},\"datePublished\":\"2017-11-07T04:37:39+00:00\",\"breadcrumb\":{\"@id\":\"https:\\\/\\\/lospoliticosveracruz.com\\\/?p=37563#breadcrumb\"},\"inLanguage\":\"es\",\"potentialAction\":[{\"@type\":\"ReadAction\",\"target\":[\"https:\\\/\\\/lospoliticosveracruz.com\\\/?p=37563\"]}]},{\"@type\":\"BreadcrumbList\",\"@id\":\"https:\\\/\\\/lospoliticosveracruz.com\\\/?p=37563#breadcrumb\",\"itemListElement\":[{\"@type\":\"ListItem\",\"position\":1,\"name\":\"Portada\",\"item\":\"https:\\\/\\\/lospoliticosveracruz.com\\\/\"},{\"@type\":\"ListItem\",\"position\":2,\"name\":\"Elena y sus panzonas y mensas\"}]},{\"@type\":\"WebSite\",\"@id\":\"https:\\\/\\\/lospoliticosveracruz.com\\\/#website\",\"url\":\"https:\\\/\\\/lospoliticosveracruz.com\\\/\",\"name\":\"Los pol\u00edticos Veracruz\",\"description\":\"\",\"publisher\":{\"@id\":\"https:\\\/\\\/lospoliticosveracruz.com\\\/#organization\"},\"potentialAction\":[{\"@type\":\"SearchAction\",\"target\":{\"@type\":\"EntryPoint\",\"urlTemplate\":\"https:\\\/\\\/lospoliticosveracruz.com\\\/?s={search_term_string}\"},\"query-input\":{\"@type\":\"PropertyValueSpecification\",\"valueRequired\":true,\"valueName\":\"search_term_string\"}}],\"inLanguage\":\"es\"},{\"@type\":\"Organization\",\"@id\":\"https:\\\/\\\/lospoliticosveracruz.com\\\/#organization\",\"name\":\"Los pol\u00edticos Veracruz\",\"url\":\"https:\\\/\\\/lospoliticosveracruz.com\\\/\",\"logo\":{\"@type\":\"ImageObject\",\"inLanguage\":\"es\",\"@id\":\"https:\\\/\\\/lospoliticosveracruz.com\\\/#\\\/schema\\\/logo\\\/image\\\/\",\"url\":\"https:\\\/\\\/lospoliticosveracruz.com\\\/wp-content\\\/uploads\\\/2025\\\/12\\\/Logo-Nuevo-LOS-POLITICOS-1.jpg\",\"contentUrl\":\"https:\\\/\\\/lospoliticosveracruz.com\\\/wp-content\\\/uploads\\\/2025\\\/12\\\/Logo-Nuevo-LOS-POLITICOS-1.jpg\",\"width\":260,\"height\":70,\"caption\":\"Los pol\u00edticos Veracruz\"},\"image\":{\"@id\":\"https:\\\/\\\/lospoliticosveracruz.com\\\/#\\\/schema\\\/logo\\\/image\\\/\"},\"sameAs\":[\"https:\\\/\\\/www.facebook.com\\\/people\\\/Notimemes-de-los-Polticos\\\/61565672886568\\\/\",\"https:\\\/\\\/x.com\\\/LosPoliticosVer\"]},{\"@type\":\"Person\",\"@id\":\"https:\\\/\\\/lospoliticosveracruz.com\\\/#\\\/schema\\\/person\\\/b8702bb0e538456e6efd07080bf2a4a2\",\"name\":\"Lo viste en Los Pol\u00edticos\",\"image\":{\"@type\":\"ImageObject\",\"inLanguage\":\"es\",\"@id\":\"https:\\\/\\\/secure.gravatar.com\\\/avatar\\\/3a8de04a2656d44082be478bd6c086daa447c4651605818287b9532d3d0bd435?s=96&d=mm&r=g\",\"url\":\"https:\\\/\\\/secure.gravatar.com\\\/avatar\\\/3a8de04a2656d44082be478bd6c086daa447c4651605818287b9532d3d0bd435?s=96&d=mm&r=g\",\"contentUrl\":\"https:\\\/\\\/secure.gravatar.com\\\/avatar\\\/3a8de04a2656d44082be478bd6c086daa447c4651605818287b9532d3d0bd435?s=96&d=mm&r=g\",\"caption\":\"Lo viste en Los Pol\u00edticos\"},\"url\":\"https:\\\/\\\/lospoliticosveracruz.com\\\/?author=2\"}]}<\/script>\n<!-- \/ Yoast SEO plugin. -->","yoast_head_json":{"title":"Elena y sus panzonas y mensas - Los pol\u00edticos Veracruz","robots":{"index":"index","follow":"follow","max-snippet":"max-snippet:-1","max-image-preview":"max-image-preview:large","max-video-preview":"max-video-preview:-1"},"canonical":"https:\/\/lospoliticosveracruz.com\/?p=37563","og_locale":"es_ES","og_type":"article","og_title":"Elena y sus panzonas y mensas - Los pol\u00edticos Veracruz","og_description":"Salvador Mu\u00f1oz Los Pol\u00edticos &nbsp; Busqu\u00e9 el video y lo encontr\u00e9. Era cierto, Elena Poniatowska dec\u00eda que las juchitecas, en sus tiempos mozos, cuando Tina Modotti las fotografi\u00f3, eran esbeltas, pero que las de ahora, las que Elena hab\u00eda visto, estaban gordas por la cerveza\u2026 \u00a1y mensas! Me llama la atenci\u00f3n el comentario de la [&hellip;]","og_url":"https:\/\/lospoliticosveracruz.com\/?p=37563","og_site_name":"Los pol\u00edticos Veracruz","article_publisher":"https:\/\/www.facebook.com\/people\/Notimemes-de-los-Polticos\/61565672886568\/","article_published_time":"2017-11-07T04:37:39+00:00","og_image":[{"width":200,"height":200,"url":"https:\/\/lospoliticosveracruz.com\/wp-content\/uploads\/2016\/07\/Logo-Dor.jpg","type":"image\/jpeg"}],"author":"Lo viste en Los Pol\u00edticos","twitter_card":"summary_large_image","twitter_creator":"@LosPoliticosVer","twitter_site":"@LosPoliticosVer","twitter_misc":{"Escrito por":"Lo viste en Los Pol\u00edticos","Tiempo de lectura":"4 minutos"},"schema":{"@context":"https:\/\/schema.org","@graph":[{"@type":"Article","@id":"https:\/\/lospoliticosveracruz.com\/?p=37563#article","isPartOf":{"@id":"https:\/\/lospoliticosveracruz.com\/?p=37563"},"author":{"name":"Lo viste en Los Pol\u00edticos","@id":"https:\/\/lospoliticosveracruz.com\/#\/schema\/person\/b8702bb0e538456e6efd07080bf2a4a2"},"headline":"Elena y sus panzonas y mensas","datePublished":"2017-11-07T04:37:39+00:00","mainEntityOfPage":{"@id":"https:\/\/lospoliticosveracruz.com\/?p=37563"},"wordCount":726,"commentCount":0,"publisher":{"@id":"https:\/\/lospoliticosveracruz.com\/#organization"},"keywords":["Elena Poniatowska","Jos\u00e9 Kirsch","Juan Manuel del Castillo","Juchitecas","Obesidad","Tina Modotti"],"articleSection":["De Opini\u00f3n"],"inLanguage":"es","potentialAction":[{"@type":"CommentAction","name":"Comment","target":["https:\/\/lospoliticosveracruz.com\/?p=37563#respond"]}]},{"@type":"WebPage","@id":"https:\/\/lospoliticosveracruz.com\/?p=37563","url":"https:\/\/lospoliticosveracruz.com\/?p=37563","name":"Elena y sus panzonas y mensas - Los pol\u00edticos Veracruz","isPartOf":{"@id":"https:\/\/lospoliticosveracruz.com\/#website"},"datePublished":"2017-11-07T04:37:39+00:00","breadcrumb":{"@id":"https:\/\/lospoliticosveracruz.com\/?p=37563#breadcrumb"},"inLanguage":"es","potentialAction":[{"@type":"ReadAction","target":["https:\/\/lospoliticosveracruz.com\/?p=37563"]}]},{"@type":"BreadcrumbList","@id":"https:\/\/lospoliticosveracruz.com\/?p=37563#breadcrumb","itemListElement":[{"@type":"ListItem","position":1,"name":"Portada","item":"https:\/\/lospoliticosveracruz.com\/"},{"@type":"ListItem","position":2,"name":"Elena y sus panzonas y mensas"}]},{"@type":"WebSite","@id":"https:\/\/lospoliticosveracruz.com\/#website","url":"https:\/\/lospoliticosveracruz.com\/","name":"Los pol\u00edticos Veracruz","description":"","publisher":{"@id":"https:\/\/lospoliticosveracruz.com\/#organization"},"potentialAction":[{"@type":"SearchAction","target":{"@type":"EntryPoint","urlTemplate":"https:\/\/lospoliticosveracruz.com\/?s={search_term_string}"},"query-input":{"@type":"PropertyValueSpecification","valueRequired":true,"valueName":"search_term_string"}}],"inLanguage":"es"},{"@type":"Organization","@id":"https:\/\/lospoliticosveracruz.com\/#organization","name":"Los pol\u00edticos Veracruz","url":"https:\/\/lospoliticosveracruz.com\/","logo":{"@type":"ImageObject","inLanguage":"es","@id":"https:\/\/lospoliticosveracruz.com\/#\/schema\/logo\/image\/","url":"https:\/\/lospoliticosveracruz.com\/wp-content\/uploads\/2025\/12\/Logo-Nuevo-LOS-POLITICOS-1.jpg","contentUrl":"https:\/\/lospoliticosveracruz.com\/wp-content\/uploads\/2025\/12\/Logo-Nuevo-LOS-POLITICOS-1.jpg","width":260,"height":70,"caption":"Los pol\u00edticos Veracruz"},"image":{"@id":"https:\/\/lospoliticosveracruz.com\/#\/schema\/logo\/image\/"},"sameAs":["https:\/\/www.facebook.com\/people\/Notimemes-de-los-Polticos\/61565672886568\/","https:\/\/x.com\/LosPoliticosVer"]},{"@type":"Person","@id":"https:\/\/lospoliticosveracruz.com\/#\/schema\/person\/b8702bb0e538456e6efd07080bf2a4a2","name":"Lo viste en Los Pol\u00edticos","image":{"@type":"ImageObject","inLanguage":"es","@id":"https:\/\/secure.gravatar.com\/avatar\/3a8de04a2656d44082be478bd6c086daa447c4651605818287b9532d3d0bd435?s=96&d=mm&r=g","url":"https:\/\/secure.gravatar.com\/avatar\/3a8de04a2656d44082be478bd6c086daa447c4651605818287b9532d3d0bd435?s=96&d=mm&r=g","contentUrl":"https:\/\/secure.gravatar.com\/avatar\/3a8de04a2656d44082be478bd6c086daa447c4651605818287b9532d3d0bd435?s=96&d=mm&r=g","caption":"Lo viste en Los Pol\u00edticos"},"url":"https:\/\/lospoliticosveracruz.com\/?author=2"}]}},"_links":{"self":[{"href":"https:\/\/lospoliticosveracruz.com\/index.php?rest_route=\/wp\/v2\/posts\/37563","targetHints":{"allow":["GET"]}}],"collection":[{"href":"https:\/\/lospoliticosveracruz.com\/index.php?rest_route=\/wp\/v2\/posts"}],"about":[{"href":"https:\/\/lospoliticosveracruz.com\/index.php?rest_route=\/wp\/v2\/types\/post"}],"author":[{"embeddable":true,"href":"https:\/\/lospoliticosveracruz.com\/index.php?rest_route=\/wp\/v2\/users\/2"}],"replies":[{"embeddable":true,"href":"https:\/\/lospoliticosveracruz.com\/index.php?rest_route=%2Fwp%2Fv2%2Fcomments&post=37563"}],"version-history":[{"count":1,"href":"https:\/\/lospoliticosveracruz.com\/index.php?rest_route=\/wp\/v2\/posts\/37563\/revisions"}],"predecessor-version":[{"id":37564,"href":"https:\/\/lospoliticosveracruz.com\/index.php?rest_route=\/wp\/v2\/posts\/37563\/revisions\/37564"}],"wp:attachment":[{"href":"https:\/\/lospoliticosveracruz.com\/index.php?rest_route=%2Fwp%2Fv2%2Fmedia&parent=37563"}],"wp:term":[{"taxonomy":"category","embeddable":true,"href":"https:\/\/lospoliticosveracruz.com\/index.php?rest_route=%2Fwp%2Fv2%2Fcategories&post=37563"},{"taxonomy":"post_tag","embeddable":true,"href":"https:\/\/lospoliticosveracruz.com\/index.php?rest_route=%2Fwp%2Fv2%2Ftags&post=37563"}],"curies":[{"name":"wp","href":"https:\/\/api.w.org\/{rel}","templated":true}]}}