{"id":37565,"date":"2017-11-07T10:34:34","date_gmt":"2017-11-07T16:34:34","guid":{"rendered":"http:\/\/www.lospoliticosveracruz.com.mx\/?p=37565"},"modified":"2017-11-07T10:34:34","modified_gmt":"2017-11-07T16:34:34","slug":"pri-doble-discurso-sobre-programas-sociales","status":"publish","type":"post","link":"https:\/\/lospoliticosveracruz.com\/?p=37565","title":{"rendered":"PRI, doble discurso sobre programas sociales"},"content":{"rendered":"<p class=\"x_m_7851186874835938532MsoNoSpacing\"><strong>Luis Alberto Romero<u><\/u><u><\/u><\/strong><\/p>\n<p class=\"x_m_7851186874835938532MsoNoSpacing\"><em>Hora Cero<\/em><\/p>\n<p class=\"x_m_7851186874835938532MsoNoSpacing\">\n<p class=\"x_m_7851186874835938532MsoNoSpacing\">\n<p class=\"x_m_7851186874835938532MsoNoSpacing\">Si hay un partido que hist\u00f3ricamente ha usado la pobreza y los programas asistenciales con criterios electorales ese es el Revolucionario Institucional.<u><\/u><u><\/u><\/p>\n<p class=\"x_m_7851186874835938532MsoNoSpacing\">Los apoyos sociales han servido para todo en este pa\u00eds, menos para combatir de forma eficiente la marginaci\u00f3n y la precariedad en que sobreviven millones de mexicanos.<u><\/u><u><\/u><\/p>\n<p class=\"x_m_7851186874835938532MsoNoSpacing\">Por eso llama la atenci\u00f3n que ahora los priistas se quejen por el uso pol\u00edtico que se le da a las acciones gubernamentales que deber\u00edan servir para ayudar a la gente en condici\u00f3n vulnerable.<u><\/u><u><\/u><\/p>\n<p class=\"x_m_7851186874835938532MsoNoSpacing\">Este lunes, el presidente del PRI en Veracruz, Renato Alarc\u00f3n Guevara, pidi\u00f3 que se regularice y transparente el programa social \u201cVeracruz Contigo\u201d, del Gobierno del Estado, por considerar que lo que en realidad busca es que los ciudadanos voten por Acci\u00f3n Nacional durante las elecciones de 2018.<u><\/u><u><\/u><\/p>\n<p class=\"x_m_7851186874835938532MsoNoSpacing\">El dirigente pidi\u00f3 que se apliquen las mismas reglas que tienen los programas del Gobierno de la Rep\u00fablica y que el padr\u00f3n de beneficiarios est\u00e9 abierto a la consulta p\u00fablica.<u><\/u><u><\/u><\/p>\n<p class=\"x_m_7851186874835938532MsoNoSpacing\">Adem\u00e1s, dijo que es necesario que con ello se atienda a una de las seis carencias sociales definidas por el Consejo Nacional de Evaluaci\u00f3n de la Pol\u00edtica Social (Coneval), como acceso de calidad a la vivienda, disminuci\u00f3n del rezago educativo, acceso a la alimentaci\u00f3n, acceso a la salud y seguridad social, por mencionar algunas.<u><\/u><u><\/u><\/p>\n<p class=\"x_m_7851186874835938532MsoNoSpacing\">Explic\u00f3 que si no existe transparencia en el padr\u00f3n, ser\u00e1 complicado determinar si alg\u00fan beneficiario ser\u00e1 parte de alguna estructura partidista oficial en los pr\u00f3ximos comicios.<u><\/u><u><\/u><\/p>\n<p class=\"x_m_7851186874835938532MsoNoSpacing\">A decir del dirigente estatal del PRI, \u201cVeracruz Contigo\u201d podr\u00eda ser un programa asistencial electorero que busca posicionar la imagen de alg\u00fan panista para las campa\u00f1as que se avecinan.<u><\/u><u><\/u><\/p>\n<p class=\"x_m_7851186874835938532MsoNoSpacing\">El argumento de Renato Alarc\u00f3n no suena mal; sin embargo, habr\u00eda que preguntarle si la misma desconfianza mostrar\u00e1 cuando se trate de los programas asistenciales que maneja la Secretar\u00eda de Desarrollo Social del gobierno federal, dado que hay se\u00f1alamientos en el sentido de que la estructura de dicha dependencia trabaja para apuntalar las aspiraciones de su titular en Veracruz, Anil\u00fa Ingram Vallines, una de las cartas priistas para contender por el Senado.<u><\/u><u><\/u><\/p>\n<p class=\"x_m_7851186874835938532MsoNoSpacing\"><u><\/u>\u00a0<u><\/u><\/p>\n<p class=\"x_m_7851186874835938532MsoNoSpacing\"><u><\/u>\u00a0<u><\/u><\/p>\n<p class=\"x_m_7851186874835938532MsoNoSpacing\"><b>Z\u00fa\u00f1iga Mart\u00ednez, detr\u00e1s del Biodigestor<u><\/u><u><\/u><\/b><\/p>\n<p class=\"x_m_7851186874835938532MsoNoSpacing\">Xalapa es el \u00fanico municipio veracruzano que se encuentra entre las 23 ciudades de todo el mundo auspiciadas por el Fondo para el Medio Ambiente Mundial (GEF, por su nombre en ingl\u00e9s), y junto con La Paz y Campeche, es una de las tres ciudades del pa\u00eds que pertenecen a este selecto grupo de ciudades sostenibles.<u><\/u><u><\/u><\/p>\n<p class=\"x_m_7851186874835938532MsoNoSpacing\">Esto le permite acceder al Programa Piloto de Enfoque Integrado de Ciudades Sustentables, que invertir\u00e1 mil 500 millones de d\u00f3lares en cinco a\u00f1os, comprometiendo inicialmente a 11 pa\u00edses en desarrollo (Brasil, China, Costa de Marfil, India, Malasia, M\u00e9xico, Paraguay, Per\u00fa, Senegal, Sud\u00e1frica y Vietnam). De estos, M\u00e9xico recibir\u00e1 15 millones de d\u00f3lares, de los cuales, a la capital veracruzana le corresponder\u00e1\u00a0recibir el mayor porcentaje del fondo, debido a la importancia de su proyecto: la construcci\u00f3n de un biodigestor que transforme los residuos s\u00f3lidos org\u00e1nicos en energ\u00eda el\u00e9ctrica.<u><\/u><u><\/u><\/p>\n<p class=\"x_m_7851186874835938532MsoNoSpacing\">Todo este recuento del andamiaje institucional de alcance internacional es el que ha recorrido el alcalde xalape\u00f1o, Am\u00e9rico Z\u00fa\u00f1iga Mart\u00ednez,\u00a0a lo largo de cuatro a\u00f1os, para hacer realidad este financiamiento que apoya el desarrollo municipal con criterios de sustentabilidad y de ahorro al gasto p\u00fablico.<u><\/u><u><\/u><\/p>\n<p class=\"x_m_7851186874835938532MsoNoSpacing\">La semana anterior, mientras aqu\u00ed se viv\u00edan las festividades de Todos Santos, el edil xalape\u00f1o particip\u00f3 en la Segunda Reuni\u00f3n Anual de la Plataforma Global para Ciudades Sostenibles, realizada en Nueva Delhi, India. En ese lugar, Z\u00fa\u00f1iga Mart\u00ednez confirm\u00f3 la inversi\u00f3n de 8 millones de d\u00f3lares para la construcci\u00f3n del biodigestor que representa una soluci\u00f3n tecnol\u00f3gica eficiente para tratar la basura, producir energ\u00eda limpia y reducir dr\u00e1sticamente las emisiones de gases en la capital veracruzana.<u><\/u><u><\/u><\/p>\n<p class=\"x_m_7851186874835938532MsoNoSpacing\">Se proyecta que unas 71 mil toneladas de di\u00f3xido de carbono (CO2) no lleguen a la atm\u00f3sfera, lo que equivale a que dejen de circular m\u00e1s de 2 mil 700 autos al a\u00f1o, como lo inform\u00f3 Z\u00fa\u00f1iga Mart\u00ednez en el foro internacional.<u><\/u><u><\/u><\/p>\n<p class=\"x_m_7851186874835938532MsoNoSpacing\">As\u00ed queda claro que el alcalde xalape\u00f1o est\u00e1 detr\u00e1s de la eventual construcci\u00f3n del biodigestor, obra que podr\u00eda hacer de Xalapa una ciudad m\u00e1s sustentable. @luisromero85<\/p>\n","protected":false},"excerpt":{"rendered":"<p>Luis Alberto Romero Hora Cero Si hay un partido que hist\u00f3ricamente ha usado la pobreza y los programas asistenciales con criterios electorales ese es el Revolucionario Institucional. Los apoyos sociales han servido para todo en este pa\u00eds, menos para combatir de forma eficiente la marginaci\u00f3n y la precariedad en que sobreviven millones de mexicanos. Por [&hellip;]<\/p>\n","protected":false},"author":2,"featured_media":0,"comment_status":"open","ping_status":"open","sticky":false,"template":"","format":"standard","meta":{"tdm_status":"","tdm_grid_status":"","footnotes":""},"categories":[70],"tags":[251,10070,1128],"class_list":{"0":"post-37565","1":"post","2":"type-post","3":"status-publish","4":"format-standard","6":"category-de-opinion","7":"tag-pri","8":"tag-programas-sociales","9":"tag-renato-alarcon-guevara"},"yoast_head":"<!-- This site is optimized with the Yoast SEO plugin v27.4 - https:\/\/yoast.com\/product\/yoast-seo-wordpress\/ -->\n<title>PRI, doble discurso sobre programas sociales - Los pol\u00edticos Veracruz<\/title>\n<meta name=\"robots\" content=\"index, follow, max-snippet:-1, max-image-preview:large, max-video-preview:-1\" \/>\n<link rel=\"canonical\" href=\"https:\/\/lospoliticosveracruz.com\/?p=37565\" \/>\n<meta property=\"og:locale\" content=\"es_ES\" \/>\n<meta property=\"og:type\" content=\"article\" \/>\n<meta property=\"og:title\" content=\"PRI, doble discurso sobre programas sociales - Los pol\u00edticos Veracruz\" \/>\n<meta property=\"og:description\" content=\"Luis Alberto Romero Hora Cero Si hay un partido que hist\u00f3ricamente ha usado la pobreza y los programas asistenciales con criterios electorales ese es el Revolucionario Institucional. Los apoyos sociales han servido para todo en este pa\u00eds, menos para combatir de forma eficiente la marginaci\u00f3n y la precariedad en que sobreviven millones de mexicanos. Por [&hellip;]\" \/>\n<meta property=\"og:url\" content=\"https:\/\/lospoliticosveracruz.com\/?p=37565\" \/>\n<meta property=\"og:site_name\" content=\"Los pol\u00edticos Veracruz\" \/>\n<meta property=\"article:publisher\" content=\"https:\/\/www.facebook.com\/people\/Notimemes-de-los-Polticos\/61565672886568\/\" \/>\n<meta property=\"article:published_time\" content=\"2017-11-07T16:34:34+00:00\" \/>\n<meta property=\"og:image\" content=\"https:\/\/lospoliticosveracruz.com\/wp-content\/uploads\/2016\/07\/Logo-Dor.jpg\" \/>\n\t<meta property=\"og:image:width\" content=\"200\" \/>\n\t<meta property=\"og:image:height\" content=\"200\" \/>\n\t<meta property=\"og:image:type\" content=\"image\/jpeg\" \/>\n<meta name=\"author\" content=\"Lo viste en Los Pol\u00edticos\" \/>\n<meta name=\"twitter:card\" content=\"summary_large_image\" \/>\n<meta name=\"twitter:creator\" content=\"@LosPoliticosVer\" \/>\n<meta name=\"twitter:site\" content=\"@LosPoliticosVer\" \/>\n<meta name=\"twitter:label1\" content=\"Escrito por\" \/>\n\t<meta name=\"twitter:data1\" content=\"Lo viste en Los Pol\u00edticos\" \/>\n\t<meta name=\"twitter:label2\" content=\"Tiempo de lectura\" \/>\n\t<meta name=\"twitter:data2\" content=\"4 minutos\" \/>\n<script type=\"application\/ld+json\" class=\"yoast-schema-graph\">{\"@context\":\"https:\\\/\\\/schema.org\",\"@graph\":[{\"@type\":\"Article\",\"@id\":\"https:\\\/\\\/lospoliticosveracruz.com\\\/?p=37565#article\",\"isPartOf\":{\"@id\":\"https:\\\/\\\/lospoliticosveracruz.com\\\/?p=37565\"},\"author\":{\"name\":\"Lo viste en Los Pol\u00edticos\",\"@id\":\"https:\\\/\\\/lospoliticosveracruz.com\\\/#\\\/schema\\\/person\\\/b8702bb0e538456e6efd07080bf2a4a2\"},\"headline\":\"PRI, doble discurso sobre programas sociales\",\"datePublished\":\"2017-11-07T16:34:34+00:00\",\"mainEntityOfPage\":{\"@id\":\"https:\\\/\\\/lospoliticosveracruz.com\\\/?p=37565\"},\"wordCount\":754,\"commentCount\":0,\"publisher\":{\"@id\":\"https:\\\/\\\/lospoliticosveracruz.com\\\/#organization\"},\"keywords\":[\"PRI\",\"programas sociales\",\"Renato Alarc\u00f3n Guevara\"],\"articleSection\":[\"De Opini\u00f3n\"],\"inLanguage\":\"es\",\"potentialAction\":[{\"@type\":\"CommentAction\",\"name\":\"Comment\",\"target\":[\"https:\\\/\\\/lospoliticosveracruz.com\\\/?p=37565#respond\"]}]},{\"@type\":\"WebPage\",\"@id\":\"https:\\\/\\\/lospoliticosveracruz.com\\\/?p=37565\",\"url\":\"https:\\\/\\\/lospoliticosveracruz.com\\\/?p=37565\",\"name\":\"PRI, doble discurso sobre programas sociales - Los pol\u00edticos Veracruz\",\"isPartOf\":{\"@id\":\"https:\\\/\\\/lospoliticosveracruz.com\\\/#website\"},\"datePublished\":\"2017-11-07T16:34:34+00:00\",\"breadcrumb\":{\"@id\":\"https:\\\/\\\/lospoliticosveracruz.com\\\/?p=37565#breadcrumb\"},\"inLanguage\":\"es\",\"potentialAction\":[{\"@type\":\"ReadAction\",\"target\":[\"https:\\\/\\\/lospoliticosveracruz.com\\\/?p=37565\"]}]},{\"@type\":\"BreadcrumbList\",\"@id\":\"https:\\\/\\\/lospoliticosveracruz.com\\\/?p=37565#breadcrumb\",\"itemListElement\":[{\"@type\":\"ListItem\",\"position\":1,\"name\":\"Portada\",\"item\":\"https:\\\/\\\/lospoliticosveracruz.com\\\/\"},{\"@type\":\"ListItem\",\"position\":2,\"name\":\"PRI, doble discurso sobre programas sociales\"}]},{\"@type\":\"WebSite\",\"@id\":\"https:\\\/\\\/lospoliticosveracruz.com\\\/#website\",\"url\":\"https:\\\/\\\/lospoliticosveracruz.com\\\/\",\"name\":\"Los pol\u00edticos Veracruz\",\"description\":\"\",\"publisher\":{\"@id\":\"https:\\\/\\\/lospoliticosveracruz.com\\\/#organization\"},\"potentialAction\":[{\"@type\":\"SearchAction\",\"target\":{\"@type\":\"EntryPoint\",\"urlTemplate\":\"https:\\\/\\\/lospoliticosveracruz.com\\\/?s={search_term_string}\"},\"query-input\":{\"@type\":\"PropertyValueSpecification\",\"valueRequired\":true,\"valueName\":\"search_term_string\"}}],\"inLanguage\":\"es\"},{\"@type\":\"Organization\",\"@id\":\"https:\\\/\\\/lospoliticosveracruz.com\\\/#organization\",\"name\":\"Los pol\u00edticos Veracruz\",\"url\":\"https:\\\/\\\/lospoliticosveracruz.com\\\/\",\"logo\":{\"@type\":\"ImageObject\",\"inLanguage\":\"es\",\"@id\":\"https:\\\/\\\/lospoliticosveracruz.com\\\/#\\\/schema\\\/logo\\\/image\\\/\",\"url\":\"https:\\\/\\\/lospoliticosveracruz.com\\\/wp-content\\\/uploads\\\/2025\\\/12\\\/Logo-Nuevo-LOS-POLITICOS-1.jpg\",\"contentUrl\":\"https:\\\/\\\/lospoliticosveracruz.com\\\/wp-content\\\/uploads\\\/2025\\\/12\\\/Logo-Nuevo-LOS-POLITICOS-1.jpg\",\"width\":260,\"height\":70,\"caption\":\"Los pol\u00edticos Veracruz\"},\"image\":{\"@id\":\"https:\\\/\\\/lospoliticosveracruz.com\\\/#\\\/schema\\\/logo\\\/image\\\/\"},\"sameAs\":[\"https:\\\/\\\/www.facebook.com\\\/people\\\/Notimemes-de-los-Polticos\\\/61565672886568\\\/\",\"https:\\\/\\\/x.com\\\/LosPoliticosVer\"]},{\"@type\":\"Person\",\"@id\":\"https:\\\/\\\/lospoliticosveracruz.com\\\/#\\\/schema\\\/person\\\/b8702bb0e538456e6efd07080bf2a4a2\",\"name\":\"Lo viste en Los Pol\u00edticos\",\"image\":{\"@type\":\"ImageObject\",\"inLanguage\":\"es\",\"@id\":\"https:\\\/\\\/secure.gravatar.com\\\/avatar\\\/3a8de04a2656d44082be478bd6c086daa447c4651605818287b9532d3d0bd435?s=96&d=mm&r=g\",\"url\":\"https:\\\/\\\/secure.gravatar.com\\\/avatar\\\/3a8de04a2656d44082be478bd6c086daa447c4651605818287b9532d3d0bd435?s=96&d=mm&r=g\",\"contentUrl\":\"https:\\\/\\\/secure.gravatar.com\\\/avatar\\\/3a8de04a2656d44082be478bd6c086daa447c4651605818287b9532d3d0bd435?s=96&d=mm&r=g\",\"caption\":\"Lo viste en Los Pol\u00edticos\"},\"url\":\"https:\\\/\\\/lospoliticosveracruz.com\\\/?author=2\"}]}<\/script>\n<!-- \/ Yoast SEO plugin. -->","yoast_head_json":{"title":"PRI, doble discurso sobre programas sociales - Los pol\u00edticos Veracruz","robots":{"index":"index","follow":"follow","max-snippet":"max-snippet:-1","max-image-preview":"max-image-preview:large","max-video-preview":"max-video-preview:-1"},"canonical":"https:\/\/lospoliticosveracruz.com\/?p=37565","og_locale":"es_ES","og_type":"article","og_title":"PRI, doble discurso sobre programas sociales - Los pol\u00edticos Veracruz","og_description":"Luis Alberto Romero Hora Cero Si hay un partido que hist\u00f3ricamente ha usado la pobreza y los programas asistenciales con criterios electorales ese es el Revolucionario Institucional. Los apoyos sociales han servido para todo en este pa\u00eds, menos para combatir de forma eficiente la marginaci\u00f3n y la precariedad en que sobreviven millones de mexicanos. Por [&hellip;]","og_url":"https:\/\/lospoliticosveracruz.com\/?p=37565","og_site_name":"Los pol\u00edticos Veracruz","article_publisher":"https:\/\/www.facebook.com\/people\/Notimemes-de-los-Polticos\/61565672886568\/","article_published_time":"2017-11-07T16:34:34+00:00","og_image":[{"width":200,"height":200,"url":"https:\/\/lospoliticosveracruz.com\/wp-content\/uploads\/2016\/07\/Logo-Dor.jpg","type":"image\/jpeg"}],"author":"Lo viste en Los Pol\u00edticos","twitter_card":"summary_large_image","twitter_creator":"@LosPoliticosVer","twitter_site":"@LosPoliticosVer","twitter_misc":{"Escrito por":"Lo viste en Los Pol\u00edticos","Tiempo de lectura":"4 minutos"},"schema":{"@context":"https:\/\/schema.org","@graph":[{"@type":"Article","@id":"https:\/\/lospoliticosveracruz.com\/?p=37565#article","isPartOf":{"@id":"https:\/\/lospoliticosveracruz.com\/?p=37565"},"author":{"name":"Lo viste en Los Pol\u00edticos","@id":"https:\/\/lospoliticosveracruz.com\/#\/schema\/person\/b8702bb0e538456e6efd07080bf2a4a2"},"headline":"PRI, doble discurso sobre programas sociales","datePublished":"2017-11-07T16:34:34+00:00","mainEntityOfPage":{"@id":"https:\/\/lospoliticosveracruz.com\/?p=37565"},"wordCount":754,"commentCount":0,"publisher":{"@id":"https:\/\/lospoliticosveracruz.com\/#organization"},"keywords":["PRI","programas sociales","Renato Alarc\u00f3n Guevara"],"articleSection":["De Opini\u00f3n"],"inLanguage":"es","potentialAction":[{"@type":"CommentAction","name":"Comment","target":["https:\/\/lospoliticosveracruz.com\/?p=37565#respond"]}]},{"@type":"WebPage","@id":"https:\/\/lospoliticosveracruz.com\/?p=37565","url":"https:\/\/lospoliticosveracruz.com\/?p=37565","name":"PRI, doble discurso sobre programas sociales - Los pol\u00edticos Veracruz","isPartOf":{"@id":"https:\/\/lospoliticosveracruz.com\/#website"},"datePublished":"2017-11-07T16:34:34+00:00","breadcrumb":{"@id":"https:\/\/lospoliticosveracruz.com\/?p=37565#breadcrumb"},"inLanguage":"es","potentialAction":[{"@type":"ReadAction","target":["https:\/\/lospoliticosveracruz.com\/?p=37565"]}]},{"@type":"BreadcrumbList","@id":"https:\/\/lospoliticosveracruz.com\/?p=37565#breadcrumb","itemListElement":[{"@type":"ListItem","position":1,"name":"Portada","item":"https:\/\/lospoliticosveracruz.com\/"},{"@type":"ListItem","position":2,"name":"PRI, doble discurso sobre programas sociales"}]},{"@type":"WebSite","@id":"https:\/\/lospoliticosveracruz.com\/#website","url":"https:\/\/lospoliticosveracruz.com\/","name":"Los pol\u00edticos Veracruz","description":"","publisher":{"@id":"https:\/\/lospoliticosveracruz.com\/#organization"},"potentialAction":[{"@type":"SearchAction","target":{"@type":"EntryPoint","urlTemplate":"https:\/\/lospoliticosveracruz.com\/?s={search_term_string}"},"query-input":{"@type":"PropertyValueSpecification","valueRequired":true,"valueName":"search_term_string"}}],"inLanguage":"es"},{"@type":"Organization","@id":"https:\/\/lospoliticosveracruz.com\/#organization","name":"Los pol\u00edticos Veracruz","url":"https:\/\/lospoliticosveracruz.com\/","logo":{"@type":"ImageObject","inLanguage":"es","@id":"https:\/\/lospoliticosveracruz.com\/#\/schema\/logo\/image\/","url":"https:\/\/lospoliticosveracruz.com\/wp-content\/uploads\/2025\/12\/Logo-Nuevo-LOS-POLITICOS-1.jpg","contentUrl":"https:\/\/lospoliticosveracruz.com\/wp-content\/uploads\/2025\/12\/Logo-Nuevo-LOS-POLITICOS-1.jpg","width":260,"height":70,"caption":"Los pol\u00edticos Veracruz"},"image":{"@id":"https:\/\/lospoliticosveracruz.com\/#\/schema\/logo\/image\/"},"sameAs":["https:\/\/www.facebook.com\/people\/Notimemes-de-los-Polticos\/61565672886568\/","https:\/\/x.com\/LosPoliticosVer"]},{"@type":"Person","@id":"https:\/\/lospoliticosveracruz.com\/#\/schema\/person\/b8702bb0e538456e6efd07080bf2a4a2","name":"Lo viste en Los Pol\u00edticos","image":{"@type":"ImageObject","inLanguage":"es","@id":"https:\/\/secure.gravatar.com\/avatar\/3a8de04a2656d44082be478bd6c086daa447c4651605818287b9532d3d0bd435?s=96&d=mm&r=g","url":"https:\/\/secure.gravatar.com\/avatar\/3a8de04a2656d44082be478bd6c086daa447c4651605818287b9532d3d0bd435?s=96&d=mm&r=g","contentUrl":"https:\/\/secure.gravatar.com\/avatar\/3a8de04a2656d44082be478bd6c086daa447c4651605818287b9532d3d0bd435?s=96&d=mm&r=g","caption":"Lo viste en Los Pol\u00edticos"},"url":"https:\/\/lospoliticosveracruz.com\/?author=2"}]}},"_links":{"self":[{"href":"https:\/\/lospoliticosveracruz.com\/index.php?rest_route=\/wp\/v2\/posts\/37565","targetHints":{"allow":["GET"]}}],"collection":[{"href":"https:\/\/lospoliticosveracruz.com\/index.php?rest_route=\/wp\/v2\/posts"}],"about":[{"href":"https:\/\/lospoliticosveracruz.com\/index.php?rest_route=\/wp\/v2\/types\/post"}],"author":[{"embeddable":true,"href":"https:\/\/lospoliticosveracruz.com\/index.php?rest_route=\/wp\/v2\/users\/2"}],"replies":[{"embeddable":true,"href":"https:\/\/lospoliticosveracruz.com\/index.php?rest_route=%2Fwp%2Fv2%2Fcomments&post=37565"}],"version-history":[{"count":1,"href":"https:\/\/lospoliticosveracruz.com\/index.php?rest_route=\/wp\/v2\/posts\/37565\/revisions"}],"predecessor-version":[{"id":37566,"href":"https:\/\/lospoliticosveracruz.com\/index.php?rest_route=\/wp\/v2\/posts\/37565\/revisions\/37566"}],"wp:attachment":[{"href":"https:\/\/lospoliticosveracruz.com\/index.php?rest_route=%2Fwp%2Fv2%2Fmedia&parent=37565"}],"wp:term":[{"taxonomy":"category","embeddable":true,"href":"https:\/\/lospoliticosveracruz.com\/index.php?rest_route=%2Fwp%2Fv2%2Fcategories&post=37565"},{"taxonomy":"post_tag","embeddable":true,"href":"https:\/\/lospoliticosveracruz.com\/index.php?rest_route=%2Fwp%2Fv2%2Ftags&post=37565"}],"curies":[{"name":"wp","href":"https:\/\/api.w.org\/{rel}","templated":true}]}}