{"id":37567,"date":"2017-11-07T10:58:26","date_gmt":"2017-11-07T16:58:26","guid":{"rendered":"http:\/\/www.lospoliticosveracruz.com.mx\/?p=37567"},"modified":"2017-11-07T11:00:33","modified_gmt":"2017-11-07T17:00:33","slug":"beneficiados-y-perjudicados","status":"publish","type":"post","link":"https:\/\/lospoliticosveracruz.com\/?p=37567","title":{"rendered":"Beneficiados y perjudicados"},"content":{"rendered":"<p class=\"x_m_8966214961464062654x_Standard\" style=\"text-align: left;\" align=\"center\"><strong>Ricardo V\u00e1zquez Salazar<\/strong><\/p>\n<p class=\"x_m_8966214961464062654x_Standard\" style=\"text-align: left;\" align=\"center\"><em>Esfera Pol\u00edtica<\/em><\/p>\n<p class=\"x_m_8966214961464062654x_MsoNormal\"><span lang=\"ES-MX\">Con el inesperado incremento por arriba de los 64 d\u00f3lares el precio del barril de petr\u00f3leo, con tendencia a la alza,\u00a0\u00bfser\u00e1 que todav\u00eda represente alg\u00fan beneficio para M\u00e9xico, o ya no? De ser favorable, \u00bfcabr\u00eda la posibilidad que de los ingresos que no estaban contemplados algo se destine a las necesidades de reconstrucci\u00f3n por los sismos del 7 y 19 de septiembre pasado? Porque Carlos Romero Deshamps debe estar con las manos extendidas.<\/span><\/p>\n<p class=\"x_m_8966214961464062654x_MsoNormal\"><span lang=\"ES-MX\">Aunque no fue novedad, fue m\u00e1s bien reproducci\u00f3n de lo que anteriormente ya se hab\u00eda dado a conocer, lo que m\u00e1s pes\u00f3 el d\u00eda de ayer es por quien lo dijo, que no fue un hijo de vecino, sino acad\u00e9micos de la Universidad de Texas, al mencionar en un documento de investigaci\u00f3n realizado con m\u00e1s de 20 testimonios de integrantes de los zetas, en tres juicios federales estadounidenses, que Fidel Herrera Beltr\u00e1n, Javier Duarte de Ochoa, Rub\u00e9n y Humberto Moreira, estos dos \u00faltimos gobernadores de Coahuila, tuvieron v\u00ednculos directos y recibieron sobornos del c\u00e1rtel mencionado, para operar con libertad en ambas entidades. Incluso se habl\u00f3 \u00a0del asesinato de una contadora en el patio de la casa de Javier Duarte.<\/span><\/p>\n<p class=\"x_m_8966214961464062654x_MsoNormal\"><span lang=\"ES-MX\">Por lo informado en conferencia de prensa por personal de la Cl\u00ednica de Derechos Humanos de la Facultad de Derecho de la Universidad de Texas dio en el Senado de la Rep\u00fablica, cae como una granada pol\u00edtica en un momento crucial, en el reciente banderazo de salida del proceso electoral, esc\u00e1ndalo que por supuesto no van a desaprovechar los partidos de oposici\u00f3n al tricolor, en particular en Veracruz.<\/span><\/p>\n<p class=\"x_m_8966214961464062654x_MsoNormal\"><span lang=\"ES-MX\">\u00a0Los partidos contrarios al PRI tendr\u00e1n un argumento de peso, con el \u201cya ven se los dije\u201d, como una de los principales armas de campa\u00f1a. Complicado desmentir. Por todos los hechos lamentables que ha sufrido la poblaci\u00f3n.<\/span><\/p>\n<p class=\"x_m_8966214961464062654x_MsoNormal\"><span lang=\"ES-MX\">La conferencia de este lunes en que se afirma c\u00f3mo fue que comenz\u00f3 toda la barbarie, es volver a poner el dedo en la herida, del luto en que viven miles de familias veracruzanas, por sus seres queridos ejecutados, desaparecidos, secuestrados. \u00a0\u00a0<\/span><\/p>\n<p class=\"x_m_8966214961464062654x_MsoNormal\"><span lang=\"ES-MX\">\u201cMe siento agraviado, lastimado, dolido, por lo declarado en relaci\u00f3n a que recib\u00ed sobornos de los zetas para mi campa\u00f1a pol\u00edtica a la gubernatura de Veracruz\u2026 me declaro absoluto, total y completamente ajeno a lo se\u00f1alado\u201d, dijo con toda la desfachatez Fidel Herrera esta ma\u00f1ana en entrevista televisiva. \u00a0<\/span><\/p>\n<p class=\"x_m_8966214961464062654x_MsoNormal\"><span lang=\"ES-MX\">A la pregunta que le formularon: \u00bfcu\u00e1ndo y c\u00f3mo se originaron los zetas en Veracruz? Con postura pilatesca \u201cEl T\u00edo\u201d siniestro respondi\u00f3 al lavarse las manos: \u201cEs un grupo criminal de origen castrense\u201d.<\/span><\/p>\n<p class=\"x_m_8966214961464062654x_MsoNormal\"><span lang=\"ES-MX\">Fidel se\u00f1ala directo a las Fuerzas Armadas como el origen del problema. No encontr\u00f3 a nadie m\u00e1s a quien cargarle la responsabilidad m\u00e1s que a los militares, los que han dado su vida en la lucha contra el crimen organizado y que poco pudieron avanzar durante el fidelato-duartazo por la complicidad de las autoridades estatales y municipales. En el documento de la instituci\u00f3n texana tambi\u00e9n se menciona a alcaldes involucrados con la delincuencia organizada. \u00a0\u00a0\u00a0<\/span><\/p>\n<p class=\"x_m_8966214961464062654x_MsoNormal\"><span lang=\"ES-MX\">El bombazo soltado en el Senado, sin lugar a dudas va a seguir causando damnificados pol\u00edticos en Veracruz. Entre muchos otros, las \u201cBarbies\u201d y las \u201cReinis\u201d.<\/span><\/p>\n<p class=\"x_m_8966214961464062654x_MsoNormal\"><span lang=\"ES-MX\">Faltar\u00eda un desplegado como el que en alguna ocasi\u00f3n se difundi\u00f3, con foto en la que aparezcan diputados federales y locales, alcaldes y pol\u00edticos de distinta cala\u00f1a otorg\u00e1ndole todo el apoyo a Fidel Herrera y Javier Duarte, con la expresi\u00f3n hecho un cl\u00e1sico: \u201cNo les han comprobado nada\u201d.\u00a0\u00a0<\/span><\/p>\n<p><a href=\"mailto:rvazquez002@yahoo.com.mx\" target=\"_blank\" rel=\"noopener noreferrer\"><span lang=\"ES-MX\">rvazquez002@yahoo.com.mx<\/span><\/a><\/p>\n","protected":false},"excerpt":{"rendered":"<p>Ricardo V\u00e1zquez Salazar Esfera Pol\u00edtica Con el inesperado incremento por arriba de los 64 d\u00f3lares el precio del barril de petr\u00f3leo, con tendencia a la alza,\u00a0\u00bfser\u00e1 que todav\u00eda represente alg\u00fan beneficio para M\u00e9xico, o ya no? De ser favorable, \u00bfcabr\u00eda la posibilidad que de los ingresos que no estaban contemplados algo se destine a las [&hellip;]<\/p>\n","protected":false},"author":2,"featured_media":0,"comment_status":"open","ping_status":"open","sticky":false,"template":"","format":"standard","meta":{"tdm_status":"","tdm_grid_status":"","footnotes":""},"categories":[70],"tags":[9629,410,4599,260,2019,251,10072],"class_list":{"0":"post-37567","1":"post","2":"type-post","3":"status-publish","4":"format-standard","6":"category-de-opinion","7":"tag-carlos-romero-deshamps","8":"tag-fidel-herrera-beltran","9":"tag-humberto-moreira","10":"tag-javier-duarte-de-ochoa","11":"tag-petroleo","12":"tag-pri","13":"tag-universidad-de-texas"},"yoast_head":"<!-- This site is optimized with the Yoast SEO plugin v27.4 - https:\/\/yoast.com\/product\/yoast-seo-wordpress\/ -->\n<title>Beneficiados y perjudicados - Los pol\u00edticos Veracruz<\/title>\n<meta name=\"robots\" content=\"index, follow, max-snippet:-1, max-image-preview:large, max-video-preview:-1\" \/>\n<link rel=\"canonical\" href=\"https:\/\/lospoliticosveracruz.com\/?p=37567\" \/>\n<meta property=\"og:locale\" content=\"es_ES\" \/>\n<meta property=\"og:type\" content=\"article\" \/>\n<meta property=\"og:title\" content=\"Beneficiados y perjudicados - Los pol\u00edticos Veracruz\" \/>\n<meta property=\"og:description\" content=\"Ricardo V\u00e1zquez Salazar Esfera Pol\u00edtica Con el inesperado incremento por arriba de los 64 d\u00f3lares el precio del barril de petr\u00f3leo, con tendencia a la alza,\u00a0\u00bfser\u00e1 que todav\u00eda represente alg\u00fan beneficio para M\u00e9xico, o ya no? De ser favorable, \u00bfcabr\u00eda la posibilidad que de los ingresos que no estaban contemplados algo se destine a las [&hellip;]\" \/>\n<meta property=\"og:url\" content=\"https:\/\/lospoliticosveracruz.com\/?p=37567\" \/>\n<meta property=\"og:site_name\" content=\"Los pol\u00edticos Veracruz\" \/>\n<meta property=\"article:publisher\" content=\"https:\/\/www.facebook.com\/people\/Notimemes-de-los-Polticos\/61565672886568\/\" \/>\n<meta property=\"article:published_time\" content=\"2017-11-07T16:58:26+00:00\" \/>\n<meta property=\"article:modified_time\" content=\"2017-11-07T17:00:33+00:00\" \/>\n<meta property=\"og:image\" content=\"https:\/\/lospoliticosveracruz.com\/wp-content\/uploads\/2016\/07\/Logo-Dor.jpg\" \/>\n\t<meta property=\"og:image:width\" content=\"200\" \/>\n\t<meta property=\"og:image:height\" content=\"200\" \/>\n\t<meta property=\"og:image:type\" content=\"image\/jpeg\" \/>\n<meta name=\"author\" content=\"Lo viste en Los Pol\u00edticos\" \/>\n<meta name=\"twitter:card\" content=\"summary_large_image\" \/>\n<meta name=\"twitter:creator\" content=\"@LosPoliticosVer\" \/>\n<meta name=\"twitter:site\" content=\"@LosPoliticosVer\" \/>\n<meta name=\"twitter:label1\" content=\"Escrito por\" \/>\n\t<meta name=\"twitter:data1\" content=\"Lo viste en Los Pol\u00edticos\" \/>\n\t<meta name=\"twitter:label2\" content=\"Tiempo de lectura\" \/>\n\t<meta name=\"twitter:data2\" content=\"3 minutos\" \/>\n<script type=\"application\/ld+json\" class=\"yoast-schema-graph\">{\"@context\":\"https:\\\/\\\/schema.org\",\"@graph\":[{\"@type\":\"Article\",\"@id\":\"https:\\\/\\\/lospoliticosveracruz.com\\\/?p=37567#article\",\"isPartOf\":{\"@id\":\"https:\\\/\\\/lospoliticosveracruz.com\\\/?p=37567\"},\"author\":{\"name\":\"Lo viste en Los Pol\u00edticos\",\"@id\":\"https:\\\/\\\/lospoliticosveracruz.com\\\/#\\\/schema\\\/person\\\/b8702bb0e538456e6efd07080bf2a4a2\"},\"headline\":\"Beneficiados y perjudicados\",\"datePublished\":\"2017-11-07T16:58:26+00:00\",\"dateModified\":\"2017-11-07T17:00:33+00:00\",\"mainEntityOfPage\":{\"@id\":\"https:\\\/\\\/lospoliticosveracruz.com\\\/?p=37567\"},\"wordCount\":627,\"commentCount\":0,\"publisher\":{\"@id\":\"https:\\\/\\\/lospoliticosveracruz.com\\\/#organization\"},\"keywords\":[\"Carlos Romero Deshamps\",\"Fidel Herrera Beltr\u00e1n\",\"Humberto Moreira\",\"Javier Duarte de Ochoa\",\"Petr\u00f3leo\",\"PRI\",\"Universidad de Texas\"],\"articleSection\":[\"De Opini\u00f3n\"],\"inLanguage\":\"es\",\"potentialAction\":[{\"@type\":\"CommentAction\",\"name\":\"Comment\",\"target\":[\"https:\\\/\\\/lospoliticosveracruz.com\\\/?p=37567#respond\"]}]},{\"@type\":\"WebPage\",\"@id\":\"https:\\\/\\\/lospoliticosveracruz.com\\\/?p=37567\",\"url\":\"https:\\\/\\\/lospoliticosveracruz.com\\\/?p=37567\",\"name\":\"Beneficiados y perjudicados - Los pol\u00edticos Veracruz\",\"isPartOf\":{\"@id\":\"https:\\\/\\\/lospoliticosveracruz.com\\\/#website\"},\"datePublished\":\"2017-11-07T16:58:26+00:00\",\"dateModified\":\"2017-11-07T17:00:33+00:00\",\"breadcrumb\":{\"@id\":\"https:\\\/\\\/lospoliticosveracruz.com\\\/?p=37567#breadcrumb\"},\"inLanguage\":\"es\",\"potentialAction\":[{\"@type\":\"ReadAction\",\"target\":[\"https:\\\/\\\/lospoliticosveracruz.com\\\/?p=37567\"]}]},{\"@type\":\"BreadcrumbList\",\"@id\":\"https:\\\/\\\/lospoliticosveracruz.com\\\/?p=37567#breadcrumb\",\"itemListElement\":[{\"@type\":\"ListItem\",\"position\":1,\"name\":\"Portada\",\"item\":\"https:\\\/\\\/lospoliticosveracruz.com\\\/\"},{\"@type\":\"ListItem\",\"position\":2,\"name\":\"Beneficiados y perjudicados\"}]},{\"@type\":\"WebSite\",\"@id\":\"https:\\\/\\\/lospoliticosveracruz.com\\\/#website\",\"url\":\"https:\\\/\\\/lospoliticosveracruz.com\\\/\",\"name\":\"Los pol\u00edticos Veracruz\",\"description\":\"\",\"publisher\":{\"@id\":\"https:\\\/\\\/lospoliticosveracruz.com\\\/#organization\"},\"potentialAction\":[{\"@type\":\"SearchAction\",\"target\":{\"@type\":\"EntryPoint\",\"urlTemplate\":\"https:\\\/\\\/lospoliticosveracruz.com\\\/?s={search_term_string}\"},\"query-input\":{\"@type\":\"PropertyValueSpecification\",\"valueRequired\":true,\"valueName\":\"search_term_string\"}}],\"inLanguage\":\"es\"},{\"@type\":\"Organization\",\"@id\":\"https:\\\/\\\/lospoliticosveracruz.com\\\/#organization\",\"name\":\"Los pol\u00edticos Veracruz\",\"url\":\"https:\\\/\\\/lospoliticosveracruz.com\\\/\",\"logo\":{\"@type\":\"ImageObject\",\"inLanguage\":\"es\",\"@id\":\"https:\\\/\\\/lospoliticosveracruz.com\\\/#\\\/schema\\\/logo\\\/image\\\/\",\"url\":\"https:\\\/\\\/lospoliticosveracruz.com\\\/wp-content\\\/uploads\\\/2025\\\/12\\\/Logo-Nuevo-LOS-POLITICOS-1.jpg\",\"contentUrl\":\"https:\\\/\\\/lospoliticosveracruz.com\\\/wp-content\\\/uploads\\\/2025\\\/12\\\/Logo-Nuevo-LOS-POLITICOS-1.jpg\",\"width\":260,\"height\":70,\"caption\":\"Los pol\u00edticos Veracruz\"},\"image\":{\"@id\":\"https:\\\/\\\/lospoliticosveracruz.com\\\/#\\\/schema\\\/logo\\\/image\\\/\"},\"sameAs\":[\"https:\\\/\\\/www.facebook.com\\\/people\\\/Notimemes-de-los-Polticos\\\/61565672886568\\\/\",\"https:\\\/\\\/x.com\\\/LosPoliticosVer\"]},{\"@type\":\"Person\",\"@id\":\"https:\\\/\\\/lospoliticosveracruz.com\\\/#\\\/schema\\\/person\\\/b8702bb0e538456e6efd07080bf2a4a2\",\"name\":\"Lo viste en Los Pol\u00edticos\",\"image\":{\"@type\":\"ImageObject\",\"inLanguage\":\"es\",\"@id\":\"https:\\\/\\\/secure.gravatar.com\\\/avatar\\\/3a8de04a2656d44082be478bd6c086daa447c4651605818287b9532d3d0bd435?s=96&d=mm&r=g\",\"url\":\"https:\\\/\\\/secure.gravatar.com\\\/avatar\\\/3a8de04a2656d44082be478bd6c086daa447c4651605818287b9532d3d0bd435?s=96&d=mm&r=g\",\"contentUrl\":\"https:\\\/\\\/secure.gravatar.com\\\/avatar\\\/3a8de04a2656d44082be478bd6c086daa447c4651605818287b9532d3d0bd435?s=96&d=mm&r=g\",\"caption\":\"Lo viste en Los Pol\u00edticos\"},\"url\":\"https:\\\/\\\/lospoliticosveracruz.com\\\/?author=2\"}]}<\/script>\n<!-- \/ Yoast SEO plugin. -->","yoast_head_json":{"title":"Beneficiados y perjudicados - Los pol\u00edticos Veracruz","robots":{"index":"index","follow":"follow","max-snippet":"max-snippet:-1","max-image-preview":"max-image-preview:large","max-video-preview":"max-video-preview:-1"},"canonical":"https:\/\/lospoliticosveracruz.com\/?p=37567","og_locale":"es_ES","og_type":"article","og_title":"Beneficiados y perjudicados - Los pol\u00edticos Veracruz","og_description":"Ricardo V\u00e1zquez Salazar Esfera Pol\u00edtica Con el inesperado incremento por arriba de los 64 d\u00f3lares el precio del barril de petr\u00f3leo, con tendencia a la alza,\u00a0\u00bfser\u00e1 que todav\u00eda represente alg\u00fan beneficio para M\u00e9xico, o ya no? De ser favorable, \u00bfcabr\u00eda la posibilidad que de los ingresos que no estaban contemplados algo se destine a las [&hellip;]","og_url":"https:\/\/lospoliticosveracruz.com\/?p=37567","og_site_name":"Los pol\u00edticos Veracruz","article_publisher":"https:\/\/www.facebook.com\/people\/Notimemes-de-los-Polticos\/61565672886568\/","article_published_time":"2017-11-07T16:58:26+00:00","article_modified_time":"2017-11-07T17:00:33+00:00","og_image":[{"width":200,"height":200,"url":"https:\/\/lospoliticosveracruz.com\/wp-content\/uploads\/2016\/07\/Logo-Dor.jpg","type":"image\/jpeg"}],"author":"Lo viste en Los Pol\u00edticos","twitter_card":"summary_large_image","twitter_creator":"@LosPoliticosVer","twitter_site":"@LosPoliticosVer","twitter_misc":{"Escrito por":"Lo viste en Los Pol\u00edticos","Tiempo de lectura":"3 minutos"},"schema":{"@context":"https:\/\/schema.org","@graph":[{"@type":"Article","@id":"https:\/\/lospoliticosveracruz.com\/?p=37567#article","isPartOf":{"@id":"https:\/\/lospoliticosveracruz.com\/?p=37567"},"author":{"name":"Lo viste en Los Pol\u00edticos","@id":"https:\/\/lospoliticosveracruz.com\/#\/schema\/person\/b8702bb0e538456e6efd07080bf2a4a2"},"headline":"Beneficiados y perjudicados","datePublished":"2017-11-07T16:58:26+00:00","dateModified":"2017-11-07T17:00:33+00:00","mainEntityOfPage":{"@id":"https:\/\/lospoliticosveracruz.com\/?p=37567"},"wordCount":627,"commentCount":0,"publisher":{"@id":"https:\/\/lospoliticosveracruz.com\/#organization"},"keywords":["Carlos Romero Deshamps","Fidel Herrera Beltr\u00e1n","Humberto Moreira","Javier Duarte de Ochoa","Petr\u00f3leo","PRI","Universidad de Texas"],"articleSection":["De Opini\u00f3n"],"inLanguage":"es","potentialAction":[{"@type":"CommentAction","name":"Comment","target":["https:\/\/lospoliticosveracruz.com\/?p=37567#respond"]}]},{"@type":"WebPage","@id":"https:\/\/lospoliticosveracruz.com\/?p=37567","url":"https:\/\/lospoliticosveracruz.com\/?p=37567","name":"Beneficiados y perjudicados - Los pol\u00edticos Veracruz","isPartOf":{"@id":"https:\/\/lospoliticosveracruz.com\/#website"},"datePublished":"2017-11-07T16:58:26+00:00","dateModified":"2017-11-07T17:00:33+00:00","breadcrumb":{"@id":"https:\/\/lospoliticosveracruz.com\/?p=37567#breadcrumb"},"inLanguage":"es","potentialAction":[{"@type":"ReadAction","target":["https:\/\/lospoliticosveracruz.com\/?p=37567"]}]},{"@type":"BreadcrumbList","@id":"https:\/\/lospoliticosveracruz.com\/?p=37567#breadcrumb","itemListElement":[{"@type":"ListItem","position":1,"name":"Portada","item":"https:\/\/lospoliticosveracruz.com\/"},{"@type":"ListItem","position":2,"name":"Beneficiados y perjudicados"}]},{"@type":"WebSite","@id":"https:\/\/lospoliticosveracruz.com\/#website","url":"https:\/\/lospoliticosveracruz.com\/","name":"Los pol\u00edticos Veracruz","description":"","publisher":{"@id":"https:\/\/lospoliticosveracruz.com\/#organization"},"potentialAction":[{"@type":"SearchAction","target":{"@type":"EntryPoint","urlTemplate":"https:\/\/lospoliticosveracruz.com\/?s={search_term_string}"},"query-input":{"@type":"PropertyValueSpecification","valueRequired":true,"valueName":"search_term_string"}}],"inLanguage":"es"},{"@type":"Organization","@id":"https:\/\/lospoliticosveracruz.com\/#organization","name":"Los pol\u00edticos Veracruz","url":"https:\/\/lospoliticosveracruz.com\/","logo":{"@type":"ImageObject","inLanguage":"es","@id":"https:\/\/lospoliticosveracruz.com\/#\/schema\/logo\/image\/","url":"https:\/\/lospoliticosveracruz.com\/wp-content\/uploads\/2025\/12\/Logo-Nuevo-LOS-POLITICOS-1.jpg","contentUrl":"https:\/\/lospoliticosveracruz.com\/wp-content\/uploads\/2025\/12\/Logo-Nuevo-LOS-POLITICOS-1.jpg","width":260,"height":70,"caption":"Los pol\u00edticos Veracruz"},"image":{"@id":"https:\/\/lospoliticosveracruz.com\/#\/schema\/logo\/image\/"},"sameAs":["https:\/\/www.facebook.com\/people\/Notimemes-de-los-Polticos\/61565672886568\/","https:\/\/x.com\/LosPoliticosVer"]},{"@type":"Person","@id":"https:\/\/lospoliticosveracruz.com\/#\/schema\/person\/b8702bb0e538456e6efd07080bf2a4a2","name":"Lo viste en Los Pol\u00edticos","image":{"@type":"ImageObject","inLanguage":"es","@id":"https:\/\/secure.gravatar.com\/avatar\/3a8de04a2656d44082be478bd6c086daa447c4651605818287b9532d3d0bd435?s=96&d=mm&r=g","url":"https:\/\/secure.gravatar.com\/avatar\/3a8de04a2656d44082be478bd6c086daa447c4651605818287b9532d3d0bd435?s=96&d=mm&r=g","contentUrl":"https:\/\/secure.gravatar.com\/avatar\/3a8de04a2656d44082be478bd6c086daa447c4651605818287b9532d3d0bd435?s=96&d=mm&r=g","caption":"Lo viste en Los Pol\u00edticos"},"url":"https:\/\/lospoliticosveracruz.com\/?author=2"}]}},"_links":{"self":[{"href":"https:\/\/lospoliticosveracruz.com\/index.php?rest_route=\/wp\/v2\/posts\/37567","targetHints":{"allow":["GET"]}}],"collection":[{"href":"https:\/\/lospoliticosveracruz.com\/index.php?rest_route=\/wp\/v2\/posts"}],"about":[{"href":"https:\/\/lospoliticosveracruz.com\/index.php?rest_route=\/wp\/v2\/types\/post"}],"author":[{"embeddable":true,"href":"https:\/\/lospoliticosveracruz.com\/index.php?rest_route=\/wp\/v2\/users\/2"}],"replies":[{"embeddable":true,"href":"https:\/\/lospoliticosveracruz.com\/index.php?rest_route=%2Fwp%2Fv2%2Fcomments&post=37567"}],"version-history":[{"count":2,"href":"https:\/\/lospoliticosveracruz.com\/index.php?rest_route=\/wp\/v2\/posts\/37567\/revisions"}],"predecessor-version":[{"id":37569,"href":"https:\/\/lospoliticosveracruz.com\/index.php?rest_route=\/wp\/v2\/posts\/37567\/revisions\/37569"}],"wp:attachment":[{"href":"https:\/\/lospoliticosveracruz.com\/index.php?rest_route=%2Fwp%2Fv2%2Fmedia&parent=37567"}],"wp:term":[{"taxonomy":"category","embeddable":true,"href":"https:\/\/lospoliticosveracruz.com\/index.php?rest_route=%2Fwp%2Fv2%2Fcategories&post=37567"},{"taxonomy":"post_tag","embeddable":true,"href":"https:\/\/lospoliticosveracruz.com\/index.php?rest_route=%2Fwp%2Fv2%2Ftags&post=37567"}],"curies":[{"name":"wp","href":"https:\/\/api.w.org\/{rel}","templated":true}]}}