{"id":37639,"date":"2017-11-09T22:46:13","date_gmt":"2017-11-10T04:46:13","guid":{"rendered":"http:\/\/www.lospoliticosveracruz.com.mx\/?p=37639"},"modified":"2017-11-09T22:46:13","modified_gmt":"2017-11-10T04:46:13","slug":"ipax-insensible-el-caso-molli","status":"publish","type":"post","link":"https:\/\/lospoliticosveracruz.com\/?p=37639","title":{"rendered":"IPAX, insensible; el caso Molli"},"content":{"rendered":"<p dir=\"ltr\"><strong>Salvador Mu\u00f1oz<\/strong><\/p>\n<p dir=\"ltr\"><em><strong><\/strong>Los Pol\u00edticos<\/em><\/p>\n<p dir=\"ltr\">\n<p>&nbsp;<\/p>\n<p dir=\"ltr\">La pareja de ancianos esperaba paciente pero con la angustia reflejada en el rostro\u2026 no se quer\u00edan mover de esa puerta que era esperanza, quer\u00edan que fuera esperanza. No s\u00e9 si hayan ido a almorzar cuando cerca de las 13 horas lleg\u00f3 un grupo de voluntarios a dar tambi\u00e9n alimento a quienes al igual que esa pareja de ancianos, esperan noticias de sus familiares.<\/p>\n<p dir=\"ltr\">Quien haya estado presente en un nosocomio, y m\u00e1s en el \u00e1rea de emergencias, sabe de la angustia que se vive en ese lugar y a la vez, lo que econ\u00f3micamente puede generar tener un familiar all\u00ed, porque ya piden medicina, jeringas, lo que sea, que a veces el comer pasa a segundo t\u00e9rmino o no se acuerda uno de ello\u2026 hasta que llegan los voluntarios al Centro de Especialidades M\u00e9dicas Rafael Lucio, de aqu\u00ed de Xalapa.<\/p>\n<p dir=\"ltr\">Entonces, algunos con desconfianza, por no saber si hay costo alguno, se acercan y reciben no s\u00f3lo que un sandwich, gelatina, pambazos, aguas preparadas con alguna fruta, tambi\u00e9n les dan una sonrisa, muy dif\u00edcil de encontrar en esos lugares\u2026 no porque la gente sea ojete, sino porque cada quien vive una tragedia.<\/p>\n<p dir=\"ltr\">Con los voluntarios, hay lugar entonces para darle al est\u00f3mago un poco de calor y al alma, otro poco de descanso\u2026 hasta que aparece el uniformado\u2026<\/p>\n<p dir=\"ltr\">Se entiende que el Polic\u00eda del IPAX, celoso guardi\u00e1n del orden, pida eso, orden ante el movimiento inusitado de gente cerca del \u00e1rea de emergencia\u2026 pero hay modos y al menos, el modo que us\u00f3 el Polic\u00eda Auxiliar no agrad\u00f3 ni a los voluntarios ni a la gente\u2026<\/p>\n<p dir=\"ltr\">Total que \u201cse guard\u00f3 la compostura\u201d ante la demanda del uniformado del IPAX y fue entonces que la puerta se abri\u00f3, s\u00ed, esa puerta a la que esa pareja de ancianos no le quitaba la mirada para nada\u2026 sali\u00f3 un hombre de blanco al que identificaron esos viejitos que se acercaron a \u00e9l lo m\u00e1s pronto posible\u2026 la mirada del doctor y el llanto desgarrador de una mujer y de un hombre dec\u00edan todo\u2026<\/p>\n<p dir=\"ltr\">\u00bfC\u00f3mo se puede detener el dolor cuando se siente que el alma se desgarra? Un silencio solidario acompa\u00f1\u00f3 a esa pareja de ancianos que era evidente que esa puerta que consideraban su \u00faltima esperanza, se hab\u00eda cerrado. S\u00ed, no hab\u00eda palabras para consolarlos\u2026 hasta que lleg\u00f3 ese Polic\u00eda del IPAX e hizo lo inconcebible\u2026 \u201cpor favor, dejen de hacer esc\u00e1ndalo en esta \u00e1rea\u201d&#8230;<\/p>\n<p dir=\"ltr\">No s\u00e9 a qui\u00e9n se tenga uno que dirigir, si al director del CEM o al del IPAX, pero debe ser posible pedirle a este uniformado un poco de sensibilidad, porque es evidente que lo que no tiene \u00a1es madre!<\/p>\n<p dir=\"ltr\">II<\/p>\n<p dir=\"ltr\">Molli. As\u00ed se llamaba. Para \u201csu due\u00f1o\u201d (por llamarlo de un modo) era un \u201cputo perro\u201d que no merec\u00eda atenci\u00f3n. \u201c\u00a1Ni que fuera un ni\u00f1o!\u201d<\/p>\n<p dir=\"ltr\">Molli, de pelo negro, viv\u00eda en un balc\u00f3n amarrada a una cadena. \u201cViv\u00eda\u201d es un decir, porque sobreviv\u00eda gracias a las salchichas que los vecinos arrojaban para que comiera.<\/p>\n<p dir=\"ltr\">De acuerdo a bolet\u00edn de la Fiscal\u00eda Especializada en Delitos Ambientales y Contra los Animales, apenas el pasado 8 de noviembre, se abri\u00f3 una carpeta de investigaci\u00f3n tras denuncia de vecinos ante el Centro de Salud Animal de Xalapa\u2026 lamentablemente para Molli, la justicia no lleg\u00f3 pronto para salvarla all\u00e1 en la colonia Luz del Barrio. Su cuerpo colgado por el cuello yac\u00eda inerte en las redes sociales\u2026 en los \u201cemoticones\u201d de disgusto\u2026 en las expresiones de odio para un tipo que crey\u00f3 que tener un perro, una mascota, es una oportunidad de desahogar sus frustraciones con la vida.<\/p>\n<p dir=\"ltr\">Se tiene la percepci\u00f3n que se pudo hacer m\u00e1s por Molli, que se pudo salvar. Molli gener\u00f3 en los cibernautas un desaliento, una frustraci\u00f3n, un enojo para con el mismo Fiscal Andr\u00e9s de la Parra Trujillo.<\/p>\n<p dir=\"ltr\">\u00bfComit\u00e9s Ciudadanos de Vigilancia? Fue una de las ideas que uno retoma en los varios comentarios que se expresaron por el caso Molli. No me parece mala propuesta. S\u00e9 de personas que por rescatar a un perro del maltrato, han sufrido golpes por parte de los \u201cdue\u00f1os\u201d que ni cuidan a sus mascotas pero no les permiten una oportunidad de vida. Ojal\u00e1 alguno de nuestros diputados retomara esa idea y buscara enriquecer nuestra Ley de Protecci\u00f3n Animal. Si bien, no se pudo hacer justicia a Molli por parte de las autoridades correspondientes para que hoy pudiera estar a salvo, hay algo que se puede hacer: \u00a1aplicar la Ley! Y pensar, por qu\u00e9 no, en penas m\u00e1s severas\u2026<\/p>\n<p>&nbsp;<\/p>\n<p dir=\"ltr\"><a href=\"mailto:smcainito@gmail.com\" target=\"_blank\" rel=\"noopener noreferrer\">smcainito@gmail.com<\/a><\/p>\n","protected":false},"excerpt":{"rendered":"<p>Salvador Mu\u00f1oz Los Pol\u00edticos &nbsp; La pareja de ancianos esperaba paciente pero con la angustia reflejada en el rostro\u2026 no se quer\u00edan mover de esa puerta que era esperanza, quer\u00edan que fuera esperanza. No s\u00e9 si hayan ido a almorzar cuando cerca de las 13 horas lleg\u00f3 un grupo de voluntarios a dar tambi\u00e9n alimento [&hellip;]<\/p>\n","protected":false},"author":2,"featured_media":0,"comment_status":"open","ping_status":"open","sticky":false,"template":"","format":"standard","meta":{"tdm_status":"","tdm_grid_status":"","footnotes":""},"categories":[70],"tags":[10094,10096,3915,10095],"class_list":{"0":"post-37639","1":"post","2":"type-post","3":"status-publish","4":"format-standard","6":"category-de-opinion","7":"tag-emergencias","8":"tag-fiscalia-especializada-en-delitos-ambientales-y-contra-los-animales","9":"tag-ipax","10":"tag-molli"},"yoast_head":"<!-- This site is optimized with the Yoast SEO plugin v27.4 - https:\/\/yoast.com\/product\/yoast-seo-wordpress\/ -->\n<title>IPAX, insensible; el caso Molli - Los pol\u00edticos Veracruz<\/title>\n<meta name=\"robots\" content=\"index, follow, max-snippet:-1, max-image-preview:large, max-video-preview:-1\" \/>\n<link rel=\"canonical\" href=\"https:\/\/lospoliticosveracruz.com\/?p=37639\" \/>\n<meta property=\"og:locale\" content=\"es_ES\" \/>\n<meta property=\"og:type\" content=\"article\" \/>\n<meta property=\"og:title\" content=\"IPAX, insensible; el caso Molli - Los pol\u00edticos Veracruz\" \/>\n<meta property=\"og:description\" content=\"Salvador Mu\u00f1oz Los Pol\u00edticos &nbsp; La pareja de ancianos esperaba paciente pero con la angustia reflejada en el rostro\u2026 no se quer\u00edan mover de esa puerta que era esperanza, quer\u00edan que fuera esperanza. No s\u00e9 si hayan ido a almorzar cuando cerca de las 13 horas lleg\u00f3 un grupo de voluntarios a dar tambi\u00e9n alimento [&hellip;]\" \/>\n<meta property=\"og:url\" content=\"https:\/\/lospoliticosveracruz.com\/?p=37639\" \/>\n<meta property=\"og:site_name\" content=\"Los pol\u00edticos Veracruz\" \/>\n<meta property=\"article:publisher\" content=\"https:\/\/www.facebook.com\/people\/Notimemes-de-los-Polticos\/61565672886568\/\" \/>\n<meta property=\"article:published_time\" content=\"2017-11-10T04:46:13+00:00\" \/>\n<meta property=\"og:image\" content=\"https:\/\/lospoliticosveracruz.com\/wp-content\/uploads\/2016\/07\/Logo-Dor.jpg\" \/>\n\t<meta property=\"og:image:width\" content=\"200\" \/>\n\t<meta property=\"og:image:height\" content=\"200\" \/>\n\t<meta property=\"og:image:type\" content=\"image\/jpeg\" \/>\n<meta name=\"author\" content=\"Lo viste en Los Pol\u00edticos\" \/>\n<meta name=\"twitter:card\" content=\"summary_large_image\" \/>\n<meta name=\"twitter:creator\" content=\"@LosPoliticosVer\" \/>\n<meta name=\"twitter:site\" content=\"@LosPoliticosVer\" \/>\n<meta name=\"twitter:label1\" content=\"Escrito por\" \/>\n\t<meta name=\"twitter:data1\" content=\"Lo viste en Los Pol\u00edticos\" \/>\n\t<meta name=\"twitter:label2\" content=\"Tiempo de lectura\" \/>\n\t<meta name=\"twitter:data2\" content=\"4 minutos\" \/>\n<script type=\"application\/ld+json\" class=\"yoast-schema-graph\">{\"@context\":\"https:\\\/\\\/schema.org\",\"@graph\":[{\"@type\":\"Article\",\"@id\":\"https:\\\/\\\/lospoliticosveracruz.com\\\/?p=37639#article\",\"isPartOf\":{\"@id\":\"https:\\\/\\\/lospoliticosveracruz.com\\\/?p=37639\"},\"author\":{\"name\":\"Lo viste en Los Pol\u00edticos\",\"@id\":\"https:\\\/\\\/lospoliticosveracruz.com\\\/#\\\/schema\\\/person\\\/b8702bb0e538456e6efd07080bf2a4a2\"},\"headline\":\"IPAX, insensible; el caso Molli\",\"datePublished\":\"2017-11-10T04:46:13+00:00\",\"mainEntityOfPage\":{\"@id\":\"https:\\\/\\\/lospoliticosveracruz.com\\\/?p=37639\"},\"wordCount\":807,\"commentCount\":0,\"publisher\":{\"@id\":\"https:\\\/\\\/lospoliticosveracruz.com\\\/#organization\"},\"keywords\":[\"Emergencias\",\"Fiscal\u00eda Especializada en Delitos Ambientales y Contra los Animales\",\"IPAX\",\"Molli\"],\"articleSection\":[\"De Opini\u00f3n\"],\"inLanguage\":\"es\",\"potentialAction\":[{\"@type\":\"CommentAction\",\"name\":\"Comment\",\"target\":[\"https:\\\/\\\/lospoliticosveracruz.com\\\/?p=37639#respond\"]}]},{\"@type\":\"WebPage\",\"@id\":\"https:\\\/\\\/lospoliticosveracruz.com\\\/?p=37639\",\"url\":\"https:\\\/\\\/lospoliticosveracruz.com\\\/?p=37639\",\"name\":\"IPAX, insensible; el caso Molli - Los pol\u00edticos Veracruz\",\"isPartOf\":{\"@id\":\"https:\\\/\\\/lospoliticosveracruz.com\\\/#website\"},\"datePublished\":\"2017-11-10T04:46:13+00:00\",\"breadcrumb\":{\"@id\":\"https:\\\/\\\/lospoliticosveracruz.com\\\/?p=37639#breadcrumb\"},\"inLanguage\":\"es\",\"potentialAction\":[{\"@type\":\"ReadAction\",\"target\":[\"https:\\\/\\\/lospoliticosveracruz.com\\\/?p=37639\"]}]},{\"@type\":\"BreadcrumbList\",\"@id\":\"https:\\\/\\\/lospoliticosveracruz.com\\\/?p=37639#breadcrumb\",\"itemListElement\":[{\"@type\":\"ListItem\",\"position\":1,\"name\":\"Portada\",\"item\":\"https:\\\/\\\/lospoliticosveracruz.com\\\/\"},{\"@type\":\"ListItem\",\"position\":2,\"name\":\"IPAX, insensible; el caso Molli\"}]},{\"@type\":\"WebSite\",\"@id\":\"https:\\\/\\\/lospoliticosveracruz.com\\\/#website\",\"url\":\"https:\\\/\\\/lospoliticosveracruz.com\\\/\",\"name\":\"Los pol\u00edticos Veracruz\",\"description\":\"\",\"publisher\":{\"@id\":\"https:\\\/\\\/lospoliticosveracruz.com\\\/#organization\"},\"potentialAction\":[{\"@type\":\"SearchAction\",\"target\":{\"@type\":\"EntryPoint\",\"urlTemplate\":\"https:\\\/\\\/lospoliticosveracruz.com\\\/?s={search_term_string}\"},\"query-input\":{\"@type\":\"PropertyValueSpecification\",\"valueRequired\":true,\"valueName\":\"search_term_string\"}}],\"inLanguage\":\"es\"},{\"@type\":\"Organization\",\"@id\":\"https:\\\/\\\/lospoliticosveracruz.com\\\/#organization\",\"name\":\"Los pol\u00edticos Veracruz\",\"url\":\"https:\\\/\\\/lospoliticosveracruz.com\\\/\",\"logo\":{\"@type\":\"ImageObject\",\"inLanguage\":\"es\",\"@id\":\"https:\\\/\\\/lospoliticosveracruz.com\\\/#\\\/schema\\\/logo\\\/image\\\/\",\"url\":\"https:\\\/\\\/lospoliticosveracruz.com\\\/wp-content\\\/uploads\\\/2025\\\/12\\\/Logo-Nuevo-LOS-POLITICOS-1.jpg\",\"contentUrl\":\"https:\\\/\\\/lospoliticosveracruz.com\\\/wp-content\\\/uploads\\\/2025\\\/12\\\/Logo-Nuevo-LOS-POLITICOS-1.jpg\",\"width\":260,\"height\":70,\"caption\":\"Los pol\u00edticos Veracruz\"},\"image\":{\"@id\":\"https:\\\/\\\/lospoliticosveracruz.com\\\/#\\\/schema\\\/logo\\\/image\\\/\"},\"sameAs\":[\"https:\\\/\\\/www.facebook.com\\\/people\\\/Notimemes-de-los-Polticos\\\/61565672886568\\\/\",\"https:\\\/\\\/x.com\\\/LosPoliticosVer\"]},{\"@type\":\"Person\",\"@id\":\"https:\\\/\\\/lospoliticosveracruz.com\\\/#\\\/schema\\\/person\\\/b8702bb0e538456e6efd07080bf2a4a2\",\"name\":\"Lo viste en Los Pol\u00edticos\",\"image\":{\"@type\":\"ImageObject\",\"inLanguage\":\"es\",\"@id\":\"https:\\\/\\\/secure.gravatar.com\\\/avatar\\\/3a8de04a2656d44082be478bd6c086daa447c4651605818287b9532d3d0bd435?s=96&d=mm&r=g\",\"url\":\"https:\\\/\\\/secure.gravatar.com\\\/avatar\\\/3a8de04a2656d44082be478bd6c086daa447c4651605818287b9532d3d0bd435?s=96&d=mm&r=g\",\"contentUrl\":\"https:\\\/\\\/secure.gravatar.com\\\/avatar\\\/3a8de04a2656d44082be478bd6c086daa447c4651605818287b9532d3d0bd435?s=96&d=mm&r=g\",\"caption\":\"Lo viste en Los Pol\u00edticos\"},\"url\":\"https:\\\/\\\/lospoliticosveracruz.com\\\/?author=2\"}]}<\/script>\n<!-- \/ Yoast SEO plugin. -->","yoast_head_json":{"title":"IPAX, insensible; el caso Molli - Los pol\u00edticos Veracruz","robots":{"index":"index","follow":"follow","max-snippet":"max-snippet:-1","max-image-preview":"max-image-preview:large","max-video-preview":"max-video-preview:-1"},"canonical":"https:\/\/lospoliticosveracruz.com\/?p=37639","og_locale":"es_ES","og_type":"article","og_title":"IPAX, insensible; el caso Molli - Los pol\u00edticos Veracruz","og_description":"Salvador Mu\u00f1oz Los Pol\u00edticos &nbsp; La pareja de ancianos esperaba paciente pero con la angustia reflejada en el rostro\u2026 no se quer\u00edan mover de esa puerta que era esperanza, quer\u00edan que fuera esperanza. No s\u00e9 si hayan ido a almorzar cuando cerca de las 13 horas lleg\u00f3 un grupo de voluntarios a dar tambi\u00e9n alimento [&hellip;]","og_url":"https:\/\/lospoliticosveracruz.com\/?p=37639","og_site_name":"Los pol\u00edticos Veracruz","article_publisher":"https:\/\/www.facebook.com\/people\/Notimemes-de-los-Polticos\/61565672886568\/","article_published_time":"2017-11-10T04:46:13+00:00","og_image":[{"width":200,"height":200,"url":"https:\/\/lospoliticosveracruz.com\/wp-content\/uploads\/2016\/07\/Logo-Dor.jpg","type":"image\/jpeg"}],"author":"Lo viste en Los Pol\u00edticos","twitter_card":"summary_large_image","twitter_creator":"@LosPoliticosVer","twitter_site":"@LosPoliticosVer","twitter_misc":{"Escrito por":"Lo viste en Los Pol\u00edticos","Tiempo de lectura":"4 minutos"},"schema":{"@context":"https:\/\/schema.org","@graph":[{"@type":"Article","@id":"https:\/\/lospoliticosveracruz.com\/?p=37639#article","isPartOf":{"@id":"https:\/\/lospoliticosveracruz.com\/?p=37639"},"author":{"name":"Lo viste en Los Pol\u00edticos","@id":"https:\/\/lospoliticosveracruz.com\/#\/schema\/person\/b8702bb0e538456e6efd07080bf2a4a2"},"headline":"IPAX, insensible; el caso Molli","datePublished":"2017-11-10T04:46:13+00:00","mainEntityOfPage":{"@id":"https:\/\/lospoliticosveracruz.com\/?p=37639"},"wordCount":807,"commentCount":0,"publisher":{"@id":"https:\/\/lospoliticosveracruz.com\/#organization"},"keywords":["Emergencias","Fiscal\u00eda Especializada en Delitos Ambientales y Contra los Animales","IPAX","Molli"],"articleSection":["De Opini\u00f3n"],"inLanguage":"es","potentialAction":[{"@type":"CommentAction","name":"Comment","target":["https:\/\/lospoliticosveracruz.com\/?p=37639#respond"]}]},{"@type":"WebPage","@id":"https:\/\/lospoliticosveracruz.com\/?p=37639","url":"https:\/\/lospoliticosveracruz.com\/?p=37639","name":"IPAX, insensible; el caso Molli - Los pol\u00edticos Veracruz","isPartOf":{"@id":"https:\/\/lospoliticosveracruz.com\/#website"},"datePublished":"2017-11-10T04:46:13+00:00","breadcrumb":{"@id":"https:\/\/lospoliticosveracruz.com\/?p=37639#breadcrumb"},"inLanguage":"es","potentialAction":[{"@type":"ReadAction","target":["https:\/\/lospoliticosveracruz.com\/?p=37639"]}]},{"@type":"BreadcrumbList","@id":"https:\/\/lospoliticosveracruz.com\/?p=37639#breadcrumb","itemListElement":[{"@type":"ListItem","position":1,"name":"Portada","item":"https:\/\/lospoliticosveracruz.com\/"},{"@type":"ListItem","position":2,"name":"IPAX, insensible; el caso Molli"}]},{"@type":"WebSite","@id":"https:\/\/lospoliticosveracruz.com\/#website","url":"https:\/\/lospoliticosveracruz.com\/","name":"Los pol\u00edticos Veracruz","description":"","publisher":{"@id":"https:\/\/lospoliticosveracruz.com\/#organization"},"potentialAction":[{"@type":"SearchAction","target":{"@type":"EntryPoint","urlTemplate":"https:\/\/lospoliticosveracruz.com\/?s={search_term_string}"},"query-input":{"@type":"PropertyValueSpecification","valueRequired":true,"valueName":"search_term_string"}}],"inLanguage":"es"},{"@type":"Organization","@id":"https:\/\/lospoliticosveracruz.com\/#organization","name":"Los pol\u00edticos Veracruz","url":"https:\/\/lospoliticosveracruz.com\/","logo":{"@type":"ImageObject","inLanguage":"es","@id":"https:\/\/lospoliticosveracruz.com\/#\/schema\/logo\/image\/","url":"https:\/\/lospoliticosveracruz.com\/wp-content\/uploads\/2025\/12\/Logo-Nuevo-LOS-POLITICOS-1.jpg","contentUrl":"https:\/\/lospoliticosveracruz.com\/wp-content\/uploads\/2025\/12\/Logo-Nuevo-LOS-POLITICOS-1.jpg","width":260,"height":70,"caption":"Los pol\u00edticos Veracruz"},"image":{"@id":"https:\/\/lospoliticosveracruz.com\/#\/schema\/logo\/image\/"},"sameAs":["https:\/\/www.facebook.com\/people\/Notimemes-de-los-Polticos\/61565672886568\/","https:\/\/x.com\/LosPoliticosVer"]},{"@type":"Person","@id":"https:\/\/lospoliticosveracruz.com\/#\/schema\/person\/b8702bb0e538456e6efd07080bf2a4a2","name":"Lo viste en Los Pol\u00edticos","image":{"@type":"ImageObject","inLanguage":"es","@id":"https:\/\/secure.gravatar.com\/avatar\/3a8de04a2656d44082be478bd6c086daa447c4651605818287b9532d3d0bd435?s=96&d=mm&r=g","url":"https:\/\/secure.gravatar.com\/avatar\/3a8de04a2656d44082be478bd6c086daa447c4651605818287b9532d3d0bd435?s=96&d=mm&r=g","contentUrl":"https:\/\/secure.gravatar.com\/avatar\/3a8de04a2656d44082be478bd6c086daa447c4651605818287b9532d3d0bd435?s=96&d=mm&r=g","caption":"Lo viste en Los Pol\u00edticos"},"url":"https:\/\/lospoliticosveracruz.com\/?author=2"}]}},"_links":{"self":[{"href":"https:\/\/lospoliticosveracruz.com\/index.php?rest_route=\/wp\/v2\/posts\/37639","targetHints":{"allow":["GET"]}}],"collection":[{"href":"https:\/\/lospoliticosveracruz.com\/index.php?rest_route=\/wp\/v2\/posts"}],"about":[{"href":"https:\/\/lospoliticosveracruz.com\/index.php?rest_route=\/wp\/v2\/types\/post"}],"author":[{"embeddable":true,"href":"https:\/\/lospoliticosveracruz.com\/index.php?rest_route=\/wp\/v2\/users\/2"}],"replies":[{"embeddable":true,"href":"https:\/\/lospoliticosveracruz.com\/index.php?rest_route=%2Fwp%2Fv2%2Fcomments&post=37639"}],"version-history":[{"count":1,"href":"https:\/\/lospoliticosveracruz.com\/index.php?rest_route=\/wp\/v2\/posts\/37639\/revisions"}],"predecessor-version":[{"id":37640,"href":"https:\/\/lospoliticosveracruz.com\/index.php?rest_route=\/wp\/v2\/posts\/37639\/revisions\/37640"}],"wp:attachment":[{"href":"https:\/\/lospoliticosveracruz.com\/index.php?rest_route=%2Fwp%2Fv2%2Fmedia&parent=37639"}],"wp:term":[{"taxonomy":"category","embeddable":true,"href":"https:\/\/lospoliticosveracruz.com\/index.php?rest_route=%2Fwp%2Fv2%2Fcategories&post=37639"},{"taxonomy":"post_tag","embeddable":true,"href":"https:\/\/lospoliticosveracruz.com\/index.php?rest_route=%2Fwp%2Fv2%2Ftags&post=37639"}],"curies":[{"name":"wp","href":"https:\/\/api.w.org\/{rel}","templated":true}]}}