{"id":37743,"date":"2017-11-14T16:23:19","date_gmt":"2017-11-14T22:23:19","guid":{"rendered":"http:\/\/www.lospoliticosveracruz.com.mx\/?p=37743"},"modified":"2017-11-14T16:23:19","modified_gmt":"2017-11-14T22:23:19","slug":"la-guerra-de-pena-y-el-paraiso-de-los-yunes","status":"publish","type":"post","link":"https:\/\/lospoliticosveracruz.com\/?p=37743","title":{"rendered":"La Guerra de Pe\u00f1a y el Para\u00edso de los Yunes"},"content":{"rendered":"<p><strong>Jorge Viveros Pasquel<\/strong><\/p>\n<p><em>Como escribir sin andar escribiendo<\/em><\/p>\n<p>&nbsp;<\/p>\n<p>&nbsp;<\/p>\n<p>El d\u00eda de ayer una ONG le dijo en su cara al Presidente de la Rep\u00fablica que somos 24 millones de mexicanos los que hemos sido v\u00edctimas de la delincuencia, que los delitos de alto impacto van en aumento y que lo que vivimos los mexicanos es una VIRTUAL GUERRA.<br \/>\nAunque se enoje por el bullying mi Emperador de Oro #Pe\u00f1aNieto, es muy triste ver que ante esto lo cacaraqueado en respuesta por el responsable de esta \u00e1rea #OsorioChong como logros sean:<br \/>\n1) Que ya no se hacen ruedas de prensa en donde se presenta a los narcotraficantes detenidos en medio del dinero, sus armas y la droga incautada porque eso lo volv\u00eda \u201caspiracional\u201d para algunos muchachos y ni\u00f1os.<br \/>\n2) Que hay lugares donde la inseguridad disminuy\u00f3 y que de esos nadie habla&#8230; sin decir cu\u00e1les son esos lugares, \u00bfen qu\u00e9 periodo y respecto a cu\u00e1l disminuy\u00f3 y por \u00faltimo \u00bfcu\u00e1les delitos son los que van a la baja?.<br \/>\nDice en parte de su discurso de ayer el Presidente Pe\u00f1a Nieto que falta apoyar a las polic\u00edas municipales y le asiste toda raz\u00f3n al decir que no es posible exigirles que expongan la vida por $5,000.00 al mes y un par de botas al a\u00f1o y ante esa brutal realidad aqu\u00ed en Veracruz el Gobierno del Estado pretende devolverle el mando policial a varios municipios entre los que destacan #Xalapa, #Coatzacoalcos #Minatitlan y #PozaRica (sospechosamente lugares donde el voto en 2017 no le favoreci\u00f3) y conden\u00e1ndonos a los casi 2,500,000 (dos y medio millones) de ciudadanos veracruzanos que ya de por si vivimos una situaci\u00f3n de emergencia a polic\u00edas todav\u00eda mas mal pagados y por l\u00f3gica a m\u00e1s delincuencia, m\u00e1s violencia, m\u00e1s robos, mas violadores, m\u00e1s secuestros.<br \/>\nUna decisi\u00f3n de esa magnitud, que a todas luces parece tener un c\u00e1lculo pol\u00edtico, es criminal para los que transitamos o vivimos el d\u00eda a d\u00eda en estas ciudades y lo ser\u00e1 a\u00fan m\u00e1s para los municipios peque\u00f1os en donde los sueldos de los uniformados ser\u00e1n todav\u00eda m\u00e1s bajos.<br \/>\n\u00bfA que Municipios y a quienes se favorece perversamente con este retroceso? \u00bfSe est\u00e1 buscando crear un oasis mon\u00e1rquico en la conturbaci\u00f3n de Veracruz\/Boca del R\u00edo?, si es un tema presupuestal del Gobierno Federal; \u00bfPorque no abanderan esta causa el ejecutivo estatal y todos los legisladores locales y federales (incluidos los agachones de siempre) para defendernos? \u00bfPorqu\u00e9 si el Presidente de la Republica est\u00e1 pidiendo acciones en favor del Mando \u00danico, el Gobernador Miguel \u00c1ngel Yunes Linares toma medidas que van en contrasentido?<br \/>\nEs muy triste darse cuenta pero en materia de seguridad habemos veracruzanos de primera, de segunda y hasta de tercera.<\/p>\n<p>&nbsp;<\/p>\n","protected":false},"excerpt":{"rendered":"<p>Jorge Viveros Pasquel Como escribir sin andar escribiendo &nbsp; &nbsp; El d\u00eda de ayer una ONG le dijo en su cara al Presidente de la Rep\u00fablica que somos 24 millones de mexicanos los que hemos sido v\u00edctimas de la delincuencia, que los delitos de alto impacto van en aumento y que lo que vivimos los [&hellip;]<\/p>\n","protected":false},"author":2,"featured_media":0,"comment_status":"open","ping_status":"open","sticky":false,"template":"","format":"standard","meta":{"tdm_status":"","tdm_grid_status":"","footnotes":""},"categories":[70],"tags":[281,196,445],"class_list":{"0":"post-37743","1":"post","2":"type-post","3":"status-publish","4":"format-standard","6":"category-de-opinion","7":"tag-enrique-pena-nieto","8":"tag-inseguridad","9":"tag-miguel-angel-osorio-chong"},"yoast_head":"<!-- This site is optimized with the Yoast SEO plugin v27.4 - https:\/\/yoast.com\/product\/yoast-seo-wordpress\/ -->\n<title>La Guerra de Pe\u00f1a y el Para\u00edso de los Yunes - Los pol\u00edticos Veracruz<\/title>\n<meta name=\"robots\" content=\"index, follow, max-snippet:-1, max-image-preview:large, max-video-preview:-1\" \/>\n<link rel=\"canonical\" href=\"https:\/\/lospoliticosveracruz.com\/?p=37743\" \/>\n<meta property=\"og:locale\" content=\"es_ES\" \/>\n<meta property=\"og:type\" content=\"article\" \/>\n<meta property=\"og:title\" content=\"La Guerra de Pe\u00f1a y el Para\u00edso de los Yunes - Los pol\u00edticos Veracruz\" \/>\n<meta property=\"og:description\" content=\"Jorge Viveros Pasquel Como escribir sin andar escribiendo &nbsp; &nbsp; El d\u00eda de ayer una ONG le dijo en su cara al Presidente de la Rep\u00fablica que somos 24 millones de mexicanos los que hemos sido v\u00edctimas de la delincuencia, que los delitos de alto impacto van en aumento y que lo que vivimos los [&hellip;]\" \/>\n<meta property=\"og:url\" content=\"https:\/\/lospoliticosveracruz.com\/?p=37743\" \/>\n<meta property=\"og:site_name\" content=\"Los pol\u00edticos Veracruz\" \/>\n<meta property=\"article:publisher\" content=\"https:\/\/www.facebook.com\/people\/Notimemes-de-los-Polticos\/61565672886568\/\" \/>\n<meta property=\"article:published_time\" content=\"2017-11-14T22:23:19+00:00\" \/>\n<meta property=\"og:image\" content=\"https:\/\/lospoliticosveracruz.com\/wp-content\/uploads\/2016\/07\/Logo-Dor.jpg\" \/>\n\t<meta property=\"og:image:width\" content=\"200\" \/>\n\t<meta property=\"og:image:height\" content=\"200\" \/>\n\t<meta property=\"og:image:type\" content=\"image\/jpeg\" \/>\n<meta name=\"author\" content=\"Lo viste en Los Pol\u00edticos\" \/>\n<meta name=\"twitter:card\" content=\"summary_large_image\" \/>\n<meta name=\"twitter:creator\" content=\"@LosPoliticosVer\" \/>\n<meta name=\"twitter:site\" content=\"@LosPoliticosVer\" \/>\n<meta name=\"twitter:label1\" content=\"Escrito por\" \/>\n\t<meta name=\"twitter:data1\" content=\"Lo viste en Los Pol\u00edticos\" \/>\n\t<meta name=\"twitter:label2\" content=\"Tiempo de lectura\" \/>\n\t<meta name=\"twitter:data2\" content=\"2 minutos\" \/>\n<script type=\"application\/ld+json\" class=\"yoast-schema-graph\">{\"@context\":\"https:\\\/\\\/schema.org\",\"@graph\":[{\"@type\":\"Article\",\"@id\":\"https:\\\/\\\/lospoliticosveracruz.com\\\/?p=37743#article\",\"isPartOf\":{\"@id\":\"https:\\\/\\\/lospoliticosveracruz.com\\\/?p=37743\"},\"author\":{\"name\":\"Lo viste en Los Pol\u00edticos\",\"@id\":\"https:\\\/\\\/lospoliticosveracruz.com\\\/#\\\/schema\\\/person\\\/b8702bb0e538456e6efd07080bf2a4a2\"},\"headline\":\"La Guerra de Pe\u00f1a y el Para\u00edso de los Yunes\",\"datePublished\":\"2017-11-14T22:23:19+00:00\",\"mainEntityOfPage\":{\"@id\":\"https:\\\/\\\/lospoliticosveracruz.com\\\/?p=37743\"},\"wordCount\":493,\"commentCount\":0,\"publisher\":{\"@id\":\"https:\\\/\\\/lospoliticosveracruz.com\\\/#organization\"},\"keywords\":[\"Enrique Pe\u00f1a Nieto\",\"inseguridad\",\"Miguel \u00c1ngel Osorio Chong\"],\"articleSection\":[\"De Opini\u00f3n\"],\"inLanguage\":\"es\",\"potentialAction\":[{\"@type\":\"CommentAction\",\"name\":\"Comment\",\"target\":[\"https:\\\/\\\/lospoliticosveracruz.com\\\/?p=37743#respond\"]}]},{\"@type\":\"WebPage\",\"@id\":\"https:\\\/\\\/lospoliticosveracruz.com\\\/?p=37743\",\"url\":\"https:\\\/\\\/lospoliticosveracruz.com\\\/?p=37743\",\"name\":\"La Guerra de Pe\u00f1a y el Para\u00edso de los Yunes - Los pol\u00edticos Veracruz\",\"isPartOf\":{\"@id\":\"https:\\\/\\\/lospoliticosveracruz.com\\\/#website\"},\"datePublished\":\"2017-11-14T22:23:19+00:00\",\"breadcrumb\":{\"@id\":\"https:\\\/\\\/lospoliticosveracruz.com\\\/?p=37743#breadcrumb\"},\"inLanguage\":\"es\",\"potentialAction\":[{\"@type\":\"ReadAction\",\"target\":[\"https:\\\/\\\/lospoliticosveracruz.com\\\/?p=37743\"]}]},{\"@type\":\"BreadcrumbList\",\"@id\":\"https:\\\/\\\/lospoliticosveracruz.com\\\/?p=37743#breadcrumb\",\"itemListElement\":[{\"@type\":\"ListItem\",\"position\":1,\"name\":\"Portada\",\"item\":\"https:\\\/\\\/lospoliticosveracruz.com\\\/\"},{\"@type\":\"ListItem\",\"position\":2,\"name\":\"La Guerra de Pe\u00f1a y el Para\u00edso de los Yunes\"}]},{\"@type\":\"WebSite\",\"@id\":\"https:\\\/\\\/lospoliticosveracruz.com\\\/#website\",\"url\":\"https:\\\/\\\/lospoliticosveracruz.com\\\/\",\"name\":\"Los pol\u00edticos Veracruz\",\"description\":\"\",\"publisher\":{\"@id\":\"https:\\\/\\\/lospoliticosveracruz.com\\\/#organization\"},\"potentialAction\":[{\"@type\":\"SearchAction\",\"target\":{\"@type\":\"EntryPoint\",\"urlTemplate\":\"https:\\\/\\\/lospoliticosveracruz.com\\\/?s={search_term_string}\"},\"query-input\":{\"@type\":\"PropertyValueSpecification\",\"valueRequired\":true,\"valueName\":\"search_term_string\"}}],\"inLanguage\":\"es\"},{\"@type\":\"Organization\",\"@id\":\"https:\\\/\\\/lospoliticosveracruz.com\\\/#organization\",\"name\":\"Los pol\u00edticos Veracruz\",\"url\":\"https:\\\/\\\/lospoliticosveracruz.com\\\/\",\"logo\":{\"@type\":\"ImageObject\",\"inLanguage\":\"es\",\"@id\":\"https:\\\/\\\/lospoliticosveracruz.com\\\/#\\\/schema\\\/logo\\\/image\\\/\",\"url\":\"https:\\\/\\\/lospoliticosveracruz.com\\\/wp-content\\\/uploads\\\/2025\\\/12\\\/Logo-Nuevo-LOS-POLITICOS-1.jpg\",\"contentUrl\":\"https:\\\/\\\/lospoliticosveracruz.com\\\/wp-content\\\/uploads\\\/2025\\\/12\\\/Logo-Nuevo-LOS-POLITICOS-1.jpg\",\"width\":260,\"height\":70,\"caption\":\"Los pol\u00edticos Veracruz\"},\"image\":{\"@id\":\"https:\\\/\\\/lospoliticosveracruz.com\\\/#\\\/schema\\\/logo\\\/image\\\/\"},\"sameAs\":[\"https:\\\/\\\/www.facebook.com\\\/people\\\/Notimemes-de-los-Polticos\\\/61565672886568\\\/\",\"https:\\\/\\\/x.com\\\/LosPoliticosVer\"]},{\"@type\":\"Person\",\"@id\":\"https:\\\/\\\/lospoliticosveracruz.com\\\/#\\\/schema\\\/person\\\/b8702bb0e538456e6efd07080bf2a4a2\",\"name\":\"Lo viste en Los Pol\u00edticos\",\"image\":{\"@type\":\"ImageObject\",\"inLanguage\":\"es\",\"@id\":\"https:\\\/\\\/secure.gravatar.com\\\/avatar\\\/3a8de04a2656d44082be478bd6c086daa447c4651605818287b9532d3d0bd435?s=96&d=mm&r=g\",\"url\":\"https:\\\/\\\/secure.gravatar.com\\\/avatar\\\/3a8de04a2656d44082be478bd6c086daa447c4651605818287b9532d3d0bd435?s=96&d=mm&r=g\",\"contentUrl\":\"https:\\\/\\\/secure.gravatar.com\\\/avatar\\\/3a8de04a2656d44082be478bd6c086daa447c4651605818287b9532d3d0bd435?s=96&d=mm&r=g\",\"caption\":\"Lo viste en Los Pol\u00edticos\"},\"url\":\"https:\\\/\\\/lospoliticosveracruz.com\\\/?author=2\"}]}<\/script>\n<!-- \/ Yoast SEO plugin. -->","yoast_head_json":{"title":"La Guerra de Pe\u00f1a y el Para\u00edso de los Yunes - Los pol\u00edticos Veracruz","robots":{"index":"index","follow":"follow","max-snippet":"max-snippet:-1","max-image-preview":"max-image-preview:large","max-video-preview":"max-video-preview:-1"},"canonical":"https:\/\/lospoliticosveracruz.com\/?p=37743","og_locale":"es_ES","og_type":"article","og_title":"La Guerra de Pe\u00f1a y el Para\u00edso de los Yunes - Los pol\u00edticos Veracruz","og_description":"Jorge Viveros Pasquel Como escribir sin andar escribiendo &nbsp; &nbsp; El d\u00eda de ayer una ONG le dijo en su cara al Presidente de la Rep\u00fablica que somos 24 millones de mexicanos los que hemos sido v\u00edctimas de la delincuencia, que los delitos de alto impacto van en aumento y que lo que vivimos los [&hellip;]","og_url":"https:\/\/lospoliticosveracruz.com\/?p=37743","og_site_name":"Los pol\u00edticos Veracruz","article_publisher":"https:\/\/www.facebook.com\/people\/Notimemes-de-los-Polticos\/61565672886568\/","article_published_time":"2017-11-14T22:23:19+00:00","og_image":[{"width":200,"height":200,"url":"https:\/\/lospoliticosveracruz.com\/wp-content\/uploads\/2016\/07\/Logo-Dor.jpg","type":"image\/jpeg"}],"author":"Lo viste en Los Pol\u00edticos","twitter_card":"summary_large_image","twitter_creator":"@LosPoliticosVer","twitter_site":"@LosPoliticosVer","twitter_misc":{"Escrito por":"Lo viste en Los Pol\u00edticos","Tiempo de lectura":"2 minutos"},"schema":{"@context":"https:\/\/schema.org","@graph":[{"@type":"Article","@id":"https:\/\/lospoliticosveracruz.com\/?p=37743#article","isPartOf":{"@id":"https:\/\/lospoliticosveracruz.com\/?p=37743"},"author":{"name":"Lo viste en Los Pol\u00edticos","@id":"https:\/\/lospoliticosveracruz.com\/#\/schema\/person\/b8702bb0e538456e6efd07080bf2a4a2"},"headline":"La Guerra de Pe\u00f1a y el Para\u00edso de los Yunes","datePublished":"2017-11-14T22:23:19+00:00","mainEntityOfPage":{"@id":"https:\/\/lospoliticosveracruz.com\/?p=37743"},"wordCount":493,"commentCount":0,"publisher":{"@id":"https:\/\/lospoliticosveracruz.com\/#organization"},"keywords":["Enrique Pe\u00f1a Nieto","inseguridad","Miguel \u00c1ngel Osorio Chong"],"articleSection":["De Opini\u00f3n"],"inLanguage":"es","potentialAction":[{"@type":"CommentAction","name":"Comment","target":["https:\/\/lospoliticosveracruz.com\/?p=37743#respond"]}]},{"@type":"WebPage","@id":"https:\/\/lospoliticosveracruz.com\/?p=37743","url":"https:\/\/lospoliticosveracruz.com\/?p=37743","name":"La Guerra de Pe\u00f1a y el Para\u00edso de los Yunes - Los pol\u00edticos Veracruz","isPartOf":{"@id":"https:\/\/lospoliticosveracruz.com\/#website"},"datePublished":"2017-11-14T22:23:19+00:00","breadcrumb":{"@id":"https:\/\/lospoliticosveracruz.com\/?p=37743#breadcrumb"},"inLanguage":"es","potentialAction":[{"@type":"ReadAction","target":["https:\/\/lospoliticosveracruz.com\/?p=37743"]}]},{"@type":"BreadcrumbList","@id":"https:\/\/lospoliticosveracruz.com\/?p=37743#breadcrumb","itemListElement":[{"@type":"ListItem","position":1,"name":"Portada","item":"https:\/\/lospoliticosveracruz.com\/"},{"@type":"ListItem","position":2,"name":"La Guerra de Pe\u00f1a y el Para\u00edso de los Yunes"}]},{"@type":"WebSite","@id":"https:\/\/lospoliticosveracruz.com\/#website","url":"https:\/\/lospoliticosveracruz.com\/","name":"Los pol\u00edticos Veracruz","description":"","publisher":{"@id":"https:\/\/lospoliticosveracruz.com\/#organization"},"potentialAction":[{"@type":"SearchAction","target":{"@type":"EntryPoint","urlTemplate":"https:\/\/lospoliticosveracruz.com\/?s={search_term_string}"},"query-input":{"@type":"PropertyValueSpecification","valueRequired":true,"valueName":"search_term_string"}}],"inLanguage":"es"},{"@type":"Organization","@id":"https:\/\/lospoliticosveracruz.com\/#organization","name":"Los pol\u00edticos Veracruz","url":"https:\/\/lospoliticosveracruz.com\/","logo":{"@type":"ImageObject","inLanguage":"es","@id":"https:\/\/lospoliticosveracruz.com\/#\/schema\/logo\/image\/","url":"https:\/\/lospoliticosveracruz.com\/wp-content\/uploads\/2025\/12\/Logo-Nuevo-LOS-POLITICOS-1.jpg","contentUrl":"https:\/\/lospoliticosveracruz.com\/wp-content\/uploads\/2025\/12\/Logo-Nuevo-LOS-POLITICOS-1.jpg","width":260,"height":70,"caption":"Los pol\u00edticos Veracruz"},"image":{"@id":"https:\/\/lospoliticosveracruz.com\/#\/schema\/logo\/image\/"},"sameAs":["https:\/\/www.facebook.com\/people\/Notimemes-de-los-Polticos\/61565672886568\/","https:\/\/x.com\/LosPoliticosVer"]},{"@type":"Person","@id":"https:\/\/lospoliticosveracruz.com\/#\/schema\/person\/b8702bb0e538456e6efd07080bf2a4a2","name":"Lo viste en Los Pol\u00edticos","image":{"@type":"ImageObject","inLanguage":"es","@id":"https:\/\/secure.gravatar.com\/avatar\/3a8de04a2656d44082be478bd6c086daa447c4651605818287b9532d3d0bd435?s=96&d=mm&r=g","url":"https:\/\/secure.gravatar.com\/avatar\/3a8de04a2656d44082be478bd6c086daa447c4651605818287b9532d3d0bd435?s=96&d=mm&r=g","contentUrl":"https:\/\/secure.gravatar.com\/avatar\/3a8de04a2656d44082be478bd6c086daa447c4651605818287b9532d3d0bd435?s=96&d=mm&r=g","caption":"Lo viste en Los Pol\u00edticos"},"url":"https:\/\/lospoliticosveracruz.com\/?author=2"}]}},"_links":{"self":[{"href":"https:\/\/lospoliticosveracruz.com\/index.php?rest_route=\/wp\/v2\/posts\/37743","targetHints":{"allow":["GET"]}}],"collection":[{"href":"https:\/\/lospoliticosveracruz.com\/index.php?rest_route=\/wp\/v2\/posts"}],"about":[{"href":"https:\/\/lospoliticosveracruz.com\/index.php?rest_route=\/wp\/v2\/types\/post"}],"author":[{"embeddable":true,"href":"https:\/\/lospoliticosveracruz.com\/index.php?rest_route=\/wp\/v2\/users\/2"}],"replies":[{"embeddable":true,"href":"https:\/\/lospoliticosveracruz.com\/index.php?rest_route=%2Fwp%2Fv2%2Fcomments&post=37743"}],"version-history":[{"count":1,"href":"https:\/\/lospoliticosveracruz.com\/index.php?rest_route=\/wp\/v2\/posts\/37743\/revisions"}],"predecessor-version":[{"id":37744,"href":"https:\/\/lospoliticosveracruz.com\/index.php?rest_route=\/wp\/v2\/posts\/37743\/revisions\/37744"}],"wp:attachment":[{"href":"https:\/\/lospoliticosveracruz.com\/index.php?rest_route=%2Fwp%2Fv2%2Fmedia&parent=37743"}],"wp:term":[{"taxonomy":"category","embeddable":true,"href":"https:\/\/lospoliticosveracruz.com\/index.php?rest_route=%2Fwp%2Fv2%2Fcategories&post=37743"},{"taxonomy":"post_tag","embeddable":true,"href":"https:\/\/lospoliticosveracruz.com\/index.php?rest_route=%2Fwp%2Fv2%2Ftags&post=37743"}],"curies":[{"name":"wp","href":"https:\/\/api.w.org\/{rel}","templated":true}]}}