{"id":37751,"date":"2017-11-14T22:51:13","date_gmt":"2017-11-15T04:51:13","guid":{"rendered":"http:\/\/www.lospoliticosveracruz.com.mx\/?p=37751"},"modified":"2017-11-14T22:51:13","modified_gmt":"2017-11-15T04:51:13","slug":"el-primer-informe","status":"publish","type":"post","link":"https:\/\/lospoliticosveracruz.com\/?p=37751","title":{"rendered":"El Primer Informe\u2026"},"content":{"rendered":"<p dir=\"ltr\"><strong>Salvador Mu\u00f1oz<\/strong><\/p>\n<p dir=\"ltr\"><em>Los Pol\u00edticos<\/em><\/p>\n<p>&nbsp;<\/p>\n<p dir=\"ltr\">Es especial por el lado que se le quiera ver al Primer Informe del Gobernador de un estado que se consideraba basti\u00f3n pri\u00edsta y que se negaba a la alternancia, se resist\u00eda a la transici\u00f3n, incluso, bajo el mito \u00e9se de que \u201cmientras yo viva, ning\u00fan Yunes ser\u00e1 gobernador\u201d que le achacan a Fidel Herrera Beltr\u00e1n.<\/p>\n<p dir=\"ltr\">Es un Primer Informe hist\u00f3rico porque si bien es el primer Gobernador de una fuerza ajena al PRI, es innegable que su esencia, su origen, su escuela, es pri\u00edsta, sin que ello implique que act\u00fae como tal, como se acostumbr\u00f3 a una sociedad, incluso a los medios, a ver al pri\u00edsta en el poder.<\/p>\n<p dir=\"ltr\">Bueno, no es primer Gobernador que dej\u00f3 a un lado el populismo para dar paso a su propio estilo de gobernar\u2026 en la historia m\u00e1s reciente de a finales del siglo pasado, legendaria la frase de Miguel Alem\u00e1n cuando dej\u00f3 en claro que \u00e9l \u201cno era Bombero\u201d&#8230;<\/p>\n<p dir=\"ltr\">O qu\u00e9 decir del mismo Javier Duarte de Ochoa, que en entrevista a inicios de su administraci\u00f3n, enfatizaba: \u201cPienso ser, no quiz\u00e1 el Gobernador m\u00e1s popular de Veracruz, pero s\u00ed el mejor\u201d&#8230; y es curioso, porque de seguro, por muchos a\u00f1os, pase a ser el m\u00e1s recordado, pero lejos de ser el mejor.<\/p>\n<p dir=\"ltr\">A todos nos queda claro que Miguel \u00c1ngel Yunes Linares no es populista, pero s\u00ed popular y quiz\u00e1s m\u00e1s hist\u00f3rico, sobre todo cuando \u00e9l y su familia se enfrentaron al Sistema en el Poder e hicieron lo que parec\u00eda imposible de hacer: derrotarlo. Que se tardaron, quiz\u00e1s\u2026<\/p>\n<p dir=\"ltr\">S\u00ed, hay quienes aseguran que realmente Yunes Linares no venci\u00f3 al Sistema en el Poder, sino que \u00e9ste se consumi\u00f3 solo en su Poder y se destruy\u00f3\u2026 Como sea\u2026<\/p>\n<p dir=\"ltr\">Lo cierto es que los resultados de un a\u00f1o de funci\u00f3n p\u00fablica, de ejercicio administrativo, de labor pol\u00edtica, su dimensi\u00f3n ser\u00e1 en proporci\u00f3n a los intereses de cada quien, por ejemplo, el de los pensionados, de los maestros, de esos padres de familia de la primaria Gabriel Garc\u00eda M\u00e1rquez en Medell\u00edn de Bravo\u2026<\/p>\n<p dir=\"ltr\">Por supuesto que tambi\u00e9n estar\u00e1 la perspectiva de quienes aseguren que la inseguridad est\u00e1 peor que antes\u2026 ejecutados, secuestrados, feminicidios, levantones\u2026 \u00a1claro que es respetable su opini\u00f3n! aunque hay una ligera diferencia: \u00bfC\u00f3mo es que los anteriores encargados de preservar la seguridad de los veracruzanos hoy est\u00e1n en la c\u00e1rcel?<\/p>\n<p dir=\"ltr\">Cada quien habla como le va en la feria\u2026 o \u201csin feria\u201d&#8230;<\/p>\n<p dir=\"ltr\">\u00bfC\u00f3mo vemos este primer a\u00f1o de Gobierno? Sinceramente muy complicado, pero no por quien lo administra, sino por quien lo administr\u00f3.<\/p>\n<p dir=\"ltr\">\u00bfQue Duarte es una bandera pol\u00edtica? \u00a1Claro! para quienes estamos inmersos en estas actividades, es una excelente bandera pol\u00edtica del Gobierno, pero no s\u00e9 si para quienes sufrieron de un modo u otro el saqueo de los recursos de esa pasada administraci\u00f3n lo vean como bandera\u2026 es algo as\u00ed como los promocionales del Primer Informe\u2026 s\u00ed, hay quienes ven un antifaz de ladr\u00f3n en la cara de Javier Duarte de Ochoa, pero hay quienes ven un tapujo en la cara de Javier Duarte de Ochoa&#8230; al final, los defensores de \u201cla presunci\u00f3n de la inocencia\u201d aseguran que se violan los derechos del ex gobernador, de acuerdo al C\u00f3digo de Procedimientos Penales\u2026<\/p>\n<p dir=\"ltr\">Lo pongo en un plano horizontal: de acuerdo a las defensas que han hecho de esto, entiendo que Javier Duarte de Ochoa tiene el derecho de demandar al Gobernador Yunes Linares \u00bfpor exponerlo como si fuera un ladr\u00f3n? es decir, \u00bfDuarte reclamar\u00eda porque lo tachan de ladr\u00f3n?<\/p>\n<p dir=\"ltr\">No s\u00e9 cu\u00e1ntas columnas, caricaturas, memes, se han dedicado a calificar de este modo a Javier Duarte de Ochoa \u00a1y los abogados de Duarte no han dicho nada! Pero si el Gobernador, en sus promocionales dice lo que todo mundo opina (menos los pri\u00edstas ni los defensores de la presunci\u00f3n de la inocencia), entonces hasta respingan\u2026<\/p>\n<p dir=\"ltr\">Como sea, este quince de noviembre es especial, es hist\u00f3rico\u2026 por donde quieran verlo. Un Gobernador que no es del PRI, que derrot\u00f3 al Sistema, con un estilo totalmente diferente al que estamos acostumbrados, rinde su Primer Informe, y lo poco o mucho que haya hecho en este a\u00f1o, ser\u00e1 muy por encima de lo realizado por la anterior administraci\u00f3n, que se quiera o no, vivir\u00e1 bajo el anatema de ser recordada como la m\u00e1s ladrona que haya tenido Veracruz.<\/p>\n<p>&nbsp;<\/p>\n<p dir=\"ltr\"><a href=\"mailto:smcainito@gmail.com\" target=\"_blank\" rel=\"noopener noreferrer\">smcainito@gmail.com<\/a><\/p>\n","protected":false},"excerpt":{"rendered":"<p>Salvador Mu\u00f1oz Los Pol\u00edticos &nbsp; Es especial por el lado que se le quiera ver al Primer Informe del Gobernador de un estado que se consideraba basti\u00f3n pri\u00edsta y que se negaba a la alternancia, se resist\u00eda a la transici\u00f3n, incluso, bajo el mito \u00e9se de que \u201cmientras yo viva, ning\u00fan Yunes ser\u00e1 gobernador\u201d que [&hellip;]<\/p>\n","protected":false},"author":2,"featured_media":0,"comment_status":"open","ping_status":"open","sticky":false,"template":"","format":"standard","meta":{"tdm_status":"","tdm_grid_status":"","footnotes":""},"categories":[70],"tags":[260,346,428,10149],"class_list":{"0":"post-37751","1":"post","2":"type-post","3":"status-publish","4":"format-standard","6":"category-de-opinion","7":"tag-javier-duarte-de-ochoa","8":"tag-miguel-aleman","9":"tag-miguel-angel-yunes-linares","10":"tag-primer-informe"},"yoast_head":"<!-- This site is optimized with the Yoast SEO plugin v27.4 - https:\/\/yoast.com\/product\/yoast-seo-wordpress\/ -->\n<title>El Primer Informe\u2026 - Los pol\u00edticos Veracruz<\/title>\n<meta name=\"robots\" content=\"index, follow, max-snippet:-1, max-image-preview:large, max-video-preview:-1\" \/>\n<link rel=\"canonical\" href=\"https:\/\/lospoliticosveracruz.com\/?p=37751\" \/>\n<meta property=\"og:locale\" content=\"es_ES\" \/>\n<meta property=\"og:type\" content=\"article\" \/>\n<meta property=\"og:title\" content=\"El Primer Informe\u2026 - Los pol\u00edticos Veracruz\" \/>\n<meta property=\"og:description\" content=\"Salvador Mu\u00f1oz Los Pol\u00edticos &nbsp; Es especial por el lado que se le quiera ver al Primer Informe del Gobernador de un estado que se consideraba basti\u00f3n pri\u00edsta y que se negaba a la alternancia, se resist\u00eda a la transici\u00f3n, incluso, bajo el mito \u00e9se de que \u201cmientras yo viva, ning\u00fan Yunes ser\u00e1 gobernador\u201d que [&hellip;]\" \/>\n<meta property=\"og:url\" content=\"https:\/\/lospoliticosveracruz.com\/?p=37751\" \/>\n<meta property=\"og:site_name\" content=\"Los pol\u00edticos Veracruz\" \/>\n<meta property=\"article:publisher\" content=\"https:\/\/www.facebook.com\/people\/Notimemes-de-los-Polticos\/61565672886568\/\" \/>\n<meta property=\"article:published_time\" content=\"2017-11-15T04:51:13+00:00\" \/>\n<meta property=\"og:image\" content=\"https:\/\/lospoliticosveracruz.com\/wp-content\/uploads\/2016\/07\/Logo-Dor.jpg\" \/>\n\t<meta property=\"og:image:width\" content=\"200\" \/>\n\t<meta property=\"og:image:height\" content=\"200\" \/>\n\t<meta property=\"og:image:type\" content=\"image\/jpeg\" \/>\n<meta name=\"author\" content=\"Lo viste en Los Pol\u00edticos\" \/>\n<meta name=\"twitter:card\" content=\"summary_large_image\" \/>\n<meta name=\"twitter:creator\" content=\"@LosPoliticosVer\" \/>\n<meta name=\"twitter:site\" content=\"@LosPoliticosVer\" \/>\n<meta name=\"twitter:label1\" content=\"Escrito por\" \/>\n\t<meta name=\"twitter:data1\" content=\"Lo viste en Los Pol\u00edticos\" \/>\n\t<meta name=\"twitter:label2\" content=\"Tiempo de lectura\" \/>\n\t<meta name=\"twitter:data2\" content=\"4 minutos\" \/>\n<script type=\"application\/ld+json\" class=\"yoast-schema-graph\">{\"@context\":\"https:\\\/\\\/schema.org\",\"@graph\":[{\"@type\":\"Article\",\"@id\":\"https:\\\/\\\/lospoliticosveracruz.com\\\/?p=37751#article\",\"isPartOf\":{\"@id\":\"https:\\\/\\\/lospoliticosveracruz.com\\\/?p=37751\"},\"author\":{\"name\":\"Lo viste en Los Pol\u00edticos\",\"@id\":\"https:\\\/\\\/lospoliticosveracruz.com\\\/#\\\/schema\\\/person\\\/b8702bb0e538456e6efd07080bf2a4a2\"},\"headline\":\"El Primer Informe\u2026\",\"datePublished\":\"2017-11-15T04:51:13+00:00\",\"mainEntityOfPage\":{\"@id\":\"https:\\\/\\\/lospoliticosveracruz.com\\\/?p=37751\"},\"wordCount\":783,\"commentCount\":0,\"publisher\":{\"@id\":\"https:\\\/\\\/lospoliticosveracruz.com\\\/#organization\"},\"keywords\":[\"Javier Duarte de Ochoa\",\"Miguel Alem\u00e1n\",\"Miguel Angel Yunes Linares\",\"Primer Informe\"],\"articleSection\":[\"De Opini\u00f3n\"],\"inLanguage\":\"es\",\"potentialAction\":[{\"@type\":\"CommentAction\",\"name\":\"Comment\",\"target\":[\"https:\\\/\\\/lospoliticosveracruz.com\\\/?p=37751#respond\"]}]},{\"@type\":\"WebPage\",\"@id\":\"https:\\\/\\\/lospoliticosveracruz.com\\\/?p=37751\",\"url\":\"https:\\\/\\\/lospoliticosveracruz.com\\\/?p=37751\",\"name\":\"El Primer Informe\u2026 - Los pol\u00edticos Veracruz\",\"isPartOf\":{\"@id\":\"https:\\\/\\\/lospoliticosveracruz.com\\\/#website\"},\"datePublished\":\"2017-11-15T04:51:13+00:00\",\"breadcrumb\":{\"@id\":\"https:\\\/\\\/lospoliticosveracruz.com\\\/?p=37751#breadcrumb\"},\"inLanguage\":\"es\",\"potentialAction\":[{\"@type\":\"ReadAction\",\"target\":[\"https:\\\/\\\/lospoliticosveracruz.com\\\/?p=37751\"]}]},{\"@type\":\"BreadcrumbList\",\"@id\":\"https:\\\/\\\/lospoliticosveracruz.com\\\/?p=37751#breadcrumb\",\"itemListElement\":[{\"@type\":\"ListItem\",\"position\":1,\"name\":\"Portada\",\"item\":\"https:\\\/\\\/lospoliticosveracruz.com\\\/\"},{\"@type\":\"ListItem\",\"position\":2,\"name\":\"El Primer Informe\u2026\"}]},{\"@type\":\"WebSite\",\"@id\":\"https:\\\/\\\/lospoliticosveracruz.com\\\/#website\",\"url\":\"https:\\\/\\\/lospoliticosveracruz.com\\\/\",\"name\":\"Los pol\u00edticos Veracruz\",\"description\":\"\",\"publisher\":{\"@id\":\"https:\\\/\\\/lospoliticosveracruz.com\\\/#organization\"},\"potentialAction\":[{\"@type\":\"SearchAction\",\"target\":{\"@type\":\"EntryPoint\",\"urlTemplate\":\"https:\\\/\\\/lospoliticosveracruz.com\\\/?s={search_term_string}\"},\"query-input\":{\"@type\":\"PropertyValueSpecification\",\"valueRequired\":true,\"valueName\":\"search_term_string\"}}],\"inLanguage\":\"es\"},{\"@type\":\"Organization\",\"@id\":\"https:\\\/\\\/lospoliticosveracruz.com\\\/#organization\",\"name\":\"Los pol\u00edticos Veracruz\",\"url\":\"https:\\\/\\\/lospoliticosveracruz.com\\\/\",\"logo\":{\"@type\":\"ImageObject\",\"inLanguage\":\"es\",\"@id\":\"https:\\\/\\\/lospoliticosveracruz.com\\\/#\\\/schema\\\/logo\\\/image\\\/\",\"url\":\"https:\\\/\\\/lospoliticosveracruz.com\\\/wp-content\\\/uploads\\\/2025\\\/12\\\/Logo-Nuevo-LOS-POLITICOS-1.jpg\",\"contentUrl\":\"https:\\\/\\\/lospoliticosveracruz.com\\\/wp-content\\\/uploads\\\/2025\\\/12\\\/Logo-Nuevo-LOS-POLITICOS-1.jpg\",\"width\":260,\"height\":70,\"caption\":\"Los pol\u00edticos Veracruz\"},\"image\":{\"@id\":\"https:\\\/\\\/lospoliticosveracruz.com\\\/#\\\/schema\\\/logo\\\/image\\\/\"},\"sameAs\":[\"https:\\\/\\\/www.facebook.com\\\/people\\\/Notimemes-de-los-Polticos\\\/61565672886568\\\/\",\"https:\\\/\\\/x.com\\\/LosPoliticosVer\"]},{\"@type\":\"Person\",\"@id\":\"https:\\\/\\\/lospoliticosveracruz.com\\\/#\\\/schema\\\/person\\\/b8702bb0e538456e6efd07080bf2a4a2\",\"name\":\"Lo viste en Los Pol\u00edticos\",\"image\":{\"@type\":\"ImageObject\",\"inLanguage\":\"es\",\"@id\":\"https:\\\/\\\/secure.gravatar.com\\\/avatar\\\/3a8de04a2656d44082be478bd6c086daa447c4651605818287b9532d3d0bd435?s=96&d=mm&r=g\",\"url\":\"https:\\\/\\\/secure.gravatar.com\\\/avatar\\\/3a8de04a2656d44082be478bd6c086daa447c4651605818287b9532d3d0bd435?s=96&d=mm&r=g\",\"contentUrl\":\"https:\\\/\\\/secure.gravatar.com\\\/avatar\\\/3a8de04a2656d44082be478bd6c086daa447c4651605818287b9532d3d0bd435?s=96&d=mm&r=g\",\"caption\":\"Lo viste en Los Pol\u00edticos\"},\"url\":\"https:\\\/\\\/lospoliticosveracruz.com\\\/?author=2\"}]}<\/script>\n<!-- \/ Yoast SEO plugin. -->","yoast_head_json":{"title":"El Primer Informe\u2026 - Los pol\u00edticos Veracruz","robots":{"index":"index","follow":"follow","max-snippet":"max-snippet:-1","max-image-preview":"max-image-preview:large","max-video-preview":"max-video-preview:-1"},"canonical":"https:\/\/lospoliticosveracruz.com\/?p=37751","og_locale":"es_ES","og_type":"article","og_title":"El Primer Informe\u2026 - Los pol\u00edticos Veracruz","og_description":"Salvador Mu\u00f1oz Los Pol\u00edticos &nbsp; Es especial por el lado que se le quiera ver al Primer Informe del Gobernador de un estado que se consideraba basti\u00f3n pri\u00edsta y que se negaba a la alternancia, se resist\u00eda a la transici\u00f3n, incluso, bajo el mito \u00e9se de que \u201cmientras yo viva, ning\u00fan Yunes ser\u00e1 gobernador\u201d que [&hellip;]","og_url":"https:\/\/lospoliticosveracruz.com\/?p=37751","og_site_name":"Los pol\u00edticos Veracruz","article_publisher":"https:\/\/www.facebook.com\/people\/Notimemes-de-los-Polticos\/61565672886568\/","article_published_time":"2017-11-15T04:51:13+00:00","og_image":[{"width":200,"height":200,"url":"https:\/\/lospoliticosveracruz.com\/wp-content\/uploads\/2016\/07\/Logo-Dor.jpg","type":"image\/jpeg"}],"author":"Lo viste en Los Pol\u00edticos","twitter_card":"summary_large_image","twitter_creator":"@LosPoliticosVer","twitter_site":"@LosPoliticosVer","twitter_misc":{"Escrito por":"Lo viste en Los Pol\u00edticos","Tiempo de lectura":"4 minutos"},"schema":{"@context":"https:\/\/schema.org","@graph":[{"@type":"Article","@id":"https:\/\/lospoliticosveracruz.com\/?p=37751#article","isPartOf":{"@id":"https:\/\/lospoliticosveracruz.com\/?p=37751"},"author":{"name":"Lo viste en Los Pol\u00edticos","@id":"https:\/\/lospoliticosveracruz.com\/#\/schema\/person\/b8702bb0e538456e6efd07080bf2a4a2"},"headline":"El Primer Informe\u2026","datePublished":"2017-11-15T04:51:13+00:00","mainEntityOfPage":{"@id":"https:\/\/lospoliticosveracruz.com\/?p=37751"},"wordCount":783,"commentCount":0,"publisher":{"@id":"https:\/\/lospoliticosveracruz.com\/#organization"},"keywords":["Javier Duarte de Ochoa","Miguel Alem\u00e1n","Miguel Angel Yunes Linares","Primer Informe"],"articleSection":["De Opini\u00f3n"],"inLanguage":"es","potentialAction":[{"@type":"CommentAction","name":"Comment","target":["https:\/\/lospoliticosveracruz.com\/?p=37751#respond"]}]},{"@type":"WebPage","@id":"https:\/\/lospoliticosveracruz.com\/?p=37751","url":"https:\/\/lospoliticosveracruz.com\/?p=37751","name":"El Primer Informe\u2026 - Los pol\u00edticos Veracruz","isPartOf":{"@id":"https:\/\/lospoliticosveracruz.com\/#website"},"datePublished":"2017-11-15T04:51:13+00:00","breadcrumb":{"@id":"https:\/\/lospoliticosveracruz.com\/?p=37751#breadcrumb"},"inLanguage":"es","potentialAction":[{"@type":"ReadAction","target":["https:\/\/lospoliticosveracruz.com\/?p=37751"]}]},{"@type":"BreadcrumbList","@id":"https:\/\/lospoliticosveracruz.com\/?p=37751#breadcrumb","itemListElement":[{"@type":"ListItem","position":1,"name":"Portada","item":"https:\/\/lospoliticosveracruz.com\/"},{"@type":"ListItem","position":2,"name":"El Primer Informe\u2026"}]},{"@type":"WebSite","@id":"https:\/\/lospoliticosveracruz.com\/#website","url":"https:\/\/lospoliticosveracruz.com\/","name":"Los pol\u00edticos Veracruz","description":"","publisher":{"@id":"https:\/\/lospoliticosveracruz.com\/#organization"},"potentialAction":[{"@type":"SearchAction","target":{"@type":"EntryPoint","urlTemplate":"https:\/\/lospoliticosveracruz.com\/?s={search_term_string}"},"query-input":{"@type":"PropertyValueSpecification","valueRequired":true,"valueName":"search_term_string"}}],"inLanguage":"es"},{"@type":"Organization","@id":"https:\/\/lospoliticosveracruz.com\/#organization","name":"Los pol\u00edticos Veracruz","url":"https:\/\/lospoliticosveracruz.com\/","logo":{"@type":"ImageObject","inLanguage":"es","@id":"https:\/\/lospoliticosveracruz.com\/#\/schema\/logo\/image\/","url":"https:\/\/lospoliticosveracruz.com\/wp-content\/uploads\/2025\/12\/Logo-Nuevo-LOS-POLITICOS-1.jpg","contentUrl":"https:\/\/lospoliticosveracruz.com\/wp-content\/uploads\/2025\/12\/Logo-Nuevo-LOS-POLITICOS-1.jpg","width":260,"height":70,"caption":"Los pol\u00edticos Veracruz"},"image":{"@id":"https:\/\/lospoliticosveracruz.com\/#\/schema\/logo\/image\/"},"sameAs":["https:\/\/www.facebook.com\/people\/Notimemes-de-los-Polticos\/61565672886568\/","https:\/\/x.com\/LosPoliticosVer"]},{"@type":"Person","@id":"https:\/\/lospoliticosveracruz.com\/#\/schema\/person\/b8702bb0e538456e6efd07080bf2a4a2","name":"Lo viste en Los Pol\u00edticos","image":{"@type":"ImageObject","inLanguage":"es","@id":"https:\/\/secure.gravatar.com\/avatar\/3a8de04a2656d44082be478bd6c086daa447c4651605818287b9532d3d0bd435?s=96&d=mm&r=g","url":"https:\/\/secure.gravatar.com\/avatar\/3a8de04a2656d44082be478bd6c086daa447c4651605818287b9532d3d0bd435?s=96&d=mm&r=g","contentUrl":"https:\/\/secure.gravatar.com\/avatar\/3a8de04a2656d44082be478bd6c086daa447c4651605818287b9532d3d0bd435?s=96&d=mm&r=g","caption":"Lo viste en Los Pol\u00edticos"},"url":"https:\/\/lospoliticosveracruz.com\/?author=2"}]}},"_links":{"self":[{"href":"https:\/\/lospoliticosveracruz.com\/index.php?rest_route=\/wp\/v2\/posts\/37751","targetHints":{"allow":["GET"]}}],"collection":[{"href":"https:\/\/lospoliticosveracruz.com\/index.php?rest_route=\/wp\/v2\/posts"}],"about":[{"href":"https:\/\/lospoliticosveracruz.com\/index.php?rest_route=\/wp\/v2\/types\/post"}],"author":[{"embeddable":true,"href":"https:\/\/lospoliticosveracruz.com\/index.php?rest_route=\/wp\/v2\/users\/2"}],"replies":[{"embeddable":true,"href":"https:\/\/lospoliticosveracruz.com\/index.php?rest_route=%2Fwp%2Fv2%2Fcomments&post=37751"}],"version-history":[{"count":2,"href":"https:\/\/lospoliticosveracruz.com\/index.php?rest_route=\/wp\/v2\/posts\/37751\/revisions"}],"predecessor-version":[{"id":37753,"href":"https:\/\/lospoliticosveracruz.com\/index.php?rest_route=\/wp\/v2\/posts\/37751\/revisions\/37753"}],"wp:attachment":[{"href":"https:\/\/lospoliticosveracruz.com\/index.php?rest_route=%2Fwp%2Fv2%2Fmedia&parent=37751"}],"wp:term":[{"taxonomy":"category","embeddable":true,"href":"https:\/\/lospoliticosveracruz.com\/index.php?rest_route=%2Fwp%2Fv2%2Fcategories&post=37751"},{"taxonomy":"post_tag","embeddable":true,"href":"https:\/\/lospoliticosveracruz.com\/index.php?rest_route=%2Fwp%2Fv2%2Ftags&post=37751"}],"curies":[{"name":"wp","href":"https:\/\/api.w.org\/{rel}","templated":true}]}}