{"id":37768,"date":"2017-11-15T18:26:32","date_gmt":"2017-11-16T00:26:32","guid":{"rendered":"http:\/\/www.lospoliticosveracruz.com.mx\/?p=37768"},"modified":"2017-11-15T18:26:32","modified_gmt":"2017-11-16T00:26:32","slug":"no-nos-representan","status":"publish","type":"post","link":"https:\/\/lospoliticosveracruz.com\/?p=37768","title":{"rendered":"\u00a1No nos representan!"},"content":{"rendered":"<p class=\"x_m_4240973712831338102x_Standard\" style=\"text-align: left;\" align=\"center\"><strong><span lang=\"ES-MX\">Ricardo V\u00e1zquez Salazar<\/span><\/strong><\/p>\n<p class=\"x_m_4240973712831338102x_Standard\" style=\"text-align: left;\" align=\"center\"><em><span lang=\"ES-MX\">Esfera Pol\u00edtica<\/span><\/em><\/p>\n<p class=\"x_m_4240973712831338102x_Textbody\" style=\"text-align: left;\" align=\"center\"><b><\/b><span lang=\"ES-MX\">M\u00e9xico vive momentos de incertidumbre, por todo lo que ocurre, y ante lo que se pudiera aproximar, con el riesgo latente de exclusi\u00f3n del Tratado de Libre Comercio de Am\u00e9rica del Norte, que m\u00e1s all\u00e1 del indeseable efecto econ\u00f3mico, impactar\u00eda por consiguiente en lo social. Calificadoras y analistas econ\u00f3micos internacionales aseguran vislumbrar una cat\u00e1strofe para nuestro pa\u00eds en caso de salir del TLC.\u00a0 El panorama es preocupante, mientras en el pleno de la C\u00e1mara de Diputados el Presupuesto de Egresos de la Federaci\u00f3n 2018 se debate con un \u00a1Eeeeh, puuuuto! Por parte de un grupo de \u201crefinadas\u201d diputadas federales, surgidas del partido tricolor. Chabacaner\u00eda que taladra hasta este d\u00eda el anhelo de los mexicanos.<\/span><\/p>\n<p class=\"x_m_4240973712831338102x_MsoNormal\"><span lang=\"ES-MX\">El comentario posiblemente pudiera no tener mayor importancia, mas el incidente cobra toda relevancia por dos razones fundamentales: en primer lugar porque los legisladores son los que supuestamente representan a los ciudadanos; en segundo t\u00e9rmino por la situaci\u00f3n que por s\u00ed misma enfrenta la naci\u00f3n no es nada placentera ni relajada, es decir, el \u201cchistecito\u201d o \u201cdetallito\u201d de las \u201cdelicadas damas\u201d definitivamente no encaja por su posici\u00f3n, por el lugar y por el complicado escenario nacional.\u00a0<\/span><\/p>\n<p class=\"x_m_4240973712831338102x_MsoNormal\"><span lang=\"ES-MX\">Este hecho nos lleva a ratificar, a hacerles saber a legisladoras o legisladores de esta cala\u00f1a que definitivamente: \u00a1No nos representan!<\/span><\/p>\n<p class=\"x_m_4240973712831338102x_MsoNormal\"><span lang=\"ES-MX\">Si bien es cierto que la poblaci\u00f3n tiene los gobernantes que merecen, tambi\u00e9n es cierto que esta sociedad en general est\u00e1 evolucionando, madurando, a diferencia de la clase pol\u00edtica \u2013de cualquier color- que se encuentra sumida en el rezago, empantanada, igual que hace 50 a\u00f1os o m\u00e1s.<\/span><\/p>\n<p class=\"x_m_4240973712831338102x_MsoNormal\"><span lang=\"ES-MX\">Una de las involucradas, la diputada por Quintana Roo, Arlet M\u00f3lgora Glover, rest\u00f3 importancia al grito de \u201c\u00a1Eeehhh\u2026\u201d, que junto con sus compa\u00f1eras lanz\u00f3 la semana pasada contra el legislador Ariel Ju\u00e1rez, del partido Morena, por no estar de acuerdo con sus reservas a la propuesta de egresos presentada. Ahora dice la diputada M\u00f3lgora Glover que lo importante es el presupuesto.<\/span><\/p>\n<p class=\"x_m_4240973712831338102x_MsoNormal\"><span lang=\"ES-MX\">S\u00ed en efecto, el presupuesto es lo importante. Lo que no sabe Arlet M\u00f3lgora y las 11 restantes participes del \u201cpapelito\u201d -algunas de estas colaboradoras del hoy recluso ex gobernador quintanarroense, Roberto Borge Angulo-, es lo importante de la distribuci\u00f3n del dinero de los mexicanos; que no se puede debatir con ordinarieces la forma en que se va a destinar el presupuesto a salud, educaci\u00f3n, programas sociales y todo el resto de los recursos.<\/span><\/p>\n<p class=\"x_m_4240973712831338102x_MsoNormal\"><span lang=\"ES-MX\">Anteriormente se hab\u00eda dado a conocer que siete de cada diez mexicanos no se sienten representados por sus legisladores, esto se marc\u00f3 durante la presentaci\u00f3n del Diagn\u00f3stico sobre Parlamento Abierto en M\u00e9xico, elaborado por 12 organizaciones civiles, entre ellas Transparencia Mexicana y el Instituto Mexicano para la Competitividad, Imco. La percepci\u00f3n debi\u00f3 haber subido un punto m\u00e1s la semana anterior.<\/span><\/p>\n<p class=\"x_m_4240973712831338102x_MsoNormal\"><span lang=\"ES-MX\">La C\u00e1mara de Diputados de San L\u00e1zaro, el Senado, y los 32 Congresos locales, incluida la Asamblea Legislativa de la CDMX, han sido calificados como los m\u00e1s opacos de Am\u00e9rica Latina. Son considerados insensibles, inaccesibles, lejanos a los problemas y necesidades de la poblaci\u00f3n.<\/span><\/p>\n<p class=\"x_m_4240973712831338102x_MsoNormal\">Actores pol\u00edticos intentan defender a sus correligionarias del tricolor, al argumentar que no dijeron lo que se escuch\u00f3. Postura con la que animan a mayor descontento al ofender la inteligencia de la poblaci\u00f3n.<\/p>\n<p class=\"x_m_4240973712831338102x_MsoNormal\"><span lang=\"ES-MX\">La consigna: negarlo todo, o cuando menos desvirtuarlo, como ocurri\u00f3 en Veracruz en las dos administraciones estatales anteriores.<\/span><\/p>\n<div><span lang=\"ES-MX\">Improductividad, ineficiencia, excesos, despilfarros, se han convertido en caracter\u00edsticas propias de los \u00f3rganos parlamentarios en el pa\u00eds. Veracruz no est\u00e1 exento de esas \u201cpeque\u00f1eces\u201d.<br \/>\n<\/span><\/div>\n<p class=\"x_m_4240973712831338102x_MsoNormal\"><span lang=\"ES-MX\">Y pensar que habr\u00e1 reelecci\u00f3n.<\/span><\/p>\n<p class=\"x_m_4240973712831338102x_MsoNormal\"><span lang=\"ES-MX\">No cabe duda que donde quiera se pueden encontrar \u201cReinis\u201d y \u201cBarbies\u201d.<\/span><\/p>\n<p><a href=\"mailto:rvazquez002@yahoo.com.mx\" target=\"_blank\" rel=\"noopener noreferrer\"><span lang=\"ES-MX\">rvazquez002@yahoo.com.mx<\/span><\/a><\/p>\n","protected":false},"excerpt":{"rendered":"<p>Ricardo V\u00e1zquez Salazar Esfera Pol\u00edtica M\u00e9xico vive momentos de incertidumbre, por todo lo que ocurre, y ante lo que se pudiera aproximar, con el riesgo latente de exclusi\u00f3n del Tratado de Libre Comercio de Am\u00e9rica del Norte, que m\u00e1s all\u00e1 del indeseable efecto econ\u00f3mico, impactar\u00eda por consiguiente en lo social. Calificadoras y analistas econ\u00f3micos internacionales [&hellip;]<\/p>\n","protected":false},"author":2,"featured_media":0,"comment_status":"open","ping_status":"open","sticky":false,"template":"","format":"standard","meta":{"tdm_status":"","tdm_grid_status":"","footnotes":""},"categories":[70],"tags":[3688,10158],"class_list":{"0":"post-37768","1":"post","2":"type-post","3":"status-publish","4":"format-standard","6":"category-de-opinion","7":"tag-diputadas","8":"tag-puuuuto"},"yoast_head":"<!-- This site is optimized with the Yoast SEO plugin v27.4 - https:\/\/yoast.com\/product\/yoast-seo-wordpress\/ -->\n<title>\u00a1No nos representan! - Los pol\u00edticos Veracruz<\/title>\n<meta name=\"robots\" content=\"index, follow, max-snippet:-1, max-image-preview:large, max-video-preview:-1\" \/>\n<link rel=\"canonical\" href=\"https:\/\/lospoliticosveracruz.com\/?p=37768\" \/>\n<meta property=\"og:locale\" content=\"es_ES\" \/>\n<meta property=\"og:type\" content=\"article\" \/>\n<meta property=\"og:title\" content=\"\u00a1No nos representan! - Los pol\u00edticos Veracruz\" \/>\n<meta property=\"og:description\" content=\"Ricardo V\u00e1zquez Salazar Esfera Pol\u00edtica M\u00e9xico vive momentos de incertidumbre, por todo lo que ocurre, y ante lo que se pudiera aproximar, con el riesgo latente de exclusi\u00f3n del Tratado de Libre Comercio de Am\u00e9rica del Norte, que m\u00e1s all\u00e1 del indeseable efecto econ\u00f3mico, impactar\u00eda por consiguiente en lo social. Calificadoras y analistas econ\u00f3micos internacionales [&hellip;]\" \/>\n<meta property=\"og:url\" content=\"https:\/\/lospoliticosveracruz.com\/?p=37768\" \/>\n<meta property=\"og:site_name\" content=\"Los pol\u00edticos Veracruz\" \/>\n<meta property=\"article:publisher\" content=\"https:\/\/www.facebook.com\/people\/Notimemes-de-los-Polticos\/61565672886568\/\" \/>\n<meta property=\"article:published_time\" content=\"2017-11-16T00:26:32+00:00\" \/>\n<meta property=\"og:image\" content=\"https:\/\/lospoliticosveracruz.com\/wp-content\/uploads\/2016\/07\/Logo-Dor.jpg\" \/>\n\t<meta property=\"og:image:width\" content=\"200\" \/>\n\t<meta property=\"og:image:height\" content=\"200\" \/>\n\t<meta property=\"og:image:type\" content=\"image\/jpeg\" \/>\n<meta name=\"author\" content=\"Lo viste en Los Pol\u00edticos\" \/>\n<meta name=\"twitter:card\" content=\"summary_large_image\" \/>\n<meta name=\"twitter:creator\" content=\"@LosPoliticosVer\" \/>\n<meta name=\"twitter:site\" content=\"@LosPoliticosVer\" \/>\n<meta name=\"twitter:label1\" content=\"Escrito por\" \/>\n\t<meta name=\"twitter:data1\" content=\"Lo viste en Los Pol\u00edticos\" \/>\n\t<meta name=\"twitter:label2\" content=\"Tiempo de lectura\" \/>\n\t<meta name=\"twitter:data2\" content=\"3 minutos\" \/>\n<script type=\"application\/ld+json\" class=\"yoast-schema-graph\">{\"@context\":\"https:\\\/\\\/schema.org\",\"@graph\":[{\"@type\":\"Article\",\"@id\":\"https:\\\/\\\/lospoliticosveracruz.com\\\/?p=37768#article\",\"isPartOf\":{\"@id\":\"https:\\\/\\\/lospoliticosveracruz.com\\\/?p=37768\"},\"author\":{\"name\":\"Lo viste en Los Pol\u00edticos\",\"@id\":\"https:\\\/\\\/lospoliticosveracruz.com\\\/#\\\/schema\\\/person\\\/b8702bb0e538456e6efd07080bf2a4a2\"},\"headline\":\"\u00a1No nos representan!\",\"datePublished\":\"2017-11-16T00:26:32+00:00\",\"mainEntityOfPage\":{\"@id\":\"https:\\\/\\\/lospoliticosveracruz.com\\\/?p=37768\"},\"wordCount\":645,\"commentCount\":0,\"publisher\":{\"@id\":\"https:\\\/\\\/lospoliticosveracruz.com\\\/#organization\"},\"keywords\":[\"diputadas\",\"puuuuto!\"],\"articleSection\":[\"De Opini\u00f3n\"],\"inLanguage\":\"es\",\"potentialAction\":[{\"@type\":\"CommentAction\",\"name\":\"Comment\",\"target\":[\"https:\\\/\\\/lospoliticosveracruz.com\\\/?p=37768#respond\"]}]},{\"@type\":\"WebPage\",\"@id\":\"https:\\\/\\\/lospoliticosveracruz.com\\\/?p=37768\",\"url\":\"https:\\\/\\\/lospoliticosveracruz.com\\\/?p=37768\",\"name\":\"\u00a1No nos representan! - Los pol\u00edticos Veracruz\",\"isPartOf\":{\"@id\":\"https:\\\/\\\/lospoliticosveracruz.com\\\/#website\"},\"datePublished\":\"2017-11-16T00:26:32+00:00\",\"breadcrumb\":{\"@id\":\"https:\\\/\\\/lospoliticosveracruz.com\\\/?p=37768#breadcrumb\"},\"inLanguage\":\"es\",\"potentialAction\":[{\"@type\":\"ReadAction\",\"target\":[\"https:\\\/\\\/lospoliticosveracruz.com\\\/?p=37768\"]}]},{\"@type\":\"BreadcrumbList\",\"@id\":\"https:\\\/\\\/lospoliticosveracruz.com\\\/?p=37768#breadcrumb\",\"itemListElement\":[{\"@type\":\"ListItem\",\"position\":1,\"name\":\"Portada\",\"item\":\"https:\\\/\\\/lospoliticosveracruz.com\\\/\"},{\"@type\":\"ListItem\",\"position\":2,\"name\":\"\u00a1No nos representan!\"}]},{\"@type\":\"WebSite\",\"@id\":\"https:\\\/\\\/lospoliticosveracruz.com\\\/#website\",\"url\":\"https:\\\/\\\/lospoliticosveracruz.com\\\/\",\"name\":\"Los pol\u00edticos Veracruz\",\"description\":\"\",\"publisher\":{\"@id\":\"https:\\\/\\\/lospoliticosveracruz.com\\\/#organization\"},\"potentialAction\":[{\"@type\":\"SearchAction\",\"target\":{\"@type\":\"EntryPoint\",\"urlTemplate\":\"https:\\\/\\\/lospoliticosveracruz.com\\\/?s={search_term_string}\"},\"query-input\":{\"@type\":\"PropertyValueSpecification\",\"valueRequired\":true,\"valueName\":\"search_term_string\"}}],\"inLanguage\":\"es\"},{\"@type\":\"Organization\",\"@id\":\"https:\\\/\\\/lospoliticosveracruz.com\\\/#organization\",\"name\":\"Los pol\u00edticos Veracruz\",\"url\":\"https:\\\/\\\/lospoliticosveracruz.com\\\/\",\"logo\":{\"@type\":\"ImageObject\",\"inLanguage\":\"es\",\"@id\":\"https:\\\/\\\/lospoliticosveracruz.com\\\/#\\\/schema\\\/logo\\\/image\\\/\",\"url\":\"https:\\\/\\\/lospoliticosveracruz.com\\\/wp-content\\\/uploads\\\/2025\\\/12\\\/Logo-Nuevo-LOS-POLITICOS-1.jpg\",\"contentUrl\":\"https:\\\/\\\/lospoliticosveracruz.com\\\/wp-content\\\/uploads\\\/2025\\\/12\\\/Logo-Nuevo-LOS-POLITICOS-1.jpg\",\"width\":260,\"height\":70,\"caption\":\"Los pol\u00edticos Veracruz\"},\"image\":{\"@id\":\"https:\\\/\\\/lospoliticosveracruz.com\\\/#\\\/schema\\\/logo\\\/image\\\/\"},\"sameAs\":[\"https:\\\/\\\/www.facebook.com\\\/people\\\/Notimemes-de-los-Polticos\\\/61565672886568\\\/\",\"https:\\\/\\\/x.com\\\/LosPoliticosVer\"]},{\"@type\":\"Person\",\"@id\":\"https:\\\/\\\/lospoliticosveracruz.com\\\/#\\\/schema\\\/person\\\/b8702bb0e538456e6efd07080bf2a4a2\",\"name\":\"Lo viste en Los Pol\u00edticos\",\"image\":{\"@type\":\"ImageObject\",\"inLanguage\":\"es\",\"@id\":\"https:\\\/\\\/secure.gravatar.com\\\/avatar\\\/3a8de04a2656d44082be478bd6c086daa447c4651605818287b9532d3d0bd435?s=96&d=mm&r=g\",\"url\":\"https:\\\/\\\/secure.gravatar.com\\\/avatar\\\/3a8de04a2656d44082be478bd6c086daa447c4651605818287b9532d3d0bd435?s=96&d=mm&r=g\",\"contentUrl\":\"https:\\\/\\\/secure.gravatar.com\\\/avatar\\\/3a8de04a2656d44082be478bd6c086daa447c4651605818287b9532d3d0bd435?s=96&d=mm&r=g\",\"caption\":\"Lo viste en Los Pol\u00edticos\"},\"url\":\"https:\\\/\\\/lospoliticosveracruz.com\\\/?author=2\"}]}<\/script>\n<!-- \/ Yoast SEO plugin. -->","yoast_head_json":{"title":"\u00a1No nos representan! - Los pol\u00edticos Veracruz","robots":{"index":"index","follow":"follow","max-snippet":"max-snippet:-1","max-image-preview":"max-image-preview:large","max-video-preview":"max-video-preview:-1"},"canonical":"https:\/\/lospoliticosveracruz.com\/?p=37768","og_locale":"es_ES","og_type":"article","og_title":"\u00a1No nos representan! - Los pol\u00edticos Veracruz","og_description":"Ricardo V\u00e1zquez Salazar Esfera Pol\u00edtica M\u00e9xico vive momentos de incertidumbre, por todo lo que ocurre, y ante lo que se pudiera aproximar, con el riesgo latente de exclusi\u00f3n del Tratado de Libre Comercio de Am\u00e9rica del Norte, que m\u00e1s all\u00e1 del indeseable efecto econ\u00f3mico, impactar\u00eda por consiguiente en lo social. Calificadoras y analistas econ\u00f3micos internacionales [&hellip;]","og_url":"https:\/\/lospoliticosveracruz.com\/?p=37768","og_site_name":"Los pol\u00edticos Veracruz","article_publisher":"https:\/\/www.facebook.com\/people\/Notimemes-de-los-Polticos\/61565672886568\/","article_published_time":"2017-11-16T00:26:32+00:00","og_image":[{"width":200,"height":200,"url":"https:\/\/lospoliticosveracruz.com\/wp-content\/uploads\/2016\/07\/Logo-Dor.jpg","type":"image\/jpeg"}],"author":"Lo viste en Los Pol\u00edticos","twitter_card":"summary_large_image","twitter_creator":"@LosPoliticosVer","twitter_site":"@LosPoliticosVer","twitter_misc":{"Escrito por":"Lo viste en Los Pol\u00edticos","Tiempo de lectura":"3 minutos"},"schema":{"@context":"https:\/\/schema.org","@graph":[{"@type":"Article","@id":"https:\/\/lospoliticosveracruz.com\/?p=37768#article","isPartOf":{"@id":"https:\/\/lospoliticosveracruz.com\/?p=37768"},"author":{"name":"Lo viste en Los Pol\u00edticos","@id":"https:\/\/lospoliticosveracruz.com\/#\/schema\/person\/b8702bb0e538456e6efd07080bf2a4a2"},"headline":"\u00a1No nos representan!","datePublished":"2017-11-16T00:26:32+00:00","mainEntityOfPage":{"@id":"https:\/\/lospoliticosveracruz.com\/?p=37768"},"wordCount":645,"commentCount":0,"publisher":{"@id":"https:\/\/lospoliticosveracruz.com\/#organization"},"keywords":["diputadas","puuuuto!"],"articleSection":["De Opini\u00f3n"],"inLanguage":"es","potentialAction":[{"@type":"CommentAction","name":"Comment","target":["https:\/\/lospoliticosveracruz.com\/?p=37768#respond"]}]},{"@type":"WebPage","@id":"https:\/\/lospoliticosveracruz.com\/?p=37768","url":"https:\/\/lospoliticosveracruz.com\/?p=37768","name":"\u00a1No nos representan! - Los pol\u00edticos Veracruz","isPartOf":{"@id":"https:\/\/lospoliticosveracruz.com\/#website"},"datePublished":"2017-11-16T00:26:32+00:00","breadcrumb":{"@id":"https:\/\/lospoliticosveracruz.com\/?p=37768#breadcrumb"},"inLanguage":"es","potentialAction":[{"@type":"ReadAction","target":["https:\/\/lospoliticosveracruz.com\/?p=37768"]}]},{"@type":"BreadcrumbList","@id":"https:\/\/lospoliticosveracruz.com\/?p=37768#breadcrumb","itemListElement":[{"@type":"ListItem","position":1,"name":"Portada","item":"https:\/\/lospoliticosveracruz.com\/"},{"@type":"ListItem","position":2,"name":"\u00a1No nos representan!"}]},{"@type":"WebSite","@id":"https:\/\/lospoliticosveracruz.com\/#website","url":"https:\/\/lospoliticosveracruz.com\/","name":"Los pol\u00edticos Veracruz","description":"","publisher":{"@id":"https:\/\/lospoliticosveracruz.com\/#organization"},"potentialAction":[{"@type":"SearchAction","target":{"@type":"EntryPoint","urlTemplate":"https:\/\/lospoliticosveracruz.com\/?s={search_term_string}"},"query-input":{"@type":"PropertyValueSpecification","valueRequired":true,"valueName":"search_term_string"}}],"inLanguage":"es"},{"@type":"Organization","@id":"https:\/\/lospoliticosveracruz.com\/#organization","name":"Los pol\u00edticos Veracruz","url":"https:\/\/lospoliticosveracruz.com\/","logo":{"@type":"ImageObject","inLanguage":"es","@id":"https:\/\/lospoliticosveracruz.com\/#\/schema\/logo\/image\/","url":"https:\/\/lospoliticosveracruz.com\/wp-content\/uploads\/2025\/12\/Logo-Nuevo-LOS-POLITICOS-1.jpg","contentUrl":"https:\/\/lospoliticosveracruz.com\/wp-content\/uploads\/2025\/12\/Logo-Nuevo-LOS-POLITICOS-1.jpg","width":260,"height":70,"caption":"Los pol\u00edticos Veracruz"},"image":{"@id":"https:\/\/lospoliticosveracruz.com\/#\/schema\/logo\/image\/"},"sameAs":["https:\/\/www.facebook.com\/people\/Notimemes-de-los-Polticos\/61565672886568\/","https:\/\/x.com\/LosPoliticosVer"]},{"@type":"Person","@id":"https:\/\/lospoliticosveracruz.com\/#\/schema\/person\/b8702bb0e538456e6efd07080bf2a4a2","name":"Lo viste en Los Pol\u00edticos","image":{"@type":"ImageObject","inLanguage":"es","@id":"https:\/\/secure.gravatar.com\/avatar\/3a8de04a2656d44082be478bd6c086daa447c4651605818287b9532d3d0bd435?s=96&d=mm&r=g","url":"https:\/\/secure.gravatar.com\/avatar\/3a8de04a2656d44082be478bd6c086daa447c4651605818287b9532d3d0bd435?s=96&d=mm&r=g","contentUrl":"https:\/\/secure.gravatar.com\/avatar\/3a8de04a2656d44082be478bd6c086daa447c4651605818287b9532d3d0bd435?s=96&d=mm&r=g","caption":"Lo viste en Los Pol\u00edticos"},"url":"https:\/\/lospoliticosveracruz.com\/?author=2"}]}},"_links":{"self":[{"href":"https:\/\/lospoliticosveracruz.com\/index.php?rest_route=\/wp\/v2\/posts\/37768","targetHints":{"allow":["GET"]}}],"collection":[{"href":"https:\/\/lospoliticosveracruz.com\/index.php?rest_route=\/wp\/v2\/posts"}],"about":[{"href":"https:\/\/lospoliticosveracruz.com\/index.php?rest_route=\/wp\/v2\/types\/post"}],"author":[{"embeddable":true,"href":"https:\/\/lospoliticosveracruz.com\/index.php?rest_route=\/wp\/v2\/users\/2"}],"replies":[{"embeddable":true,"href":"https:\/\/lospoliticosveracruz.com\/index.php?rest_route=%2Fwp%2Fv2%2Fcomments&post=37768"}],"version-history":[{"count":2,"href":"https:\/\/lospoliticosveracruz.com\/index.php?rest_route=\/wp\/v2\/posts\/37768\/revisions"}],"predecessor-version":[{"id":37779,"href":"https:\/\/lospoliticosveracruz.com\/index.php?rest_route=\/wp\/v2\/posts\/37768\/revisions\/37779"}],"wp:attachment":[{"href":"https:\/\/lospoliticosveracruz.com\/index.php?rest_route=%2Fwp%2Fv2%2Fmedia&parent=37768"}],"wp:term":[{"taxonomy":"category","embeddable":true,"href":"https:\/\/lospoliticosveracruz.com\/index.php?rest_route=%2Fwp%2Fv2%2Fcategories&post=37768"},{"taxonomy":"post_tag","embeddable":true,"href":"https:\/\/lospoliticosveracruz.com\/index.php?rest_route=%2Fwp%2Fv2%2Ftags&post=37768"}],"curies":[{"name":"wp","href":"https:\/\/api.w.org\/{rel}","templated":true}]}}